{"id":158566,"date":"2023-06-07T05:54:34","date_gmt":"2023-06-07T09:54:34","guid":{"rendered":"https:\/\/www.eldiario.net\/portal\/?p=158566"},"modified":"2023-06-07T05:54:34","modified_gmt":"2023-06-07T09:54:34","slug":"boa-requiere-cambios-para-mejorar-su-imagen-y-servicios","status":"publish","type":"post","link":"https:\/\/www.eldiario.net\/portal\/2023\/06\/07\/boa-requiere-cambios-para-mejorar-su-imagen-y-servicios\/","title":{"rendered":"BoA requiere cambios para  mejorar su imagen y servicios"},"content":{"rendered":"<p>Tras la incautaci\u00f3n de droga en un vuelo alquilado por Boliviana de Aviaci\u00f3n (BoA), sumado al mal servicio que presta en el mercado nacional, provocado por los retrasos, as\u00ed como el retorno a destino por fallas mec\u00e1nicas, expertos en el tema recomiendan cambios estructurales en las direcciones de aeron\u00e1utica civil, as\u00ed como de la l\u00ednea a\u00e9rea. Los incidentes pueden afectar la econom\u00eda de la empresa y del pa\u00eds.<br \/>\nLa incautaci\u00f3n de droga en Espa\u00f1a provoc\u00f3 una serie de cr\u00edticas a la l\u00ednea a\u00e9rea y la aprehensi\u00f3n de dos funcionarios, que se fueron a la c\u00e1rcel sin decir nada, a esto hay que sumar las quejas constantes de los pasajeros por los retrasos y la vuelta del vuelo por fallas mec\u00e1nicas. Aumentan las cr\u00edticas y cuestionamientos a la administraci\u00f3n de la l\u00ednea a\u00e9rea, as\u00ed como de las entidades regulatorias.<br \/>\nHace tiempo los empresarios, en el caso de Transportes A\u00e9reos Bolivianos (TAB), solicitaron el ingreso de otro operador pues las constantes fallas de la empresa perjudicaban la importaci\u00f3n y exportaci\u00f3n de productos. Otros expertos plantearon la creaci\u00f3n de nuevas l\u00edneas para una competitividad sana en beneficio de los usuarios, pero tambi\u00e9n los cambios en las direcciones.<br \/>\nPero en el caso de BoA, hace a\u00f1os atr\u00e1s la empresa GOL intent\u00f3 ingresar al mercado nacional, pero la burocracia fren\u00f3 sus aspiraciones. El Lloyd A\u00e9reo Boliviano (LAB) tambi\u00e9n anunci\u00f3 el reinicio de sus operaciones porque contaba con la experiencia, pero fue frenado en seco con el tema de impuestos.<br \/>\nSe repiti\u00f3 el retorno de vuelos al aeropuerto, hace unos d\u00edas, nuevamente se registr\u00f3 el hecho cuando el \u00abincremento de la temperatura de uno de los motores provoca un nuevo incidente de BoA\u00bb, de acuerdo al reporte de Unitel.<br \/>\nCambios<br \/>\nEl abogado y exmilitar Omar Dur\u00e1n Rojas, en contacto con este medio indic\u00f3 que hay muchas falencias en el control y personal, en el caso de la droga incautada en Madrid.<br \/>\nCalific\u00f3 de complejo el caso de los m\u00e1s de 470 kilos de droga confiscado en Madrid, Espa\u00f1a, valorado en aproximadamente 20 millones de d\u00f3lares, debido a que rebasaron todos los controles.<br \/>\nCuestion\u00f3 al ministro de Obras P\u00fablicas, Edgar Monta\u00f1o, quien indic\u00f3 que implementar\u00e1 mano dura, ya que en puestos claves de la aeron\u00e1utica se encuentran personas con antecedentes penales.<br \/>\nAs\u00ed como las contradicciones entre la polic\u00eda y autoridades de gobierno sobre el conocimiento del tema de la droga, observ\u00f3.<br \/>\nImagen<br \/>\nLo que pas\u00f3 con BoA afectar\u00e1 a la imagen del pa\u00eds, ya que el narcotr\u00e1fico es un delito de lesa humanidad, seg\u00fan el art\u00edculo 145 de la ley 1008. Por ello las Naciones Unidas coordinan con los pa\u00edses acciones para combatir el il\u00edcito.<br \/>\nDur\u00e1n asegura que esa acci\u00f3n de BoA tendr\u00e1 sus efectos en el pa\u00eds, a pesar de que las autoridades indican que todo est\u00e1 bien, ya que el d\u00eda de ma\u00f1ana Estados Unidos o Europa pueden prohibir los vuelos de aviones bolivianos, lo que afectar\u00e1 a la estabilidad econ\u00f3mica del pa\u00eds. Y los bolivianos para llegar a pa\u00edses del mundo deber\u00e1n tomar vuelos en pa\u00edses vecinos.<br \/>\nUn cambio radical es reemplazar a todos los directores de todas las instituciones, debido a que no re\u00fanen las condiciones para desempe\u00f1ar esta labor, y de la empresa BoA, de esta manera se da una se\u00f1al al mundo y a la poblaci\u00f3n, que la lucha contra el il\u00edcito va en serio, opin\u00f3.<br \/>\nSin embargo, los cambios pueden significar millones de d\u00f3lares que est\u00e1n en juego, concluy\u00f3.<\/p>\n","protected":false},"excerpt":{"rendered":"<p>Tras la incautaci\u00f3n de droga en un vuelo alquilado por Boliviana de Aviaci\u00f3n (BoA), sumado al mal servicio que presta en el mercado nacional, provocado por los retrasos, as\u00ed como el retorno a destino por fallas mec\u00e1nicas, expertos en el tema recomiendan cambios estructurales en las direcciones de aeron\u00e1utica civil, as\u00ed como de la l\u00ednea [&hellip;]<\/p>\n","protected":false},"author":1,"featured_media":0,"comment_status":"closed","ping_status":"closed","sticky":false,"template":"","format":"standard","meta":{"_acf_changed":false,"footnotes":""},"categories":[7],"tags":[],"class_list":["post-158566","post","type-post","status-publish","format-standard","category-economia"],"acf":{"antetitulo":""},"yoast_head":"<!-- This site is optimized with the Yoast SEO plugin v28.3 - https:\/\/yoast.com\/product\/yoast-seo-wordpress\/ -->\n<title>BoA requiere cambios para mejorar su imagen y servicios - El Diario - Bolivia<\/title>\n<meta name=\"robots\" content=\"index, follow, max-snippet:-1, max-image-preview:large, max-video-preview:-1\" \/>\n<link rel=\"canonical\" href=\"https:\/\/www.eldiario.net\/portal\/2023\/06\/07\/boa-requiere-cambios-para-mejorar-su-imagen-y-servicios\/\" \/>\n<meta property=\"og:locale\" content=\"es_ES\" \/>\n<meta property=\"og:type\" content=\"article\" \/>\n<meta property=\"og:title\" content=\"BoA requiere cambios para mejorar su imagen y servicios - El Diario - Bolivia\" \/>\n<meta property=\"og:description\" content=\"Tras la incautaci\u00f3n de droga en un vuelo alquilado por Boliviana de Aviaci\u00f3n (BoA), sumado al mal servicio que presta en el mercado nacional, provocado por los retrasos, as\u00ed como el retorno a destino por fallas mec\u00e1nicas, expertos en el tema recomiendan cambios estructurales en las direcciones de aeron\u00e1utica civil, as\u00ed como de la l\u00ednea [&hellip;]\" \/>\n<meta property=\"og:url\" content=\"https:\/\/www.eldiario.net\/portal\/2023\/06\/07\/boa-requiere-cambios-para-mejorar-su-imagen-y-servicios\/\" \/>\n<meta property=\"og:site_name\" content=\"El Diario - Bolivia\" \/>\n<meta property=\"article:publisher\" content=\"https:\/\/www.facebook.com\/eldiario.bolivia\/\" \/>\n<meta property=\"article:published_time\" content=\"2023-06-07T09:54:34+00:00\" \/>\n<meta name=\"author\" content=\"Jeanette\" \/>\n<meta name=\"twitter:card\" content=\"summary_large_image\" \/>\n<meta name=\"twitter:creator\" content=\"@eldiario_net\" \/>\n<meta name=\"twitter:site\" content=\"@eldiario_net\" \/>\n<meta name=\"twitter:label1\" content=\"Escrito por\" \/>\n\t<meta name=\"twitter:data1\" content=\"Jeanette\" \/>\n\t<meta name=\"twitter:label2\" content=\"Tiempo de lectura\" \/>\n\t<meta name=\"twitter:data2\" content=\"3 minutos\" \/>\n<script type=\"application\/ld+json\" class=\"yoast-schema-graph\">{\"@context\":\"https:\\\/\\\/schema.org\",\"@graph\":[{\"@type\":\"Article\",\"@id\":\"https:\\\/\\\/www.eldiario.net\\\/portal\\\/2023\\\/06\\\/07\\\/boa-requiere-cambios-para-mejorar-su-imagen-y-servicios\\\/#article\",\"isPartOf\":{\"@id\":\"https:\\\/\\\/www.eldiario.net\\\/portal\\\/2023\\\/06\\\/07\\\/boa-requiere-cambios-para-mejorar-su-imagen-y-servicios\\\/\"},\"author\":{\"name\":\"Jeanette\",\"@id\":\"https:\\\/\\\/www.eldiario.net\\\/portal\\\/#\\\/schema\\\/person\\\/f46445640444750d7d753ccd04ae01b7\"},\"headline\":\"BoA requiere cambios para mejorar su imagen y servicios\",\"datePublished\":\"2023-06-07T09:54:34+00:00\",\"mainEntityOfPage\":{\"@id\":\"https:\\\/\\\/www.eldiario.net\\\/portal\\\/2023\\\/06\\\/07\\\/boa-requiere-cambios-para-mejorar-su-imagen-y-servicios\\\/\"},\"wordCount\":636,\"publisher\":{\"@id\":\"https:\\\/\\\/www.eldiario.net\\\/portal\\\/#organization\"},\"articleSection\":[\"Econom\u00eda\"],\"inLanguage\":\"es\"},{\"@type\":\"WebPage\",\"@id\":\"https:\\\/\\\/www.eldiario.net\\\/portal\\\/2023\\\/06\\\/07\\\/boa-requiere-cambios-para-mejorar-su-imagen-y-servicios\\\/\",\"url\":\"https:\\\/\\\/www.eldiario.net\\\/portal\\\/2023\\\/06\\\/07\\\/boa-requiere-cambios-para-mejorar-su-imagen-y-servicios\\\/\",\"name\":\"BoA requiere cambios para mejorar su imagen y servicios - El Diario - Bolivia\",\"isPartOf\":{\"@id\":\"https:\\\/\\\/www.eldiario.net\\\/portal\\\/#website\"},\"datePublished\":\"2023-06-07T09:54:34+00:00\",\"breadcrumb\":{\"@id\":\"https:\\\/\\\/www.eldiario.net\\\/portal\\\/2023\\\/06\\\/07\\\/boa-requiere-cambios-para-mejorar-su-imagen-y-servicios\\\/#breadcrumb\"},\"inLanguage\":\"es\",\"potentialAction\":[{\"@type\":\"ReadAction\",\"target\":[\"https:\\\/\\\/www.eldiario.net\\\/portal\\\/2023\\\/06\\\/07\\\/boa-requiere-cambios-para-mejorar-su-imagen-y-servicios\\\/\"]}]},{\"@type\":\"BreadcrumbList\",\"@id\":\"https:\\\/\\\/www.eldiario.net\\\/portal\\\/2023\\\/06\\\/07\\\/boa-requiere-cambios-para-mejorar-su-imagen-y-servicios\\\/#breadcrumb\",\"itemListElement\":[{\"@type\":\"ListItem\",\"position\":1,\"name\":\"Portada\",\"item\":\"https:\\\/\\\/www.eldiario.net\\\/portal\\\/\"},{\"@type\":\"ListItem\",\"position\":2,\"name\":\"BoA requiere cambios para mejorar su imagen y servicios\"}]},{\"@type\":\"WebSite\",\"@id\":\"https:\\\/\\\/www.eldiario.net\\\/portal\\\/#website\",\"url\":\"https:\\\/\\\/www.eldiario.net\\\/portal\\\/\",\"name\":\"El Diario - Decano de la prensa nacional\",\"description\":\"El Diario - Decano de la prensa nacional\",\"publisher\":{\"@id\":\"https:\\\/\\\/www.eldiario.net\\\/portal\\\/#organization\"},\"potentialAction\":[{\"@type\":\"SearchAction\",\"target\":{\"@type\":\"EntryPoint\",\"urlTemplate\":\"https:\\\/\\\/www.eldiario.net\\\/portal\\\/?s={search_term_string}\"},\"query-input\":{\"@type\":\"PropertyValueSpecification\",\"valueRequired\":true,\"valueName\":\"search_term_string\"}}],\"inLanguage\":\"es\"},{\"@type\":\"Organization\",\"@id\":\"https:\\\/\\\/www.eldiario.net\\\/portal\\\/#organization\",\"name\":\"El Diario - Decano de la prensa nacional\",\"url\":\"https:\\\/\\\/www.eldiario.net\\\/portal\\\/\",\"logo\":{\"@type\":\"ImageObject\",\"inLanguage\":\"es\",\"@id\":\"https:\\\/\\\/www.eldiario.net\\\/portal\\\/#\\\/schema\\\/logo\\\/image\\\/\",\"url\":\"https:\\\/\\\/www.eldiario.net\\\/portal\\\/wp-content\\\/uploads\\\/2023\\\/07\\\/logo_ED.jpg\",\"contentUrl\":\"https:\\\/\\\/www.eldiario.net\\\/portal\\\/wp-content\\\/uploads\\\/2023\\\/07\\\/logo_ED.jpg\",\"width\":272,\"height\":52,\"caption\":\"El Diario - Decano de la prensa nacional\"},\"image\":{\"@id\":\"https:\\\/\\\/www.eldiario.net\\\/portal\\\/#\\\/schema\\\/logo\\\/image\\\/\"},\"sameAs\":[\"https:\\\/\\\/www.facebook.com\\\/eldiario.bolivia\\\/\",\"https:\\\/\\\/x.com\\\/eldiario_net\"]},{\"@type\":\"Person\",\"@id\":\"https:\\\/\\\/www.eldiario.net\\\/portal\\\/#\\\/schema\\\/person\\\/f46445640444750d7d753ccd04ae01b7\",\"name\":\"Jeanette\",\"image\":{\"@type\":\"ImageObject\",\"inLanguage\":\"es\",\"@id\":\"https:\\\/\\\/secure.gravatar.com\\\/avatar\\\/3ea2118a5f7dad2b7138b1187a6b7ee55f160b9968b66013c3a3ef39dd7e5798?s=96&d=mm&r=g\",\"url\":\"https:\\\/\\\/secure.gravatar.com\\\/avatar\\\/3ea2118a5f7dad2b7138b1187a6b7ee55f160b9968b66013c3a3ef39dd7e5798?s=96&d=mm&r=g\",\"contentUrl\":\"https:\\\/\\\/secure.gravatar.com\\\/avatar\\\/3ea2118a5f7dad2b7138b1187a6b7ee55f160b9968b66013c3a3ef39dd7e5798?s=96&d=mm&r=g\",\"caption\":\"Jeanette\"},\"sameAs\":[\"https:\\\/\\\/www.eldiario.net\\\/portal\"],\"url\":\"https:\\\/\\\/www.eldiario.net\\\/portal\\\/author\\\/jeanette\\\/\"}]}<\/script>\n<!-- \/ Yoast SEO plugin. -->","yoast_head_json":{"title":"BoA requiere cambios para mejorar su imagen y servicios - El Diario - Bolivia","robots":{"index":"index","follow":"follow","max-snippet":"max-snippet:-1","max-image-preview":"max-image-preview:large","max-video-preview":"max-video-preview:-1"},"canonical":"https:\/\/www.eldiario.net\/portal\/2023\/06\/07\/boa-requiere-cambios-para-mejorar-su-imagen-y-servicios\/","og_locale":"es_ES","og_type":"article","og_title":"BoA requiere cambios para mejorar su imagen y servicios - El Diario - Bolivia","og_description":"Tras la incautaci\u00f3n de droga en un vuelo alquilado por Boliviana de Aviaci\u00f3n (BoA), sumado al mal servicio que presta en el mercado nacional, provocado por los retrasos, as\u00ed como el retorno a destino por fallas mec\u00e1nicas, expertos en el tema recomiendan cambios estructurales en las direcciones de aeron\u00e1utica civil, as\u00ed como de la l\u00ednea [&hellip;]","og_url":"https:\/\/www.eldiario.net\/portal\/2023\/06\/07\/boa-requiere-cambios-para-mejorar-su-imagen-y-servicios\/","og_site_name":"El Diario - Bolivia","article_publisher":"https:\/\/www.facebook.com\/eldiario.bolivia\/","article_published_time":"2023-06-07T09:54:34+00:00","author":"Jeanette","twitter_card":"summary_large_image","twitter_creator":"@eldiario_net","twitter_site":"@eldiario_net","twitter_misc":{"Escrito por":"Jeanette","Tiempo de lectura":"3 minutos"},"schema":{"@context":"https:\/\/schema.org","@graph":[{"@type":"Article","@id":"https:\/\/www.eldiario.net\/portal\/2023\/06\/07\/boa-requiere-cambios-para-mejorar-su-imagen-y-servicios\/#article","isPartOf":{"@id":"https:\/\/www.eldiario.net\/portal\/2023\/06\/07\/boa-requiere-cambios-para-mejorar-su-imagen-y-servicios\/"},"author":{"name":"Jeanette","@id":"https:\/\/www.eldiario.net\/portal\/#\/schema\/person\/f46445640444750d7d753ccd04ae01b7"},"headline":"BoA requiere cambios para mejorar su imagen y servicios","datePublished":"2023-06-07T09:54:34+00:00","mainEntityOfPage":{"@id":"https:\/\/www.eldiario.net\/portal\/2023\/06\/07\/boa-requiere-cambios-para-mejorar-su-imagen-y-servicios\/"},"wordCount":636,"publisher":{"@id":"https:\/\/www.eldiario.net\/portal\/#organization"},"articleSection":["Econom\u00eda"],"inLanguage":"es"},{"@type":"WebPage","@id":"https:\/\/www.eldiario.net\/portal\/2023\/06\/07\/boa-requiere-cambios-para-mejorar-su-imagen-y-servicios\/","url":"https:\/\/www.eldiario.net\/portal\/2023\/06\/07\/boa-requiere-cambios-para-mejorar-su-imagen-y-servicios\/","name":"BoA requiere cambios para mejorar su imagen y servicios - El Diario - Bolivia","isPartOf":{"@id":"https:\/\/www.eldiario.net\/portal\/#website"},"datePublished":"2023-06-07T09:54:34+00:00","breadcrumb":{"@id":"https:\/\/www.eldiario.net\/portal\/2023\/06\/07\/boa-requiere-cambios-para-mejorar-su-imagen-y-servicios\/#breadcrumb"},"inLanguage":"es","potentialAction":[{"@type":"ReadAction","target":["https:\/\/www.eldiario.net\/portal\/2023\/06\/07\/boa-requiere-cambios-para-mejorar-su-imagen-y-servicios\/"]}]},{"@type":"BreadcrumbList","@id":"https:\/\/www.eldiario.net\/portal\/2023\/06\/07\/boa-requiere-cambios-para-mejorar-su-imagen-y-servicios\/#breadcrumb","itemListElement":[{"@type":"ListItem","position":1,"name":"Portada","item":"https:\/\/www.eldiario.net\/portal\/"},{"@type":"ListItem","position":2,"name":"BoA requiere cambios para mejorar su imagen y servicios"}]},{"@type":"WebSite","@id":"https:\/\/www.eldiario.net\/portal\/#website","url":"https:\/\/www.eldiario.net\/portal\/","name":"El Diario - Decano de la prensa nacional","description":"El Diario - Decano de la prensa nacional","publisher":{"@id":"https:\/\/www.eldiario.net\/portal\/#organization"},"potentialAction":[{"@type":"SearchAction","target":{"@type":"EntryPoint","urlTemplate":"https:\/\/www.eldiario.net\/portal\/?s={search_term_string}"},"query-input":{"@type":"PropertyValueSpecification","valueRequired":true,"valueName":"search_term_string"}}],"inLanguage":"es"},{"@type":"Organization","@id":"https:\/\/www.eldiario.net\/portal\/#organization","name":"El Diario - Decano de la prensa nacional","url":"https:\/\/www.eldiario.net\/portal\/","logo":{"@type":"ImageObject","inLanguage":"es","@id":"https:\/\/www.eldiario.net\/portal\/#\/schema\/logo\/image\/","url":"https:\/\/www.eldiario.net\/portal\/wp-content\/uploads\/2023\/07\/logo_ED.jpg","contentUrl":"https:\/\/www.eldiario.net\/portal\/wp-content\/uploads\/2023\/07\/logo_ED.jpg","width":272,"height":52,"caption":"El Diario - Decano de la prensa nacional"},"image":{"@id":"https:\/\/www.eldiario.net\/portal\/#\/schema\/logo\/image\/"},"sameAs":["https:\/\/www.facebook.com\/eldiario.bolivia\/","https:\/\/x.com\/eldiario_net"]},{"@type":"Person","@id":"https:\/\/www.eldiario.net\/portal\/#\/schema\/person\/f46445640444750d7d753ccd04ae01b7","name":"Jeanette","image":{"@type":"ImageObject","inLanguage":"es","@id":"https:\/\/secure.gravatar.com\/avatar\/3ea2118a5f7dad2b7138b1187a6b7ee55f160b9968b66013c3a3ef39dd7e5798?s=96&d=mm&r=g","url":"https:\/\/secure.gravatar.com\/avatar\/3ea2118a5f7dad2b7138b1187a6b7ee55f160b9968b66013c3a3ef39dd7e5798?s=96&d=mm&r=g","contentUrl":"https:\/\/secure.gravatar.com\/avatar\/3ea2118a5f7dad2b7138b1187a6b7ee55f160b9968b66013c3a3ef39dd7e5798?s=96&d=mm&r=g","caption":"Jeanette"},"sameAs":["https:\/\/www.eldiario.net\/portal"],"url":"https:\/\/www.eldiario.net\/portal\/author\/jeanette\/"}]}},"_links":{"self":[{"href":"https:\/\/www.eldiario.net\/portal\/wp-json\/wp\/v2\/posts\/158566","targetHints":{"allow":["GET"]}}],"collection":[{"href":"https:\/\/www.eldiario.net\/portal\/wp-json\/wp\/v2\/posts"}],"about":[{"href":"https:\/\/www.eldiario.net\/portal\/wp-json\/wp\/v2\/types\/post"}],"author":[{"embeddable":true,"href":"https:\/\/www.eldiario.net\/portal\/wp-json\/wp\/v2\/users\/1"}],"replies":[{"embeddable":true,"href":"https:\/\/www.eldiario.net\/portal\/wp-json\/wp\/v2\/comments?post=158566"}],"version-history":[{"count":0,"href":"https:\/\/www.eldiario.net\/portal\/wp-json\/wp\/v2\/posts\/158566\/revisions"}],"wp:attachment":[{"href":"https:\/\/www.eldiario.net\/portal\/wp-json\/wp\/v2\/media?parent=158566"}],"wp:term":[{"taxonomy":"category","embeddable":true,"href":"https:\/\/www.eldiario.net\/portal\/wp-json\/wp\/v2\/categories?post=158566"},{"taxonomy":"post_tag","embeddable":true,"href":"https:\/\/www.eldiario.net\/portal\/wp-json\/wp\/v2\/tags?post=158566"}],"curies":[{"name":"wp","href":"https:\/\/api.w.org\/{rel}","templated":true}]}}