{"id":158563,"date":"2023-06-07T05:54:04","date_gmt":"2023-06-07T09:54:04","guid":{"rendered":"https:\/\/www.eldiario.net\/portal\/?p=158563"},"modified":"2023-06-07T05:54:04","modified_gmt":"2023-06-07T09:54:04","slug":"zelenski-acusa-a-terroristas-rusos-de-destruir-una-presa-en-jerson","status":"publish","type":"post","link":"https:\/\/www.eldiario.net\/portal\/2023\/06\/07\/zelenski-acusa-a-terroristas-rusos-de-destruir-una-presa-en-jerson\/","title":{"rendered":"Zelenski acusa a terroristas rusos  de destruir una presa en Jers\u00f3n"},"content":{"rendered":"<p>El presidente de Ucrania, Volodimir Zelenski, acus\u00f3 ayer a terroristas rusos de la destrucci\u00f3n a trav\u00e9s de una detonaci\u00f3n interna de la presa de la central hidroel\u00e9ctrica de Kajovka, en el r\u00edo Dni\u00e9per, incidente del que Ucrania y Rusia se acusaron mutuamente.<br \/>\n\u201cTerroristas rusos. La destrucci\u00f3n de la central hidroel\u00e9ctrica de Kajovka \u00fanicamente confirma a todo el mundo que deben ser expulsados de todas las esquinas del territorio ucraniano. No debe dej\u00e1rseles un solo metro, porque usan cada metro para el terror\u201d, manifest\u00f3 el mandatario ucraniano a trav\u00e9s de su cuenta en la red social Twitter.<br \/>\nTras el encuentro con el Consejo Nacional de Seguridad y Defensa, el propio Zelenski apunt\u00f3 en un mensaje en su cuenta en Telegram a \u00abuna detonaci\u00f3n interna\u00bb provocada por \u00abterroristas rusos\u00bb en la central hidroel\u00e9ctrica, a tiempo de manifestar que en la zona de inundaci\u00f3n hay alrededor de 80 localidades.<br \/>\n\u00abSe ha ordenado llevar a cabo una evacuaci\u00f3n de las \u00e1reas de riesgo y entregar agua potable a todas las ciudades y aldeas que recib\u00edan agua del embalse de Kajovka. Hacemos todo lo posible para salvar a la gente. Todos los servicios, Ej\u00e9rcito, Gobierno y Presidencia, est\u00e1n implicados\u00bb, explic\u00f3 Zelenski.<br \/>\nAdem\u00e1s, se\u00f1al\u00f3 que durante la reuni\u00f3n se pact\u00f3 medidas internacionales y de seguridad para que Rusia rinda cuentas de forma estricta por este acto terrorista.<br \/>\nLa oficina de Zelenski asever\u00f3 que hasta el momento no se registraron v\u00edctimas \u201cciviles o militares\u201d y revel\u00f3 que al menos 150 toneladas de aceite para maquinaria fueron vertidos al r\u00edo Dnipr\u00f3 tras el suceso. \u00abExiste el riesgo de una mayor filtraci\u00f3n de m\u00e1s de 300 toneladas\u00bb, detall\u00f3.<br \/>\nEn esta l\u00ednea, el ministro de Exteriores ucraniano, Dimitro Kuleba, acus\u00f3 a Rusia de causar el mayor desastre tecnol\u00f3gico en d\u00e9cadas en el continente. \u00abRusia destruy\u00f3 la presa de Kajovka, causando probablemente el mayor desastre tecnol\u00f3gico en d\u00e9cadas en Europa y poniendo en riesgo a miles de civiles\u00bb, apunt\u00f3 en Twitter, antes de agregar que es un atroz crimen de guerra. \u00abLa \u00fanica forma de detener a Rusia, el mayor terrorista del siglo XXI, es expulsarla de Ucrania\u00bb, manifest\u00f3 Kuleba.<br \/>\nAsimismo, el principal asesor de la Presidencia de Ucrania, Mijailo Podoliak, responsabiliz\u00f3 a Mosc\u00fa y dijo que la finalidad es obvia: crear obst\u00e1culos insuperables en el camino del avance de las Fuerzas Armadas ucranianas, interceptar la iniciativa de informaci\u00f3n, ralentizar el justo final de la guerra.<br \/>\n\u00abEn un vasto territorio, toda la vida ser\u00e1 destruida. Muchas localidades quedar\u00e1n arrasadas. Se causar\u00e1n da\u00f1os colosales al medio ambiente\u00bb, lament\u00f3 Podoliak, quien afirm\u00f3 que \u00abes otro crimen premeditado en el marco del Crimen Global Uniforme de Rusia en el siglo XXI: la organizaci\u00f3n de una guerra a gran escala en Europa\u00bb. \u00abRusia debe ser reconocida inmediatamente como un pa\u00eds terrorista, con todas las consecuencias legales\u00bb, ratific\u00f3.<br \/>\nDurante la madrugada de ayer, el Mando Sur de las Fuerzas Armadas de Ucrania inform\u00f3 la destrucci\u00f3n de la infraestructura por parte de Rusia e indic\u00f3 que est\u00e1 investigando la magnitud del da\u00f1o, as\u00ed como la velocidad y la cantidad de agua que afectar\u00edan a las zonas probables de inundaci\u00f3n.(Europa Press).<\/p>\n","protected":false},"excerpt":{"rendered":"<p>El presidente de Ucrania, Volodimir Zelenski, acus\u00f3 ayer a terroristas rusos de la destrucci\u00f3n a trav\u00e9s de una detonaci\u00f3n interna de la presa de la central hidroel\u00e9ctrica de Kajovka, en el r\u00edo Dni\u00e9per, incidente del que Ucrania y Rusia se acusaron mutuamente. \u201cTerroristas rusos. La destrucci\u00f3n de la central hidroel\u00e9ctrica de Kajovka \u00fanicamente confirma a [&hellip;]<\/p>\n","protected":false},"author":1,"featured_media":158564,"comment_status":"closed","ping_status":"closed","sticky":false,"template":"","format":"standard","meta":{"_acf_changed":false,"footnotes":""},"categories":[3],"tags":[],"class_list":["post-158563","post","type-post","status-publish","format-standard","has-post-thumbnail","category-internacional"],"acf":{"antetitulo":""},"yoast_head":"<!-- This site is optimized with the Yoast SEO plugin v28.4 - https:\/\/yoast.com\/product\/yoast-seo-wordpress\/ -->\n<title>Zelenski acusa a terroristas rusos de destruir una presa en Jers\u00f3n - El Diario - Bolivia<\/title>\n<meta name=\"robots\" content=\"index, follow, max-snippet:-1, max-image-preview:large, max-video-preview:-1\" \/>\n<link rel=\"canonical\" href=\"https:\/\/www.eldiario.net\/portal\/2023\/06\/07\/zelenski-acusa-a-terroristas-rusos-de-destruir-una-presa-en-jerson\/\" \/>\n<meta property=\"og:locale\" content=\"es_ES\" \/>\n<meta property=\"og:type\" content=\"article\" \/>\n<meta property=\"og:title\" content=\"Zelenski acusa a terroristas rusos de destruir una presa en Jers\u00f3n - El Diario - Bolivia\" \/>\n<meta property=\"og:description\" content=\"El presidente de Ucrania, Volodimir Zelenski, acus\u00f3 ayer a terroristas rusos de la destrucci\u00f3n a trav\u00e9s de una detonaci\u00f3n interna de la presa de la central hidroel\u00e9ctrica de Kajovka, en el r\u00edo Dni\u00e9per, incidente del que Ucrania y Rusia se acusaron mutuamente. \u201cTerroristas rusos. La destrucci\u00f3n de la central hidroel\u00e9ctrica de Kajovka \u00fanicamente confirma a [&hellip;]\" \/>\n<meta property=\"og:url\" content=\"https:\/\/www.eldiario.net\/portal\/2023\/06\/07\/zelenski-acusa-a-terroristas-rusos-de-destruir-una-presa-en-jerson\/\" \/>\n<meta property=\"og:site_name\" content=\"El Diario - Bolivia\" \/>\n<meta property=\"article:publisher\" content=\"https:\/\/www.facebook.com\/eldiario.bolivia\/\" \/>\n<meta property=\"article:published_time\" content=\"2023-06-07T09:54:04+00:00\" \/>\n<meta property=\"og:image\" content=\"https:\/\/www.eldiario.net\/portal\/wp-content\/uploads\/2023\/06\/DANOS.jpg\" \/>\n\t<meta property=\"og:image:width\" content=\"1200\" \/>\n\t<meta property=\"og:image:height\" content=\"801\" \/>\n\t<meta property=\"og:image:type\" content=\"image\/jpeg\" \/>\n<meta name=\"author\" content=\"Jeanette\" \/>\n<meta name=\"twitter:card\" content=\"summary_large_image\" \/>\n<meta name=\"twitter:creator\" content=\"@eldiario_net\" \/>\n<meta name=\"twitter:site\" content=\"@eldiario_net\" \/>\n<meta name=\"twitter:label1\" content=\"Escrito por\" \/>\n\t<meta name=\"twitter:data1\" content=\"Jeanette\" \/>\n\t<meta name=\"twitter:label2\" content=\"Tiempo de lectura\" \/>\n\t<meta name=\"twitter:data2\" content=\"3 minutos\" \/>\n<script type=\"application\/ld+json\" class=\"yoast-schema-graph\">{\"@context\":\"https:\\\/\\\/schema.org\",\"@graph\":[{\"@type\":\"Article\",\"@id\":\"https:\\\/\\\/www.eldiario.net\\\/portal\\\/2023\\\/06\\\/07\\\/zelenski-acusa-a-terroristas-rusos-de-destruir-una-presa-en-jerson\\\/#article\",\"isPartOf\":{\"@id\":\"https:\\\/\\\/www.eldiario.net\\\/portal\\\/2023\\\/06\\\/07\\\/zelenski-acusa-a-terroristas-rusos-de-destruir-una-presa-en-jerson\\\/\"},\"author\":{\"name\":\"Jeanette\",\"@id\":\"https:\\\/\\\/www.eldiario.net\\\/portal\\\/#\\\/schema\\\/person\\\/f46445640444750d7d753ccd04ae01b7\"},\"headline\":\"Zelenski acusa a terroristas rusos de destruir una presa en Jers\u00f3n\",\"datePublished\":\"2023-06-07T09:54:04+00:00\",\"mainEntityOfPage\":{\"@id\":\"https:\\\/\\\/www.eldiario.net\\\/portal\\\/2023\\\/06\\\/07\\\/zelenski-acusa-a-terroristas-rusos-de-destruir-una-presa-en-jerson\\\/\"},\"wordCount\":563,\"publisher\":{\"@id\":\"https:\\\/\\\/www.eldiario.net\\\/portal\\\/#organization\"},\"image\":{\"@id\":\"https:\\\/\\\/www.eldiario.net\\\/portal\\\/2023\\\/06\\\/07\\\/zelenski-acusa-a-terroristas-rusos-de-destruir-una-presa-en-jerson\\\/#primaryimage\"},\"thumbnailUrl\":\"https:\\\/\\\/www.eldiario.net\\\/portal\\\/wp-content\\\/uploads\\\/2023\\\/06\\\/DANOS.jpg\",\"articleSection\":[\"Internacional\"],\"inLanguage\":\"es\"},{\"@type\":\"WebPage\",\"@id\":\"https:\\\/\\\/www.eldiario.net\\\/portal\\\/2023\\\/06\\\/07\\\/zelenski-acusa-a-terroristas-rusos-de-destruir-una-presa-en-jerson\\\/\",\"url\":\"https:\\\/\\\/www.eldiario.net\\\/portal\\\/2023\\\/06\\\/07\\\/zelenski-acusa-a-terroristas-rusos-de-destruir-una-presa-en-jerson\\\/\",\"name\":\"Zelenski acusa a terroristas rusos de destruir una presa en Jers\u00f3n - El Diario - Bolivia\",\"isPartOf\":{\"@id\":\"https:\\\/\\\/www.eldiario.net\\\/portal\\\/#website\"},\"primaryImageOfPage\":{\"@id\":\"https:\\\/\\\/www.eldiario.net\\\/portal\\\/2023\\\/06\\\/07\\\/zelenski-acusa-a-terroristas-rusos-de-destruir-una-presa-en-jerson\\\/#primaryimage\"},\"image\":{\"@id\":\"https:\\\/\\\/www.eldiario.net\\\/portal\\\/2023\\\/06\\\/07\\\/zelenski-acusa-a-terroristas-rusos-de-destruir-una-presa-en-jerson\\\/#primaryimage\"},\"thumbnailUrl\":\"https:\\\/\\\/www.eldiario.net\\\/portal\\\/wp-content\\\/uploads\\\/2023\\\/06\\\/DANOS.jpg\",\"datePublished\":\"2023-06-07T09:54:04+00:00\",\"breadcrumb\":{\"@id\":\"https:\\\/\\\/www.eldiario.net\\\/portal\\\/2023\\\/06\\\/07\\\/zelenski-acusa-a-terroristas-rusos-de-destruir-una-presa-en-jerson\\\/#breadcrumb\"},\"inLanguage\":\"es\",\"potentialAction\":[{\"@type\":\"ReadAction\",\"target\":[\"https:\\\/\\\/www.eldiario.net\\\/portal\\\/2023\\\/06\\\/07\\\/zelenski-acusa-a-terroristas-rusos-de-destruir-una-presa-en-jerson\\\/\"]}]},{\"@type\":\"ImageObject\",\"inLanguage\":\"es\",\"@id\":\"https:\\\/\\\/www.eldiario.net\\\/portal\\\/2023\\\/06\\\/07\\\/zelenski-acusa-a-terroristas-rusos-de-destruir-una-presa-en-jerson\\\/#primaryimage\",\"url\":\"https:\\\/\\\/www.eldiario.net\\\/portal\\\/wp-content\\\/uploads\\\/2023\\\/06\\\/DANOS.jpg\",\"contentUrl\":\"https:\\\/\\\/www.eldiario.net\\\/portal\\\/wp-content\\\/uploads\\\/2023\\\/06\\\/DANOS.jpg\",\"width\":1200,\"height\":801,\"caption\":\"LA DETONACI\u00d3N INTERNA CAUS\u00d3 MUCHOS PROBLEMAS EN EL R\u00cdO DNI\u00c9PER. Europa Press\"},{\"@type\":\"BreadcrumbList\",\"@id\":\"https:\\\/\\\/www.eldiario.net\\\/portal\\\/2023\\\/06\\\/07\\\/zelenski-acusa-a-terroristas-rusos-de-destruir-una-presa-en-jerson\\\/#breadcrumb\",\"itemListElement\":[{\"@type\":\"ListItem\",\"position\":1,\"name\":\"Portada\",\"item\":\"https:\\\/\\\/www.eldiario.net\\\/portal\\\/\"},{\"@type\":\"ListItem\",\"position\":2,\"name\":\"Zelenski acusa a terroristas rusos de destruir una presa en Jers\u00f3n\"}]},{\"@type\":\"WebSite\",\"@id\":\"https:\\\/\\\/www.eldiario.net\\\/portal\\\/#website\",\"url\":\"https:\\\/\\\/www.eldiario.net\\\/portal\\\/\",\"name\":\"El Diario - Decano de la prensa nacional\",\"description\":\"El Diario - Decano de la prensa nacional\",\"publisher\":{\"@id\":\"https:\\\/\\\/www.eldiario.net\\\/portal\\\/#organization\"},\"potentialAction\":[{\"@type\":\"SearchAction\",\"target\":{\"@type\":\"EntryPoint\",\"urlTemplate\":\"https:\\\/\\\/www.eldiario.net\\\/portal\\\/?s={search_term_string}\"},\"query-input\":{\"@type\":\"PropertyValueSpecification\",\"valueRequired\":true,\"valueName\":\"search_term_string\"}}],\"inLanguage\":\"es\"},{\"@type\":\"Organization\",\"@id\":\"https:\\\/\\\/www.eldiario.net\\\/portal\\\/#organization\",\"name\":\"El Diario - Decano de la prensa nacional\",\"url\":\"https:\\\/\\\/www.eldiario.net\\\/portal\\\/\",\"logo\":{\"@type\":\"ImageObject\",\"inLanguage\":\"es\",\"@id\":\"https:\\\/\\\/www.eldiario.net\\\/portal\\\/#\\\/schema\\\/logo\\\/image\\\/\",\"url\":\"https:\\\/\\\/www.eldiario.net\\\/portal\\\/wp-content\\\/uploads\\\/2023\\\/07\\\/logo_ED.jpg\",\"contentUrl\":\"https:\\\/\\\/www.eldiario.net\\\/portal\\\/wp-content\\\/uploads\\\/2023\\\/07\\\/logo_ED.jpg\",\"width\":272,\"height\":52,\"caption\":\"El Diario - Decano de la prensa nacional\"},\"image\":{\"@id\":\"https:\\\/\\\/www.eldiario.net\\\/portal\\\/#\\\/schema\\\/logo\\\/image\\\/\"},\"sameAs\":[\"https:\\\/\\\/www.facebook.com\\\/eldiario.bolivia\\\/\",\"https:\\\/\\\/x.com\\\/eldiario_net\"]},{\"@type\":\"Person\",\"@id\":\"https:\\\/\\\/www.eldiario.net\\\/portal\\\/#\\\/schema\\\/person\\\/f46445640444750d7d753ccd04ae01b7\",\"name\":\"Jeanette\",\"image\":{\"@type\":\"ImageObject\",\"inLanguage\":\"es\",\"@id\":\"https:\\\/\\\/secure.gravatar.com\\\/avatar\\\/3ea2118a5f7dad2b7138b1187a6b7ee55f160b9968b66013c3a3ef39dd7e5798?s=96&d=mm&r=g\",\"url\":\"https:\\\/\\\/secure.gravatar.com\\\/avatar\\\/3ea2118a5f7dad2b7138b1187a6b7ee55f160b9968b66013c3a3ef39dd7e5798?s=96&d=mm&r=g\",\"contentUrl\":\"https:\\\/\\\/secure.gravatar.com\\\/avatar\\\/3ea2118a5f7dad2b7138b1187a6b7ee55f160b9968b66013c3a3ef39dd7e5798?s=96&d=mm&r=g\",\"caption\":\"Jeanette\"},\"sameAs\":[\"https:\\\/\\\/www.eldiario.net\\\/portal\"],\"url\":\"https:\\\/\\\/www.eldiario.net\\\/portal\\\/author\\\/jeanette\\\/\"}]}<\/script>\n<!-- \/ Yoast SEO plugin. -->","yoast_head_json":{"title":"Zelenski acusa a terroristas rusos de destruir una presa en Jers\u00f3n - El Diario - Bolivia","robots":{"index":"index","follow":"follow","max-snippet":"max-snippet:-1","max-image-preview":"max-image-preview:large","max-video-preview":"max-video-preview:-1"},"canonical":"https:\/\/www.eldiario.net\/portal\/2023\/06\/07\/zelenski-acusa-a-terroristas-rusos-de-destruir-una-presa-en-jerson\/","og_locale":"es_ES","og_type":"article","og_title":"Zelenski acusa a terroristas rusos de destruir una presa en Jers\u00f3n - El Diario - Bolivia","og_description":"El presidente de Ucrania, Volodimir Zelenski, acus\u00f3 ayer a terroristas rusos de la destrucci\u00f3n a trav\u00e9s de una detonaci\u00f3n interna de la presa de la central hidroel\u00e9ctrica de Kajovka, en el r\u00edo Dni\u00e9per, incidente del que Ucrania y Rusia se acusaron mutuamente. \u201cTerroristas rusos. La destrucci\u00f3n de la central hidroel\u00e9ctrica de Kajovka \u00fanicamente confirma a [&hellip;]","og_url":"https:\/\/www.eldiario.net\/portal\/2023\/06\/07\/zelenski-acusa-a-terroristas-rusos-de-destruir-una-presa-en-jerson\/","og_site_name":"El Diario - Bolivia","article_publisher":"https:\/\/www.facebook.com\/eldiario.bolivia\/","article_published_time":"2023-06-07T09:54:04+00:00","og_image":[{"width":1200,"height":801,"url":"https:\/\/www.eldiario.net\/portal\/wp-content\/uploads\/2023\/06\/DANOS.jpg","type":"image\/jpeg"}],"author":"Jeanette","twitter_card":"summary_large_image","twitter_creator":"@eldiario_net","twitter_site":"@eldiario_net","twitter_misc":{"Escrito por":"Jeanette","Tiempo de lectura":"3 minutos"},"schema":{"@context":"https:\/\/schema.org","@graph":[{"@type":"Article","@id":"https:\/\/www.eldiario.net\/portal\/2023\/06\/07\/zelenski-acusa-a-terroristas-rusos-de-destruir-una-presa-en-jerson\/#article","isPartOf":{"@id":"https:\/\/www.eldiario.net\/portal\/2023\/06\/07\/zelenski-acusa-a-terroristas-rusos-de-destruir-una-presa-en-jerson\/"},"author":{"name":"Jeanette","@id":"https:\/\/www.eldiario.net\/portal\/#\/schema\/person\/f46445640444750d7d753ccd04ae01b7"},"headline":"Zelenski acusa a terroristas rusos de destruir una presa en Jers\u00f3n","datePublished":"2023-06-07T09:54:04+00:00","mainEntityOfPage":{"@id":"https:\/\/www.eldiario.net\/portal\/2023\/06\/07\/zelenski-acusa-a-terroristas-rusos-de-destruir-una-presa-en-jerson\/"},"wordCount":563,"publisher":{"@id":"https:\/\/www.eldiario.net\/portal\/#organization"},"image":{"@id":"https:\/\/www.eldiario.net\/portal\/2023\/06\/07\/zelenski-acusa-a-terroristas-rusos-de-destruir-una-presa-en-jerson\/#primaryimage"},"thumbnailUrl":"https:\/\/www.eldiario.net\/portal\/wp-content\/uploads\/2023\/06\/DANOS.jpg","articleSection":["Internacional"],"inLanguage":"es"},{"@type":"WebPage","@id":"https:\/\/www.eldiario.net\/portal\/2023\/06\/07\/zelenski-acusa-a-terroristas-rusos-de-destruir-una-presa-en-jerson\/","url":"https:\/\/www.eldiario.net\/portal\/2023\/06\/07\/zelenski-acusa-a-terroristas-rusos-de-destruir-una-presa-en-jerson\/","name":"Zelenski acusa a terroristas rusos de destruir una presa en Jers\u00f3n - El Diario - Bolivia","isPartOf":{"@id":"https:\/\/www.eldiario.net\/portal\/#website"},"primaryImageOfPage":{"@id":"https:\/\/www.eldiario.net\/portal\/2023\/06\/07\/zelenski-acusa-a-terroristas-rusos-de-destruir-una-presa-en-jerson\/#primaryimage"},"image":{"@id":"https:\/\/www.eldiario.net\/portal\/2023\/06\/07\/zelenski-acusa-a-terroristas-rusos-de-destruir-una-presa-en-jerson\/#primaryimage"},"thumbnailUrl":"https:\/\/www.eldiario.net\/portal\/wp-content\/uploads\/2023\/06\/DANOS.jpg","datePublished":"2023-06-07T09:54:04+00:00","breadcrumb":{"@id":"https:\/\/www.eldiario.net\/portal\/2023\/06\/07\/zelenski-acusa-a-terroristas-rusos-de-destruir-una-presa-en-jerson\/#breadcrumb"},"inLanguage":"es","potentialAction":[{"@type":"ReadAction","target":["https:\/\/www.eldiario.net\/portal\/2023\/06\/07\/zelenski-acusa-a-terroristas-rusos-de-destruir-una-presa-en-jerson\/"]}]},{"@type":"ImageObject","inLanguage":"es","@id":"https:\/\/www.eldiario.net\/portal\/2023\/06\/07\/zelenski-acusa-a-terroristas-rusos-de-destruir-una-presa-en-jerson\/#primaryimage","url":"https:\/\/www.eldiario.net\/portal\/wp-content\/uploads\/2023\/06\/DANOS.jpg","contentUrl":"https:\/\/www.eldiario.net\/portal\/wp-content\/uploads\/2023\/06\/DANOS.jpg","width":1200,"height":801,"caption":"LA DETONACI\u00d3N INTERNA CAUS\u00d3 MUCHOS PROBLEMAS EN EL R\u00cdO DNI\u00c9PER. Europa Press"},{"@type":"BreadcrumbList","@id":"https:\/\/www.eldiario.net\/portal\/2023\/06\/07\/zelenski-acusa-a-terroristas-rusos-de-destruir-una-presa-en-jerson\/#breadcrumb","itemListElement":[{"@type":"ListItem","position":1,"name":"Portada","item":"https:\/\/www.eldiario.net\/portal\/"},{"@type":"ListItem","position":2,"name":"Zelenski acusa a terroristas rusos de destruir una presa en Jers\u00f3n"}]},{"@type":"WebSite","@id":"https:\/\/www.eldiario.net\/portal\/#website","url":"https:\/\/www.eldiario.net\/portal\/","name":"El Diario - Decano de la prensa nacional","description":"El Diario - Decano de la prensa nacional","publisher":{"@id":"https:\/\/www.eldiario.net\/portal\/#organization"},"potentialAction":[{"@type":"SearchAction","target":{"@type":"EntryPoint","urlTemplate":"https:\/\/www.eldiario.net\/portal\/?s={search_term_string}"},"query-input":{"@type":"PropertyValueSpecification","valueRequired":true,"valueName":"search_term_string"}}],"inLanguage":"es"},{"@type":"Organization","@id":"https:\/\/www.eldiario.net\/portal\/#organization","name":"El Diario - Decano de la prensa nacional","url":"https:\/\/www.eldiario.net\/portal\/","logo":{"@type":"ImageObject","inLanguage":"es","@id":"https:\/\/www.eldiario.net\/portal\/#\/schema\/logo\/image\/","url":"https:\/\/www.eldiario.net\/portal\/wp-content\/uploads\/2023\/07\/logo_ED.jpg","contentUrl":"https:\/\/www.eldiario.net\/portal\/wp-content\/uploads\/2023\/07\/logo_ED.jpg","width":272,"height":52,"caption":"El Diario - Decano de la prensa nacional"},"image":{"@id":"https:\/\/www.eldiario.net\/portal\/#\/schema\/logo\/image\/"},"sameAs":["https:\/\/www.facebook.com\/eldiario.bolivia\/","https:\/\/x.com\/eldiario_net"]},{"@type":"Person","@id":"https:\/\/www.eldiario.net\/portal\/#\/schema\/person\/f46445640444750d7d753ccd04ae01b7","name":"Jeanette","image":{"@type":"ImageObject","inLanguage":"es","@id":"https:\/\/secure.gravatar.com\/avatar\/3ea2118a5f7dad2b7138b1187a6b7ee55f160b9968b66013c3a3ef39dd7e5798?s=96&d=mm&r=g","url":"https:\/\/secure.gravatar.com\/avatar\/3ea2118a5f7dad2b7138b1187a6b7ee55f160b9968b66013c3a3ef39dd7e5798?s=96&d=mm&r=g","contentUrl":"https:\/\/secure.gravatar.com\/avatar\/3ea2118a5f7dad2b7138b1187a6b7ee55f160b9968b66013c3a3ef39dd7e5798?s=96&d=mm&r=g","caption":"Jeanette"},"sameAs":["https:\/\/www.eldiario.net\/portal"],"url":"https:\/\/www.eldiario.net\/portal\/author\/jeanette\/"}]}},"_links":{"self":[{"href":"https:\/\/www.eldiario.net\/portal\/wp-json\/wp\/v2\/posts\/158563","targetHints":{"allow":["GET"]}}],"collection":[{"href":"https:\/\/www.eldiario.net\/portal\/wp-json\/wp\/v2\/posts"}],"about":[{"href":"https:\/\/www.eldiario.net\/portal\/wp-json\/wp\/v2\/types\/post"}],"author":[{"embeddable":true,"href":"https:\/\/www.eldiario.net\/portal\/wp-json\/wp\/v2\/users\/1"}],"replies":[{"embeddable":true,"href":"https:\/\/www.eldiario.net\/portal\/wp-json\/wp\/v2\/comments?post=158563"}],"version-history":[{"count":0,"href":"https:\/\/www.eldiario.net\/portal\/wp-json\/wp\/v2\/posts\/158563\/revisions"}],"wp:featuredmedia":[{"embeddable":true,"href":"https:\/\/www.eldiario.net\/portal\/wp-json\/wp\/v2\/media\/158564"}],"wp:attachment":[{"href":"https:\/\/www.eldiario.net\/portal\/wp-json\/wp\/v2\/media?parent=158563"}],"wp:term":[{"taxonomy":"category","embeddable":true,"href":"https:\/\/www.eldiario.net\/portal\/wp-json\/wp\/v2\/categories?post=158563"},{"taxonomy":"post_tag","embeddable":true,"href":"https:\/\/www.eldiario.net\/portal\/wp-json\/wp\/v2\/tags?post=158563"}],"curies":[{"name":"wp","href":"https:\/\/api.w.org\/{rel}","templated":true}]}}