{"id":158560,"date":"2023-06-07T05:53:02","date_gmt":"2023-06-07T09:53:02","guid":{"rendered":"https:\/\/www.eldiario.net\/portal\/?p=158560"},"modified":"2023-06-07T05:53:02","modified_gmt":"2023-06-07T09:53:02","slug":"di-protege-las-presas-su-destruccion-puede-suponer-un-crimen-de-guerra","status":"publish","type":"post","link":"https:\/\/www.eldiario.net\/portal\/2023\/06\/07\/di-protege-las-presas-su-destruccion-puede-suponer-un-crimen-de-guerra\/","title":{"rendered":"DI protege las presas, su destrucci\u00f3n  puede suponer un crimen de guerra"},"content":{"rendered":"<p>El Derecho Internacional (DI) contempla una protecci\u00f3n especial para infraestructuras hidrol\u00f3gicas como presas, tanto por su especial relevancia para suministros b\u00e1sicos como por el riesgo que su destrucci\u00f3n puede suponer para zonas aleda\u00f1as. Destruirlas, por tanto, puede constituir un crimen de guerra.<br \/>\nEl Derecho Internacional Humanitario consuetudinario incluye este tipo de enclaves dentro de las obras e instalaciones que contienen fuerzas peligrosas y para las que se reclama especial vigilancia. Al igual que podr\u00eda ocurrir con las centrales nucleares, se teme que cualquier ataque pueda suponer un riesgo para la poblaci\u00f3n.<br \/>\nLa conocida como \u2018norma 42\u2019 incluye en su anexo matizaciones de car\u00e1cter pr\u00e1ctico, de tal manera que \u00abla protecci\u00f3n especial\u00bb no se aplicar\u00eda en el caso de que las instalaciones sirvan para fines militares o de que en sus inmediaciones hubiese objetivos militares y no hay otra manera de destruirlos.<br \/>\nDe hecho, los Protocolos Adicionales incorporados en 1977 a los Convenios de Ginebra (1949) advierten de que lanzar un ataque contra obras o instalaciones que contengan fuerzas peligrosas a sabiendas de que dicho ataque causar\u00e1 una p\u00e9rdida excesiva de vidas, lesiones a civiles o da\u00f1os a bienes de car\u00e1cter civil supone una violaci\u00f3n grave del Derecho Internacional.<br \/>\nEL CASO DE UCRANIA<br \/>\nEl Comit\u00e9 Internacional de la Cruz Roja (CICR), considerado una especie de guardi\u00e1n del Derecho Internacional, record\u00f3 tambi\u00e9n que las presas tienen una protecci\u00f3n especial, al hilo de la destrucci\u00f3n de la de Nueva Kajovka, en el este de Ucrania.<br \/>\nPara la organizaci\u00f3n, se trata de \u00abuno de los da\u00f1os m\u00e1s significativos contra infraestructuras civiles desde febrero de 2022\u00bb, fecha en la que el Ej\u00e9rcito ruso lanz\u00f3 su ofensiva militar en Ucrania y eval\u00faa ya las consecuencias de lo ocurrido.(Europa Press).<\/p>\n","protected":false},"excerpt":{"rendered":"<p>El Derecho Internacional (DI) contempla una protecci\u00f3n especial para infraestructuras hidrol\u00f3gicas como presas, tanto por su especial relevancia para suministros b\u00e1sicos como por el riesgo que su destrucci\u00f3n puede suponer para zonas aleda\u00f1as. Destruirlas, por tanto, puede constituir un crimen de guerra. El Derecho Internacional Humanitario consuetudinario incluye este tipo de enclaves dentro de las [&hellip;]<\/p>\n","protected":false},"author":1,"featured_media":158561,"comment_status":"closed","ping_status":"closed","sticky":false,"template":"","format":"standard","meta":{"_acf_changed":false,"footnotes":""},"categories":[3],"tags":[],"class_list":["post-158560","post","type-post","status-publish","format-standard","has-post-thumbnail","category-internacional"],"acf":{"antetitulo":""},"yoast_head":"<!-- This site is optimized with the Yoast SEO plugin v28.4 - https:\/\/yoast.com\/product\/yoast-seo-wordpress\/ -->\n<title>DI protege las presas, su destrucci\u00f3n puede suponer un crimen de guerra - El Diario - Bolivia<\/title>\n<meta name=\"robots\" content=\"index, follow, max-snippet:-1, max-image-preview:large, max-video-preview:-1\" \/>\n<link rel=\"canonical\" href=\"https:\/\/www.eldiario.net\/portal\/2023\/06\/07\/di-protege-las-presas-su-destruccion-puede-suponer-un-crimen-de-guerra\/\" \/>\n<meta property=\"og:locale\" content=\"es_ES\" \/>\n<meta property=\"og:type\" content=\"article\" \/>\n<meta property=\"og:title\" content=\"DI protege las presas, su destrucci\u00f3n puede suponer un crimen de guerra - El Diario - Bolivia\" \/>\n<meta property=\"og:description\" content=\"El Derecho Internacional (DI) contempla una protecci\u00f3n especial para infraestructuras hidrol\u00f3gicas como presas, tanto por su especial relevancia para suministros b\u00e1sicos como por el riesgo que su destrucci\u00f3n puede suponer para zonas aleda\u00f1as. Destruirlas, por tanto, puede constituir un crimen de guerra. El Derecho Internacional Humanitario consuetudinario incluye este tipo de enclaves dentro de las [&hellip;]\" \/>\n<meta property=\"og:url\" content=\"https:\/\/www.eldiario.net\/portal\/2023\/06\/07\/di-protege-las-presas-su-destruccion-puede-suponer-un-crimen-de-guerra\/\" \/>\n<meta property=\"og:site_name\" content=\"El Diario - Bolivia\" \/>\n<meta property=\"article:publisher\" content=\"https:\/\/www.facebook.com\/eldiario.bolivia\/\" \/>\n<meta property=\"article:published_time\" content=\"2023-06-07T09:53:02+00:00\" \/>\n<meta property=\"og:image\" content=\"https:\/\/www.eldiario.net\/portal\/wp-content\/uploads\/2023\/06\/AGUAS.jpg\" \/>\n\t<meta property=\"og:image:width\" content=\"1200\" \/>\n\t<meta property=\"og:image:height\" content=\"799\" \/>\n\t<meta property=\"og:image:type\" content=\"image\/jpeg\" \/>\n<meta name=\"author\" content=\"Jeanette\" \/>\n<meta name=\"twitter:card\" content=\"summary_large_image\" \/>\n<meta name=\"twitter:creator\" content=\"@eldiario_net\" \/>\n<meta name=\"twitter:site\" content=\"@eldiario_net\" \/>\n<meta name=\"twitter:label1\" content=\"Escrito por\" \/>\n\t<meta name=\"twitter:data1\" content=\"Jeanette\" \/>\n\t<meta name=\"twitter:label2\" content=\"Tiempo de lectura\" \/>\n\t<meta name=\"twitter:data2\" content=\"2 minutos\" \/>\n<script type=\"application\/ld+json\" class=\"yoast-schema-graph\">{\"@context\":\"https:\\\/\\\/schema.org\",\"@graph\":[{\"@type\":\"Article\",\"@id\":\"https:\\\/\\\/www.eldiario.net\\\/portal\\\/2023\\\/06\\\/07\\\/di-protege-las-presas-su-destruccion-puede-suponer-un-crimen-de-guerra\\\/#article\",\"isPartOf\":{\"@id\":\"https:\\\/\\\/www.eldiario.net\\\/portal\\\/2023\\\/06\\\/07\\\/di-protege-las-presas-su-destruccion-puede-suponer-un-crimen-de-guerra\\\/\"},\"author\":{\"name\":\"Jeanette\",\"@id\":\"https:\\\/\\\/www.eldiario.net\\\/portal\\\/#\\\/schema\\\/person\\\/f46445640444750d7d753ccd04ae01b7\"},\"headline\":\"DI protege las presas, su destrucci\u00f3n puede suponer un crimen de guerra\",\"datePublished\":\"2023-06-07T09:53:02+00:00\",\"mainEntityOfPage\":{\"@id\":\"https:\\\/\\\/www.eldiario.net\\\/portal\\\/2023\\\/06\\\/07\\\/di-protege-las-presas-su-destruccion-puede-suponer-un-crimen-de-guerra\\\/\"},\"wordCount\":317,\"publisher\":{\"@id\":\"https:\\\/\\\/www.eldiario.net\\\/portal\\\/#organization\"},\"image\":{\"@id\":\"https:\\\/\\\/www.eldiario.net\\\/portal\\\/2023\\\/06\\\/07\\\/di-protege-las-presas-su-destruccion-puede-suponer-un-crimen-de-guerra\\\/#primaryimage\"},\"thumbnailUrl\":\"https:\\\/\\\/www.eldiario.net\\\/portal\\\/wp-content\\\/uploads\\\/2023\\\/06\\\/AGUAS.jpg\",\"articleSection\":[\"Internacional\"],\"inLanguage\":\"es\"},{\"@type\":\"WebPage\",\"@id\":\"https:\\\/\\\/www.eldiario.net\\\/portal\\\/2023\\\/06\\\/07\\\/di-protege-las-presas-su-destruccion-puede-suponer-un-crimen-de-guerra\\\/\",\"url\":\"https:\\\/\\\/www.eldiario.net\\\/portal\\\/2023\\\/06\\\/07\\\/di-protege-las-presas-su-destruccion-puede-suponer-un-crimen-de-guerra\\\/\",\"name\":\"DI protege las presas, su destrucci\u00f3n puede suponer un crimen de guerra - El Diario - Bolivia\",\"isPartOf\":{\"@id\":\"https:\\\/\\\/www.eldiario.net\\\/portal\\\/#website\"},\"primaryImageOfPage\":{\"@id\":\"https:\\\/\\\/www.eldiario.net\\\/portal\\\/2023\\\/06\\\/07\\\/di-protege-las-presas-su-destruccion-puede-suponer-un-crimen-de-guerra\\\/#primaryimage\"},\"image\":{\"@id\":\"https:\\\/\\\/www.eldiario.net\\\/portal\\\/2023\\\/06\\\/07\\\/di-protege-las-presas-su-destruccion-puede-suponer-un-crimen-de-guerra\\\/#primaryimage\"},\"thumbnailUrl\":\"https:\\\/\\\/www.eldiario.net\\\/portal\\\/wp-content\\\/uploads\\\/2023\\\/06\\\/AGUAS.jpg\",\"datePublished\":\"2023-06-07T09:53:02+00:00\",\"breadcrumb\":{\"@id\":\"https:\\\/\\\/www.eldiario.net\\\/portal\\\/2023\\\/06\\\/07\\\/di-protege-las-presas-su-destruccion-puede-suponer-un-crimen-de-guerra\\\/#breadcrumb\"},\"inLanguage\":\"es\",\"potentialAction\":[{\"@type\":\"ReadAction\",\"target\":[\"https:\\\/\\\/www.eldiario.net\\\/portal\\\/2023\\\/06\\\/07\\\/di-protege-las-presas-su-destruccion-puede-suponer-un-crimen-de-guerra\\\/\"]}]},{\"@type\":\"ImageObject\",\"inLanguage\":\"es\",\"@id\":\"https:\\\/\\\/www.eldiario.net\\\/portal\\\/2023\\\/06\\\/07\\\/di-protege-las-presas-su-destruccion-puede-suponer-un-crimen-de-guerra\\\/#primaryimage\",\"url\":\"https:\\\/\\\/www.eldiario.net\\\/portal\\\/wp-content\\\/uploads\\\/2023\\\/06\\\/AGUAS.jpg\",\"contentUrl\":\"https:\\\/\\\/www.eldiario.net\\\/portal\\\/wp-content\\\/uploads\\\/2023\\\/06\\\/AGUAS.jpg\",\"width\":1200,\"height\":799,\"caption\":\"LA DESTRUCCI\u00d3N DE LA PRESA LOGR\u00d3 INUNDAR VARIAS POBLACIONES ALEDA\u00d1AS. Notiam\u00e9rica\"},{\"@type\":\"BreadcrumbList\",\"@id\":\"https:\\\/\\\/www.eldiario.net\\\/portal\\\/2023\\\/06\\\/07\\\/di-protege-las-presas-su-destruccion-puede-suponer-un-crimen-de-guerra\\\/#breadcrumb\",\"itemListElement\":[{\"@type\":\"ListItem\",\"position\":1,\"name\":\"Portada\",\"item\":\"https:\\\/\\\/www.eldiario.net\\\/portal\\\/\"},{\"@type\":\"ListItem\",\"position\":2,\"name\":\"DI protege las presas, su destrucci\u00f3n puede suponer un crimen de guerra\"}]},{\"@type\":\"WebSite\",\"@id\":\"https:\\\/\\\/www.eldiario.net\\\/portal\\\/#website\",\"url\":\"https:\\\/\\\/www.eldiario.net\\\/portal\\\/\",\"name\":\"El Diario - Decano de la prensa nacional\",\"description\":\"El Diario - Decano de la prensa nacional\",\"publisher\":{\"@id\":\"https:\\\/\\\/www.eldiario.net\\\/portal\\\/#organization\"},\"potentialAction\":[{\"@type\":\"SearchAction\",\"target\":{\"@type\":\"EntryPoint\",\"urlTemplate\":\"https:\\\/\\\/www.eldiario.net\\\/portal\\\/?s={search_term_string}\"},\"query-input\":{\"@type\":\"PropertyValueSpecification\",\"valueRequired\":true,\"valueName\":\"search_term_string\"}}],\"inLanguage\":\"es\"},{\"@type\":\"Organization\",\"@id\":\"https:\\\/\\\/www.eldiario.net\\\/portal\\\/#organization\",\"name\":\"El Diario - Decano de la prensa nacional\",\"url\":\"https:\\\/\\\/www.eldiario.net\\\/portal\\\/\",\"logo\":{\"@type\":\"ImageObject\",\"inLanguage\":\"es\",\"@id\":\"https:\\\/\\\/www.eldiario.net\\\/portal\\\/#\\\/schema\\\/logo\\\/image\\\/\",\"url\":\"https:\\\/\\\/www.eldiario.net\\\/portal\\\/wp-content\\\/uploads\\\/2023\\\/07\\\/logo_ED.jpg\",\"contentUrl\":\"https:\\\/\\\/www.eldiario.net\\\/portal\\\/wp-content\\\/uploads\\\/2023\\\/07\\\/logo_ED.jpg\",\"width\":272,\"height\":52,\"caption\":\"El Diario - Decano de la prensa nacional\"},\"image\":{\"@id\":\"https:\\\/\\\/www.eldiario.net\\\/portal\\\/#\\\/schema\\\/logo\\\/image\\\/\"},\"sameAs\":[\"https:\\\/\\\/www.facebook.com\\\/eldiario.bolivia\\\/\",\"https:\\\/\\\/x.com\\\/eldiario_net\"]},{\"@type\":\"Person\",\"@id\":\"https:\\\/\\\/www.eldiario.net\\\/portal\\\/#\\\/schema\\\/person\\\/f46445640444750d7d753ccd04ae01b7\",\"name\":\"Jeanette\",\"image\":{\"@type\":\"ImageObject\",\"inLanguage\":\"es\",\"@id\":\"https:\\\/\\\/secure.gravatar.com\\\/avatar\\\/3ea2118a5f7dad2b7138b1187a6b7ee55f160b9968b66013c3a3ef39dd7e5798?s=96&d=mm&r=g\",\"url\":\"https:\\\/\\\/secure.gravatar.com\\\/avatar\\\/3ea2118a5f7dad2b7138b1187a6b7ee55f160b9968b66013c3a3ef39dd7e5798?s=96&d=mm&r=g\",\"contentUrl\":\"https:\\\/\\\/secure.gravatar.com\\\/avatar\\\/3ea2118a5f7dad2b7138b1187a6b7ee55f160b9968b66013c3a3ef39dd7e5798?s=96&d=mm&r=g\",\"caption\":\"Jeanette\"},\"sameAs\":[\"https:\\\/\\\/www.eldiario.net\\\/portal\"],\"url\":\"https:\\\/\\\/www.eldiario.net\\\/portal\\\/author\\\/jeanette\\\/\"}]}<\/script>\n<!-- \/ Yoast SEO plugin. -->","yoast_head_json":{"title":"DI protege las presas, su destrucci\u00f3n puede suponer un crimen de guerra - El Diario - Bolivia","robots":{"index":"index","follow":"follow","max-snippet":"max-snippet:-1","max-image-preview":"max-image-preview:large","max-video-preview":"max-video-preview:-1"},"canonical":"https:\/\/www.eldiario.net\/portal\/2023\/06\/07\/di-protege-las-presas-su-destruccion-puede-suponer-un-crimen-de-guerra\/","og_locale":"es_ES","og_type":"article","og_title":"DI protege las presas, su destrucci\u00f3n puede suponer un crimen de guerra - El Diario - Bolivia","og_description":"El Derecho Internacional (DI) contempla una protecci\u00f3n especial para infraestructuras hidrol\u00f3gicas como presas, tanto por su especial relevancia para suministros b\u00e1sicos como por el riesgo que su destrucci\u00f3n puede suponer para zonas aleda\u00f1as. Destruirlas, por tanto, puede constituir un crimen de guerra. El Derecho Internacional Humanitario consuetudinario incluye este tipo de enclaves dentro de las [&hellip;]","og_url":"https:\/\/www.eldiario.net\/portal\/2023\/06\/07\/di-protege-las-presas-su-destruccion-puede-suponer-un-crimen-de-guerra\/","og_site_name":"El Diario - Bolivia","article_publisher":"https:\/\/www.facebook.com\/eldiario.bolivia\/","article_published_time":"2023-06-07T09:53:02+00:00","og_image":[{"width":1200,"height":799,"url":"https:\/\/www.eldiario.net\/portal\/wp-content\/uploads\/2023\/06\/AGUAS.jpg","type":"image\/jpeg"}],"author":"Jeanette","twitter_card":"summary_large_image","twitter_creator":"@eldiario_net","twitter_site":"@eldiario_net","twitter_misc":{"Escrito por":"Jeanette","Tiempo de lectura":"2 minutos"},"schema":{"@context":"https:\/\/schema.org","@graph":[{"@type":"Article","@id":"https:\/\/www.eldiario.net\/portal\/2023\/06\/07\/di-protege-las-presas-su-destruccion-puede-suponer-un-crimen-de-guerra\/#article","isPartOf":{"@id":"https:\/\/www.eldiario.net\/portal\/2023\/06\/07\/di-protege-las-presas-su-destruccion-puede-suponer-un-crimen-de-guerra\/"},"author":{"name":"Jeanette","@id":"https:\/\/www.eldiario.net\/portal\/#\/schema\/person\/f46445640444750d7d753ccd04ae01b7"},"headline":"DI protege las presas, su destrucci\u00f3n puede suponer un crimen de guerra","datePublished":"2023-06-07T09:53:02+00:00","mainEntityOfPage":{"@id":"https:\/\/www.eldiario.net\/portal\/2023\/06\/07\/di-protege-las-presas-su-destruccion-puede-suponer-un-crimen-de-guerra\/"},"wordCount":317,"publisher":{"@id":"https:\/\/www.eldiario.net\/portal\/#organization"},"image":{"@id":"https:\/\/www.eldiario.net\/portal\/2023\/06\/07\/di-protege-las-presas-su-destruccion-puede-suponer-un-crimen-de-guerra\/#primaryimage"},"thumbnailUrl":"https:\/\/www.eldiario.net\/portal\/wp-content\/uploads\/2023\/06\/AGUAS.jpg","articleSection":["Internacional"],"inLanguage":"es"},{"@type":"WebPage","@id":"https:\/\/www.eldiario.net\/portal\/2023\/06\/07\/di-protege-las-presas-su-destruccion-puede-suponer-un-crimen-de-guerra\/","url":"https:\/\/www.eldiario.net\/portal\/2023\/06\/07\/di-protege-las-presas-su-destruccion-puede-suponer-un-crimen-de-guerra\/","name":"DI protege las presas, su destrucci\u00f3n puede suponer un crimen de guerra - El Diario - Bolivia","isPartOf":{"@id":"https:\/\/www.eldiario.net\/portal\/#website"},"primaryImageOfPage":{"@id":"https:\/\/www.eldiario.net\/portal\/2023\/06\/07\/di-protege-las-presas-su-destruccion-puede-suponer-un-crimen-de-guerra\/#primaryimage"},"image":{"@id":"https:\/\/www.eldiario.net\/portal\/2023\/06\/07\/di-protege-las-presas-su-destruccion-puede-suponer-un-crimen-de-guerra\/#primaryimage"},"thumbnailUrl":"https:\/\/www.eldiario.net\/portal\/wp-content\/uploads\/2023\/06\/AGUAS.jpg","datePublished":"2023-06-07T09:53:02+00:00","breadcrumb":{"@id":"https:\/\/www.eldiario.net\/portal\/2023\/06\/07\/di-protege-las-presas-su-destruccion-puede-suponer-un-crimen-de-guerra\/#breadcrumb"},"inLanguage":"es","potentialAction":[{"@type":"ReadAction","target":["https:\/\/www.eldiario.net\/portal\/2023\/06\/07\/di-protege-las-presas-su-destruccion-puede-suponer-un-crimen-de-guerra\/"]}]},{"@type":"ImageObject","inLanguage":"es","@id":"https:\/\/www.eldiario.net\/portal\/2023\/06\/07\/di-protege-las-presas-su-destruccion-puede-suponer-un-crimen-de-guerra\/#primaryimage","url":"https:\/\/www.eldiario.net\/portal\/wp-content\/uploads\/2023\/06\/AGUAS.jpg","contentUrl":"https:\/\/www.eldiario.net\/portal\/wp-content\/uploads\/2023\/06\/AGUAS.jpg","width":1200,"height":799,"caption":"LA DESTRUCCI\u00d3N DE LA PRESA LOGR\u00d3 INUNDAR VARIAS POBLACIONES ALEDA\u00d1AS. Notiam\u00e9rica"},{"@type":"BreadcrumbList","@id":"https:\/\/www.eldiario.net\/portal\/2023\/06\/07\/di-protege-las-presas-su-destruccion-puede-suponer-un-crimen-de-guerra\/#breadcrumb","itemListElement":[{"@type":"ListItem","position":1,"name":"Portada","item":"https:\/\/www.eldiario.net\/portal\/"},{"@type":"ListItem","position":2,"name":"DI protege las presas, su destrucci\u00f3n puede suponer un crimen de guerra"}]},{"@type":"WebSite","@id":"https:\/\/www.eldiario.net\/portal\/#website","url":"https:\/\/www.eldiario.net\/portal\/","name":"El Diario - Decano de la prensa nacional","description":"El Diario - Decano de la prensa nacional","publisher":{"@id":"https:\/\/www.eldiario.net\/portal\/#organization"},"potentialAction":[{"@type":"SearchAction","target":{"@type":"EntryPoint","urlTemplate":"https:\/\/www.eldiario.net\/portal\/?s={search_term_string}"},"query-input":{"@type":"PropertyValueSpecification","valueRequired":true,"valueName":"search_term_string"}}],"inLanguage":"es"},{"@type":"Organization","@id":"https:\/\/www.eldiario.net\/portal\/#organization","name":"El Diario - Decano de la prensa nacional","url":"https:\/\/www.eldiario.net\/portal\/","logo":{"@type":"ImageObject","inLanguage":"es","@id":"https:\/\/www.eldiario.net\/portal\/#\/schema\/logo\/image\/","url":"https:\/\/www.eldiario.net\/portal\/wp-content\/uploads\/2023\/07\/logo_ED.jpg","contentUrl":"https:\/\/www.eldiario.net\/portal\/wp-content\/uploads\/2023\/07\/logo_ED.jpg","width":272,"height":52,"caption":"El Diario - Decano de la prensa nacional"},"image":{"@id":"https:\/\/www.eldiario.net\/portal\/#\/schema\/logo\/image\/"},"sameAs":["https:\/\/www.facebook.com\/eldiario.bolivia\/","https:\/\/x.com\/eldiario_net"]},{"@type":"Person","@id":"https:\/\/www.eldiario.net\/portal\/#\/schema\/person\/f46445640444750d7d753ccd04ae01b7","name":"Jeanette","image":{"@type":"ImageObject","inLanguage":"es","@id":"https:\/\/secure.gravatar.com\/avatar\/3ea2118a5f7dad2b7138b1187a6b7ee55f160b9968b66013c3a3ef39dd7e5798?s=96&d=mm&r=g","url":"https:\/\/secure.gravatar.com\/avatar\/3ea2118a5f7dad2b7138b1187a6b7ee55f160b9968b66013c3a3ef39dd7e5798?s=96&d=mm&r=g","contentUrl":"https:\/\/secure.gravatar.com\/avatar\/3ea2118a5f7dad2b7138b1187a6b7ee55f160b9968b66013c3a3ef39dd7e5798?s=96&d=mm&r=g","caption":"Jeanette"},"sameAs":["https:\/\/www.eldiario.net\/portal"],"url":"https:\/\/www.eldiario.net\/portal\/author\/jeanette\/"}]}},"_links":{"self":[{"href":"https:\/\/www.eldiario.net\/portal\/wp-json\/wp\/v2\/posts\/158560","targetHints":{"allow":["GET"]}}],"collection":[{"href":"https:\/\/www.eldiario.net\/portal\/wp-json\/wp\/v2\/posts"}],"about":[{"href":"https:\/\/www.eldiario.net\/portal\/wp-json\/wp\/v2\/types\/post"}],"author":[{"embeddable":true,"href":"https:\/\/www.eldiario.net\/portal\/wp-json\/wp\/v2\/users\/1"}],"replies":[{"embeddable":true,"href":"https:\/\/www.eldiario.net\/portal\/wp-json\/wp\/v2\/comments?post=158560"}],"version-history":[{"count":0,"href":"https:\/\/www.eldiario.net\/portal\/wp-json\/wp\/v2\/posts\/158560\/revisions"}],"wp:featuredmedia":[{"embeddable":true,"href":"https:\/\/www.eldiario.net\/portal\/wp-json\/wp\/v2\/media\/158561"}],"wp:attachment":[{"href":"https:\/\/www.eldiario.net\/portal\/wp-json\/wp\/v2\/media?parent=158560"}],"wp:term":[{"taxonomy":"category","embeddable":true,"href":"https:\/\/www.eldiario.net\/portal\/wp-json\/wp\/v2\/categories?post=158560"},{"taxonomy":"post_tag","embeddable":true,"href":"https:\/\/www.eldiario.net\/portal\/wp-json\/wp\/v2\/tags?post=158560"}],"curies":[{"name":"wp","href":"https:\/\/api.w.org\/{rel}","templated":true}]}}