{"id":158555,"date":"2023-06-07T05:51:42","date_gmt":"2023-06-07T09:51:42","guid":{"rendered":"https:\/\/www.eldiario.net\/portal\/?p=158555"},"modified":"2023-06-07T05:51:42","modified_gmt":"2023-06-07T09:51:42","slug":"adelanto-electoral-deja-de-lado-acuerdo-entre-ue-y-reino-unido-sobre-gibraltar","status":"publish","type":"post","link":"https:\/\/www.eldiario.net\/portal\/2023\/06\/07\/adelanto-electoral-deja-de-lado-acuerdo-entre-ue-y-reino-unido-sobre-gibraltar\/","title":{"rendered":"Adelanto electoral deja de lado acuerdo  entre UE y Reino Unido sobre Gibraltar"},"content":{"rendered":"<p>El acuerdo entre la Uni\u00f3n Europea y Reino Unido sobre la relaci\u00f3n futura de Gibraltar con el bloque tendr\u00e1 que esperar hasta despu\u00e9s de las elecciones generales del pr\u00f3ximo 23 de julio en Espa\u00f1a, seg\u00fan se\u00f1alaron fuentes diplom\u00e1ticas que aseguraron que el documento ya estaba pr\u00e1cticamente ultimado para su firma en las pr\u00f3ximas semanas.<br \/>\nLondres y Bruselas, llev\u00f3 a cabo un total de trece rondas de negociaci\u00f3n, la \u00faltima de ellas a finales de abril, con vistas a elaborar un acuerdo que regule las relaciones del Pe\u00f1\u00f3n con la UE ahora que Reino Unido ya no est\u00e1 en el bloque y que tiene como base lo pactado entre Espa\u00f1a y Reino Unido en la Nochevieja de 2020.<br \/>\nEl objetivo de las negociaciones, seg\u00fan coinciden tanto Espa\u00f1a como Reino Unido, es contribuir a crear una zona de prosperidad compartida en el Campo de Gibraltar para lo cual estar\u00eda prevista la supresi\u00f3n de la Verja. Sin embargo, dado que Gibraltar no forma parte del espacio Schengen ser\u00eda necesaria la realizaci\u00f3n de controles fronterizos, tanto en el aeropuerto como en el puerto del Pe\u00f1\u00f3n.<br \/>\nEste fue uno de los asuntos m\u00e1s espinosos de la negociaci\u00f3n, ya que Londres y tambi\u00e9n Gibraltar, rechazaron de plano la presencia de agentes espa\u00f1oles en suelo gibraltare\u00f1o, puesto que consideran que ello pondr\u00eda en entredicho la soberan\u00eda brit\u00e1nica sobre este territorio, que Espa\u00f1a reivindica como propio. Ambos gobiernos dejaron claro en todo momento que ninguno renuncia a sus respectivas posiciones respecto a la soberan\u00eda del Pe\u00f1\u00f3n.<br \/>\nLa propuesta sobre la mesa, seg\u00fan confirm\u00f3 el ministro de Exteriores, Jos\u00e9 Manuel Albares, tras reunirse con su hom\u00f3logo brit\u00e1nico, James Cleverly, el pasado diciembre en Madrid, es que agentes de la Agencia de Fronteras de la UE (Frontex) se desplieguen junto a la Polic\u00eda espa\u00f1ola durante un periodo inicial de cuatro a\u00f1os.<br \/>\nLA PELOTA EN<br \/>\nEL TEJADO DE LONDRES<br \/>\nEl jefe de la diplomacia vino defendiendo en estos \u00faltimos meses que \u00abla pelota est\u00e1 en el tejado\u00bb de Londres, puesto que la propuesta planteada es global y equilibrada, la mejor opci\u00f3n para lograr el objetivo de la prosperidad compartida que acabe con la brecha que ahora mismo existe a un lado y otro de la Verja. Asimismo, tambi\u00e9n dejaron claro que las conversaciones no pueden ser eternas.<br \/>\nEsa premura por alcanzar un acuerdo, teniendo en cuenta tambi\u00e9n el hecho de que en Espa\u00f1a hab\u00eda previstas generales para diciembre, ahora adelantadas y que Gibraltar tambi\u00e9n tiene cita con las urnas antes de final de a\u00f1o, qued\u00f3 plasmada tras la conversaci\u00f3n telef\u00f3nica mantenida a principios de mayo por el presidente del Gobierno, Pedro S\u00e1nchez, y el primer ministro brit\u00e1nico, Rishi Sunak.<br \/>\nEntonces, el mensaje de ambos fue que hab\u00eda que concluir la negociaci\u00f3n \u00abcuanto antes\u00bb, lo que gener\u00f3 la esperanza de que se hubiera entrado ya en la recta final de un proceso que arranc\u00f3 hace ya m\u00e1s de dos a\u00f1os. Sin embargo, las fuentes diplom\u00e1ticas consultadas se\u00f1alan ahora que el acuerdo tendr\u00e1 que esperar a despu\u00e9s de los comicios en Espa\u00f1a.<br \/>\nNO HABR\u00c1 NUEVAS RONDAS HASTA DESPU\u00c9S DEL 23 de JULIO<br \/>\nAsimismo, apuntan que no cabe esperar nuevas rondas de conversaciones entre el Gobierno brit\u00e1nico y la Comisi\u00f3n Europea hasta entonces, si bien ni Londres ni Bruselas confirmaron este extremo. Quien s\u00ed habl\u00f3 en este mismo sentido fue el ministro principal gibraltare\u00f1o, Fabian Picardo.<br \/>\nEn una entrevista radiof\u00f3nica tras conocerse el adelanto electoral en Espa\u00f1a, Picardo reconoci\u00f3 el impacto que este tiene en el proceso puesto que pese a ser un tratado que negocian Londres y Bruselas, hay ciertos aspectos que se deben consultar al Gobierno espa\u00f1ol para que d\u00e9 su visto bueno, algo en lo que coinciden las citadas fuentes diplom\u00e1ticas.<br \/>\nAs\u00ed pues, sostuvo, la Comisi\u00f3n Europea no acordar\u00e1 ning\u00fan tratado con Reino Unido sobre Gibraltar que no cuente con el respaldo del Gobierno espa\u00f1ol que haya el d\u00eda que se concrete.<br \/>\nAsimismo, Picardo se\u00f1al\u00f3 que si no se lleg\u00f3 a un acuerdo a\u00fan es porque lo que hay sobre la mesa no es un buen tratado para Gibraltar. \u00abSiempre mantendr\u00e9 que no tener un tratado es mejor que tener un mal tratado\u00bb, recalc\u00f3, en l\u00ednea con lo que vino manifestando.<br \/>\nPREPARADOS PARA<br \/>\nUN NO ACUERDO<br \/>\nEs m\u00e1s, \u00abel Gobierno del Pe\u00f1\u00f3n y el Ejecutivo brit\u00e1nico ya vinieron trabajando en el d\u00eda despu\u00e9s en caso de que finalmente no se llegue a un acuerdo, algo para lo que tambi\u00e9n est\u00e1 lista Espa\u00f1a\u00bb, seg\u00fan asegur\u00f3 en su momento Albares en entrevista con Europa Press. \u00abEstamos preparados para cualquier escenario\u00bb, manifest\u00f3.<br \/>\nAs\u00ed las cosas, Reino Unido dej\u00f3 claro que \u00abmantiene su compromiso de concluir el tratado lo antes posible\u00bb, trabajando para ello \u00abcodo con codo con el Gobierno de Gibraltar\u00bb, cuyo ministro principal se sent\u00f3 en la mesa dentro de la delegaci\u00f3n brit\u00e1nica en las negociaciones.<br \/>\nUna portavoz de la Embajada en Madrid confi\u00f3 en que el futuro tratado pueda plasmar los objetivos fijados en el llamado Acuerdo de Nochevieja y asegurar la prosperidad futura de Gibraltar y la regi\u00f3n, sin confirmar si est\u00e1n previstas nuevas rondas en las pr\u00f3ximas semanas.<br \/>\nTampoco la Comisi\u00f3n Europea entr\u00f3 en detalles sobre la situaci\u00f3n actual del proceso de negociaci\u00f3n ni quiso confirmar si efectivamente se esperar\u00e1 a que Espa\u00f1a celebre las elecciones para retomar las negociaciones o cabe esperar que sigan avanzando en los d\u00edas que quedan hasta entonces, si bien las fuentes comunitarias consultadas s\u00ed reconocen que el acuerdo deber\u00eda contar con el respaldo del Gobierno espa\u00f1ol. (Europa Press).<\/p>\n","protected":false},"excerpt":{"rendered":"<p>El acuerdo entre la Uni\u00f3n Europea y Reino Unido sobre la relaci\u00f3n futura de Gibraltar con el bloque tendr\u00e1 que esperar hasta despu\u00e9s de las elecciones generales del pr\u00f3ximo 23 de julio en Espa\u00f1a, seg\u00fan se\u00f1alaron fuentes diplom\u00e1ticas que aseguraron que el documento ya estaba pr\u00e1cticamente ultimado para su firma en las pr\u00f3ximas semanas. Londres [&hellip;]<\/p>\n","protected":false},"author":1,"featured_media":158556,"comment_status":"closed","ping_status":"closed","sticky":false,"template":"","format":"standard","meta":{"_acf_changed":false,"footnotes":""},"categories":[3],"tags":[],"class_list":["post-158555","post","type-post","status-publish","format-standard","has-post-thumbnail","category-internacional"],"acf":{"antetitulo":""},"yoast_head":"<!-- This site is optimized with the Yoast SEO plugin v28.4 - https:\/\/yoast.com\/product\/yoast-seo-wordpress\/ -->\n<title>Adelanto electoral deja de lado acuerdo entre UE y Reino Unido sobre Gibraltar - El Diario - Bolivia<\/title>\n<meta name=\"robots\" content=\"index, follow, max-snippet:-1, max-image-preview:large, max-video-preview:-1\" \/>\n<link rel=\"canonical\" href=\"https:\/\/www.eldiario.net\/portal\/2023\/06\/07\/adelanto-electoral-deja-de-lado-acuerdo-entre-ue-y-reino-unido-sobre-gibraltar\/\" \/>\n<meta property=\"og:locale\" content=\"es_ES\" \/>\n<meta property=\"og:type\" content=\"article\" \/>\n<meta property=\"og:title\" content=\"Adelanto electoral deja de lado acuerdo entre UE y Reino Unido sobre Gibraltar - El Diario - Bolivia\" \/>\n<meta property=\"og:description\" content=\"El acuerdo entre la Uni\u00f3n Europea y Reino Unido sobre la relaci\u00f3n futura de Gibraltar con el bloque tendr\u00e1 que esperar hasta despu\u00e9s de las elecciones generales del pr\u00f3ximo 23 de julio en Espa\u00f1a, seg\u00fan se\u00f1alaron fuentes diplom\u00e1ticas que aseguraron que el documento ya estaba pr\u00e1cticamente ultimado para su firma en las pr\u00f3ximas semanas. Londres [&hellip;]\" \/>\n<meta property=\"og:url\" content=\"https:\/\/www.eldiario.net\/portal\/2023\/06\/07\/adelanto-electoral-deja-de-lado-acuerdo-entre-ue-y-reino-unido-sobre-gibraltar\/\" \/>\n<meta property=\"og:site_name\" content=\"El Diario - Bolivia\" \/>\n<meta property=\"article:publisher\" content=\"https:\/\/www.facebook.com\/eldiario.bolivia\/\" \/>\n<meta property=\"article:published_time\" content=\"2023-06-07T09:51:42+00:00\" \/>\n<meta property=\"og:image\" content=\"https:\/\/www.eldiario.net\/portal\/wp-content\/uploads\/2023\/06\/DOS.jpg\" \/>\n\t<meta property=\"og:image:width\" content=\"1200\" \/>\n\t<meta property=\"og:image:height\" content=\"675\" \/>\n\t<meta property=\"og:image:type\" content=\"image\/jpeg\" \/>\n<meta name=\"author\" content=\"Jeanette\" \/>\n<meta name=\"twitter:card\" content=\"summary_large_image\" \/>\n<meta name=\"twitter:creator\" content=\"@eldiario_net\" \/>\n<meta name=\"twitter:site\" content=\"@eldiario_net\" \/>\n<meta name=\"twitter:label1\" content=\"Escrito por\" \/>\n\t<meta name=\"twitter:data1\" content=\"Jeanette\" \/>\n\t<meta name=\"twitter:label2\" content=\"Tiempo de lectura\" \/>\n\t<meta name=\"twitter:data2\" content=\"5 minutos\" \/>\n<script type=\"application\/ld+json\" class=\"yoast-schema-graph\">{\"@context\":\"https:\\\/\\\/schema.org\",\"@graph\":[{\"@type\":\"Article\",\"@id\":\"https:\\\/\\\/www.eldiario.net\\\/portal\\\/2023\\\/06\\\/07\\\/adelanto-electoral-deja-de-lado-acuerdo-entre-ue-y-reino-unido-sobre-gibraltar\\\/#article\",\"isPartOf\":{\"@id\":\"https:\\\/\\\/www.eldiario.net\\\/portal\\\/2023\\\/06\\\/07\\\/adelanto-electoral-deja-de-lado-acuerdo-entre-ue-y-reino-unido-sobre-gibraltar\\\/\"},\"author\":{\"name\":\"Jeanette\",\"@id\":\"https:\\\/\\\/www.eldiario.net\\\/portal\\\/#\\\/schema\\\/person\\\/f46445640444750d7d753ccd04ae01b7\"},\"headline\":\"Adelanto electoral deja de lado acuerdo entre UE y Reino Unido sobre Gibraltar\",\"datePublished\":\"2023-06-07T09:51:42+00:00\",\"mainEntityOfPage\":{\"@id\":\"https:\\\/\\\/www.eldiario.net\\\/portal\\\/2023\\\/06\\\/07\\\/adelanto-electoral-deja-de-lado-acuerdo-entre-ue-y-reino-unido-sobre-gibraltar\\\/\"},\"wordCount\":1005,\"publisher\":{\"@id\":\"https:\\\/\\\/www.eldiario.net\\\/portal\\\/#organization\"},\"image\":{\"@id\":\"https:\\\/\\\/www.eldiario.net\\\/portal\\\/2023\\\/06\\\/07\\\/adelanto-electoral-deja-de-lado-acuerdo-entre-ue-y-reino-unido-sobre-gibraltar\\\/#primaryimage\"},\"thumbnailUrl\":\"https:\\\/\\\/www.eldiario.net\\\/portal\\\/wp-content\\\/uploads\\\/2023\\\/06\\\/DOS.jpg\",\"articleSection\":[\"Internacional\"],\"inLanguage\":\"es\"},{\"@type\":\"WebPage\",\"@id\":\"https:\\\/\\\/www.eldiario.net\\\/portal\\\/2023\\\/06\\\/07\\\/adelanto-electoral-deja-de-lado-acuerdo-entre-ue-y-reino-unido-sobre-gibraltar\\\/\",\"url\":\"https:\\\/\\\/www.eldiario.net\\\/portal\\\/2023\\\/06\\\/07\\\/adelanto-electoral-deja-de-lado-acuerdo-entre-ue-y-reino-unido-sobre-gibraltar\\\/\",\"name\":\"Adelanto electoral deja de lado acuerdo entre UE y Reino Unido sobre Gibraltar - El Diario - Bolivia\",\"isPartOf\":{\"@id\":\"https:\\\/\\\/www.eldiario.net\\\/portal\\\/#website\"},\"primaryImageOfPage\":{\"@id\":\"https:\\\/\\\/www.eldiario.net\\\/portal\\\/2023\\\/06\\\/07\\\/adelanto-electoral-deja-de-lado-acuerdo-entre-ue-y-reino-unido-sobre-gibraltar\\\/#primaryimage\"},\"image\":{\"@id\":\"https:\\\/\\\/www.eldiario.net\\\/portal\\\/2023\\\/06\\\/07\\\/adelanto-electoral-deja-de-lado-acuerdo-entre-ue-y-reino-unido-sobre-gibraltar\\\/#primaryimage\"},\"thumbnailUrl\":\"https:\\\/\\\/www.eldiario.net\\\/portal\\\/wp-content\\\/uploads\\\/2023\\\/06\\\/DOS.jpg\",\"datePublished\":\"2023-06-07T09:51:42+00:00\",\"breadcrumb\":{\"@id\":\"https:\\\/\\\/www.eldiario.net\\\/portal\\\/2023\\\/06\\\/07\\\/adelanto-electoral-deja-de-lado-acuerdo-entre-ue-y-reino-unido-sobre-gibraltar\\\/#breadcrumb\"},\"inLanguage\":\"es\",\"potentialAction\":[{\"@type\":\"ReadAction\",\"target\":[\"https:\\\/\\\/www.eldiario.net\\\/portal\\\/2023\\\/06\\\/07\\\/adelanto-electoral-deja-de-lado-acuerdo-entre-ue-y-reino-unido-sobre-gibraltar\\\/\"]}]},{\"@type\":\"ImageObject\",\"inLanguage\":\"es\",\"@id\":\"https:\\\/\\\/www.eldiario.net\\\/portal\\\/2023\\\/06\\\/07\\\/adelanto-electoral-deja-de-lado-acuerdo-entre-ue-y-reino-unido-sobre-gibraltar\\\/#primaryimage\",\"url\":\"https:\\\/\\\/www.eldiario.net\\\/portal\\\/wp-content\\\/uploads\\\/2023\\\/06\\\/DOS.jpg\",\"contentUrl\":\"https:\\\/\\\/www.eldiario.net\\\/portal\\\/wp-content\\\/uploads\\\/2023\\\/06\\\/DOS.jpg\",\"width\":1200,\"height\":675,\"caption\":\"AUTORIDAD BRIT\u00c1NICA Y LA PRESIDENTA DE LA COMISI\u00d3N EUROPEA.\"},{\"@type\":\"BreadcrumbList\",\"@id\":\"https:\\\/\\\/www.eldiario.net\\\/portal\\\/2023\\\/06\\\/07\\\/adelanto-electoral-deja-de-lado-acuerdo-entre-ue-y-reino-unido-sobre-gibraltar\\\/#breadcrumb\",\"itemListElement\":[{\"@type\":\"ListItem\",\"position\":1,\"name\":\"Portada\",\"item\":\"https:\\\/\\\/www.eldiario.net\\\/portal\\\/\"},{\"@type\":\"ListItem\",\"position\":2,\"name\":\"Adelanto electoral deja de lado acuerdo entre UE y Reino Unido sobre Gibraltar\"}]},{\"@type\":\"WebSite\",\"@id\":\"https:\\\/\\\/www.eldiario.net\\\/portal\\\/#website\",\"url\":\"https:\\\/\\\/www.eldiario.net\\\/portal\\\/\",\"name\":\"El Diario - Decano de la prensa nacional\",\"description\":\"El Diario - Decano de la prensa nacional\",\"publisher\":{\"@id\":\"https:\\\/\\\/www.eldiario.net\\\/portal\\\/#organization\"},\"potentialAction\":[{\"@type\":\"SearchAction\",\"target\":{\"@type\":\"EntryPoint\",\"urlTemplate\":\"https:\\\/\\\/www.eldiario.net\\\/portal\\\/?s={search_term_string}\"},\"query-input\":{\"@type\":\"PropertyValueSpecification\",\"valueRequired\":true,\"valueName\":\"search_term_string\"}}],\"inLanguage\":\"es\"},{\"@type\":\"Organization\",\"@id\":\"https:\\\/\\\/www.eldiario.net\\\/portal\\\/#organization\",\"name\":\"El Diario - Decano de la prensa nacional\",\"url\":\"https:\\\/\\\/www.eldiario.net\\\/portal\\\/\",\"logo\":{\"@type\":\"ImageObject\",\"inLanguage\":\"es\",\"@id\":\"https:\\\/\\\/www.eldiario.net\\\/portal\\\/#\\\/schema\\\/logo\\\/image\\\/\",\"url\":\"https:\\\/\\\/www.eldiario.net\\\/portal\\\/wp-content\\\/uploads\\\/2023\\\/07\\\/logo_ED.jpg\",\"contentUrl\":\"https:\\\/\\\/www.eldiario.net\\\/portal\\\/wp-content\\\/uploads\\\/2023\\\/07\\\/logo_ED.jpg\",\"width\":272,\"height\":52,\"caption\":\"El Diario - Decano de la prensa nacional\"},\"image\":{\"@id\":\"https:\\\/\\\/www.eldiario.net\\\/portal\\\/#\\\/schema\\\/logo\\\/image\\\/\"},\"sameAs\":[\"https:\\\/\\\/www.facebook.com\\\/eldiario.bolivia\\\/\",\"https:\\\/\\\/x.com\\\/eldiario_net\"]},{\"@type\":\"Person\",\"@id\":\"https:\\\/\\\/www.eldiario.net\\\/portal\\\/#\\\/schema\\\/person\\\/f46445640444750d7d753ccd04ae01b7\",\"name\":\"Jeanette\",\"image\":{\"@type\":\"ImageObject\",\"inLanguage\":\"es\",\"@id\":\"https:\\\/\\\/secure.gravatar.com\\\/avatar\\\/3ea2118a5f7dad2b7138b1187a6b7ee55f160b9968b66013c3a3ef39dd7e5798?s=96&d=mm&r=g\",\"url\":\"https:\\\/\\\/secure.gravatar.com\\\/avatar\\\/3ea2118a5f7dad2b7138b1187a6b7ee55f160b9968b66013c3a3ef39dd7e5798?s=96&d=mm&r=g\",\"contentUrl\":\"https:\\\/\\\/secure.gravatar.com\\\/avatar\\\/3ea2118a5f7dad2b7138b1187a6b7ee55f160b9968b66013c3a3ef39dd7e5798?s=96&d=mm&r=g\",\"caption\":\"Jeanette\"},\"sameAs\":[\"https:\\\/\\\/www.eldiario.net\\\/portal\"],\"url\":\"https:\\\/\\\/www.eldiario.net\\\/portal\\\/author\\\/jeanette\\\/\"}]}<\/script>\n<!-- \/ Yoast SEO plugin. -->","yoast_head_json":{"title":"Adelanto electoral deja de lado acuerdo entre UE y Reino Unido sobre Gibraltar - El Diario - Bolivia","robots":{"index":"index","follow":"follow","max-snippet":"max-snippet:-1","max-image-preview":"max-image-preview:large","max-video-preview":"max-video-preview:-1"},"canonical":"https:\/\/www.eldiario.net\/portal\/2023\/06\/07\/adelanto-electoral-deja-de-lado-acuerdo-entre-ue-y-reino-unido-sobre-gibraltar\/","og_locale":"es_ES","og_type":"article","og_title":"Adelanto electoral deja de lado acuerdo entre UE y Reino Unido sobre Gibraltar - El Diario - Bolivia","og_description":"El acuerdo entre la Uni\u00f3n Europea y Reino Unido sobre la relaci\u00f3n futura de Gibraltar con el bloque tendr\u00e1 que esperar hasta despu\u00e9s de las elecciones generales del pr\u00f3ximo 23 de julio en Espa\u00f1a, seg\u00fan se\u00f1alaron fuentes diplom\u00e1ticas que aseguraron que el documento ya estaba pr\u00e1cticamente ultimado para su firma en las pr\u00f3ximas semanas. Londres [&hellip;]","og_url":"https:\/\/www.eldiario.net\/portal\/2023\/06\/07\/adelanto-electoral-deja-de-lado-acuerdo-entre-ue-y-reino-unido-sobre-gibraltar\/","og_site_name":"El Diario - Bolivia","article_publisher":"https:\/\/www.facebook.com\/eldiario.bolivia\/","article_published_time":"2023-06-07T09:51:42+00:00","og_image":[{"width":1200,"height":675,"url":"https:\/\/www.eldiario.net\/portal\/wp-content\/uploads\/2023\/06\/DOS.jpg","type":"image\/jpeg"}],"author":"Jeanette","twitter_card":"summary_large_image","twitter_creator":"@eldiario_net","twitter_site":"@eldiario_net","twitter_misc":{"Escrito por":"Jeanette","Tiempo de lectura":"5 minutos"},"schema":{"@context":"https:\/\/schema.org","@graph":[{"@type":"Article","@id":"https:\/\/www.eldiario.net\/portal\/2023\/06\/07\/adelanto-electoral-deja-de-lado-acuerdo-entre-ue-y-reino-unido-sobre-gibraltar\/#article","isPartOf":{"@id":"https:\/\/www.eldiario.net\/portal\/2023\/06\/07\/adelanto-electoral-deja-de-lado-acuerdo-entre-ue-y-reino-unido-sobre-gibraltar\/"},"author":{"name":"Jeanette","@id":"https:\/\/www.eldiario.net\/portal\/#\/schema\/person\/f46445640444750d7d753ccd04ae01b7"},"headline":"Adelanto electoral deja de lado acuerdo entre UE y Reino Unido sobre Gibraltar","datePublished":"2023-06-07T09:51:42+00:00","mainEntityOfPage":{"@id":"https:\/\/www.eldiario.net\/portal\/2023\/06\/07\/adelanto-electoral-deja-de-lado-acuerdo-entre-ue-y-reino-unido-sobre-gibraltar\/"},"wordCount":1005,"publisher":{"@id":"https:\/\/www.eldiario.net\/portal\/#organization"},"image":{"@id":"https:\/\/www.eldiario.net\/portal\/2023\/06\/07\/adelanto-electoral-deja-de-lado-acuerdo-entre-ue-y-reino-unido-sobre-gibraltar\/#primaryimage"},"thumbnailUrl":"https:\/\/www.eldiario.net\/portal\/wp-content\/uploads\/2023\/06\/DOS.jpg","articleSection":["Internacional"],"inLanguage":"es"},{"@type":"WebPage","@id":"https:\/\/www.eldiario.net\/portal\/2023\/06\/07\/adelanto-electoral-deja-de-lado-acuerdo-entre-ue-y-reino-unido-sobre-gibraltar\/","url":"https:\/\/www.eldiario.net\/portal\/2023\/06\/07\/adelanto-electoral-deja-de-lado-acuerdo-entre-ue-y-reino-unido-sobre-gibraltar\/","name":"Adelanto electoral deja de lado acuerdo entre UE y Reino Unido sobre Gibraltar - El Diario - Bolivia","isPartOf":{"@id":"https:\/\/www.eldiario.net\/portal\/#website"},"primaryImageOfPage":{"@id":"https:\/\/www.eldiario.net\/portal\/2023\/06\/07\/adelanto-electoral-deja-de-lado-acuerdo-entre-ue-y-reino-unido-sobre-gibraltar\/#primaryimage"},"image":{"@id":"https:\/\/www.eldiario.net\/portal\/2023\/06\/07\/adelanto-electoral-deja-de-lado-acuerdo-entre-ue-y-reino-unido-sobre-gibraltar\/#primaryimage"},"thumbnailUrl":"https:\/\/www.eldiario.net\/portal\/wp-content\/uploads\/2023\/06\/DOS.jpg","datePublished":"2023-06-07T09:51:42+00:00","breadcrumb":{"@id":"https:\/\/www.eldiario.net\/portal\/2023\/06\/07\/adelanto-electoral-deja-de-lado-acuerdo-entre-ue-y-reino-unido-sobre-gibraltar\/#breadcrumb"},"inLanguage":"es","potentialAction":[{"@type":"ReadAction","target":["https:\/\/www.eldiario.net\/portal\/2023\/06\/07\/adelanto-electoral-deja-de-lado-acuerdo-entre-ue-y-reino-unido-sobre-gibraltar\/"]}]},{"@type":"ImageObject","inLanguage":"es","@id":"https:\/\/www.eldiario.net\/portal\/2023\/06\/07\/adelanto-electoral-deja-de-lado-acuerdo-entre-ue-y-reino-unido-sobre-gibraltar\/#primaryimage","url":"https:\/\/www.eldiario.net\/portal\/wp-content\/uploads\/2023\/06\/DOS.jpg","contentUrl":"https:\/\/www.eldiario.net\/portal\/wp-content\/uploads\/2023\/06\/DOS.jpg","width":1200,"height":675,"caption":"AUTORIDAD BRIT\u00c1NICA Y LA PRESIDENTA DE LA COMISI\u00d3N EUROPEA."},{"@type":"BreadcrumbList","@id":"https:\/\/www.eldiario.net\/portal\/2023\/06\/07\/adelanto-electoral-deja-de-lado-acuerdo-entre-ue-y-reino-unido-sobre-gibraltar\/#breadcrumb","itemListElement":[{"@type":"ListItem","position":1,"name":"Portada","item":"https:\/\/www.eldiario.net\/portal\/"},{"@type":"ListItem","position":2,"name":"Adelanto electoral deja de lado acuerdo entre UE y Reino Unido sobre Gibraltar"}]},{"@type":"WebSite","@id":"https:\/\/www.eldiario.net\/portal\/#website","url":"https:\/\/www.eldiario.net\/portal\/","name":"El Diario - Decano de la prensa nacional","description":"El Diario - Decano de la prensa nacional","publisher":{"@id":"https:\/\/www.eldiario.net\/portal\/#organization"},"potentialAction":[{"@type":"SearchAction","target":{"@type":"EntryPoint","urlTemplate":"https:\/\/www.eldiario.net\/portal\/?s={search_term_string}"},"query-input":{"@type":"PropertyValueSpecification","valueRequired":true,"valueName":"search_term_string"}}],"inLanguage":"es"},{"@type":"Organization","@id":"https:\/\/www.eldiario.net\/portal\/#organization","name":"El Diario - Decano de la prensa nacional","url":"https:\/\/www.eldiario.net\/portal\/","logo":{"@type":"ImageObject","inLanguage":"es","@id":"https:\/\/www.eldiario.net\/portal\/#\/schema\/logo\/image\/","url":"https:\/\/www.eldiario.net\/portal\/wp-content\/uploads\/2023\/07\/logo_ED.jpg","contentUrl":"https:\/\/www.eldiario.net\/portal\/wp-content\/uploads\/2023\/07\/logo_ED.jpg","width":272,"height":52,"caption":"El Diario - Decano de la prensa nacional"},"image":{"@id":"https:\/\/www.eldiario.net\/portal\/#\/schema\/logo\/image\/"},"sameAs":["https:\/\/www.facebook.com\/eldiario.bolivia\/","https:\/\/x.com\/eldiario_net"]},{"@type":"Person","@id":"https:\/\/www.eldiario.net\/portal\/#\/schema\/person\/f46445640444750d7d753ccd04ae01b7","name":"Jeanette","image":{"@type":"ImageObject","inLanguage":"es","@id":"https:\/\/secure.gravatar.com\/avatar\/3ea2118a5f7dad2b7138b1187a6b7ee55f160b9968b66013c3a3ef39dd7e5798?s=96&d=mm&r=g","url":"https:\/\/secure.gravatar.com\/avatar\/3ea2118a5f7dad2b7138b1187a6b7ee55f160b9968b66013c3a3ef39dd7e5798?s=96&d=mm&r=g","contentUrl":"https:\/\/secure.gravatar.com\/avatar\/3ea2118a5f7dad2b7138b1187a6b7ee55f160b9968b66013c3a3ef39dd7e5798?s=96&d=mm&r=g","caption":"Jeanette"},"sameAs":["https:\/\/www.eldiario.net\/portal"],"url":"https:\/\/www.eldiario.net\/portal\/author\/jeanette\/"}]}},"_links":{"self":[{"href":"https:\/\/www.eldiario.net\/portal\/wp-json\/wp\/v2\/posts\/158555","targetHints":{"allow":["GET"]}}],"collection":[{"href":"https:\/\/www.eldiario.net\/portal\/wp-json\/wp\/v2\/posts"}],"about":[{"href":"https:\/\/www.eldiario.net\/portal\/wp-json\/wp\/v2\/types\/post"}],"author":[{"embeddable":true,"href":"https:\/\/www.eldiario.net\/portal\/wp-json\/wp\/v2\/users\/1"}],"replies":[{"embeddable":true,"href":"https:\/\/www.eldiario.net\/portal\/wp-json\/wp\/v2\/comments?post=158555"}],"version-history":[{"count":0,"href":"https:\/\/www.eldiario.net\/portal\/wp-json\/wp\/v2\/posts\/158555\/revisions"}],"wp:featuredmedia":[{"embeddable":true,"href":"https:\/\/www.eldiario.net\/portal\/wp-json\/wp\/v2\/media\/158556"}],"wp:attachment":[{"href":"https:\/\/www.eldiario.net\/portal\/wp-json\/wp\/v2\/media?parent=158555"}],"wp:term":[{"taxonomy":"category","embeddable":true,"href":"https:\/\/www.eldiario.net\/portal\/wp-json\/wp\/v2\/categories?post=158555"},{"taxonomy":"post_tag","embeddable":true,"href":"https:\/\/www.eldiario.net\/portal\/wp-json\/wp\/v2\/tags?post=158555"}],"curies":[{"name":"wp","href":"https:\/\/api.w.org\/{rel}","templated":true}]}}