{"id":158552,"date":"2023-06-07T05:50:34","date_gmt":"2023-06-07T09:50:34","guid":{"rendered":"https:\/\/www.eldiario.net\/portal\/?p=158552"},"modified":"2023-06-07T05:50:34","modified_gmt":"2023-06-07T09:50:34","slug":"bm-mejora-en-una-decima-la-prevision-de-crecimiento-de-america-latina","status":"publish","type":"post","link":"https:\/\/www.eldiario.net\/portal\/2023\/06\/07\/bm-mejora-en-una-decima-la-prevision-de-crecimiento-de-america-latina\/","title":{"rendered":"BM mejora en una d\u00e9cima la previsi\u00f3n  de crecimiento de Am\u00e9rica Latina"},"content":{"rendered":"<p>El Banco Mundial (BM) ha vuelto a mejorar en una d\u00e9cima la previsi\u00f3n de crecimiento de la econom\u00eda de Am\u00e9rica Latina y el Caribe para el a\u00f1o 2023, pasando del 1,3% que estimaba a inicios de abril al 1,5%.<br \/>\nPese a esta mejora en el presente a\u00f1o, el crecimiento del 2024 ser\u00e1 inferior al que se pronosticaba anteriormente, qued\u00e1ndose en el 2%. Esta cifra limita la capacidad de mejora de los ingresos per c\u00e1pita de la poblaci\u00f3n o el margen para reducir la pobreza en la regi\u00f3n, seg\u00fan explic\u00f3 la instituci\u00f3n.<br \/>\nEl d\u00e9bil crecimiento de las econom\u00edas avanzadas, que tendr\u00e1 un efecto negativo en la demanda de exportaciones en la regi\u00f3n, y el mantenimiento de una pol\u00edtica monetaria estricta son los principales factores que conducen a este bajo desempe\u00f1o econ\u00f3mico en Am\u00e9rica Latina.<br \/>\nAdem\u00e1s, como resultado de una mejora por debajo del promedio tanto de la productividad como del mercado laboral, se espera que el crecimiento de la regi\u00f3n en la d\u00e9cada actual sea inferior al que experimenten otros pa\u00edses emergentes.<br \/>\nAnte el riesgo de que el sector inmobiliario de China se debilite a\u00fan m\u00e1s, algunas econom\u00edas como Brasil, Chile o Per\u00fa podr\u00edan verse mayormente afectadas, debido al efecto que tendr\u00e1 sobre el precio de los metales.<br \/>\nPor su parte, el cambio clim\u00e1tico sigue planteando riesgos para la regi\u00f3n, especialmente en pa\u00edses como Argentina o Uruguay, que severamente se vieron afectados por la sequ\u00eda y Colombia, por las abundantes lluvias. Estos fen\u00f3menos meteorol\u00f3gicos podr\u00edan traducirse en una ca\u00edda mayor del Producto Interior Bruto (PIB) en 2023.<\/p>\n<p>ARGENTINA SE<br \/>\nCONTRAER\u00c1 UN 2%<br \/>\nPor pa\u00edses, el Banco Mundial mantiene las previsiones de contracci\u00f3n del PIB en Chile y Hait\u00ed, aunque reduce la ca\u00edda al 0,4% para el primero (desde el 0,7%) y la incrementa al 2,4% en el caso del segundo (desde el 1,1%).<br \/>\nA estos pa\u00edses se suma Argentina, cuya econom\u00eda caer\u00e1 un 2% en 2023. En su informe de abril, el organismo multilateral estimaba un crecimiento nulo, del 0%.<br \/>\nNing\u00fan pa\u00eds tendr\u00e1 un crecimiento menor al 1%, tras salir Brasil de este grupo. En concreto, se prev\u00e9 que este \u00faltimo crezca un 1,2%, cuatro d\u00e9cimas m\u00e1s de lo estimado en abril. Mientras que Uruguay mantiene una expansi\u00f3n del PIB del 1,8%, el Banco Mundial elev\u00f3 las proyecciones de Colombia en cinco d\u00e9cimas, al 1,7% y las de M\u00e9xico en un punto, hasta el 2,5%.<br \/>\nPer\u00fa, pese a salir medianamente de la crisis pol\u00edtica, crecer\u00e1 menos, tan solo un 2,2%, al mismo tiempo que Bolivia, que se enfrenta a diversos problemas econ\u00f3micos, tambi\u00e9n tendr\u00e1 un desempe\u00f1o menor de lo previsto, del 2,5%.<br \/>\nEn el caso de Centroam\u00e9rica, las perspectivas son m\u00e1s positivas. La regi\u00f3n llegar\u00e1 al 3,5%, con incrementos que van desde el 2,3% de El Salvador hasta el 5,7% de Panam\u00e1. (Europa Press).<\/p>\n","protected":false},"excerpt":{"rendered":"<p>El Banco Mundial (BM) ha vuelto a mejorar en una d\u00e9cima la previsi\u00f3n de crecimiento de la econom\u00eda de Am\u00e9rica Latina y el Caribe para el a\u00f1o 2023, pasando del 1,3% que estimaba a inicios de abril al 1,5%. Pese a esta mejora en el presente a\u00f1o, el crecimiento del 2024 ser\u00e1 inferior al que [&hellip;]<\/p>\n","protected":false},"author":1,"featured_media":158553,"comment_status":"closed","ping_status":"closed","sticky":false,"template":"","format":"standard","meta":{"_acf_changed":false,"footnotes":""},"categories":[3],"tags":[],"class_list":["post-158552","post","type-post","status-publish","format-standard","has-post-thumbnail","category-internacional"],"acf":{"antetitulo":""},"yoast_head":"<!-- This site is optimized with the Yoast SEO plugin v28.4 - https:\/\/yoast.com\/product\/yoast-seo-wordpress\/ -->\n<title>BM mejora en una d\u00e9cima la previsi\u00f3n de crecimiento de Am\u00e9rica Latina - El Diario - Bolivia<\/title>\n<meta name=\"robots\" content=\"index, follow, max-snippet:-1, max-image-preview:large, max-video-preview:-1\" \/>\n<link rel=\"canonical\" href=\"https:\/\/www.eldiario.net\/portal\/2023\/06\/07\/bm-mejora-en-una-decima-la-prevision-de-crecimiento-de-america-latina\/\" \/>\n<meta property=\"og:locale\" content=\"es_ES\" \/>\n<meta property=\"og:type\" content=\"article\" \/>\n<meta property=\"og:title\" content=\"BM mejora en una d\u00e9cima la previsi\u00f3n de crecimiento de Am\u00e9rica Latina - El Diario - Bolivia\" \/>\n<meta property=\"og:description\" content=\"El Banco Mundial (BM) ha vuelto a mejorar en una d\u00e9cima la previsi\u00f3n de crecimiento de la econom\u00eda de Am\u00e9rica Latina y el Caribe para el a\u00f1o 2023, pasando del 1,3% que estimaba a inicios de abril al 1,5%. Pese a esta mejora en el presente a\u00f1o, el crecimiento del 2024 ser\u00e1 inferior al que [&hellip;]\" \/>\n<meta property=\"og:url\" content=\"https:\/\/www.eldiario.net\/portal\/2023\/06\/07\/bm-mejora-en-una-decima-la-prevision-de-crecimiento-de-america-latina\/\" \/>\n<meta property=\"og:site_name\" content=\"El Diario - Bolivia\" \/>\n<meta property=\"article:publisher\" content=\"https:\/\/www.facebook.com\/eldiario.bolivia\/\" \/>\n<meta property=\"article:published_time\" content=\"2023-06-07T09:50:34+00:00\" \/>\n<meta property=\"og:image\" content=\"https:\/\/www.eldiario.net\/portal\/wp-content\/uploads\/2023\/06\/BANCO.jpeg\" \/>\n\t<meta property=\"og:image:width\" content=\"1920\" \/>\n\t<meta property=\"og:image:height\" content=\"1080\" \/>\n\t<meta property=\"og:image:type\" content=\"image\/jpeg\" \/>\n<meta name=\"author\" content=\"Jeanette\" \/>\n<meta name=\"twitter:card\" content=\"summary_large_image\" \/>\n<meta name=\"twitter:creator\" content=\"@eldiario_net\" \/>\n<meta name=\"twitter:site\" content=\"@eldiario_net\" \/>\n<meta name=\"twitter:label1\" content=\"Escrito por\" \/>\n\t<meta name=\"twitter:data1\" content=\"Jeanette\" \/>\n\t<meta name=\"twitter:label2\" content=\"Tiempo de lectura\" \/>\n\t<meta name=\"twitter:data2\" content=\"3 minutos\" \/>\n<script type=\"application\/ld+json\" class=\"yoast-schema-graph\">{\"@context\":\"https:\\\/\\\/schema.org\",\"@graph\":[{\"@type\":\"Article\",\"@id\":\"https:\\\/\\\/www.eldiario.net\\\/portal\\\/2023\\\/06\\\/07\\\/bm-mejora-en-una-decima-la-prevision-de-crecimiento-de-america-latina\\\/#article\",\"isPartOf\":{\"@id\":\"https:\\\/\\\/www.eldiario.net\\\/portal\\\/2023\\\/06\\\/07\\\/bm-mejora-en-una-decima-la-prevision-de-crecimiento-de-america-latina\\\/\"},\"author\":{\"name\":\"Jeanette\",\"@id\":\"https:\\\/\\\/www.eldiario.net\\\/portal\\\/#\\\/schema\\\/person\\\/f46445640444750d7d753ccd04ae01b7\"},\"headline\":\"BM mejora en una d\u00e9cima la previsi\u00f3n de crecimiento de Am\u00e9rica Latina\",\"datePublished\":\"2023-06-07T09:50:34+00:00\",\"mainEntityOfPage\":{\"@id\":\"https:\\\/\\\/www.eldiario.net\\\/portal\\\/2023\\\/06\\\/07\\\/bm-mejora-en-una-decima-la-prevision-de-crecimiento-de-america-latina\\\/\"},\"wordCount\":508,\"publisher\":{\"@id\":\"https:\\\/\\\/www.eldiario.net\\\/portal\\\/#organization\"},\"image\":{\"@id\":\"https:\\\/\\\/www.eldiario.net\\\/portal\\\/2023\\\/06\\\/07\\\/bm-mejora-en-una-decima-la-prevision-de-crecimiento-de-america-latina\\\/#primaryimage\"},\"thumbnailUrl\":\"https:\\\/\\\/www.eldiario.net\\\/portal\\\/wp-content\\\/uploads\\\/2023\\\/06\\\/BANCO.jpeg\",\"articleSection\":[\"Internacional\"],\"inLanguage\":\"es\"},{\"@type\":\"WebPage\",\"@id\":\"https:\\\/\\\/www.eldiario.net\\\/portal\\\/2023\\\/06\\\/07\\\/bm-mejora-en-una-decima-la-prevision-de-crecimiento-de-america-latina\\\/\",\"url\":\"https:\\\/\\\/www.eldiario.net\\\/portal\\\/2023\\\/06\\\/07\\\/bm-mejora-en-una-decima-la-prevision-de-crecimiento-de-america-latina\\\/\",\"name\":\"BM mejora en una d\u00e9cima la previsi\u00f3n de crecimiento de Am\u00e9rica Latina - El Diario - Bolivia\",\"isPartOf\":{\"@id\":\"https:\\\/\\\/www.eldiario.net\\\/portal\\\/#website\"},\"primaryImageOfPage\":{\"@id\":\"https:\\\/\\\/www.eldiario.net\\\/portal\\\/2023\\\/06\\\/07\\\/bm-mejora-en-una-decima-la-prevision-de-crecimiento-de-america-latina\\\/#primaryimage\"},\"image\":{\"@id\":\"https:\\\/\\\/www.eldiario.net\\\/portal\\\/2023\\\/06\\\/07\\\/bm-mejora-en-una-decima-la-prevision-de-crecimiento-de-america-latina\\\/#primaryimage\"},\"thumbnailUrl\":\"https:\\\/\\\/www.eldiario.net\\\/portal\\\/wp-content\\\/uploads\\\/2023\\\/06\\\/BANCO.jpeg\",\"datePublished\":\"2023-06-07T09:50:34+00:00\",\"breadcrumb\":{\"@id\":\"https:\\\/\\\/www.eldiario.net\\\/portal\\\/2023\\\/06\\\/07\\\/bm-mejora-en-una-decima-la-prevision-de-crecimiento-de-america-latina\\\/#breadcrumb\"},\"inLanguage\":\"es\",\"potentialAction\":[{\"@type\":\"ReadAction\",\"target\":[\"https:\\\/\\\/www.eldiario.net\\\/portal\\\/2023\\\/06\\\/07\\\/bm-mejora-en-una-decima-la-prevision-de-crecimiento-de-america-latina\\\/\"]}]},{\"@type\":\"ImageObject\",\"inLanguage\":\"es\",\"@id\":\"https:\\\/\\\/www.eldiario.net\\\/portal\\\/2023\\\/06\\\/07\\\/bm-mejora-en-una-decima-la-prevision-de-crecimiento-de-america-latina\\\/#primaryimage\",\"url\":\"https:\\\/\\\/www.eldiario.net\\\/portal\\\/wp-content\\\/uploads\\\/2023\\\/06\\\/BANCO.jpeg\",\"contentUrl\":\"https:\\\/\\\/www.eldiario.net\\\/portal\\\/wp-content\\\/uploads\\\/2023\\\/06\\\/BANCO.jpeg\",\"width\":1920,\"height\":1080,\"caption\":\"PESE A LAS MEJORAS DE ESTE A\u00d1O EL 2024 SER\u00c1 MENOS, SEG\u00daN EL BANCO MUNDIAL.\"},{\"@type\":\"BreadcrumbList\",\"@id\":\"https:\\\/\\\/www.eldiario.net\\\/portal\\\/2023\\\/06\\\/07\\\/bm-mejora-en-una-decima-la-prevision-de-crecimiento-de-america-latina\\\/#breadcrumb\",\"itemListElement\":[{\"@type\":\"ListItem\",\"position\":1,\"name\":\"Portada\",\"item\":\"https:\\\/\\\/www.eldiario.net\\\/portal\\\/\"},{\"@type\":\"ListItem\",\"position\":2,\"name\":\"BM mejora en una d\u00e9cima la previsi\u00f3n de crecimiento de Am\u00e9rica Latina\"}]},{\"@type\":\"WebSite\",\"@id\":\"https:\\\/\\\/www.eldiario.net\\\/portal\\\/#website\",\"url\":\"https:\\\/\\\/www.eldiario.net\\\/portal\\\/\",\"name\":\"El Diario - Decano de la prensa nacional\",\"description\":\"El Diario - Decano de la prensa nacional\",\"publisher\":{\"@id\":\"https:\\\/\\\/www.eldiario.net\\\/portal\\\/#organization\"},\"potentialAction\":[{\"@type\":\"SearchAction\",\"target\":{\"@type\":\"EntryPoint\",\"urlTemplate\":\"https:\\\/\\\/www.eldiario.net\\\/portal\\\/?s={search_term_string}\"},\"query-input\":{\"@type\":\"PropertyValueSpecification\",\"valueRequired\":true,\"valueName\":\"search_term_string\"}}],\"inLanguage\":\"es\"},{\"@type\":\"Organization\",\"@id\":\"https:\\\/\\\/www.eldiario.net\\\/portal\\\/#organization\",\"name\":\"El Diario - Decano de la prensa nacional\",\"url\":\"https:\\\/\\\/www.eldiario.net\\\/portal\\\/\",\"logo\":{\"@type\":\"ImageObject\",\"inLanguage\":\"es\",\"@id\":\"https:\\\/\\\/www.eldiario.net\\\/portal\\\/#\\\/schema\\\/logo\\\/image\\\/\",\"url\":\"https:\\\/\\\/www.eldiario.net\\\/portal\\\/wp-content\\\/uploads\\\/2023\\\/07\\\/logo_ED.jpg\",\"contentUrl\":\"https:\\\/\\\/www.eldiario.net\\\/portal\\\/wp-content\\\/uploads\\\/2023\\\/07\\\/logo_ED.jpg\",\"width\":272,\"height\":52,\"caption\":\"El Diario - Decano de la prensa nacional\"},\"image\":{\"@id\":\"https:\\\/\\\/www.eldiario.net\\\/portal\\\/#\\\/schema\\\/logo\\\/image\\\/\"},\"sameAs\":[\"https:\\\/\\\/www.facebook.com\\\/eldiario.bolivia\\\/\",\"https:\\\/\\\/x.com\\\/eldiario_net\"]},{\"@type\":\"Person\",\"@id\":\"https:\\\/\\\/www.eldiario.net\\\/portal\\\/#\\\/schema\\\/person\\\/f46445640444750d7d753ccd04ae01b7\",\"name\":\"Jeanette\",\"image\":{\"@type\":\"ImageObject\",\"inLanguage\":\"es\",\"@id\":\"https:\\\/\\\/secure.gravatar.com\\\/avatar\\\/3ea2118a5f7dad2b7138b1187a6b7ee55f160b9968b66013c3a3ef39dd7e5798?s=96&d=mm&r=g\",\"url\":\"https:\\\/\\\/secure.gravatar.com\\\/avatar\\\/3ea2118a5f7dad2b7138b1187a6b7ee55f160b9968b66013c3a3ef39dd7e5798?s=96&d=mm&r=g\",\"contentUrl\":\"https:\\\/\\\/secure.gravatar.com\\\/avatar\\\/3ea2118a5f7dad2b7138b1187a6b7ee55f160b9968b66013c3a3ef39dd7e5798?s=96&d=mm&r=g\",\"caption\":\"Jeanette\"},\"sameAs\":[\"https:\\\/\\\/www.eldiario.net\\\/portal\"],\"url\":\"https:\\\/\\\/www.eldiario.net\\\/portal\\\/author\\\/jeanette\\\/\"}]}<\/script>\n<!-- \/ Yoast SEO plugin. -->","yoast_head_json":{"title":"BM mejora en una d\u00e9cima la previsi\u00f3n de crecimiento de Am\u00e9rica Latina - El Diario - Bolivia","robots":{"index":"index","follow":"follow","max-snippet":"max-snippet:-1","max-image-preview":"max-image-preview:large","max-video-preview":"max-video-preview:-1"},"canonical":"https:\/\/www.eldiario.net\/portal\/2023\/06\/07\/bm-mejora-en-una-decima-la-prevision-de-crecimiento-de-america-latina\/","og_locale":"es_ES","og_type":"article","og_title":"BM mejora en una d\u00e9cima la previsi\u00f3n de crecimiento de Am\u00e9rica Latina - El Diario - Bolivia","og_description":"El Banco Mundial (BM) ha vuelto a mejorar en una d\u00e9cima la previsi\u00f3n de crecimiento de la econom\u00eda de Am\u00e9rica Latina y el Caribe para el a\u00f1o 2023, pasando del 1,3% que estimaba a inicios de abril al 1,5%. Pese a esta mejora en el presente a\u00f1o, el crecimiento del 2024 ser\u00e1 inferior al que [&hellip;]","og_url":"https:\/\/www.eldiario.net\/portal\/2023\/06\/07\/bm-mejora-en-una-decima-la-prevision-de-crecimiento-de-america-latina\/","og_site_name":"El Diario - Bolivia","article_publisher":"https:\/\/www.facebook.com\/eldiario.bolivia\/","article_published_time":"2023-06-07T09:50:34+00:00","og_image":[{"width":1920,"height":1080,"url":"https:\/\/www.eldiario.net\/portal\/wp-content\/uploads\/2023\/06\/BANCO.jpeg","type":"image\/jpeg"}],"author":"Jeanette","twitter_card":"summary_large_image","twitter_creator":"@eldiario_net","twitter_site":"@eldiario_net","twitter_misc":{"Escrito por":"Jeanette","Tiempo de lectura":"3 minutos"},"schema":{"@context":"https:\/\/schema.org","@graph":[{"@type":"Article","@id":"https:\/\/www.eldiario.net\/portal\/2023\/06\/07\/bm-mejora-en-una-decima-la-prevision-de-crecimiento-de-america-latina\/#article","isPartOf":{"@id":"https:\/\/www.eldiario.net\/portal\/2023\/06\/07\/bm-mejora-en-una-decima-la-prevision-de-crecimiento-de-america-latina\/"},"author":{"name":"Jeanette","@id":"https:\/\/www.eldiario.net\/portal\/#\/schema\/person\/f46445640444750d7d753ccd04ae01b7"},"headline":"BM mejora en una d\u00e9cima la previsi\u00f3n de crecimiento de Am\u00e9rica Latina","datePublished":"2023-06-07T09:50:34+00:00","mainEntityOfPage":{"@id":"https:\/\/www.eldiario.net\/portal\/2023\/06\/07\/bm-mejora-en-una-decima-la-prevision-de-crecimiento-de-america-latina\/"},"wordCount":508,"publisher":{"@id":"https:\/\/www.eldiario.net\/portal\/#organization"},"image":{"@id":"https:\/\/www.eldiario.net\/portal\/2023\/06\/07\/bm-mejora-en-una-decima-la-prevision-de-crecimiento-de-america-latina\/#primaryimage"},"thumbnailUrl":"https:\/\/www.eldiario.net\/portal\/wp-content\/uploads\/2023\/06\/BANCO.jpeg","articleSection":["Internacional"],"inLanguage":"es"},{"@type":"WebPage","@id":"https:\/\/www.eldiario.net\/portal\/2023\/06\/07\/bm-mejora-en-una-decima-la-prevision-de-crecimiento-de-america-latina\/","url":"https:\/\/www.eldiario.net\/portal\/2023\/06\/07\/bm-mejora-en-una-decima-la-prevision-de-crecimiento-de-america-latina\/","name":"BM mejora en una d\u00e9cima la previsi\u00f3n de crecimiento de Am\u00e9rica Latina - El Diario - Bolivia","isPartOf":{"@id":"https:\/\/www.eldiario.net\/portal\/#website"},"primaryImageOfPage":{"@id":"https:\/\/www.eldiario.net\/portal\/2023\/06\/07\/bm-mejora-en-una-decima-la-prevision-de-crecimiento-de-america-latina\/#primaryimage"},"image":{"@id":"https:\/\/www.eldiario.net\/portal\/2023\/06\/07\/bm-mejora-en-una-decima-la-prevision-de-crecimiento-de-america-latina\/#primaryimage"},"thumbnailUrl":"https:\/\/www.eldiario.net\/portal\/wp-content\/uploads\/2023\/06\/BANCO.jpeg","datePublished":"2023-06-07T09:50:34+00:00","breadcrumb":{"@id":"https:\/\/www.eldiario.net\/portal\/2023\/06\/07\/bm-mejora-en-una-decima-la-prevision-de-crecimiento-de-america-latina\/#breadcrumb"},"inLanguage":"es","potentialAction":[{"@type":"ReadAction","target":["https:\/\/www.eldiario.net\/portal\/2023\/06\/07\/bm-mejora-en-una-decima-la-prevision-de-crecimiento-de-america-latina\/"]}]},{"@type":"ImageObject","inLanguage":"es","@id":"https:\/\/www.eldiario.net\/portal\/2023\/06\/07\/bm-mejora-en-una-decima-la-prevision-de-crecimiento-de-america-latina\/#primaryimage","url":"https:\/\/www.eldiario.net\/portal\/wp-content\/uploads\/2023\/06\/BANCO.jpeg","contentUrl":"https:\/\/www.eldiario.net\/portal\/wp-content\/uploads\/2023\/06\/BANCO.jpeg","width":1920,"height":1080,"caption":"PESE A LAS MEJORAS DE ESTE A\u00d1O EL 2024 SER\u00c1 MENOS, SEG\u00daN EL BANCO MUNDIAL."},{"@type":"BreadcrumbList","@id":"https:\/\/www.eldiario.net\/portal\/2023\/06\/07\/bm-mejora-en-una-decima-la-prevision-de-crecimiento-de-america-latina\/#breadcrumb","itemListElement":[{"@type":"ListItem","position":1,"name":"Portada","item":"https:\/\/www.eldiario.net\/portal\/"},{"@type":"ListItem","position":2,"name":"BM mejora en una d\u00e9cima la previsi\u00f3n de crecimiento de Am\u00e9rica Latina"}]},{"@type":"WebSite","@id":"https:\/\/www.eldiario.net\/portal\/#website","url":"https:\/\/www.eldiario.net\/portal\/","name":"El Diario - Decano de la prensa nacional","description":"El Diario - Decano de la prensa nacional","publisher":{"@id":"https:\/\/www.eldiario.net\/portal\/#organization"},"potentialAction":[{"@type":"SearchAction","target":{"@type":"EntryPoint","urlTemplate":"https:\/\/www.eldiario.net\/portal\/?s={search_term_string}"},"query-input":{"@type":"PropertyValueSpecification","valueRequired":true,"valueName":"search_term_string"}}],"inLanguage":"es"},{"@type":"Organization","@id":"https:\/\/www.eldiario.net\/portal\/#organization","name":"El Diario - Decano de la prensa nacional","url":"https:\/\/www.eldiario.net\/portal\/","logo":{"@type":"ImageObject","inLanguage":"es","@id":"https:\/\/www.eldiario.net\/portal\/#\/schema\/logo\/image\/","url":"https:\/\/www.eldiario.net\/portal\/wp-content\/uploads\/2023\/07\/logo_ED.jpg","contentUrl":"https:\/\/www.eldiario.net\/portal\/wp-content\/uploads\/2023\/07\/logo_ED.jpg","width":272,"height":52,"caption":"El Diario - Decano de la prensa nacional"},"image":{"@id":"https:\/\/www.eldiario.net\/portal\/#\/schema\/logo\/image\/"},"sameAs":["https:\/\/www.facebook.com\/eldiario.bolivia\/","https:\/\/x.com\/eldiario_net"]},{"@type":"Person","@id":"https:\/\/www.eldiario.net\/portal\/#\/schema\/person\/f46445640444750d7d753ccd04ae01b7","name":"Jeanette","image":{"@type":"ImageObject","inLanguage":"es","@id":"https:\/\/secure.gravatar.com\/avatar\/3ea2118a5f7dad2b7138b1187a6b7ee55f160b9968b66013c3a3ef39dd7e5798?s=96&d=mm&r=g","url":"https:\/\/secure.gravatar.com\/avatar\/3ea2118a5f7dad2b7138b1187a6b7ee55f160b9968b66013c3a3ef39dd7e5798?s=96&d=mm&r=g","contentUrl":"https:\/\/secure.gravatar.com\/avatar\/3ea2118a5f7dad2b7138b1187a6b7ee55f160b9968b66013c3a3ef39dd7e5798?s=96&d=mm&r=g","caption":"Jeanette"},"sameAs":["https:\/\/www.eldiario.net\/portal"],"url":"https:\/\/www.eldiario.net\/portal\/author\/jeanette\/"}]}},"_links":{"self":[{"href":"https:\/\/www.eldiario.net\/portal\/wp-json\/wp\/v2\/posts\/158552","targetHints":{"allow":["GET"]}}],"collection":[{"href":"https:\/\/www.eldiario.net\/portal\/wp-json\/wp\/v2\/posts"}],"about":[{"href":"https:\/\/www.eldiario.net\/portal\/wp-json\/wp\/v2\/types\/post"}],"author":[{"embeddable":true,"href":"https:\/\/www.eldiario.net\/portal\/wp-json\/wp\/v2\/users\/1"}],"replies":[{"embeddable":true,"href":"https:\/\/www.eldiario.net\/portal\/wp-json\/wp\/v2\/comments?post=158552"}],"version-history":[{"count":0,"href":"https:\/\/www.eldiario.net\/portal\/wp-json\/wp\/v2\/posts\/158552\/revisions"}],"wp:featuredmedia":[{"embeddable":true,"href":"https:\/\/www.eldiario.net\/portal\/wp-json\/wp\/v2\/media\/158553"}],"wp:attachment":[{"href":"https:\/\/www.eldiario.net\/portal\/wp-json\/wp\/v2\/media?parent=158552"}],"wp:term":[{"taxonomy":"category","embeddable":true,"href":"https:\/\/www.eldiario.net\/portal\/wp-json\/wp\/v2\/categories?post=158552"},{"taxonomy":"post_tag","embeddable":true,"href":"https:\/\/www.eldiario.net\/portal\/wp-json\/wp\/v2\/tags?post=158552"}],"curies":[{"name":"wp","href":"https:\/\/api.w.org\/{rel}","templated":true}]}}