{"id":158550,"date":"2023-06-07T05:48:51","date_gmt":"2023-06-07T09:48:51","guid":{"rendered":"https:\/\/www.eldiario.net\/portal\/?p=158550"},"modified":"2023-06-07T05:48:51","modified_gmt":"2023-06-07T09:48:51","slug":"hoy-llega-a-los-cines-transformers-el-despertar-de-las-bestias","status":"publish","type":"post","link":"https:\/\/www.eldiario.net\/portal\/2023\/06\/07\/hoy-llega-a-los-cines-transformers-el-despertar-de-las-bestias\/","title":{"rendered":"Hoy llega a los cines \u201cTransformers: El Despertar de las Bestias\u201d"},"content":{"rendered":"<p>Paramount Pictures, Skydance y Andes Films presentan \u201cTransformers: El Despertar de las Bestias\u201d, la nueva entrega de la exitosa franquicia que promete llevar a los espectadores a un emocionante episodio lleno de acci\u00f3n, aventuras, efectos visuales y desde luego, gigantes robots.<br \/>\nEl largometraje, dirigido por Steven Caple Jr., conocido por su trabajo en \u201cCreed II\u201d (2018), es la continuaci\u00f3n de la saga de pel\u00edculas Transformers, que se inici\u00f3 en 2007 y se ha convertido en un fen\u00f3meno de taquilla a lo largo de los a\u00f1os.<br \/>\nUna de las novedades m\u00e1s emocionantes de esta entrega es que la historia se ambienta en una nueva era de los Transformers. La trama se desarrolla en la d\u00e9cada de los 90 y presenta a una nueva generaci\u00f3n de Autobots y Decepticons. La pel\u00edcula promete explorar de manera m\u00e1s profunda el origen de los Transformers y ofrecer una perspectiva \u00fanica sobre su historia. Volviendo a la acci\u00f3n y el espect\u00e1culo que han cautivado a los cin\u00e9filos de todo el mundo, se introducir\u00e1 nuevos Transformers: los Maximals, quienes se unir\u00e1n a la batalla que est\u00e1 ocurriendo en la tierra.<br \/>\n\u201cCon Transformers: El despertar de las bestias, regresan los personajes y los efectos visuales inspirados en los juguetes creados por Hasbro y Tomy en la d\u00e9cada de 1980, que han generado fans universalmente, llevando al p\u00fablico a una nueva aventura alrededor del mundo, desde la ciudad de Nueva York hasta las selvas primitivas de Per\u00fa, e introduciendo a los Maximals en la batalla existente entre Autobots y Decepticons\u201d, comenta Sandra Cortez, gerente de marketing de Andes Films, a\u00f1adiendo que esta s\u00e9ptima entrega tiene una duraci\u00f3n de 127 minutos, donde se podr\u00e1 apreciar, entre otras cosas, el pasado de Optimus Prime y las circunstancias que lo llevaron a convertirse en el l\u00edder que conocemos\u201d, menciona la ejecutiva.<br \/>\nUn aspecto de Transformers: El Despertar de las Bestias que la distingue de otras pel\u00edculas, consiste en que incluye por primera vez a tres personajes rob\u00f3ticos femeninos como protagonistas. Por el lado de los Autobots se encuentra Arcee, una mujer motociclista que apareci\u00f3 brevemente en Transformers: Revenge of the Fallen y Bumblebee, pero ahora es un miembro importante del equipo, es como el oficial de inteligencia. La pel\u00edcula tambi\u00e9n incluye a una Maximal voladora llamada Airazor y a una despiadada Terrorcon llamada Nightbird, que funge como antagonista en la historia. Sin duda, la presencia de robots femeninos generar\u00e1 un equilibrio diferente muy emocionante.<br \/>\nPor otro lado, realizar una pel\u00edcula de Transformers siempre es una gran aventura y a menudo implica viajar por el mundo en busca de exuberantes locaciones para captarlas en la filmaci\u00f3n. Para El Despertar de las Bestias, los realizadores cinematogr\u00e1ficos afrontaron el reto de seleccionar un sitio con una dimensi\u00f3n, escala y magnificencia sin precedentes, el lugar elegido fue Machu Picchu, la ciudadela Inca del Siglo XV en el sur de Per\u00fa, donde se film\u00f3 durante ocho semanas. Para la producci\u00f3n, filmar en la selva peruana y en Machu Picchu fue una revelaci\u00f3n, la cual se podr\u00e1 descubrir desde este jueves 8 de junio, en todos los cines del pa\u00eds.<\/p>\n","protected":false},"excerpt":{"rendered":"<p>Paramount Pictures, Skydance y Andes Films presentan \u201cTransformers: El Despertar de las Bestias\u201d, la nueva entrega de la exitosa franquicia que promete llevar a los espectadores a un emocionante episodio lleno de acci\u00f3n, aventuras, efectos visuales y desde luego, gigantes robots. El largometraje, dirigido por Steven Caple Jr., conocido por su trabajo en \u201cCreed II\u201d [&hellip;]<\/p>\n","protected":false},"author":1,"featured_media":0,"comment_status":"closed","ping_status":"closed","sticky":false,"template":"","format":"standard","meta":{"_acf_changed":false,"footnotes":""},"categories":[8],"tags":[],"class_list":["post-158550","post","type-post","status-publish","format-standard","category-cultural"],"acf":{"antetitulo":""},"yoast_head":"<!-- This site is optimized with the Yoast SEO plugin v28.4 - https:\/\/yoast.com\/product\/yoast-seo-wordpress\/ -->\n<title>Hoy llega a los cines \u201cTransformers: El Despertar de las Bestias\u201d - El Diario - Bolivia<\/title>\n<meta name=\"robots\" content=\"index, follow, max-snippet:-1, max-image-preview:large, max-video-preview:-1\" \/>\n<link rel=\"canonical\" href=\"https:\/\/www.eldiario.net\/portal\/2023\/06\/07\/hoy-llega-a-los-cines-transformers-el-despertar-de-las-bestias\/\" \/>\n<meta property=\"og:locale\" content=\"es_ES\" \/>\n<meta property=\"og:type\" content=\"article\" \/>\n<meta property=\"og:title\" content=\"Hoy llega a los cines \u201cTransformers: El Despertar de las Bestias\u201d - El Diario - Bolivia\" \/>\n<meta property=\"og:description\" content=\"Paramount Pictures, Skydance y Andes Films presentan \u201cTransformers: El Despertar de las Bestias\u201d, la nueva entrega de la exitosa franquicia que promete llevar a los espectadores a un emocionante episodio lleno de acci\u00f3n, aventuras, efectos visuales y desde luego, gigantes robots. El largometraje, dirigido por Steven Caple Jr., conocido por su trabajo en \u201cCreed II\u201d [&hellip;]\" \/>\n<meta property=\"og:url\" content=\"https:\/\/www.eldiario.net\/portal\/2023\/06\/07\/hoy-llega-a-los-cines-transformers-el-despertar-de-las-bestias\/\" \/>\n<meta property=\"og:site_name\" content=\"El Diario - Bolivia\" \/>\n<meta property=\"article:publisher\" content=\"https:\/\/www.facebook.com\/eldiario.bolivia\/\" \/>\n<meta property=\"article:published_time\" content=\"2023-06-07T09:48:51+00:00\" \/>\n<meta name=\"author\" content=\"Jeanette\" \/>\n<meta name=\"twitter:card\" content=\"summary_large_image\" \/>\n<meta name=\"twitter:creator\" content=\"@eldiario_net\" \/>\n<meta name=\"twitter:site\" content=\"@eldiario_net\" \/>\n<meta name=\"twitter:label1\" content=\"Escrito por\" \/>\n\t<meta name=\"twitter:data1\" content=\"Jeanette\" \/>\n\t<meta name=\"twitter:label2\" content=\"Tiempo de lectura\" \/>\n\t<meta name=\"twitter:data2\" content=\"3 minutos\" \/>\n<script type=\"application\/ld+json\" class=\"yoast-schema-graph\">{\"@context\":\"https:\\\/\\\/schema.org\",\"@graph\":[{\"@type\":\"Article\",\"@id\":\"https:\\\/\\\/www.eldiario.net\\\/portal\\\/2023\\\/06\\\/07\\\/hoy-llega-a-los-cines-transformers-el-despertar-de-las-bestias\\\/#article\",\"isPartOf\":{\"@id\":\"https:\\\/\\\/www.eldiario.net\\\/portal\\\/2023\\\/06\\\/07\\\/hoy-llega-a-los-cines-transformers-el-despertar-de-las-bestias\\\/\"},\"author\":{\"name\":\"Jeanette\",\"@id\":\"https:\\\/\\\/www.eldiario.net\\\/portal\\\/#\\\/schema\\\/person\\\/f46445640444750d7d753ccd04ae01b7\"},\"headline\":\"Hoy llega a los cines \u201cTransformers: El Despertar de las Bestias\u201d\",\"datePublished\":\"2023-06-07T09:48:51+00:00\",\"mainEntityOfPage\":{\"@id\":\"https:\\\/\\\/www.eldiario.net\\\/portal\\\/2023\\\/06\\\/07\\\/hoy-llega-a-los-cines-transformers-el-despertar-de-las-bestias\\\/\"},\"wordCount\":548,\"publisher\":{\"@id\":\"https:\\\/\\\/www.eldiario.net\\\/portal\\\/#organization\"},\"articleSection\":[\"Cultural\"],\"inLanguage\":\"es\"},{\"@type\":\"WebPage\",\"@id\":\"https:\\\/\\\/www.eldiario.net\\\/portal\\\/2023\\\/06\\\/07\\\/hoy-llega-a-los-cines-transformers-el-despertar-de-las-bestias\\\/\",\"url\":\"https:\\\/\\\/www.eldiario.net\\\/portal\\\/2023\\\/06\\\/07\\\/hoy-llega-a-los-cines-transformers-el-despertar-de-las-bestias\\\/\",\"name\":\"Hoy llega a los cines \u201cTransformers: El Despertar de las Bestias\u201d - El Diario - Bolivia\",\"isPartOf\":{\"@id\":\"https:\\\/\\\/www.eldiario.net\\\/portal\\\/#website\"},\"datePublished\":\"2023-06-07T09:48:51+00:00\",\"breadcrumb\":{\"@id\":\"https:\\\/\\\/www.eldiario.net\\\/portal\\\/2023\\\/06\\\/07\\\/hoy-llega-a-los-cines-transformers-el-despertar-de-las-bestias\\\/#breadcrumb\"},\"inLanguage\":\"es\",\"potentialAction\":[{\"@type\":\"ReadAction\",\"target\":[\"https:\\\/\\\/www.eldiario.net\\\/portal\\\/2023\\\/06\\\/07\\\/hoy-llega-a-los-cines-transformers-el-despertar-de-las-bestias\\\/\"]}]},{\"@type\":\"BreadcrumbList\",\"@id\":\"https:\\\/\\\/www.eldiario.net\\\/portal\\\/2023\\\/06\\\/07\\\/hoy-llega-a-los-cines-transformers-el-despertar-de-las-bestias\\\/#breadcrumb\",\"itemListElement\":[{\"@type\":\"ListItem\",\"position\":1,\"name\":\"Portada\",\"item\":\"https:\\\/\\\/www.eldiario.net\\\/portal\\\/\"},{\"@type\":\"ListItem\",\"position\":2,\"name\":\"Hoy llega a los cines \u201cTransformers: El Despertar de las Bestias\u201d\"}]},{\"@type\":\"WebSite\",\"@id\":\"https:\\\/\\\/www.eldiario.net\\\/portal\\\/#website\",\"url\":\"https:\\\/\\\/www.eldiario.net\\\/portal\\\/\",\"name\":\"El Diario - Decano de la prensa nacional\",\"description\":\"El Diario - Decano de la prensa nacional\",\"publisher\":{\"@id\":\"https:\\\/\\\/www.eldiario.net\\\/portal\\\/#organization\"},\"potentialAction\":[{\"@type\":\"SearchAction\",\"target\":{\"@type\":\"EntryPoint\",\"urlTemplate\":\"https:\\\/\\\/www.eldiario.net\\\/portal\\\/?s={search_term_string}\"},\"query-input\":{\"@type\":\"PropertyValueSpecification\",\"valueRequired\":true,\"valueName\":\"search_term_string\"}}],\"inLanguage\":\"es\"},{\"@type\":\"Organization\",\"@id\":\"https:\\\/\\\/www.eldiario.net\\\/portal\\\/#organization\",\"name\":\"El Diario - Decano de la prensa nacional\",\"url\":\"https:\\\/\\\/www.eldiario.net\\\/portal\\\/\",\"logo\":{\"@type\":\"ImageObject\",\"inLanguage\":\"es\",\"@id\":\"https:\\\/\\\/www.eldiario.net\\\/portal\\\/#\\\/schema\\\/logo\\\/image\\\/\",\"url\":\"https:\\\/\\\/www.eldiario.net\\\/portal\\\/wp-content\\\/uploads\\\/2023\\\/07\\\/logo_ED.jpg\",\"contentUrl\":\"https:\\\/\\\/www.eldiario.net\\\/portal\\\/wp-content\\\/uploads\\\/2023\\\/07\\\/logo_ED.jpg\",\"width\":272,\"height\":52,\"caption\":\"El Diario - Decano de la prensa nacional\"},\"image\":{\"@id\":\"https:\\\/\\\/www.eldiario.net\\\/portal\\\/#\\\/schema\\\/logo\\\/image\\\/\"},\"sameAs\":[\"https:\\\/\\\/www.facebook.com\\\/eldiario.bolivia\\\/\",\"https:\\\/\\\/x.com\\\/eldiario_net\"]},{\"@type\":\"Person\",\"@id\":\"https:\\\/\\\/www.eldiario.net\\\/portal\\\/#\\\/schema\\\/person\\\/f46445640444750d7d753ccd04ae01b7\",\"name\":\"Jeanette\",\"image\":{\"@type\":\"ImageObject\",\"inLanguage\":\"es\",\"@id\":\"https:\\\/\\\/secure.gravatar.com\\\/avatar\\\/3ea2118a5f7dad2b7138b1187a6b7ee55f160b9968b66013c3a3ef39dd7e5798?s=96&d=mm&r=g\",\"url\":\"https:\\\/\\\/secure.gravatar.com\\\/avatar\\\/3ea2118a5f7dad2b7138b1187a6b7ee55f160b9968b66013c3a3ef39dd7e5798?s=96&d=mm&r=g\",\"contentUrl\":\"https:\\\/\\\/secure.gravatar.com\\\/avatar\\\/3ea2118a5f7dad2b7138b1187a6b7ee55f160b9968b66013c3a3ef39dd7e5798?s=96&d=mm&r=g\",\"caption\":\"Jeanette\"},\"sameAs\":[\"https:\\\/\\\/www.eldiario.net\\\/portal\"],\"url\":\"https:\\\/\\\/www.eldiario.net\\\/portal\\\/author\\\/jeanette\\\/\"}]}<\/script>\n<!-- \/ Yoast SEO plugin. -->","yoast_head_json":{"title":"Hoy llega a los cines \u201cTransformers: El Despertar de las Bestias\u201d - El Diario - Bolivia","robots":{"index":"index","follow":"follow","max-snippet":"max-snippet:-1","max-image-preview":"max-image-preview:large","max-video-preview":"max-video-preview:-1"},"canonical":"https:\/\/www.eldiario.net\/portal\/2023\/06\/07\/hoy-llega-a-los-cines-transformers-el-despertar-de-las-bestias\/","og_locale":"es_ES","og_type":"article","og_title":"Hoy llega a los cines \u201cTransformers: El Despertar de las Bestias\u201d - El Diario - Bolivia","og_description":"Paramount Pictures, Skydance y Andes Films presentan \u201cTransformers: El Despertar de las Bestias\u201d, la nueva entrega de la exitosa franquicia que promete llevar a los espectadores a un emocionante episodio lleno de acci\u00f3n, aventuras, efectos visuales y desde luego, gigantes robots. El largometraje, dirigido por Steven Caple Jr., conocido por su trabajo en \u201cCreed II\u201d [&hellip;]","og_url":"https:\/\/www.eldiario.net\/portal\/2023\/06\/07\/hoy-llega-a-los-cines-transformers-el-despertar-de-las-bestias\/","og_site_name":"El Diario - Bolivia","article_publisher":"https:\/\/www.facebook.com\/eldiario.bolivia\/","article_published_time":"2023-06-07T09:48:51+00:00","author":"Jeanette","twitter_card":"summary_large_image","twitter_creator":"@eldiario_net","twitter_site":"@eldiario_net","twitter_misc":{"Escrito por":"Jeanette","Tiempo de lectura":"3 minutos"},"schema":{"@context":"https:\/\/schema.org","@graph":[{"@type":"Article","@id":"https:\/\/www.eldiario.net\/portal\/2023\/06\/07\/hoy-llega-a-los-cines-transformers-el-despertar-de-las-bestias\/#article","isPartOf":{"@id":"https:\/\/www.eldiario.net\/portal\/2023\/06\/07\/hoy-llega-a-los-cines-transformers-el-despertar-de-las-bestias\/"},"author":{"name":"Jeanette","@id":"https:\/\/www.eldiario.net\/portal\/#\/schema\/person\/f46445640444750d7d753ccd04ae01b7"},"headline":"Hoy llega a los cines \u201cTransformers: El Despertar de las Bestias\u201d","datePublished":"2023-06-07T09:48:51+00:00","mainEntityOfPage":{"@id":"https:\/\/www.eldiario.net\/portal\/2023\/06\/07\/hoy-llega-a-los-cines-transformers-el-despertar-de-las-bestias\/"},"wordCount":548,"publisher":{"@id":"https:\/\/www.eldiario.net\/portal\/#organization"},"articleSection":["Cultural"],"inLanguage":"es"},{"@type":"WebPage","@id":"https:\/\/www.eldiario.net\/portal\/2023\/06\/07\/hoy-llega-a-los-cines-transformers-el-despertar-de-las-bestias\/","url":"https:\/\/www.eldiario.net\/portal\/2023\/06\/07\/hoy-llega-a-los-cines-transformers-el-despertar-de-las-bestias\/","name":"Hoy llega a los cines \u201cTransformers: El Despertar de las Bestias\u201d - El Diario - Bolivia","isPartOf":{"@id":"https:\/\/www.eldiario.net\/portal\/#website"},"datePublished":"2023-06-07T09:48:51+00:00","breadcrumb":{"@id":"https:\/\/www.eldiario.net\/portal\/2023\/06\/07\/hoy-llega-a-los-cines-transformers-el-despertar-de-las-bestias\/#breadcrumb"},"inLanguage":"es","potentialAction":[{"@type":"ReadAction","target":["https:\/\/www.eldiario.net\/portal\/2023\/06\/07\/hoy-llega-a-los-cines-transformers-el-despertar-de-las-bestias\/"]}]},{"@type":"BreadcrumbList","@id":"https:\/\/www.eldiario.net\/portal\/2023\/06\/07\/hoy-llega-a-los-cines-transformers-el-despertar-de-las-bestias\/#breadcrumb","itemListElement":[{"@type":"ListItem","position":1,"name":"Portada","item":"https:\/\/www.eldiario.net\/portal\/"},{"@type":"ListItem","position":2,"name":"Hoy llega a los cines \u201cTransformers: El Despertar de las Bestias\u201d"}]},{"@type":"WebSite","@id":"https:\/\/www.eldiario.net\/portal\/#website","url":"https:\/\/www.eldiario.net\/portal\/","name":"El Diario - Decano de la prensa nacional","description":"El Diario - Decano de la prensa nacional","publisher":{"@id":"https:\/\/www.eldiario.net\/portal\/#organization"},"potentialAction":[{"@type":"SearchAction","target":{"@type":"EntryPoint","urlTemplate":"https:\/\/www.eldiario.net\/portal\/?s={search_term_string}"},"query-input":{"@type":"PropertyValueSpecification","valueRequired":true,"valueName":"search_term_string"}}],"inLanguage":"es"},{"@type":"Organization","@id":"https:\/\/www.eldiario.net\/portal\/#organization","name":"El Diario - Decano de la prensa nacional","url":"https:\/\/www.eldiario.net\/portal\/","logo":{"@type":"ImageObject","inLanguage":"es","@id":"https:\/\/www.eldiario.net\/portal\/#\/schema\/logo\/image\/","url":"https:\/\/www.eldiario.net\/portal\/wp-content\/uploads\/2023\/07\/logo_ED.jpg","contentUrl":"https:\/\/www.eldiario.net\/portal\/wp-content\/uploads\/2023\/07\/logo_ED.jpg","width":272,"height":52,"caption":"El Diario - Decano de la prensa nacional"},"image":{"@id":"https:\/\/www.eldiario.net\/portal\/#\/schema\/logo\/image\/"},"sameAs":["https:\/\/www.facebook.com\/eldiario.bolivia\/","https:\/\/x.com\/eldiario_net"]},{"@type":"Person","@id":"https:\/\/www.eldiario.net\/portal\/#\/schema\/person\/f46445640444750d7d753ccd04ae01b7","name":"Jeanette","image":{"@type":"ImageObject","inLanguage":"es","@id":"https:\/\/secure.gravatar.com\/avatar\/3ea2118a5f7dad2b7138b1187a6b7ee55f160b9968b66013c3a3ef39dd7e5798?s=96&d=mm&r=g","url":"https:\/\/secure.gravatar.com\/avatar\/3ea2118a5f7dad2b7138b1187a6b7ee55f160b9968b66013c3a3ef39dd7e5798?s=96&d=mm&r=g","contentUrl":"https:\/\/secure.gravatar.com\/avatar\/3ea2118a5f7dad2b7138b1187a6b7ee55f160b9968b66013c3a3ef39dd7e5798?s=96&d=mm&r=g","caption":"Jeanette"},"sameAs":["https:\/\/www.eldiario.net\/portal"],"url":"https:\/\/www.eldiario.net\/portal\/author\/jeanette\/"}]}},"_links":{"self":[{"href":"https:\/\/www.eldiario.net\/portal\/wp-json\/wp\/v2\/posts\/158550","targetHints":{"allow":["GET"]}}],"collection":[{"href":"https:\/\/www.eldiario.net\/portal\/wp-json\/wp\/v2\/posts"}],"about":[{"href":"https:\/\/www.eldiario.net\/portal\/wp-json\/wp\/v2\/types\/post"}],"author":[{"embeddable":true,"href":"https:\/\/www.eldiario.net\/portal\/wp-json\/wp\/v2\/users\/1"}],"replies":[{"embeddable":true,"href":"https:\/\/www.eldiario.net\/portal\/wp-json\/wp\/v2\/comments?post=158550"}],"version-history":[{"count":0,"href":"https:\/\/www.eldiario.net\/portal\/wp-json\/wp\/v2\/posts\/158550\/revisions"}],"wp:attachment":[{"href":"https:\/\/www.eldiario.net\/portal\/wp-json\/wp\/v2\/media?parent=158550"}],"wp:term":[{"taxonomy":"category","embeddable":true,"href":"https:\/\/www.eldiario.net\/portal\/wp-json\/wp\/v2\/categories?post=158550"},{"taxonomy":"post_tag","embeddable":true,"href":"https:\/\/www.eldiario.net\/portal\/wp-json\/wp\/v2\/tags?post=158550"}],"curies":[{"name":"wp","href":"https:\/\/api.w.org\/{rel}","templated":true}]}}