{"id":158546,"date":"2023-06-07T05:47:52","date_gmt":"2023-06-07T09:47:52","guid":{"rendered":"https:\/\/www.eldiario.net\/portal\/?p=158546"},"modified":"2023-06-07T05:47:52","modified_gmt":"2023-06-07T09:47:52","slug":"embajada-del-brasil-presenta-maria-nadie-sabe-quien-soy-yo","status":"publish","type":"post","link":"https:\/\/www.eldiario.net\/portal\/2023\/06\/07\/embajada-del-brasil-presenta-maria-nadie-sabe-quien-soy-yo\/","title":{"rendered":"Embajada del Brasil presenta  \u201cMaria: nadie sabe qui\u00e9n soy yo\u201d"},"content":{"rendered":"<p>La Embajada de Brasil en La Paz presentar\u00e1, por primera vez en Bolivia, el documental \u201cMaria: nadie sabe qui\u00e9n soy yo\u201d, sobre la renombrada cantante brasile\u00f1a Maria Beth\u00e2nia. El programa incluye una videoconferencia con el productor del documental Gustavo Nunes.<br \/>\nMaria Beth\u00e2nia, cuenta con 57 a\u00f1os de carrera, 76 a\u00f1os de edad, muchas pel\u00edculas, innumerables discos y conciertos, una cantidad incalculable de entrevistas. Y aun as\u00ed, la impresi\u00f3n es que se sabe muy poco sobre la artista.<br \/>\nEl periodista y guionista Carlos Jardim parti\u00f3 de este punto de vista para dirigir y escribir el gui\u00f3n de \u201cMaria \u2013 Nadie sabe qui\u00e9n soy yo\u201d, que lleg\u00f3 a los cines brasile\u00f1os el 1ro. de septiembre de 2022. En la pel\u00edcula\/documental, quien revela esta personalidad \u00fanica en el escenario cultural brasile\u00f1o es la propia cantante: s\u00f3lo Beth\u00e2nia habla de Beth\u00e2nia en el largometraje, en un testimonio in\u00e9dito y exclusivo grabado en el teatro del Hotel Copacabana Palace.<br \/>\nEntre los discursos, raras im\u00e1genes encontradas en los archivos de TV Globo, como los ensayos del espect\u00e1culo antol\u00f3gico que hicieron Beth\u00e2nia y Chico Buarque en 1975, y el espect\u00e1culo que la cantante y su hermano Caetano Veloso realizaron en 1978. Tambi\u00e9n hay registros de \u201cA hora da Estrela\u201d, de 1984, basada en la obra de Clarice Lispector.<br \/>\nA lo largo de los 100 minutos del documental, Beth\u00e2nia habla sobre temas importantes en su carrera, como su pasi\u00f3n por el escenario, la fuerza de su presencia en el mismo, la fe, la religiosidad, el v\u00ednculo de amor y la importancia de la literatura en sus obras.<br \/>\nEl documental ser\u00e1 proyectado el d\u00eda viernes, 9 de junio, en el Espacio Cultural de la Embajada de Brasil (Av. Arce N\u00ba 2739) a las 20:00.<br \/>\nEl, p\u00fablico interesado podr\u00e1 registrarse para el evento por medio del siguiente link: https:\/\/www.eventbrite.co.uk\/e\/maria-nadie-sabe-quien-soy-yo-tickets-646501823357.<\/p>\n","protected":false},"excerpt":{"rendered":"<p>La Embajada de Brasil en La Paz presentar\u00e1, por primera vez en Bolivia, el documental \u201cMaria: nadie sabe qui\u00e9n soy yo\u201d, sobre la renombrada cantante brasile\u00f1a Maria Beth\u00e2nia. El programa incluye una videoconferencia con el productor del documental Gustavo Nunes. Maria Beth\u00e2nia, cuenta con 57 a\u00f1os de carrera, 76 a\u00f1os de edad, muchas pel\u00edculas, innumerables [&hellip;]<\/p>\n","protected":false},"author":1,"featured_media":158548,"comment_status":"closed","ping_status":"closed","sticky":false,"template":"","format":"standard","meta":{"_acf_changed":false,"footnotes":""},"categories":[8],"tags":[],"class_list":["post-158546","post","type-post","status-publish","format-standard","has-post-thumbnail","category-cultural"],"acf":{"antetitulo":""},"yoast_head":"<!-- This site is optimized with the Yoast SEO plugin v28.4 - https:\/\/yoast.com\/product\/yoast-seo-wordpress\/ -->\n<title>Embajada del Brasil presenta \u201cMaria: nadie sabe qui\u00e9n soy yo\u201d - El Diario - Bolivia<\/title>\n<meta name=\"robots\" content=\"index, follow, max-snippet:-1, max-image-preview:large, max-video-preview:-1\" \/>\n<link rel=\"canonical\" href=\"https:\/\/www.eldiario.net\/portal\/2023\/06\/07\/embajada-del-brasil-presenta-maria-nadie-sabe-quien-soy-yo\/\" \/>\n<meta property=\"og:locale\" content=\"es_ES\" \/>\n<meta property=\"og:type\" content=\"article\" \/>\n<meta property=\"og:title\" content=\"Embajada del Brasil presenta \u201cMaria: nadie sabe qui\u00e9n soy yo\u201d - El Diario - Bolivia\" \/>\n<meta property=\"og:description\" content=\"La Embajada de Brasil en La Paz presentar\u00e1, por primera vez en Bolivia, el documental \u201cMaria: nadie sabe qui\u00e9n soy yo\u201d, sobre la renombrada cantante brasile\u00f1a Maria Beth\u00e2nia. El programa incluye una videoconferencia con el productor del documental Gustavo Nunes. Maria Beth\u00e2nia, cuenta con 57 a\u00f1os de carrera, 76 a\u00f1os de edad, muchas pel\u00edculas, innumerables [&hellip;]\" \/>\n<meta property=\"og:url\" content=\"https:\/\/www.eldiario.net\/portal\/2023\/06\/07\/embajada-del-brasil-presenta-maria-nadie-sabe-quien-soy-yo\/\" \/>\n<meta property=\"og:site_name\" content=\"El Diario - Bolivia\" \/>\n<meta property=\"article:publisher\" content=\"https:\/\/www.facebook.com\/eldiario.bolivia\/\" \/>\n<meta property=\"article:published_time\" content=\"2023-06-07T09:47:52+00:00\" \/>\n<meta property=\"og:image\" content=\"https:\/\/www.eldiario.net\/portal\/wp-content\/uploads\/2023\/06\/maria.jpeg\" \/>\n\t<meta property=\"og:image:width\" content=\"1140\" \/>\n\t<meta property=\"og:image:height\" content=\"474\" \/>\n\t<meta property=\"og:image:type\" content=\"image\/jpeg\" \/>\n<meta name=\"author\" content=\"Jeanette\" \/>\n<meta name=\"twitter:card\" content=\"summary_large_image\" \/>\n<meta name=\"twitter:creator\" content=\"@eldiario_net\" \/>\n<meta name=\"twitter:site\" content=\"@eldiario_net\" \/>\n<meta name=\"twitter:label1\" content=\"Escrito por\" \/>\n\t<meta name=\"twitter:data1\" content=\"Jeanette\" \/>\n\t<meta name=\"twitter:label2\" content=\"Tiempo de lectura\" \/>\n\t<meta name=\"twitter:data2\" content=\"2 minutos\" \/>\n<script type=\"application\/ld+json\" class=\"yoast-schema-graph\">{\"@context\":\"https:\\\/\\\/schema.org\",\"@graph\":[{\"@type\":\"Article\",\"@id\":\"https:\\\/\\\/www.eldiario.net\\\/portal\\\/2023\\\/06\\\/07\\\/embajada-del-brasil-presenta-maria-nadie-sabe-quien-soy-yo\\\/#article\",\"isPartOf\":{\"@id\":\"https:\\\/\\\/www.eldiario.net\\\/portal\\\/2023\\\/06\\\/07\\\/embajada-del-brasil-presenta-maria-nadie-sabe-quien-soy-yo\\\/\"},\"author\":{\"name\":\"Jeanette\",\"@id\":\"https:\\\/\\\/www.eldiario.net\\\/portal\\\/#\\\/schema\\\/person\\\/f46445640444750d7d753ccd04ae01b7\"},\"headline\":\"Embajada del Brasil presenta \u201cMaria: nadie sabe qui\u00e9n soy yo\u201d\",\"datePublished\":\"2023-06-07T09:47:52+00:00\",\"mainEntityOfPage\":{\"@id\":\"https:\\\/\\\/www.eldiario.net\\\/portal\\\/2023\\\/06\\\/07\\\/embajada-del-brasil-presenta-maria-nadie-sabe-quien-soy-yo\\\/\"},\"wordCount\":334,\"publisher\":{\"@id\":\"https:\\\/\\\/www.eldiario.net\\\/portal\\\/#organization\"},\"image\":{\"@id\":\"https:\\\/\\\/www.eldiario.net\\\/portal\\\/2023\\\/06\\\/07\\\/embajada-del-brasil-presenta-maria-nadie-sabe-quien-soy-yo\\\/#primaryimage\"},\"thumbnailUrl\":\"https:\\\/\\\/www.eldiario.net\\\/portal\\\/wp-content\\\/uploads\\\/2023\\\/06\\\/maria.jpeg\",\"articleSection\":[\"Cultural\"],\"inLanguage\":\"es\"},{\"@type\":\"WebPage\",\"@id\":\"https:\\\/\\\/www.eldiario.net\\\/portal\\\/2023\\\/06\\\/07\\\/embajada-del-brasil-presenta-maria-nadie-sabe-quien-soy-yo\\\/\",\"url\":\"https:\\\/\\\/www.eldiario.net\\\/portal\\\/2023\\\/06\\\/07\\\/embajada-del-brasil-presenta-maria-nadie-sabe-quien-soy-yo\\\/\",\"name\":\"Embajada del Brasil presenta \u201cMaria: nadie sabe qui\u00e9n soy yo\u201d - El Diario - Bolivia\",\"isPartOf\":{\"@id\":\"https:\\\/\\\/www.eldiario.net\\\/portal\\\/#website\"},\"primaryImageOfPage\":{\"@id\":\"https:\\\/\\\/www.eldiario.net\\\/portal\\\/2023\\\/06\\\/07\\\/embajada-del-brasil-presenta-maria-nadie-sabe-quien-soy-yo\\\/#primaryimage\"},\"image\":{\"@id\":\"https:\\\/\\\/www.eldiario.net\\\/portal\\\/2023\\\/06\\\/07\\\/embajada-del-brasil-presenta-maria-nadie-sabe-quien-soy-yo\\\/#primaryimage\"},\"thumbnailUrl\":\"https:\\\/\\\/www.eldiario.net\\\/portal\\\/wp-content\\\/uploads\\\/2023\\\/06\\\/maria.jpeg\",\"datePublished\":\"2023-06-07T09:47:52+00:00\",\"breadcrumb\":{\"@id\":\"https:\\\/\\\/www.eldiario.net\\\/portal\\\/2023\\\/06\\\/07\\\/embajada-del-brasil-presenta-maria-nadie-sabe-quien-soy-yo\\\/#breadcrumb\"},\"inLanguage\":\"es\",\"potentialAction\":[{\"@type\":\"ReadAction\",\"target\":[\"https:\\\/\\\/www.eldiario.net\\\/portal\\\/2023\\\/06\\\/07\\\/embajada-del-brasil-presenta-maria-nadie-sabe-quien-soy-yo\\\/\"]}]},{\"@type\":\"ImageObject\",\"inLanguage\":\"es\",\"@id\":\"https:\\\/\\\/www.eldiario.net\\\/portal\\\/2023\\\/06\\\/07\\\/embajada-del-brasil-presenta-maria-nadie-sabe-quien-soy-yo\\\/#primaryimage\",\"url\":\"https:\\\/\\\/www.eldiario.net\\\/portal\\\/wp-content\\\/uploads\\\/2023\\\/06\\\/maria.jpeg\",\"contentUrl\":\"https:\\\/\\\/www.eldiario.net\\\/portal\\\/wp-content\\\/uploads\\\/2023\\\/06\\\/maria.jpeg\",\"width\":1140,\"height\":474,\"caption\":\"LA TRAMA DEL DOCUMENTAL GIRA EN TORNO A LA VIDA DE LA CANTANTE BRASILE\u00d1A MARIA BETH\u00c2NIA.\"},{\"@type\":\"BreadcrumbList\",\"@id\":\"https:\\\/\\\/www.eldiario.net\\\/portal\\\/2023\\\/06\\\/07\\\/embajada-del-brasil-presenta-maria-nadie-sabe-quien-soy-yo\\\/#breadcrumb\",\"itemListElement\":[{\"@type\":\"ListItem\",\"position\":1,\"name\":\"Portada\",\"item\":\"https:\\\/\\\/www.eldiario.net\\\/portal\\\/\"},{\"@type\":\"ListItem\",\"position\":2,\"name\":\"Embajada del Brasil presenta \u201cMaria: nadie sabe qui\u00e9n soy yo\u201d\"}]},{\"@type\":\"WebSite\",\"@id\":\"https:\\\/\\\/www.eldiario.net\\\/portal\\\/#website\",\"url\":\"https:\\\/\\\/www.eldiario.net\\\/portal\\\/\",\"name\":\"El Diario - Decano de la prensa nacional\",\"description\":\"El Diario - Decano de la prensa nacional\",\"publisher\":{\"@id\":\"https:\\\/\\\/www.eldiario.net\\\/portal\\\/#organization\"},\"potentialAction\":[{\"@type\":\"SearchAction\",\"target\":{\"@type\":\"EntryPoint\",\"urlTemplate\":\"https:\\\/\\\/www.eldiario.net\\\/portal\\\/?s={search_term_string}\"},\"query-input\":{\"@type\":\"PropertyValueSpecification\",\"valueRequired\":true,\"valueName\":\"search_term_string\"}}],\"inLanguage\":\"es\"},{\"@type\":\"Organization\",\"@id\":\"https:\\\/\\\/www.eldiario.net\\\/portal\\\/#organization\",\"name\":\"El Diario - Decano de la prensa nacional\",\"url\":\"https:\\\/\\\/www.eldiario.net\\\/portal\\\/\",\"logo\":{\"@type\":\"ImageObject\",\"inLanguage\":\"es\",\"@id\":\"https:\\\/\\\/www.eldiario.net\\\/portal\\\/#\\\/schema\\\/logo\\\/image\\\/\",\"url\":\"https:\\\/\\\/www.eldiario.net\\\/portal\\\/wp-content\\\/uploads\\\/2023\\\/07\\\/logo_ED.jpg\",\"contentUrl\":\"https:\\\/\\\/www.eldiario.net\\\/portal\\\/wp-content\\\/uploads\\\/2023\\\/07\\\/logo_ED.jpg\",\"width\":272,\"height\":52,\"caption\":\"El Diario - Decano de la prensa nacional\"},\"image\":{\"@id\":\"https:\\\/\\\/www.eldiario.net\\\/portal\\\/#\\\/schema\\\/logo\\\/image\\\/\"},\"sameAs\":[\"https:\\\/\\\/www.facebook.com\\\/eldiario.bolivia\\\/\",\"https:\\\/\\\/x.com\\\/eldiario_net\"]},{\"@type\":\"Person\",\"@id\":\"https:\\\/\\\/www.eldiario.net\\\/portal\\\/#\\\/schema\\\/person\\\/f46445640444750d7d753ccd04ae01b7\",\"name\":\"Jeanette\",\"image\":{\"@type\":\"ImageObject\",\"inLanguage\":\"es\",\"@id\":\"https:\\\/\\\/secure.gravatar.com\\\/avatar\\\/3ea2118a5f7dad2b7138b1187a6b7ee55f160b9968b66013c3a3ef39dd7e5798?s=96&d=mm&r=g\",\"url\":\"https:\\\/\\\/secure.gravatar.com\\\/avatar\\\/3ea2118a5f7dad2b7138b1187a6b7ee55f160b9968b66013c3a3ef39dd7e5798?s=96&d=mm&r=g\",\"contentUrl\":\"https:\\\/\\\/secure.gravatar.com\\\/avatar\\\/3ea2118a5f7dad2b7138b1187a6b7ee55f160b9968b66013c3a3ef39dd7e5798?s=96&d=mm&r=g\",\"caption\":\"Jeanette\"},\"sameAs\":[\"https:\\\/\\\/www.eldiario.net\\\/portal\"],\"url\":\"https:\\\/\\\/www.eldiario.net\\\/portal\\\/author\\\/jeanette\\\/\"}]}<\/script>\n<!-- \/ Yoast SEO plugin. -->","yoast_head_json":{"title":"Embajada del Brasil presenta \u201cMaria: nadie sabe qui\u00e9n soy yo\u201d - El Diario - Bolivia","robots":{"index":"index","follow":"follow","max-snippet":"max-snippet:-1","max-image-preview":"max-image-preview:large","max-video-preview":"max-video-preview:-1"},"canonical":"https:\/\/www.eldiario.net\/portal\/2023\/06\/07\/embajada-del-brasil-presenta-maria-nadie-sabe-quien-soy-yo\/","og_locale":"es_ES","og_type":"article","og_title":"Embajada del Brasil presenta \u201cMaria: nadie sabe qui\u00e9n soy yo\u201d - El Diario - Bolivia","og_description":"La Embajada de Brasil en La Paz presentar\u00e1, por primera vez en Bolivia, el documental \u201cMaria: nadie sabe qui\u00e9n soy yo\u201d, sobre la renombrada cantante brasile\u00f1a Maria Beth\u00e2nia. El programa incluye una videoconferencia con el productor del documental Gustavo Nunes. Maria Beth\u00e2nia, cuenta con 57 a\u00f1os de carrera, 76 a\u00f1os de edad, muchas pel\u00edculas, innumerables [&hellip;]","og_url":"https:\/\/www.eldiario.net\/portal\/2023\/06\/07\/embajada-del-brasil-presenta-maria-nadie-sabe-quien-soy-yo\/","og_site_name":"El Diario - Bolivia","article_publisher":"https:\/\/www.facebook.com\/eldiario.bolivia\/","article_published_time":"2023-06-07T09:47:52+00:00","og_image":[{"width":1140,"height":474,"url":"https:\/\/www.eldiario.net\/portal\/wp-content\/uploads\/2023\/06\/maria.jpeg","type":"image\/jpeg"}],"author":"Jeanette","twitter_card":"summary_large_image","twitter_creator":"@eldiario_net","twitter_site":"@eldiario_net","twitter_misc":{"Escrito por":"Jeanette","Tiempo de lectura":"2 minutos"},"schema":{"@context":"https:\/\/schema.org","@graph":[{"@type":"Article","@id":"https:\/\/www.eldiario.net\/portal\/2023\/06\/07\/embajada-del-brasil-presenta-maria-nadie-sabe-quien-soy-yo\/#article","isPartOf":{"@id":"https:\/\/www.eldiario.net\/portal\/2023\/06\/07\/embajada-del-brasil-presenta-maria-nadie-sabe-quien-soy-yo\/"},"author":{"name":"Jeanette","@id":"https:\/\/www.eldiario.net\/portal\/#\/schema\/person\/f46445640444750d7d753ccd04ae01b7"},"headline":"Embajada del Brasil presenta \u201cMaria: nadie sabe qui\u00e9n soy yo\u201d","datePublished":"2023-06-07T09:47:52+00:00","mainEntityOfPage":{"@id":"https:\/\/www.eldiario.net\/portal\/2023\/06\/07\/embajada-del-brasil-presenta-maria-nadie-sabe-quien-soy-yo\/"},"wordCount":334,"publisher":{"@id":"https:\/\/www.eldiario.net\/portal\/#organization"},"image":{"@id":"https:\/\/www.eldiario.net\/portal\/2023\/06\/07\/embajada-del-brasil-presenta-maria-nadie-sabe-quien-soy-yo\/#primaryimage"},"thumbnailUrl":"https:\/\/www.eldiario.net\/portal\/wp-content\/uploads\/2023\/06\/maria.jpeg","articleSection":["Cultural"],"inLanguage":"es"},{"@type":"WebPage","@id":"https:\/\/www.eldiario.net\/portal\/2023\/06\/07\/embajada-del-brasil-presenta-maria-nadie-sabe-quien-soy-yo\/","url":"https:\/\/www.eldiario.net\/portal\/2023\/06\/07\/embajada-del-brasil-presenta-maria-nadie-sabe-quien-soy-yo\/","name":"Embajada del Brasil presenta \u201cMaria: nadie sabe qui\u00e9n soy yo\u201d - El Diario - Bolivia","isPartOf":{"@id":"https:\/\/www.eldiario.net\/portal\/#website"},"primaryImageOfPage":{"@id":"https:\/\/www.eldiario.net\/portal\/2023\/06\/07\/embajada-del-brasil-presenta-maria-nadie-sabe-quien-soy-yo\/#primaryimage"},"image":{"@id":"https:\/\/www.eldiario.net\/portal\/2023\/06\/07\/embajada-del-brasil-presenta-maria-nadie-sabe-quien-soy-yo\/#primaryimage"},"thumbnailUrl":"https:\/\/www.eldiario.net\/portal\/wp-content\/uploads\/2023\/06\/maria.jpeg","datePublished":"2023-06-07T09:47:52+00:00","breadcrumb":{"@id":"https:\/\/www.eldiario.net\/portal\/2023\/06\/07\/embajada-del-brasil-presenta-maria-nadie-sabe-quien-soy-yo\/#breadcrumb"},"inLanguage":"es","potentialAction":[{"@type":"ReadAction","target":["https:\/\/www.eldiario.net\/portal\/2023\/06\/07\/embajada-del-brasil-presenta-maria-nadie-sabe-quien-soy-yo\/"]}]},{"@type":"ImageObject","inLanguage":"es","@id":"https:\/\/www.eldiario.net\/portal\/2023\/06\/07\/embajada-del-brasil-presenta-maria-nadie-sabe-quien-soy-yo\/#primaryimage","url":"https:\/\/www.eldiario.net\/portal\/wp-content\/uploads\/2023\/06\/maria.jpeg","contentUrl":"https:\/\/www.eldiario.net\/portal\/wp-content\/uploads\/2023\/06\/maria.jpeg","width":1140,"height":474,"caption":"LA TRAMA DEL DOCUMENTAL GIRA EN TORNO A LA VIDA DE LA CANTANTE BRASILE\u00d1A MARIA BETH\u00c2NIA."},{"@type":"BreadcrumbList","@id":"https:\/\/www.eldiario.net\/portal\/2023\/06\/07\/embajada-del-brasil-presenta-maria-nadie-sabe-quien-soy-yo\/#breadcrumb","itemListElement":[{"@type":"ListItem","position":1,"name":"Portada","item":"https:\/\/www.eldiario.net\/portal\/"},{"@type":"ListItem","position":2,"name":"Embajada del Brasil presenta \u201cMaria: nadie sabe qui\u00e9n soy yo\u201d"}]},{"@type":"WebSite","@id":"https:\/\/www.eldiario.net\/portal\/#website","url":"https:\/\/www.eldiario.net\/portal\/","name":"El Diario - Decano de la prensa nacional","description":"El Diario - Decano de la prensa nacional","publisher":{"@id":"https:\/\/www.eldiario.net\/portal\/#organization"},"potentialAction":[{"@type":"SearchAction","target":{"@type":"EntryPoint","urlTemplate":"https:\/\/www.eldiario.net\/portal\/?s={search_term_string}"},"query-input":{"@type":"PropertyValueSpecification","valueRequired":true,"valueName":"search_term_string"}}],"inLanguage":"es"},{"@type":"Organization","@id":"https:\/\/www.eldiario.net\/portal\/#organization","name":"El Diario - Decano de la prensa nacional","url":"https:\/\/www.eldiario.net\/portal\/","logo":{"@type":"ImageObject","inLanguage":"es","@id":"https:\/\/www.eldiario.net\/portal\/#\/schema\/logo\/image\/","url":"https:\/\/www.eldiario.net\/portal\/wp-content\/uploads\/2023\/07\/logo_ED.jpg","contentUrl":"https:\/\/www.eldiario.net\/portal\/wp-content\/uploads\/2023\/07\/logo_ED.jpg","width":272,"height":52,"caption":"El Diario - Decano de la prensa nacional"},"image":{"@id":"https:\/\/www.eldiario.net\/portal\/#\/schema\/logo\/image\/"},"sameAs":["https:\/\/www.facebook.com\/eldiario.bolivia\/","https:\/\/x.com\/eldiario_net"]},{"@type":"Person","@id":"https:\/\/www.eldiario.net\/portal\/#\/schema\/person\/f46445640444750d7d753ccd04ae01b7","name":"Jeanette","image":{"@type":"ImageObject","inLanguage":"es","@id":"https:\/\/secure.gravatar.com\/avatar\/3ea2118a5f7dad2b7138b1187a6b7ee55f160b9968b66013c3a3ef39dd7e5798?s=96&d=mm&r=g","url":"https:\/\/secure.gravatar.com\/avatar\/3ea2118a5f7dad2b7138b1187a6b7ee55f160b9968b66013c3a3ef39dd7e5798?s=96&d=mm&r=g","contentUrl":"https:\/\/secure.gravatar.com\/avatar\/3ea2118a5f7dad2b7138b1187a6b7ee55f160b9968b66013c3a3ef39dd7e5798?s=96&d=mm&r=g","caption":"Jeanette"},"sameAs":["https:\/\/www.eldiario.net\/portal"],"url":"https:\/\/www.eldiario.net\/portal\/author\/jeanette\/"}]}},"_links":{"self":[{"href":"https:\/\/www.eldiario.net\/portal\/wp-json\/wp\/v2\/posts\/158546","targetHints":{"allow":["GET"]}}],"collection":[{"href":"https:\/\/www.eldiario.net\/portal\/wp-json\/wp\/v2\/posts"}],"about":[{"href":"https:\/\/www.eldiario.net\/portal\/wp-json\/wp\/v2\/types\/post"}],"author":[{"embeddable":true,"href":"https:\/\/www.eldiario.net\/portal\/wp-json\/wp\/v2\/users\/1"}],"replies":[{"embeddable":true,"href":"https:\/\/www.eldiario.net\/portal\/wp-json\/wp\/v2\/comments?post=158546"}],"version-history":[{"count":0,"href":"https:\/\/www.eldiario.net\/portal\/wp-json\/wp\/v2\/posts\/158546\/revisions"}],"wp:featuredmedia":[{"embeddable":true,"href":"https:\/\/www.eldiario.net\/portal\/wp-json\/wp\/v2\/media\/158548"}],"wp:attachment":[{"href":"https:\/\/www.eldiario.net\/portal\/wp-json\/wp\/v2\/media?parent=158546"}],"wp:term":[{"taxonomy":"category","embeddable":true,"href":"https:\/\/www.eldiario.net\/portal\/wp-json\/wp\/v2\/categories?post=158546"},{"taxonomy":"post_tag","embeddable":true,"href":"https:\/\/www.eldiario.net\/portal\/wp-json\/wp\/v2\/tags?post=158546"}],"curies":[{"name":"wp","href":"https:\/\/api.w.org\/{rel}","templated":true}]}}