{"id":158543,"date":"2023-06-07T05:46:56","date_gmt":"2023-06-07T09:46:56","guid":{"rendered":"https:\/\/www.eldiario.net\/portal\/?p=158543"},"modified":"2023-06-07T05:46:56","modified_gmt":"2023-06-07T09:46:56","slug":"gobernacion-exige-al-gobierno-explicar-confiscacion-de-recursos","status":"publish","type":"post","link":"https:\/\/www.eldiario.net\/portal\/2023\/06\/07\/gobernacion-exige-al-gobierno-explicar-confiscacion-de-recursos\/","title":{"rendered":"Gobernaci\u00f3n exige al Gobierno  explicar confiscaci\u00f3n de recursos"},"content":{"rendered":"<p>Ante la confiscaci\u00f3n de recursos ejecutada por el Gobierno Central, la Gobernaci\u00f3n de Santa Cruz, a trav\u00e9s de la Secretar\u00eda de Desarrollo Econ\u00f3mico, dio a conocer su disconformidad a trav\u00e9s de un pronunciamiento, en el cual pide dar soluci\u00f3n a este problema que afecta a la poblaci\u00f3n y sus instituciones.<br \/>\nEl secretario de Desarrollo Econ\u00f3mico, Edgar Land\u00edvar, ante los medios de comunicaci\u00f3n afirm\u00f3 que la confiscaci\u00f3n de recursos se debe a la falta de capacidad del Gobierno para dar respuesta a los problemas econ\u00f3micos, soluciones de la poblaci\u00f3n y de las instituciones. A su vez, recalc\u00f3 que actualmente el gobierno de Luis Arce ha confiscado Bs 300 millones a las regiones y no da explicaciones claras.<br \/>\n\u201cLa falta de recursos afecta directamente a la gesti\u00f3n de la Gobernaci\u00f3n, la falta de respuestas formales y oficiales genera incertidumbre sobre el futuro de las regiones, que no vemos una soluci\u00f3n a este problema\u201d, indic\u00f3 Land\u00edvar.<br \/>\nLa autoridad departamental enfatiz\u00f3 que al confiscarse recursos se afecta directamente a la gesti\u00f3n y su impacto social. Los recursos confiscados le corresponden a las regiones por derecho, son vitales para ejecutar los proyectos y obras que necesita el departamento.<br \/>\nLand\u00edvar exhort\u00f3 al Gobierno a dar respuesta a los problemas y cumplir con las obligaciones para dar certidumbre a las instituciones y a la poblaci\u00f3n.<br \/>\nAl concluir, puntualiz\u00f3 que hasta el momento solo se ha obtenido respuesta del Viceministro de Presupuesto, en la que se muestran estimaciones y no datos reales. (Santa Cruz, agencias).<\/p>\n","protected":false},"excerpt":{"rendered":"<p>Ante la confiscaci\u00f3n de recursos ejecutada por el Gobierno Central, la Gobernaci\u00f3n de Santa Cruz, a trav\u00e9s de la Secretar\u00eda de Desarrollo Econ\u00f3mico, dio a conocer su disconformidad a trav\u00e9s de un pronunciamiento, en el cual pide dar soluci\u00f3n a este problema que afecta a la poblaci\u00f3n y sus instituciones. El secretario de Desarrollo Econ\u00f3mico, [&hellip;]<\/p>\n","protected":false},"author":1,"featured_media":158544,"comment_status":"closed","ping_status":"closed","sticky":false,"template":"","format":"standard","meta":{"_acf_changed":false,"footnotes":""},"categories":[12],"tags":[],"class_list":["post-158543","post","type-post","status-publish","format-standard","has-post-thumbnail","category-nacional"],"acf":{"antetitulo":""},"yoast_head":"<!-- This site is optimized with the Yoast SEO plugin v28.4 - https:\/\/yoast.com\/product\/yoast-seo-wordpress\/ -->\n<title>Gobernaci\u00f3n exige al Gobierno explicar confiscaci\u00f3n de recursos - El Diario - Bolivia<\/title>\n<meta name=\"robots\" content=\"index, follow, max-snippet:-1, max-image-preview:large, max-video-preview:-1\" \/>\n<link rel=\"canonical\" href=\"https:\/\/www.eldiario.net\/portal\/2023\/06\/07\/gobernacion-exige-al-gobierno-explicar-confiscacion-de-recursos\/\" \/>\n<meta property=\"og:locale\" content=\"es_ES\" \/>\n<meta property=\"og:type\" content=\"article\" \/>\n<meta property=\"og:title\" content=\"Gobernaci\u00f3n exige al Gobierno explicar confiscaci\u00f3n de recursos - El Diario - Bolivia\" \/>\n<meta property=\"og:description\" content=\"Ante la confiscaci\u00f3n de recursos ejecutada por el Gobierno Central, la Gobernaci\u00f3n de Santa Cruz, a trav\u00e9s de la Secretar\u00eda de Desarrollo Econ\u00f3mico, dio a conocer su disconformidad a trav\u00e9s de un pronunciamiento, en el cual pide dar soluci\u00f3n a este problema que afecta a la poblaci\u00f3n y sus instituciones. El secretario de Desarrollo Econ\u00f3mico, [&hellip;]\" \/>\n<meta property=\"og:url\" content=\"https:\/\/www.eldiario.net\/portal\/2023\/06\/07\/gobernacion-exige-al-gobierno-explicar-confiscacion-de-recursos\/\" \/>\n<meta property=\"og:site_name\" content=\"El Diario - Bolivia\" \/>\n<meta property=\"article:publisher\" content=\"https:\/\/www.facebook.com\/eldiario.bolivia\/\" \/>\n<meta property=\"article:published_time\" content=\"2023-06-07T09:46:56+00:00\" \/>\n<meta property=\"og:image\" content=\"https:\/\/www.eldiario.net\/portal\/wp-content\/uploads\/2023\/06\/10-NAl-COLOR.jpg\" \/>\n\t<meta property=\"og:image:width\" content=\"1280\" \/>\n\t<meta property=\"og:image:height\" content=\"720\" \/>\n\t<meta property=\"og:image:type\" content=\"image\/jpeg\" \/>\n<meta name=\"author\" content=\"Jeanette\" \/>\n<meta name=\"twitter:card\" content=\"summary_large_image\" \/>\n<meta name=\"twitter:creator\" content=\"@eldiario_net\" \/>\n<meta name=\"twitter:site\" content=\"@eldiario_net\" \/>\n<meta name=\"twitter:label1\" content=\"Escrito por\" \/>\n\t<meta name=\"twitter:data1\" content=\"Jeanette\" \/>\n\t<meta name=\"twitter:label2\" content=\"Tiempo de lectura\" \/>\n\t<meta name=\"twitter:data2\" content=\"2 minutos\" \/>\n<script type=\"application\/ld+json\" class=\"yoast-schema-graph\">{\"@context\":\"https:\\\/\\\/schema.org\",\"@graph\":[{\"@type\":\"Article\",\"@id\":\"https:\\\/\\\/www.eldiario.net\\\/portal\\\/2023\\\/06\\\/07\\\/gobernacion-exige-al-gobierno-explicar-confiscacion-de-recursos\\\/#article\",\"isPartOf\":{\"@id\":\"https:\\\/\\\/www.eldiario.net\\\/portal\\\/2023\\\/06\\\/07\\\/gobernacion-exige-al-gobierno-explicar-confiscacion-de-recursos\\\/\"},\"author\":{\"name\":\"Jeanette\",\"@id\":\"https:\\\/\\\/www.eldiario.net\\\/portal\\\/#\\\/schema\\\/person\\\/f46445640444750d7d753ccd04ae01b7\"},\"headline\":\"Gobernaci\u00f3n exige al Gobierno explicar confiscaci\u00f3n de recursos\",\"datePublished\":\"2023-06-07T09:46:56+00:00\",\"mainEntityOfPage\":{\"@id\":\"https:\\\/\\\/www.eldiario.net\\\/portal\\\/2023\\\/06\\\/07\\\/gobernacion-exige-al-gobierno-explicar-confiscacion-de-recursos\\\/\"},\"wordCount\":277,\"publisher\":{\"@id\":\"https:\\\/\\\/www.eldiario.net\\\/portal\\\/#organization\"},\"image\":{\"@id\":\"https:\\\/\\\/www.eldiario.net\\\/portal\\\/2023\\\/06\\\/07\\\/gobernacion-exige-al-gobierno-explicar-confiscacion-de-recursos\\\/#primaryimage\"},\"thumbnailUrl\":\"https:\\\/\\\/www.eldiario.net\\\/portal\\\/wp-content\\\/uploads\\\/2023\\\/06\\\/10-NAl-COLOR.jpg\",\"articleSection\":[\"Nacional\"],\"inLanguage\":\"es\"},{\"@type\":\"WebPage\",\"@id\":\"https:\\\/\\\/www.eldiario.net\\\/portal\\\/2023\\\/06\\\/07\\\/gobernacion-exige-al-gobierno-explicar-confiscacion-de-recursos\\\/\",\"url\":\"https:\\\/\\\/www.eldiario.net\\\/portal\\\/2023\\\/06\\\/07\\\/gobernacion-exige-al-gobierno-explicar-confiscacion-de-recursos\\\/\",\"name\":\"Gobernaci\u00f3n exige al Gobierno explicar confiscaci\u00f3n de recursos - El Diario - Bolivia\",\"isPartOf\":{\"@id\":\"https:\\\/\\\/www.eldiario.net\\\/portal\\\/#website\"},\"primaryImageOfPage\":{\"@id\":\"https:\\\/\\\/www.eldiario.net\\\/portal\\\/2023\\\/06\\\/07\\\/gobernacion-exige-al-gobierno-explicar-confiscacion-de-recursos\\\/#primaryimage\"},\"image\":{\"@id\":\"https:\\\/\\\/www.eldiario.net\\\/portal\\\/2023\\\/06\\\/07\\\/gobernacion-exige-al-gobierno-explicar-confiscacion-de-recursos\\\/#primaryimage\"},\"thumbnailUrl\":\"https:\\\/\\\/www.eldiario.net\\\/portal\\\/wp-content\\\/uploads\\\/2023\\\/06\\\/10-NAl-COLOR.jpg\",\"datePublished\":\"2023-06-07T09:46:56+00:00\",\"breadcrumb\":{\"@id\":\"https:\\\/\\\/www.eldiario.net\\\/portal\\\/2023\\\/06\\\/07\\\/gobernacion-exige-al-gobierno-explicar-confiscacion-de-recursos\\\/#breadcrumb\"},\"inLanguage\":\"es\",\"potentialAction\":[{\"@type\":\"ReadAction\",\"target\":[\"https:\\\/\\\/www.eldiario.net\\\/portal\\\/2023\\\/06\\\/07\\\/gobernacion-exige-al-gobierno-explicar-confiscacion-de-recursos\\\/\"]}]},{\"@type\":\"ImageObject\",\"inLanguage\":\"es\",\"@id\":\"https:\\\/\\\/www.eldiario.net\\\/portal\\\/2023\\\/06\\\/07\\\/gobernacion-exige-al-gobierno-explicar-confiscacion-de-recursos\\\/#primaryimage\",\"url\":\"https:\\\/\\\/www.eldiario.net\\\/portal\\\/wp-content\\\/uploads\\\/2023\\\/06\\\/10-NAl-COLOR.jpg\",\"contentUrl\":\"https:\\\/\\\/www.eldiario.net\\\/portal\\\/wp-content\\\/uploads\\\/2023\\\/06\\\/10-NAl-COLOR.jpg\",\"width\":1280,\"height\":720,\"caption\":\"El secretario de Desarrollo Econ\u00f3mico, Edgar Land\u00edvar.\"},{\"@type\":\"BreadcrumbList\",\"@id\":\"https:\\\/\\\/www.eldiario.net\\\/portal\\\/2023\\\/06\\\/07\\\/gobernacion-exige-al-gobierno-explicar-confiscacion-de-recursos\\\/#breadcrumb\",\"itemListElement\":[{\"@type\":\"ListItem\",\"position\":1,\"name\":\"Portada\",\"item\":\"https:\\\/\\\/www.eldiario.net\\\/portal\\\/\"},{\"@type\":\"ListItem\",\"position\":2,\"name\":\"Gobernaci\u00f3n exige al Gobierno explicar confiscaci\u00f3n de recursos\"}]},{\"@type\":\"WebSite\",\"@id\":\"https:\\\/\\\/www.eldiario.net\\\/portal\\\/#website\",\"url\":\"https:\\\/\\\/www.eldiario.net\\\/portal\\\/\",\"name\":\"El Diario - Decano de la prensa nacional\",\"description\":\"El Diario - Decano de la prensa nacional\",\"publisher\":{\"@id\":\"https:\\\/\\\/www.eldiario.net\\\/portal\\\/#organization\"},\"potentialAction\":[{\"@type\":\"SearchAction\",\"target\":{\"@type\":\"EntryPoint\",\"urlTemplate\":\"https:\\\/\\\/www.eldiario.net\\\/portal\\\/?s={search_term_string}\"},\"query-input\":{\"@type\":\"PropertyValueSpecification\",\"valueRequired\":true,\"valueName\":\"search_term_string\"}}],\"inLanguage\":\"es\"},{\"@type\":\"Organization\",\"@id\":\"https:\\\/\\\/www.eldiario.net\\\/portal\\\/#organization\",\"name\":\"El Diario - Decano de la prensa nacional\",\"url\":\"https:\\\/\\\/www.eldiario.net\\\/portal\\\/\",\"logo\":{\"@type\":\"ImageObject\",\"inLanguage\":\"es\",\"@id\":\"https:\\\/\\\/www.eldiario.net\\\/portal\\\/#\\\/schema\\\/logo\\\/image\\\/\",\"url\":\"https:\\\/\\\/www.eldiario.net\\\/portal\\\/wp-content\\\/uploads\\\/2023\\\/07\\\/logo_ED.jpg\",\"contentUrl\":\"https:\\\/\\\/www.eldiario.net\\\/portal\\\/wp-content\\\/uploads\\\/2023\\\/07\\\/logo_ED.jpg\",\"width\":272,\"height\":52,\"caption\":\"El Diario - Decano de la prensa nacional\"},\"image\":{\"@id\":\"https:\\\/\\\/www.eldiario.net\\\/portal\\\/#\\\/schema\\\/logo\\\/image\\\/\"},\"sameAs\":[\"https:\\\/\\\/www.facebook.com\\\/eldiario.bolivia\\\/\",\"https:\\\/\\\/x.com\\\/eldiario_net\"]},{\"@type\":\"Person\",\"@id\":\"https:\\\/\\\/www.eldiario.net\\\/portal\\\/#\\\/schema\\\/person\\\/f46445640444750d7d753ccd04ae01b7\",\"name\":\"Jeanette\",\"image\":{\"@type\":\"ImageObject\",\"inLanguage\":\"es\",\"@id\":\"https:\\\/\\\/secure.gravatar.com\\\/avatar\\\/3ea2118a5f7dad2b7138b1187a6b7ee55f160b9968b66013c3a3ef39dd7e5798?s=96&d=mm&r=g\",\"url\":\"https:\\\/\\\/secure.gravatar.com\\\/avatar\\\/3ea2118a5f7dad2b7138b1187a6b7ee55f160b9968b66013c3a3ef39dd7e5798?s=96&d=mm&r=g\",\"contentUrl\":\"https:\\\/\\\/secure.gravatar.com\\\/avatar\\\/3ea2118a5f7dad2b7138b1187a6b7ee55f160b9968b66013c3a3ef39dd7e5798?s=96&d=mm&r=g\",\"caption\":\"Jeanette\"},\"sameAs\":[\"https:\\\/\\\/www.eldiario.net\\\/portal\"],\"url\":\"https:\\\/\\\/www.eldiario.net\\\/portal\\\/author\\\/jeanette\\\/\"}]}<\/script>\n<!-- \/ Yoast SEO plugin. -->","yoast_head_json":{"title":"Gobernaci\u00f3n exige al Gobierno explicar confiscaci\u00f3n de recursos - El Diario - Bolivia","robots":{"index":"index","follow":"follow","max-snippet":"max-snippet:-1","max-image-preview":"max-image-preview:large","max-video-preview":"max-video-preview:-1"},"canonical":"https:\/\/www.eldiario.net\/portal\/2023\/06\/07\/gobernacion-exige-al-gobierno-explicar-confiscacion-de-recursos\/","og_locale":"es_ES","og_type":"article","og_title":"Gobernaci\u00f3n exige al Gobierno explicar confiscaci\u00f3n de recursos - El Diario - Bolivia","og_description":"Ante la confiscaci\u00f3n de recursos ejecutada por el Gobierno Central, la Gobernaci\u00f3n de Santa Cruz, a trav\u00e9s de la Secretar\u00eda de Desarrollo Econ\u00f3mico, dio a conocer su disconformidad a trav\u00e9s de un pronunciamiento, en el cual pide dar soluci\u00f3n a este problema que afecta a la poblaci\u00f3n y sus instituciones. El secretario de Desarrollo Econ\u00f3mico, [&hellip;]","og_url":"https:\/\/www.eldiario.net\/portal\/2023\/06\/07\/gobernacion-exige-al-gobierno-explicar-confiscacion-de-recursos\/","og_site_name":"El Diario - Bolivia","article_publisher":"https:\/\/www.facebook.com\/eldiario.bolivia\/","article_published_time":"2023-06-07T09:46:56+00:00","og_image":[{"width":1280,"height":720,"url":"https:\/\/www.eldiario.net\/portal\/wp-content\/uploads\/2023\/06\/10-NAl-COLOR.jpg","type":"image\/jpeg"}],"author":"Jeanette","twitter_card":"summary_large_image","twitter_creator":"@eldiario_net","twitter_site":"@eldiario_net","twitter_misc":{"Escrito por":"Jeanette","Tiempo de lectura":"2 minutos"},"schema":{"@context":"https:\/\/schema.org","@graph":[{"@type":"Article","@id":"https:\/\/www.eldiario.net\/portal\/2023\/06\/07\/gobernacion-exige-al-gobierno-explicar-confiscacion-de-recursos\/#article","isPartOf":{"@id":"https:\/\/www.eldiario.net\/portal\/2023\/06\/07\/gobernacion-exige-al-gobierno-explicar-confiscacion-de-recursos\/"},"author":{"name":"Jeanette","@id":"https:\/\/www.eldiario.net\/portal\/#\/schema\/person\/f46445640444750d7d753ccd04ae01b7"},"headline":"Gobernaci\u00f3n exige al Gobierno explicar confiscaci\u00f3n de recursos","datePublished":"2023-06-07T09:46:56+00:00","mainEntityOfPage":{"@id":"https:\/\/www.eldiario.net\/portal\/2023\/06\/07\/gobernacion-exige-al-gobierno-explicar-confiscacion-de-recursos\/"},"wordCount":277,"publisher":{"@id":"https:\/\/www.eldiario.net\/portal\/#organization"},"image":{"@id":"https:\/\/www.eldiario.net\/portal\/2023\/06\/07\/gobernacion-exige-al-gobierno-explicar-confiscacion-de-recursos\/#primaryimage"},"thumbnailUrl":"https:\/\/www.eldiario.net\/portal\/wp-content\/uploads\/2023\/06\/10-NAl-COLOR.jpg","articleSection":["Nacional"],"inLanguage":"es"},{"@type":"WebPage","@id":"https:\/\/www.eldiario.net\/portal\/2023\/06\/07\/gobernacion-exige-al-gobierno-explicar-confiscacion-de-recursos\/","url":"https:\/\/www.eldiario.net\/portal\/2023\/06\/07\/gobernacion-exige-al-gobierno-explicar-confiscacion-de-recursos\/","name":"Gobernaci\u00f3n exige al Gobierno explicar confiscaci\u00f3n de recursos - El Diario - Bolivia","isPartOf":{"@id":"https:\/\/www.eldiario.net\/portal\/#website"},"primaryImageOfPage":{"@id":"https:\/\/www.eldiario.net\/portal\/2023\/06\/07\/gobernacion-exige-al-gobierno-explicar-confiscacion-de-recursos\/#primaryimage"},"image":{"@id":"https:\/\/www.eldiario.net\/portal\/2023\/06\/07\/gobernacion-exige-al-gobierno-explicar-confiscacion-de-recursos\/#primaryimage"},"thumbnailUrl":"https:\/\/www.eldiario.net\/portal\/wp-content\/uploads\/2023\/06\/10-NAl-COLOR.jpg","datePublished":"2023-06-07T09:46:56+00:00","breadcrumb":{"@id":"https:\/\/www.eldiario.net\/portal\/2023\/06\/07\/gobernacion-exige-al-gobierno-explicar-confiscacion-de-recursos\/#breadcrumb"},"inLanguage":"es","potentialAction":[{"@type":"ReadAction","target":["https:\/\/www.eldiario.net\/portal\/2023\/06\/07\/gobernacion-exige-al-gobierno-explicar-confiscacion-de-recursos\/"]}]},{"@type":"ImageObject","inLanguage":"es","@id":"https:\/\/www.eldiario.net\/portal\/2023\/06\/07\/gobernacion-exige-al-gobierno-explicar-confiscacion-de-recursos\/#primaryimage","url":"https:\/\/www.eldiario.net\/portal\/wp-content\/uploads\/2023\/06\/10-NAl-COLOR.jpg","contentUrl":"https:\/\/www.eldiario.net\/portal\/wp-content\/uploads\/2023\/06\/10-NAl-COLOR.jpg","width":1280,"height":720,"caption":"El secretario de Desarrollo Econ\u00f3mico, Edgar Land\u00edvar."},{"@type":"BreadcrumbList","@id":"https:\/\/www.eldiario.net\/portal\/2023\/06\/07\/gobernacion-exige-al-gobierno-explicar-confiscacion-de-recursos\/#breadcrumb","itemListElement":[{"@type":"ListItem","position":1,"name":"Portada","item":"https:\/\/www.eldiario.net\/portal\/"},{"@type":"ListItem","position":2,"name":"Gobernaci\u00f3n exige al Gobierno explicar confiscaci\u00f3n de recursos"}]},{"@type":"WebSite","@id":"https:\/\/www.eldiario.net\/portal\/#website","url":"https:\/\/www.eldiario.net\/portal\/","name":"El Diario - Decano de la prensa nacional","description":"El Diario - Decano de la prensa nacional","publisher":{"@id":"https:\/\/www.eldiario.net\/portal\/#organization"},"potentialAction":[{"@type":"SearchAction","target":{"@type":"EntryPoint","urlTemplate":"https:\/\/www.eldiario.net\/portal\/?s={search_term_string}"},"query-input":{"@type":"PropertyValueSpecification","valueRequired":true,"valueName":"search_term_string"}}],"inLanguage":"es"},{"@type":"Organization","@id":"https:\/\/www.eldiario.net\/portal\/#organization","name":"El Diario - Decano de la prensa nacional","url":"https:\/\/www.eldiario.net\/portal\/","logo":{"@type":"ImageObject","inLanguage":"es","@id":"https:\/\/www.eldiario.net\/portal\/#\/schema\/logo\/image\/","url":"https:\/\/www.eldiario.net\/portal\/wp-content\/uploads\/2023\/07\/logo_ED.jpg","contentUrl":"https:\/\/www.eldiario.net\/portal\/wp-content\/uploads\/2023\/07\/logo_ED.jpg","width":272,"height":52,"caption":"El Diario - Decano de la prensa nacional"},"image":{"@id":"https:\/\/www.eldiario.net\/portal\/#\/schema\/logo\/image\/"},"sameAs":["https:\/\/www.facebook.com\/eldiario.bolivia\/","https:\/\/x.com\/eldiario_net"]},{"@type":"Person","@id":"https:\/\/www.eldiario.net\/portal\/#\/schema\/person\/f46445640444750d7d753ccd04ae01b7","name":"Jeanette","image":{"@type":"ImageObject","inLanguage":"es","@id":"https:\/\/secure.gravatar.com\/avatar\/3ea2118a5f7dad2b7138b1187a6b7ee55f160b9968b66013c3a3ef39dd7e5798?s=96&d=mm&r=g","url":"https:\/\/secure.gravatar.com\/avatar\/3ea2118a5f7dad2b7138b1187a6b7ee55f160b9968b66013c3a3ef39dd7e5798?s=96&d=mm&r=g","contentUrl":"https:\/\/secure.gravatar.com\/avatar\/3ea2118a5f7dad2b7138b1187a6b7ee55f160b9968b66013c3a3ef39dd7e5798?s=96&d=mm&r=g","caption":"Jeanette"},"sameAs":["https:\/\/www.eldiario.net\/portal"],"url":"https:\/\/www.eldiario.net\/portal\/author\/jeanette\/"}]}},"_links":{"self":[{"href":"https:\/\/www.eldiario.net\/portal\/wp-json\/wp\/v2\/posts\/158543","targetHints":{"allow":["GET"]}}],"collection":[{"href":"https:\/\/www.eldiario.net\/portal\/wp-json\/wp\/v2\/posts"}],"about":[{"href":"https:\/\/www.eldiario.net\/portal\/wp-json\/wp\/v2\/types\/post"}],"author":[{"embeddable":true,"href":"https:\/\/www.eldiario.net\/portal\/wp-json\/wp\/v2\/users\/1"}],"replies":[{"embeddable":true,"href":"https:\/\/www.eldiario.net\/portal\/wp-json\/wp\/v2\/comments?post=158543"}],"version-history":[{"count":0,"href":"https:\/\/www.eldiario.net\/portal\/wp-json\/wp\/v2\/posts\/158543\/revisions"}],"wp:featuredmedia":[{"embeddable":true,"href":"https:\/\/www.eldiario.net\/portal\/wp-json\/wp\/v2\/media\/158544"}],"wp:attachment":[{"href":"https:\/\/www.eldiario.net\/portal\/wp-json\/wp\/v2\/media?parent=158543"}],"wp:term":[{"taxonomy":"category","embeddable":true,"href":"https:\/\/www.eldiario.net\/portal\/wp-json\/wp\/v2\/categories?post=158543"},{"taxonomy":"post_tag","embeddable":true,"href":"https:\/\/www.eldiario.net\/portal\/wp-json\/wp\/v2\/tags?post=158543"}],"curies":[{"name":"wp","href":"https:\/\/api.w.org\/{rel}","templated":true}]}}