{"id":158534,"date":"2023-06-07T05:44:45","date_gmt":"2023-06-07T09:44:45","guid":{"rendered":"https:\/\/www.eldiario.net\/portal\/?p=158534"},"modified":"2023-06-07T05:44:45","modified_gmt":"2023-06-07T09:44:45","slug":"comienza-campana-perchero-invernal-para-las-personas-con-escasos-recursos","status":"publish","type":"post","link":"https:\/\/www.eldiario.net\/portal\/2023\/06\/07\/comienza-campana-perchero-invernal-para-las-personas-con-escasos-recursos\/","title":{"rendered":"Comienza campa\u00f1a \u201cPerchero Invernal\u201d para las personas con escasos recursos"},"content":{"rendered":"<p>La campa\u00f1a \u201cPechero Invernal\u201d comenz\u00f3 en la ciudad de Cochabamba con el prop\u00f3sito de proporcionar ropa abrigada a personas que viven en condiciones precarias.<br \/>\nEn la inauguraci\u00f3n de la campa\u00f1a se dieron cita decenas de personas de bajos recursos econ\u00f3micos, a quienes se les entreg\u00f3 ropa, frazadas, material de aseo y un desayuno caliente.<br \/>\n\u201cQu\u00e9 importante es coadyuvar con la gente m\u00e1s necesitada, con las personas en situaci\u00f3n de calle, pero en Cochabamba existe el esp\u00edritu filantr\u00f3pico de poder coadyuvar con los m\u00e1s humildes\u201d, se\u00f1al\u00f3 el alcalde de Cochabamba, Manfred Reyes Villa.<br \/>\nAsimismo, la autoridad agradeci\u00f3 a FarmaElias y todas las instituciones y empresas que se suman a la campa\u00f1a para colaborar a quienes m\u00e1s lo necesitan.<br \/>\nLa primera autoridad municipal, adem\u00e1s, record\u00f3 e inst\u00f3 a la poblaci\u00f3n a que acuda a los puntos de vacunaci\u00f3n contra la influenza y el covid-19.<br \/>\n\u201cLa Secretar\u00eda de Salud est\u00e1 constantemente con la vacuna para prevenir la influenza, debemos cuidar la salud de nuestro pueblo, as\u00ed como lo hicimos durante la pandemia con el coronavirus\u201d, finaliz\u00f3 Reyes Villa.<br \/>\nA su vez, los cochabambinos agradecieron que la Alcald\u00eda se acuerde de ellos y se preocupe por brindarles mejores condiciones, especialmente durante la temporada de invierno. (Cochabamba, agencias).<\/p>\n","protected":false},"excerpt":{"rendered":"<p>La campa\u00f1a \u201cPechero Invernal\u201d comenz\u00f3 en la ciudad de Cochabamba con el prop\u00f3sito de proporcionar ropa abrigada a personas que viven en condiciones precarias. En la inauguraci\u00f3n de la campa\u00f1a se dieron cita decenas de personas de bajos recursos econ\u00f3micos, a quienes se les entreg\u00f3 ropa, frazadas, material de aseo y un desayuno caliente. \u201cQu\u00e9 [&hellip;]<\/p>\n","protected":false},"author":1,"featured_media":0,"comment_status":"closed","ping_status":"closed","sticky":false,"template":"","format":"standard","meta":{"_acf_changed":false,"footnotes":""},"categories":[12],"tags":[],"class_list":["post-158534","post","type-post","status-publish","format-standard","category-nacional"],"acf":{"antetitulo":""},"yoast_head":"<!-- This site is optimized with the Yoast SEO plugin v28.4 - https:\/\/yoast.com\/product\/yoast-seo-wordpress\/ -->\n<title>Comienza campa\u00f1a \u201cPerchero Invernal\u201d para las personas con escasos recursos - El Diario - Bolivia<\/title>\n<meta name=\"robots\" content=\"index, follow, max-snippet:-1, max-image-preview:large, max-video-preview:-1\" \/>\n<link rel=\"canonical\" href=\"https:\/\/www.eldiario.net\/portal\/2023\/06\/07\/comienza-campana-perchero-invernal-para-las-personas-con-escasos-recursos\/\" \/>\n<meta property=\"og:locale\" content=\"es_ES\" \/>\n<meta property=\"og:type\" content=\"article\" \/>\n<meta property=\"og:title\" content=\"Comienza campa\u00f1a \u201cPerchero Invernal\u201d para las personas con escasos recursos - El Diario - Bolivia\" \/>\n<meta property=\"og:description\" content=\"La campa\u00f1a \u201cPechero Invernal\u201d comenz\u00f3 en la ciudad de Cochabamba con el prop\u00f3sito de proporcionar ropa abrigada a personas que viven en condiciones precarias. En la inauguraci\u00f3n de la campa\u00f1a se dieron cita decenas de personas de bajos recursos econ\u00f3micos, a quienes se les entreg\u00f3 ropa, frazadas, material de aseo y un desayuno caliente. \u201cQu\u00e9 [&hellip;]\" \/>\n<meta property=\"og:url\" content=\"https:\/\/www.eldiario.net\/portal\/2023\/06\/07\/comienza-campana-perchero-invernal-para-las-personas-con-escasos-recursos\/\" \/>\n<meta property=\"og:site_name\" content=\"El Diario - Bolivia\" \/>\n<meta property=\"article:publisher\" content=\"https:\/\/www.facebook.com\/eldiario.bolivia\/\" \/>\n<meta property=\"article:published_time\" content=\"2023-06-07T09:44:45+00:00\" \/>\n<meta name=\"author\" content=\"Jeanette\" \/>\n<meta name=\"twitter:card\" content=\"summary_large_image\" \/>\n<meta name=\"twitter:creator\" content=\"@eldiario_net\" \/>\n<meta name=\"twitter:site\" content=\"@eldiario_net\" \/>\n<meta name=\"twitter:label1\" content=\"Escrito por\" \/>\n\t<meta name=\"twitter:data1\" content=\"Jeanette\" \/>\n\t<meta name=\"twitter:label2\" content=\"Tiempo de lectura\" \/>\n\t<meta name=\"twitter:data2\" content=\"1 minuto\" \/>\n<script type=\"application\/ld+json\" class=\"yoast-schema-graph\">{\"@context\":\"https:\\\/\\\/schema.org\",\"@graph\":[{\"@type\":\"Article\",\"@id\":\"https:\\\/\\\/www.eldiario.net\\\/portal\\\/2023\\\/06\\\/07\\\/comienza-campana-perchero-invernal-para-las-personas-con-escasos-recursos\\\/#article\",\"isPartOf\":{\"@id\":\"https:\\\/\\\/www.eldiario.net\\\/portal\\\/2023\\\/06\\\/07\\\/comienza-campana-perchero-invernal-para-las-personas-con-escasos-recursos\\\/\"},\"author\":{\"name\":\"Jeanette\",\"@id\":\"https:\\\/\\\/www.eldiario.net\\\/portal\\\/#\\\/schema\\\/person\\\/f46445640444750d7d753ccd04ae01b7\"},\"headline\":\"Comienza campa\u00f1a \u201cPerchero Invernal\u201d para las personas con escasos recursos\",\"datePublished\":\"2023-06-07T09:44:45+00:00\",\"mainEntityOfPage\":{\"@id\":\"https:\\\/\\\/www.eldiario.net\\\/portal\\\/2023\\\/06\\\/07\\\/comienza-campana-perchero-invernal-para-las-personas-con-escasos-recursos\\\/\"},\"wordCount\":232,\"publisher\":{\"@id\":\"https:\\\/\\\/www.eldiario.net\\\/portal\\\/#organization\"},\"articleSection\":[\"Nacional\"],\"inLanguage\":\"es\"},{\"@type\":\"WebPage\",\"@id\":\"https:\\\/\\\/www.eldiario.net\\\/portal\\\/2023\\\/06\\\/07\\\/comienza-campana-perchero-invernal-para-las-personas-con-escasos-recursos\\\/\",\"url\":\"https:\\\/\\\/www.eldiario.net\\\/portal\\\/2023\\\/06\\\/07\\\/comienza-campana-perchero-invernal-para-las-personas-con-escasos-recursos\\\/\",\"name\":\"Comienza campa\u00f1a \u201cPerchero Invernal\u201d para las personas con escasos recursos - El Diario - Bolivia\",\"isPartOf\":{\"@id\":\"https:\\\/\\\/www.eldiario.net\\\/portal\\\/#website\"},\"datePublished\":\"2023-06-07T09:44:45+00:00\",\"breadcrumb\":{\"@id\":\"https:\\\/\\\/www.eldiario.net\\\/portal\\\/2023\\\/06\\\/07\\\/comienza-campana-perchero-invernal-para-las-personas-con-escasos-recursos\\\/#breadcrumb\"},\"inLanguage\":\"es\",\"potentialAction\":[{\"@type\":\"ReadAction\",\"target\":[\"https:\\\/\\\/www.eldiario.net\\\/portal\\\/2023\\\/06\\\/07\\\/comienza-campana-perchero-invernal-para-las-personas-con-escasos-recursos\\\/\"]}]},{\"@type\":\"BreadcrumbList\",\"@id\":\"https:\\\/\\\/www.eldiario.net\\\/portal\\\/2023\\\/06\\\/07\\\/comienza-campana-perchero-invernal-para-las-personas-con-escasos-recursos\\\/#breadcrumb\",\"itemListElement\":[{\"@type\":\"ListItem\",\"position\":1,\"name\":\"Portada\",\"item\":\"https:\\\/\\\/www.eldiario.net\\\/portal\\\/\"},{\"@type\":\"ListItem\",\"position\":2,\"name\":\"Comienza campa\u00f1a \u201cPerchero Invernal\u201d para las personas con escasos recursos\"}]},{\"@type\":\"WebSite\",\"@id\":\"https:\\\/\\\/www.eldiario.net\\\/portal\\\/#website\",\"url\":\"https:\\\/\\\/www.eldiario.net\\\/portal\\\/\",\"name\":\"El Diario - Decano de la prensa nacional\",\"description\":\"El Diario - Decano de la prensa nacional\",\"publisher\":{\"@id\":\"https:\\\/\\\/www.eldiario.net\\\/portal\\\/#organization\"},\"potentialAction\":[{\"@type\":\"SearchAction\",\"target\":{\"@type\":\"EntryPoint\",\"urlTemplate\":\"https:\\\/\\\/www.eldiario.net\\\/portal\\\/?s={search_term_string}\"},\"query-input\":{\"@type\":\"PropertyValueSpecification\",\"valueRequired\":true,\"valueName\":\"search_term_string\"}}],\"inLanguage\":\"es\"},{\"@type\":\"Organization\",\"@id\":\"https:\\\/\\\/www.eldiario.net\\\/portal\\\/#organization\",\"name\":\"El Diario - Decano de la prensa nacional\",\"url\":\"https:\\\/\\\/www.eldiario.net\\\/portal\\\/\",\"logo\":{\"@type\":\"ImageObject\",\"inLanguage\":\"es\",\"@id\":\"https:\\\/\\\/www.eldiario.net\\\/portal\\\/#\\\/schema\\\/logo\\\/image\\\/\",\"url\":\"https:\\\/\\\/www.eldiario.net\\\/portal\\\/wp-content\\\/uploads\\\/2023\\\/07\\\/logo_ED.jpg\",\"contentUrl\":\"https:\\\/\\\/www.eldiario.net\\\/portal\\\/wp-content\\\/uploads\\\/2023\\\/07\\\/logo_ED.jpg\",\"width\":272,\"height\":52,\"caption\":\"El Diario - Decano de la prensa nacional\"},\"image\":{\"@id\":\"https:\\\/\\\/www.eldiario.net\\\/portal\\\/#\\\/schema\\\/logo\\\/image\\\/\"},\"sameAs\":[\"https:\\\/\\\/www.facebook.com\\\/eldiario.bolivia\\\/\",\"https:\\\/\\\/x.com\\\/eldiario_net\"]},{\"@type\":\"Person\",\"@id\":\"https:\\\/\\\/www.eldiario.net\\\/portal\\\/#\\\/schema\\\/person\\\/f46445640444750d7d753ccd04ae01b7\",\"name\":\"Jeanette\",\"image\":{\"@type\":\"ImageObject\",\"inLanguage\":\"es\",\"@id\":\"https:\\\/\\\/secure.gravatar.com\\\/avatar\\\/3ea2118a5f7dad2b7138b1187a6b7ee55f160b9968b66013c3a3ef39dd7e5798?s=96&d=mm&r=g\",\"url\":\"https:\\\/\\\/secure.gravatar.com\\\/avatar\\\/3ea2118a5f7dad2b7138b1187a6b7ee55f160b9968b66013c3a3ef39dd7e5798?s=96&d=mm&r=g\",\"contentUrl\":\"https:\\\/\\\/secure.gravatar.com\\\/avatar\\\/3ea2118a5f7dad2b7138b1187a6b7ee55f160b9968b66013c3a3ef39dd7e5798?s=96&d=mm&r=g\",\"caption\":\"Jeanette\"},\"sameAs\":[\"https:\\\/\\\/www.eldiario.net\\\/portal\"],\"url\":\"https:\\\/\\\/www.eldiario.net\\\/portal\\\/author\\\/jeanette\\\/\"}]}<\/script>\n<!-- \/ Yoast SEO plugin. -->","yoast_head_json":{"title":"Comienza campa\u00f1a \u201cPerchero Invernal\u201d para las personas con escasos recursos - El Diario - Bolivia","robots":{"index":"index","follow":"follow","max-snippet":"max-snippet:-1","max-image-preview":"max-image-preview:large","max-video-preview":"max-video-preview:-1"},"canonical":"https:\/\/www.eldiario.net\/portal\/2023\/06\/07\/comienza-campana-perchero-invernal-para-las-personas-con-escasos-recursos\/","og_locale":"es_ES","og_type":"article","og_title":"Comienza campa\u00f1a \u201cPerchero Invernal\u201d para las personas con escasos recursos - El Diario - Bolivia","og_description":"La campa\u00f1a \u201cPechero Invernal\u201d comenz\u00f3 en la ciudad de Cochabamba con el prop\u00f3sito de proporcionar ropa abrigada a personas que viven en condiciones precarias. En la inauguraci\u00f3n de la campa\u00f1a se dieron cita decenas de personas de bajos recursos econ\u00f3micos, a quienes se les entreg\u00f3 ropa, frazadas, material de aseo y un desayuno caliente. \u201cQu\u00e9 [&hellip;]","og_url":"https:\/\/www.eldiario.net\/portal\/2023\/06\/07\/comienza-campana-perchero-invernal-para-las-personas-con-escasos-recursos\/","og_site_name":"El Diario - Bolivia","article_publisher":"https:\/\/www.facebook.com\/eldiario.bolivia\/","article_published_time":"2023-06-07T09:44:45+00:00","author":"Jeanette","twitter_card":"summary_large_image","twitter_creator":"@eldiario_net","twitter_site":"@eldiario_net","twitter_misc":{"Escrito por":"Jeanette","Tiempo de lectura":"1 minuto"},"schema":{"@context":"https:\/\/schema.org","@graph":[{"@type":"Article","@id":"https:\/\/www.eldiario.net\/portal\/2023\/06\/07\/comienza-campana-perchero-invernal-para-las-personas-con-escasos-recursos\/#article","isPartOf":{"@id":"https:\/\/www.eldiario.net\/portal\/2023\/06\/07\/comienza-campana-perchero-invernal-para-las-personas-con-escasos-recursos\/"},"author":{"name":"Jeanette","@id":"https:\/\/www.eldiario.net\/portal\/#\/schema\/person\/f46445640444750d7d753ccd04ae01b7"},"headline":"Comienza campa\u00f1a \u201cPerchero Invernal\u201d para las personas con escasos recursos","datePublished":"2023-06-07T09:44:45+00:00","mainEntityOfPage":{"@id":"https:\/\/www.eldiario.net\/portal\/2023\/06\/07\/comienza-campana-perchero-invernal-para-las-personas-con-escasos-recursos\/"},"wordCount":232,"publisher":{"@id":"https:\/\/www.eldiario.net\/portal\/#organization"},"articleSection":["Nacional"],"inLanguage":"es"},{"@type":"WebPage","@id":"https:\/\/www.eldiario.net\/portal\/2023\/06\/07\/comienza-campana-perchero-invernal-para-las-personas-con-escasos-recursos\/","url":"https:\/\/www.eldiario.net\/portal\/2023\/06\/07\/comienza-campana-perchero-invernal-para-las-personas-con-escasos-recursos\/","name":"Comienza campa\u00f1a \u201cPerchero Invernal\u201d para las personas con escasos recursos - El Diario - Bolivia","isPartOf":{"@id":"https:\/\/www.eldiario.net\/portal\/#website"},"datePublished":"2023-06-07T09:44:45+00:00","breadcrumb":{"@id":"https:\/\/www.eldiario.net\/portal\/2023\/06\/07\/comienza-campana-perchero-invernal-para-las-personas-con-escasos-recursos\/#breadcrumb"},"inLanguage":"es","potentialAction":[{"@type":"ReadAction","target":["https:\/\/www.eldiario.net\/portal\/2023\/06\/07\/comienza-campana-perchero-invernal-para-las-personas-con-escasos-recursos\/"]}]},{"@type":"BreadcrumbList","@id":"https:\/\/www.eldiario.net\/portal\/2023\/06\/07\/comienza-campana-perchero-invernal-para-las-personas-con-escasos-recursos\/#breadcrumb","itemListElement":[{"@type":"ListItem","position":1,"name":"Portada","item":"https:\/\/www.eldiario.net\/portal\/"},{"@type":"ListItem","position":2,"name":"Comienza campa\u00f1a \u201cPerchero Invernal\u201d para las personas con escasos recursos"}]},{"@type":"WebSite","@id":"https:\/\/www.eldiario.net\/portal\/#website","url":"https:\/\/www.eldiario.net\/portal\/","name":"El Diario - Decano de la prensa nacional","description":"El Diario - Decano de la prensa nacional","publisher":{"@id":"https:\/\/www.eldiario.net\/portal\/#organization"},"potentialAction":[{"@type":"SearchAction","target":{"@type":"EntryPoint","urlTemplate":"https:\/\/www.eldiario.net\/portal\/?s={search_term_string}"},"query-input":{"@type":"PropertyValueSpecification","valueRequired":true,"valueName":"search_term_string"}}],"inLanguage":"es"},{"@type":"Organization","@id":"https:\/\/www.eldiario.net\/portal\/#organization","name":"El Diario - Decano de la prensa nacional","url":"https:\/\/www.eldiario.net\/portal\/","logo":{"@type":"ImageObject","inLanguage":"es","@id":"https:\/\/www.eldiario.net\/portal\/#\/schema\/logo\/image\/","url":"https:\/\/www.eldiario.net\/portal\/wp-content\/uploads\/2023\/07\/logo_ED.jpg","contentUrl":"https:\/\/www.eldiario.net\/portal\/wp-content\/uploads\/2023\/07\/logo_ED.jpg","width":272,"height":52,"caption":"El Diario - Decano de la prensa nacional"},"image":{"@id":"https:\/\/www.eldiario.net\/portal\/#\/schema\/logo\/image\/"},"sameAs":["https:\/\/www.facebook.com\/eldiario.bolivia\/","https:\/\/x.com\/eldiario_net"]},{"@type":"Person","@id":"https:\/\/www.eldiario.net\/portal\/#\/schema\/person\/f46445640444750d7d753ccd04ae01b7","name":"Jeanette","image":{"@type":"ImageObject","inLanguage":"es","@id":"https:\/\/secure.gravatar.com\/avatar\/3ea2118a5f7dad2b7138b1187a6b7ee55f160b9968b66013c3a3ef39dd7e5798?s=96&d=mm&r=g","url":"https:\/\/secure.gravatar.com\/avatar\/3ea2118a5f7dad2b7138b1187a6b7ee55f160b9968b66013c3a3ef39dd7e5798?s=96&d=mm&r=g","contentUrl":"https:\/\/secure.gravatar.com\/avatar\/3ea2118a5f7dad2b7138b1187a6b7ee55f160b9968b66013c3a3ef39dd7e5798?s=96&d=mm&r=g","caption":"Jeanette"},"sameAs":["https:\/\/www.eldiario.net\/portal"],"url":"https:\/\/www.eldiario.net\/portal\/author\/jeanette\/"}]}},"_links":{"self":[{"href":"https:\/\/www.eldiario.net\/portal\/wp-json\/wp\/v2\/posts\/158534","targetHints":{"allow":["GET"]}}],"collection":[{"href":"https:\/\/www.eldiario.net\/portal\/wp-json\/wp\/v2\/posts"}],"about":[{"href":"https:\/\/www.eldiario.net\/portal\/wp-json\/wp\/v2\/types\/post"}],"author":[{"embeddable":true,"href":"https:\/\/www.eldiario.net\/portal\/wp-json\/wp\/v2\/users\/1"}],"replies":[{"embeddable":true,"href":"https:\/\/www.eldiario.net\/portal\/wp-json\/wp\/v2\/comments?post=158534"}],"version-history":[{"count":0,"href":"https:\/\/www.eldiario.net\/portal\/wp-json\/wp\/v2\/posts\/158534\/revisions"}],"wp:attachment":[{"href":"https:\/\/www.eldiario.net\/portal\/wp-json\/wp\/v2\/media?parent=158534"}],"wp:term":[{"taxonomy":"category","embeddable":true,"href":"https:\/\/www.eldiario.net\/portal\/wp-json\/wp\/v2\/categories?post=158534"},{"taxonomy":"post_tag","embeddable":true,"href":"https:\/\/www.eldiario.net\/portal\/wp-json\/wp\/v2\/tags?post=158534"}],"curies":[{"name":"wp","href":"https:\/\/api.w.org\/{rel}","templated":true}]}}