{"id":158518,"date":"2023-06-06T06:40:54","date_gmt":"2023-06-06T10:40:54","guid":{"rendered":"https:\/\/www.eldiario.net\/portal\/?p=158518"},"modified":"2023-06-06T06:40:54","modified_gmt":"2023-06-06T10:40:54","slug":"mesa-afirma-que-gobiernos-del-mas-fueron-penetrados-por-el-narcotrafico","status":"publish","type":"post","link":"https:\/\/www.eldiario.net\/portal\/2023\/06\/06\/mesa-afirma-que-gobiernos-del-mas-fueron-penetrados-por-el-narcotrafico\/","title":{"rendered":"Mesa afirma que gobiernos del MAS  fueron penetrados por el narcotr\u00e1fico"},"content":{"rendered":"<p>El expresidente, Carlos Mesa Gisbert, afirm\u00f3 que el esc\u00e1ndalo por del cargamento de droga transportado por la estatal Boliviana de Aviaci\u00f3n (BoA), hasta el continente europeo, en febrero pasado, demuestra la penetraci\u00f3n del narcotr\u00e1fico en las gestiones de gobierno del Movimiento al Socialismo (MAS), hecho que exige una intervenci\u00f3n a todas las entidades involucradas en el caso.<\/p>\n<p>\u201cEl enorme cargamento de coca\u00edna transportado en Boliviana de Aviaci\u00f3n muestra la penetraci\u00f3n del narcotr\u00e1fico en los gobiernos masistas, y la complicidad institucional y pol\u00edtica. La dimensi\u00f3n del caso exige que se intervengan las entidades involucradas y se detenga a todos los implicados\u201d, se\u00f1alo el exmandatario desde su cuenta de Twitter.<\/p>\n<p>Anteriormente, el jefe de bancada de Comunidad Ciudadana en Diputados, Enrique Urquidi, hab\u00eda reprochado el uso de la l\u00ednea a\u00e9rea nacional para el transporte de este tipo de carga, hecho que da\u00f1a la imagen del pa\u00eds y demuestra la penetraci\u00f3n del narco en el Estado boliviano.<\/p>\n<p>\u201cHemos vuelto a las \u00e9pocas de los \u201cnarcoaviones\u201d, con la diferencia que hoy es la l\u00ednea bandera nacional la que es utilizada para el tr\u00e1fico de drogas, ante la complicidad de autoridades del Gobierno, el narcotr\u00e1fico se ha impuesto al Estado\u201d, sostuvo.<\/p>\n<p>El pasado 30 de mayo, por reportes noticiosos procedentes de Europa se conoci\u00f3 que, en el aeropuerto de Barajas, Madrid, en febrero de este a\u00f1o se hallaron 478 kilos de coca\u00edna, seg\u00fan detall\u00f3 la Agencia Tributaria de Espa\u00f1a, se trata de una de las mayores incautaciones en los \u00faltimos a\u00f1os ocurridos en ese pa\u00eds.<\/p>\n","protected":false},"excerpt":{"rendered":"<p>El expresidente, Carlos Mesa Gisbert, afirm\u00f3 que el esc\u00e1ndalo por del cargamento de droga transportado por la estatal Boliviana de Aviaci\u00f3n (BoA), hasta el continente europeo, en febrero pasado, demuestra la penetraci\u00f3n del narcotr\u00e1fico en las gestiones de gobierno del Movimiento al Socialismo (MAS), hecho que exige una intervenci\u00f3n a todas las entidades involucradas en [&hellip;]<\/p>\n","protected":false},"author":1,"featured_media":158519,"comment_status":"closed","ping_status":"closed","sticky":false,"template":"","format":"standard","meta":{"_acf_changed":false,"footnotes":""},"categories":[17],"tags":[],"class_list":["post-158518","post","type-post","status-publish","format-standard","has-post-thumbnail","category-principal"],"acf":{"antetitulo":""},"yoast_head":"<!-- This site is optimized with the Yoast SEO plugin v28.4 - https:\/\/yoast.com\/product\/yoast-seo-wordpress\/ -->\n<title>Mesa afirma que gobiernos del MAS fueron penetrados por el narcotr\u00e1fico - El Diario - Bolivia<\/title>\n<meta name=\"robots\" content=\"index, follow, max-snippet:-1, max-image-preview:large, max-video-preview:-1\" \/>\n<link rel=\"canonical\" href=\"https:\/\/www.eldiario.net\/portal\/2023\/06\/06\/mesa-afirma-que-gobiernos-del-mas-fueron-penetrados-por-el-narcotrafico\/\" \/>\n<meta property=\"og:locale\" content=\"es_ES\" \/>\n<meta property=\"og:type\" content=\"article\" \/>\n<meta property=\"og:title\" content=\"Mesa afirma que gobiernos del MAS fueron penetrados por el narcotr\u00e1fico - El Diario - Bolivia\" \/>\n<meta property=\"og:description\" content=\"El expresidente, Carlos Mesa Gisbert, afirm\u00f3 que el esc\u00e1ndalo por del cargamento de droga transportado por la estatal Boliviana de Aviaci\u00f3n (BoA), hasta el continente europeo, en febrero pasado, demuestra la penetraci\u00f3n del narcotr\u00e1fico en las gestiones de gobierno del Movimiento al Socialismo (MAS), hecho que exige una intervenci\u00f3n a todas las entidades involucradas en [&hellip;]\" \/>\n<meta property=\"og:url\" content=\"https:\/\/www.eldiario.net\/portal\/2023\/06\/06\/mesa-afirma-que-gobiernos-del-mas-fueron-penetrados-por-el-narcotrafico\/\" \/>\n<meta property=\"og:site_name\" content=\"El Diario - Bolivia\" \/>\n<meta property=\"article:publisher\" content=\"https:\/\/www.facebook.com\/eldiario.bolivia\/\" \/>\n<meta property=\"article:published_time\" content=\"2023-06-06T10:40:54+00:00\" \/>\n<meta property=\"og:image\" content=\"https:\/\/www.eldiario.net\/portal\/wp-content\/uploads\/2023\/06\/PENETRADOS-FOTO.jpg\" \/>\n\t<meta property=\"og:image:width\" content=\"512\" \/>\n\t<meta property=\"og:image:height\" content=\"284\" \/>\n\t<meta property=\"og:image:type\" content=\"image\/jpeg\" \/>\n<meta name=\"author\" content=\"Jeanette\" \/>\n<meta name=\"twitter:card\" content=\"summary_large_image\" \/>\n<meta name=\"twitter:creator\" content=\"@eldiario_net\" \/>\n<meta name=\"twitter:site\" content=\"@eldiario_net\" \/>\n<meta name=\"twitter:label1\" content=\"Escrito por\" \/>\n\t<meta name=\"twitter:data1\" content=\"Jeanette\" \/>\n\t<meta name=\"twitter:label2\" content=\"Tiempo de lectura\" \/>\n\t<meta name=\"twitter:data2\" content=\"2 minutos\" \/>\n<script type=\"application\/ld+json\" class=\"yoast-schema-graph\">{\"@context\":\"https:\\\/\\\/schema.org\",\"@graph\":[{\"@type\":\"Article\",\"@id\":\"https:\\\/\\\/www.eldiario.net\\\/portal\\\/2023\\\/06\\\/06\\\/mesa-afirma-que-gobiernos-del-mas-fueron-penetrados-por-el-narcotrafico\\\/#article\",\"isPartOf\":{\"@id\":\"https:\\\/\\\/www.eldiario.net\\\/portal\\\/2023\\\/06\\\/06\\\/mesa-afirma-que-gobiernos-del-mas-fueron-penetrados-por-el-narcotrafico\\\/\"},\"author\":{\"name\":\"Jeanette\",\"@id\":\"https:\\\/\\\/www.eldiario.net\\\/portal\\\/#\\\/schema\\\/person\\\/f46445640444750d7d753ccd04ae01b7\"},\"headline\":\"Mesa afirma que gobiernos del MAS fueron penetrados por el narcotr\u00e1fico\",\"datePublished\":\"2023-06-06T10:40:54+00:00\",\"mainEntityOfPage\":{\"@id\":\"https:\\\/\\\/www.eldiario.net\\\/portal\\\/2023\\\/06\\\/06\\\/mesa-afirma-que-gobiernos-del-mas-fueron-penetrados-por-el-narcotrafico\\\/\"},\"wordCount\":287,\"publisher\":{\"@id\":\"https:\\\/\\\/www.eldiario.net\\\/portal\\\/#organization\"},\"image\":{\"@id\":\"https:\\\/\\\/www.eldiario.net\\\/portal\\\/2023\\\/06\\\/06\\\/mesa-afirma-que-gobiernos-del-mas-fueron-penetrados-por-el-narcotrafico\\\/#primaryimage\"},\"thumbnailUrl\":\"https:\\\/\\\/www.eldiario.net\\\/portal\\\/wp-content\\\/uploads\\\/2023\\\/06\\\/PENETRADOS-FOTO.jpg\",\"articleSection\":[\"Principal\"],\"inLanguage\":\"es\"},{\"@type\":\"WebPage\",\"@id\":\"https:\\\/\\\/www.eldiario.net\\\/portal\\\/2023\\\/06\\\/06\\\/mesa-afirma-que-gobiernos-del-mas-fueron-penetrados-por-el-narcotrafico\\\/\",\"url\":\"https:\\\/\\\/www.eldiario.net\\\/portal\\\/2023\\\/06\\\/06\\\/mesa-afirma-que-gobiernos-del-mas-fueron-penetrados-por-el-narcotrafico\\\/\",\"name\":\"Mesa afirma que gobiernos del MAS fueron penetrados por el narcotr\u00e1fico - El Diario - Bolivia\",\"isPartOf\":{\"@id\":\"https:\\\/\\\/www.eldiario.net\\\/portal\\\/#website\"},\"primaryImageOfPage\":{\"@id\":\"https:\\\/\\\/www.eldiario.net\\\/portal\\\/2023\\\/06\\\/06\\\/mesa-afirma-que-gobiernos-del-mas-fueron-penetrados-por-el-narcotrafico\\\/#primaryimage\"},\"image\":{\"@id\":\"https:\\\/\\\/www.eldiario.net\\\/portal\\\/2023\\\/06\\\/06\\\/mesa-afirma-que-gobiernos-del-mas-fueron-penetrados-por-el-narcotrafico\\\/#primaryimage\"},\"thumbnailUrl\":\"https:\\\/\\\/www.eldiario.net\\\/portal\\\/wp-content\\\/uploads\\\/2023\\\/06\\\/PENETRADOS-FOTO.jpg\",\"datePublished\":\"2023-06-06T10:40:54+00:00\",\"breadcrumb\":{\"@id\":\"https:\\\/\\\/www.eldiario.net\\\/portal\\\/2023\\\/06\\\/06\\\/mesa-afirma-que-gobiernos-del-mas-fueron-penetrados-por-el-narcotrafico\\\/#breadcrumb\"},\"inLanguage\":\"es\",\"potentialAction\":[{\"@type\":\"ReadAction\",\"target\":[\"https:\\\/\\\/www.eldiario.net\\\/portal\\\/2023\\\/06\\\/06\\\/mesa-afirma-que-gobiernos-del-mas-fueron-penetrados-por-el-narcotrafico\\\/\"]}]},{\"@type\":\"ImageObject\",\"inLanguage\":\"es\",\"@id\":\"https:\\\/\\\/www.eldiario.net\\\/portal\\\/2023\\\/06\\\/06\\\/mesa-afirma-que-gobiernos-del-mas-fueron-penetrados-por-el-narcotrafico\\\/#primaryimage\",\"url\":\"https:\\\/\\\/www.eldiario.net\\\/portal\\\/wp-content\\\/uploads\\\/2023\\\/06\\\/PENETRADOS-FOTO.jpg\",\"contentUrl\":\"https:\\\/\\\/www.eldiario.net\\\/portal\\\/wp-content\\\/uploads\\\/2023\\\/06\\\/PENETRADOS-FOTO.jpg\",\"width\":512,\"height\":284,\"caption\":\"Expresidente Carlos Mesa Gisbert. CREDITOS \\\/ RRSS\"},{\"@type\":\"BreadcrumbList\",\"@id\":\"https:\\\/\\\/www.eldiario.net\\\/portal\\\/2023\\\/06\\\/06\\\/mesa-afirma-que-gobiernos-del-mas-fueron-penetrados-por-el-narcotrafico\\\/#breadcrumb\",\"itemListElement\":[{\"@type\":\"ListItem\",\"position\":1,\"name\":\"Portada\",\"item\":\"https:\\\/\\\/www.eldiario.net\\\/portal\\\/\"},{\"@type\":\"ListItem\",\"position\":2,\"name\":\"Mesa afirma que gobiernos del MAS fueron penetrados por el narcotr\u00e1fico\"}]},{\"@type\":\"WebSite\",\"@id\":\"https:\\\/\\\/www.eldiario.net\\\/portal\\\/#website\",\"url\":\"https:\\\/\\\/www.eldiario.net\\\/portal\\\/\",\"name\":\"El Diario - Decano de la prensa nacional\",\"description\":\"El Diario - Decano de la prensa nacional\",\"publisher\":{\"@id\":\"https:\\\/\\\/www.eldiario.net\\\/portal\\\/#organization\"},\"potentialAction\":[{\"@type\":\"SearchAction\",\"target\":{\"@type\":\"EntryPoint\",\"urlTemplate\":\"https:\\\/\\\/www.eldiario.net\\\/portal\\\/?s={search_term_string}\"},\"query-input\":{\"@type\":\"PropertyValueSpecification\",\"valueRequired\":true,\"valueName\":\"search_term_string\"}}],\"inLanguage\":\"es\"},{\"@type\":\"Organization\",\"@id\":\"https:\\\/\\\/www.eldiario.net\\\/portal\\\/#organization\",\"name\":\"El Diario - Decano de la prensa nacional\",\"url\":\"https:\\\/\\\/www.eldiario.net\\\/portal\\\/\",\"logo\":{\"@type\":\"ImageObject\",\"inLanguage\":\"es\",\"@id\":\"https:\\\/\\\/www.eldiario.net\\\/portal\\\/#\\\/schema\\\/logo\\\/image\\\/\",\"url\":\"https:\\\/\\\/www.eldiario.net\\\/portal\\\/wp-content\\\/uploads\\\/2023\\\/07\\\/logo_ED.jpg\",\"contentUrl\":\"https:\\\/\\\/www.eldiario.net\\\/portal\\\/wp-content\\\/uploads\\\/2023\\\/07\\\/logo_ED.jpg\",\"width\":272,\"height\":52,\"caption\":\"El Diario - Decano de la prensa nacional\"},\"image\":{\"@id\":\"https:\\\/\\\/www.eldiario.net\\\/portal\\\/#\\\/schema\\\/logo\\\/image\\\/\"},\"sameAs\":[\"https:\\\/\\\/www.facebook.com\\\/eldiario.bolivia\\\/\",\"https:\\\/\\\/x.com\\\/eldiario_net\"]},{\"@type\":\"Person\",\"@id\":\"https:\\\/\\\/www.eldiario.net\\\/portal\\\/#\\\/schema\\\/person\\\/f46445640444750d7d753ccd04ae01b7\",\"name\":\"Jeanette\",\"image\":{\"@type\":\"ImageObject\",\"inLanguage\":\"es\",\"@id\":\"https:\\\/\\\/secure.gravatar.com\\\/avatar\\\/3ea2118a5f7dad2b7138b1187a6b7ee55f160b9968b66013c3a3ef39dd7e5798?s=96&d=mm&r=g\",\"url\":\"https:\\\/\\\/secure.gravatar.com\\\/avatar\\\/3ea2118a5f7dad2b7138b1187a6b7ee55f160b9968b66013c3a3ef39dd7e5798?s=96&d=mm&r=g\",\"contentUrl\":\"https:\\\/\\\/secure.gravatar.com\\\/avatar\\\/3ea2118a5f7dad2b7138b1187a6b7ee55f160b9968b66013c3a3ef39dd7e5798?s=96&d=mm&r=g\",\"caption\":\"Jeanette\"},\"sameAs\":[\"https:\\\/\\\/www.eldiario.net\\\/portal\"],\"url\":\"https:\\\/\\\/www.eldiario.net\\\/portal\\\/author\\\/jeanette\\\/\"}]}<\/script>\n<!-- \/ Yoast SEO plugin. -->","yoast_head_json":{"title":"Mesa afirma que gobiernos del MAS fueron penetrados por el narcotr\u00e1fico - El Diario - Bolivia","robots":{"index":"index","follow":"follow","max-snippet":"max-snippet:-1","max-image-preview":"max-image-preview:large","max-video-preview":"max-video-preview:-1"},"canonical":"https:\/\/www.eldiario.net\/portal\/2023\/06\/06\/mesa-afirma-que-gobiernos-del-mas-fueron-penetrados-por-el-narcotrafico\/","og_locale":"es_ES","og_type":"article","og_title":"Mesa afirma que gobiernos del MAS fueron penetrados por el narcotr\u00e1fico - El Diario - Bolivia","og_description":"El expresidente, Carlos Mesa Gisbert, afirm\u00f3 que el esc\u00e1ndalo por del cargamento de droga transportado por la estatal Boliviana de Aviaci\u00f3n (BoA), hasta el continente europeo, en febrero pasado, demuestra la penetraci\u00f3n del narcotr\u00e1fico en las gestiones de gobierno del Movimiento al Socialismo (MAS), hecho que exige una intervenci\u00f3n a todas las entidades involucradas en [&hellip;]","og_url":"https:\/\/www.eldiario.net\/portal\/2023\/06\/06\/mesa-afirma-que-gobiernos-del-mas-fueron-penetrados-por-el-narcotrafico\/","og_site_name":"El Diario - Bolivia","article_publisher":"https:\/\/www.facebook.com\/eldiario.bolivia\/","article_published_time":"2023-06-06T10:40:54+00:00","og_image":[{"width":512,"height":284,"url":"https:\/\/www.eldiario.net\/portal\/wp-content\/uploads\/2023\/06\/PENETRADOS-FOTO.jpg","type":"image\/jpeg"}],"author":"Jeanette","twitter_card":"summary_large_image","twitter_creator":"@eldiario_net","twitter_site":"@eldiario_net","twitter_misc":{"Escrito por":"Jeanette","Tiempo de lectura":"2 minutos"},"schema":{"@context":"https:\/\/schema.org","@graph":[{"@type":"Article","@id":"https:\/\/www.eldiario.net\/portal\/2023\/06\/06\/mesa-afirma-que-gobiernos-del-mas-fueron-penetrados-por-el-narcotrafico\/#article","isPartOf":{"@id":"https:\/\/www.eldiario.net\/portal\/2023\/06\/06\/mesa-afirma-que-gobiernos-del-mas-fueron-penetrados-por-el-narcotrafico\/"},"author":{"name":"Jeanette","@id":"https:\/\/www.eldiario.net\/portal\/#\/schema\/person\/f46445640444750d7d753ccd04ae01b7"},"headline":"Mesa afirma que gobiernos del MAS fueron penetrados por el narcotr\u00e1fico","datePublished":"2023-06-06T10:40:54+00:00","mainEntityOfPage":{"@id":"https:\/\/www.eldiario.net\/portal\/2023\/06\/06\/mesa-afirma-que-gobiernos-del-mas-fueron-penetrados-por-el-narcotrafico\/"},"wordCount":287,"publisher":{"@id":"https:\/\/www.eldiario.net\/portal\/#organization"},"image":{"@id":"https:\/\/www.eldiario.net\/portal\/2023\/06\/06\/mesa-afirma-que-gobiernos-del-mas-fueron-penetrados-por-el-narcotrafico\/#primaryimage"},"thumbnailUrl":"https:\/\/www.eldiario.net\/portal\/wp-content\/uploads\/2023\/06\/PENETRADOS-FOTO.jpg","articleSection":["Principal"],"inLanguage":"es"},{"@type":"WebPage","@id":"https:\/\/www.eldiario.net\/portal\/2023\/06\/06\/mesa-afirma-que-gobiernos-del-mas-fueron-penetrados-por-el-narcotrafico\/","url":"https:\/\/www.eldiario.net\/portal\/2023\/06\/06\/mesa-afirma-que-gobiernos-del-mas-fueron-penetrados-por-el-narcotrafico\/","name":"Mesa afirma que gobiernos del MAS fueron penetrados por el narcotr\u00e1fico - El Diario - Bolivia","isPartOf":{"@id":"https:\/\/www.eldiario.net\/portal\/#website"},"primaryImageOfPage":{"@id":"https:\/\/www.eldiario.net\/portal\/2023\/06\/06\/mesa-afirma-que-gobiernos-del-mas-fueron-penetrados-por-el-narcotrafico\/#primaryimage"},"image":{"@id":"https:\/\/www.eldiario.net\/portal\/2023\/06\/06\/mesa-afirma-que-gobiernos-del-mas-fueron-penetrados-por-el-narcotrafico\/#primaryimage"},"thumbnailUrl":"https:\/\/www.eldiario.net\/portal\/wp-content\/uploads\/2023\/06\/PENETRADOS-FOTO.jpg","datePublished":"2023-06-06T10:40:54+00:00","breadcrumb":{"@id":"https:\/\/www.eldiario.net\/portal\/2023\/06\/06\/mesa-afirma-que-gobiernos-del-mas-fueron-penetrados-por-el-narcotrafico\/#breadcrumb"},"inLanguage":"es","potentialAction":[{"@type":"ReadAction","target":["https:\/\/www.eldiario.net\/portal\/2023\/06\/06\/mesa-afirma-que-gobiernos-del-mas-fueron-penetrados-por-el-narcotrafico\/"]}]},{"@type":"ImageObject","inLanguage":"es","@id":"https:\/\/www.eldiario.net\/portal\/2023\/06\/06\/mesa-afirma-que-gobiernos-del-mas-fueron-penetrados-por-el-narcotrafico\/#primaryimage","url":"https:\/\/www.eldiario.net\/portal\/wp-content\/uploads\/2023\/06\/PENETRADOS-FOTO.jpg","contentUrl":"https:\/\/www.eldiario.net\/portal\/wp-content\/uploads\/2023\/06\/PENETRADOS-FOTO.jpg","width":512,"height":284,"caption":"Expresidente Carlos Mesa Gisbert. CREDITOS \/ RRSS"},{"@type":"BreadcrumbList","@id":"https:\/\/www.eldiario.net\/portal\/2023\/06\/06\/mesa-afirma-que-gobiernos-del-mas-fueron-penetrados-por-el-narcotrafico\/#breadcrumb","itemListElement":[{"@type":"ListItem","position":1,"name":"Portada","item":"https:\/\/www.eldiario.net\/portal\/"},{"@type":"ListItem","position":2,"name":"Mesa afirma que gobiernos del MAS fueron penetrados por el narcotr\u00e1fico"}]},{"@type":"WebSite","@id":"https:\/\/www.eldiario.net\/portal\/#website","url":"https:\/\/www.eldiario.net\/portal\/","name":"El Diario - Decano de la prensa nacional","description":"El Diario - Decano de la prensa nacional","publisher":{"@id":"https:\/\/www.eldiario.net\/portal\/#organization"},"potentialAction":[{"@type":"SearchAction","target":{"@type":"EntryPoint","urlTemplate":"https:\/\/www.eldiario.net\/portal\/?s={search_term_string}"},"query-input":{"@type":"PropertyValueSpecification","valueRequired":true,"valueName":"search_term_string"}}],"inLanguage":"es"},{"@type":"Organization","@id":"https:\/\/www.eldiario.net\/portal\/#organization","name":"El Diario - Decano de la prensa nacional","url":"https:\/\/www.eldiario.net\/portal\/","logo":{"@type":"ImageObject","inLanguage":"es","@id":"https:\/\/www.eldiario.net\/portal\/#\/schema\/logo\/image\/","url":"https:\/\/www.eldiario.net\/portal\/wp-content\/uploads\/2023\/07\/logo_ED.jpg","contentUrl":"https:\/\/www.eldiario.net\/portal\/wp-content\/uploads\/2023\/07\/logo_ED.jpg","width":272,"height":52,"caption":"El Diario - Decano de la prensa nacional"},"image":{"@id":"https:\/\/www.eldiario.net\/portal\/#\/schema\/logo\/image\/"},"sameAs":["https:\/\/www.facebook.com\/eldiario.bolivia\/","https:\/\/x.com\/eldiario_net"]},{"@type":"Person","@id":"https:\/\/www.eldiario.net\/portal\/#\/schema\/person\/f46445640444750d7d753ccd04ae01b7","name":"Jeanette","image":{"@type":"ImageObject","inLanguage":"es","@id":"https:\/\/secure.gravatar.com\/avatar\/3ea2118a5f7dad2b7138b1187a6b7ee55f160b9968b66013c3a3ef39dd7e5798?s=96&d=mm&r=g","url":"https:\/\/secure.gravatar.com\/avatar\/3ea2118a5f7dad2b7138b1187a6b7ee55f160b9968b66013c3a3ef39dd7e5798?s=96&d=mm&r=g","contentUrl":"https:\/\/secure.gravatar.com\/avatar\/3ea2118a5f7dad2b7138b1187a6b7ee55f160b9968b66013c3a3ef39dd7e5798?s=96&d=mm&r=g","caption":"Jeanette"},"sameAs":["https:\/\/www.eldiario.net\/portal"],"url":"https:\/\/www.eldiario.net\/portal\/author\/jeanette\/"}]}},"_links":{"self":[{"href":"https:\/\/www.eldiario.net\/portal\/wp-json\/wp\/v2\/posts\/158518","targetHints":{"allow":["GET"]}}],"collection":[{"href":"https:\/\/www.eldiario.net\/portal\/wp-json\/wp\/v2\/posts"}],"about":[{"href":"https:\/\/www.eldiario.net\/portal\/wp-json\/wp\/v2\/types\/post"}],"author":[{"embeddable":true,"href":"https:\/\/www.eldiario.net\/portal\/wp-json\/wp\/v2\/users\/1"}],"replies":[{"embeddable":true,"href":"https:\/\/www.eldiario.net\/portal\/wp-json\/wp\/v2\/comments?post=158518"}],"version-history":[{"count":0,"href":"https:\/\/www.eldiario.net\/portal\/wp-json\/wp\/v2\/posts\/158518\/revisions"}],"wp:featuredmedia":[{"embeddable":true,"href":"https:\/\/www.eldiario.net\/portal\/wp-json\/wp\/v2\/media\/158519"}],"wp:attachment":[{"href":"https:\/\/www.eldiario.net\/portal\/wp-json\/wp\/v2\/media?parent=158518"}],"wp:term":[{"taxonomy":"category","embeddable":true,"href":"https:\/\/www.eldiario.net\/portal\/wp-json\/wp\/v2\/categories?post=158518"},{"taxonomy":"post_tag","embeddable":true,"href":"https:\/\/www.eldiario.net\/portal\/wp-json\/wp\/v2\/tags?post=158518"}],"curies":[{"name":"wp","href":"https:\/\/api.w.org\/{rel}","templated":true}]}}