{"id":158515,"date":"2023-06-06T06:40:08","date_gmt":"2023-06-06T10:40:08","guid":{"rendered":"https:\/\/www.eldiario.net\/portal\/?p=158515"},"modified":"2023-06-06T06:40:08","modified_gmt":"2023-06-06T10:40:08","slug":"patty-deja-como-apoderada-a-una-familiar-de-19-anos-para-seguir-el-caso-golpe-i","status":"publish","type":"post","link":"https:\/\/www.eldiario.net\/portal\/2023\/06\/06\/patty-deja-como-apoderada-a-una-familiar-de-19-anos-para-seguir-el-caso-golpe-i\/","title":{"rendered":"Patty deja como apoderada a una familiar  de 19 a\u00f1os para seguir el caso \u201cGolpe I\u201d"},"content":{"rendered":"<p>Antes de asumir como diplom\u00e1tica, la exdiputada Lidia Patty dej\u00f3 como apoderada a su sobrina de 19 a\u00f1os de edad para seguir adelante con el caso denominado \u201cGolpe de Estado I\u201d.<\/p>\n<p>El Testimonio Notarial fue realizado en fecha 15 de mayo. Mediante el mismo, Lidia Patty otorg\u00f3 Poder Especial a su sobrina, para representarla en el proceso contra Luis Fernando Camacho, Jeanine A\u00f1ez y los otros implicados en el caso.<\/p>\n<p>\u201cEn suma este mandato faculta a la apoderada a realizar todos aquellos actos no previstos en forma espec\u00edfica respecto a actuaciones frente a las diferentes entidades, autoridades y oficinas en sus diferentes instancias, nacionales, departamentales y\/o regionales, as\u00ed como las diferentes oficinas y entidades que sean requeridas para su materializaci\u00f3n respecto al proceso\u201d, dice el Testimonio.<\/p>\n<p>De acuerdo con la documentaci\u00f3n, la sobrina de Patty naci\u00f3 en diciembre de 2003, por lo cual tiene 19 a\u00f1os.<\/p>\n<p>El apersonamiento de la sobrina de Patty fue presentado el 1 de junio ante la Fiscal\u00eda, bajo el patrocinio del abogado Jorge Nina, el mismo que representa a la exdiputada en el caso \u201cGolpe I\u201d.<\/p>\n<p>El abogado Nina confirm\u00f3 que se trata de la sobrina de la exdiputada. Se\u00f1al\u00f3 que la ley no impide dejar como apoderada a una familiar y enfatiz\u00f3 que la joven es mayor de edad.<\/p>\n<p>El abogado de Jeanine A\u00f1ez, Luis Guill\u00e9n, consider\u00f3 que la familiar de Patty solamente ser\u00e1 dirigida o utilizada en este proceso.<\/p>\n<p>Patty comenz\u00f3 este caso a finales de 2020, cuando present\u00f3 la denuncia contra Luis Fernando Camacho y otros implicados por el delito de terrorismo. Desde entonces, se produjo la aprehensi\u00f3n de Jeanine A\u00f1ez, dos exministros, exjefes militares, adem\u00e1s del gobernador cruce\u00f1o.<\/p>\n<p>Ahora, a partir de junio, Lidia Patty es C\u00f3nsul de Bolivia en Puno, Per\u00fa, por lo cual no podr\u00e1 seguir adelante el proceso de manera presencial en el pa\u00eds. (Erbol)<\/p>\n","protected":false},"excerpt":{"rendered":"<p>Antes de asumir como diplom\u00e1tica, la exdiputada Lidia Patty dej\u00f3 como apoderada a su sobrina de 19 a\u00f1os de edad para seguir adelante con el caso denominado \u201cGolpe de Estado I\u201d. El Testimonio Notarial fue realizado en fecha 15 de mayo. Mediante el mismo, Lidia Patty otorg\u00f3 Poder Especial a su sobrina, para representarla en [&hellip;]<\/p>\n","protected":false},"author":1,"featured_media":158516,"comment_status":"closed","ping_status":"closed","sticky":false,"template":"","format":"standard","meta":{"_acf_changed":false,"footnotes":""},"categories":[15],"tags":[],"class_list":["post-158515","post","type-post","status-publish","format-standard","has-post-thumbnail","category-portada"],"acf":{"antetitulo":""},"yoast_head":"<!-- This site is optimized with the Yoast SEO plugin v28.4 - https:\/\/yoast.com\/product\/yoast-seo-wordpress\/ -->\n<title>Patty deja como apoderada a una familiar de 19 a\u00f1os para seguir el caso \u201cGolpe I\u201d - El Diario - Bolivia<\/title>\n<meta name=\"robots\" content=\"index, follow, max-snippet:-1, max-image-preview:large, max-video-preview:-1\" \/>\n<link rel=\"canonical\" href=\"https:\/\/www.eldiario.net\/portal\/2023\/06\/06\/patty-deja-como-apoderada-a-una-familiar-de-19-anos-para-seguir-el-caso-golpe-i\/\" \/>\n<meta property=\"og:locale\" content=\"es_ES\" \/>\n<meta property=\"og:type\" content=\"article\" \/>\n<meta property=\"og:title\" content=\"Patty deja como apoderada a una familiar de 19 a\u00f1os para seguir el caso \u201cGolpe I\u201d - El Diario - Bolivia\" \/>\n<meta property=\"og:description\" content=\"Antes de asumir como diplom\u00e1tica, la exdiputada Lidia Patty dej\u00f3 como apoderada a su sobrina de 19 a\u00f1os de edad para seguir adelante con el caso denominado \u201cGolpe de Estado I\u201d. El Testimonio Notarial fue realizado en fecha 15 de mayo. Mediante el mismo, Lidia Patty otorg\u00f3 Poder Especial a su sobrina, para representarla en [&hellip;]\" \/>\n<meta property=\"og:url\" content=\"https:\/\/www.eldiario.net\/portal\/2023\/06\/06\/patty-deja-como-apoderada-a-una-familiar-de-19-anos-para-seguir-el-caso-golpe-i\/\" \/>\n<meta property=\"og:site_name\" content=\"El Diario - Bolivia\" \/>\n<meta property=\"article:publisher\" content=\"https:\/\/www.facebook.com\/eldiario.bolivia\/\" \/>\n<meta property=\"article:published_time\" content=\"2023-06-06T10:40:08+00:00\" \/>\n<meta property=\"og:image\" content=\"https:\/\/www.eldiario.net\/portal\/wp-content\/uploads\/2023\/06\/LIDIA-FOTO.jpg\" \/>\n\t<meta property=\"og:image:width\" content=\"1298\" \/>\n\t<meta property=\"og:image:height\" content=\"741\" \/>\n\t<meta property=\"og:image:type\" content=\"image\/jpeg\" \/>\n<meta name=\"author\" content=\"Jeanette\" \/>\n<meta name=\"twitter:card\" content=\"summary_large_image\" \/>\n<meta name=\"twitter:creator\" content=\"@eldiario_net\" \/>\n<meta name=\"twitter:site\" content=\"@eldiario_net\" \/>\n<meta name=\"twitter:label1\" content=\"Escrito por\" \/>\n\t<meta name=\"twitter:data1\" content=\"Jeanette\" \/>\n\t<meta name=\"twitter:label2\" content=\"Tiempo de lectura\" \/>\n\t<meta name=\"twitter:data2\" content=\"2 minutos\" \/>\n<script type=\"application\/ld+json\" class=\"yoast-schema-graph\">{\"@context\":\"https:\\\/\\\/schema.org\",\"@graph\":[{\"@type\":\"Article\",\"@id\":\"https:\\\/\\\/www.eldiario.net\\\/portal\\\/2023\\\/06\\\/06\\\/patty-deja-como-apoderada-a-una-familiar-de-19-anos-para-seguir-el-caso-golpe-i\\\/#article\",\"isPartOf\":{\"@id\":\"https:\\\/\\\/www.eldiario.net\\\/portal\\\/2023\\\/06\\\/06\\\/patty-deja-como-apoderada-a-una-familiar-de-19-anos-para-seguir-el-caso-golpe-i\\\/\"},\"author\":{\"name\":\"Jeanette\",\"@id\":\"https:\\\/\\\/www.eldiario.net\\\/portal\\\/#\\\/schema\\\/person\\\/f46445640444750d7d753ccd04ae01b7\"},\"headline\":\"Patty deja como apoderada a una familiar de 19 a\u00f1os para seguir el caso \u201cGolpe I\u201d\",\"datePublished\":\"2023-06-06T10:40:08+00:00\",\"mainEntityOfPage\":{\"@id\":\"https:\\\/\\\/www.eldiario.net\\\/portal\\\/2023\\\/06\\\/06\\\/patty-deja-como-apoderada-a-una-familiar-de-19-anos-para-seguir-el-caso-golpe-i\\\/\"},\"wordCount\":335,\"publisher\":{\"@id\":\"https:\\\/\\\/www.eldiario.net\\\/portal\\\/#organization\"},\"image\":{\"@id\":\"https:\\\/\\\/www.eldiario.net\\\/portal\\\/2023\\\/06\\\/06\\\/patty-deja-como-apoderada-a-una-familiar-de-19-anos-para-seguir-el-caso-golpe-i\\\/#primaryimage\"},\"thumbnailUrl\":\"https:\\\/\\\/www.eldiario.net\\\/portal\\\/wp-content\\\/uploads\\\/2023\\\/06\\\/LIDIA-FOTO.jpg\",\"articleSection\":[\"Portada\"],\"inLanguage\":\"es\"},{\"@type\":\"WebPage\",\"@id\":\"https:\\\/\\\/www.eldiario.net\\\/portal\\\/2023\\\/06\\\/06\\\/patty-deja-como-apoderada-a-una-familiar-de-19-anos-para-seguir-el-caso-golpe-i\\\/\",\"url\":\"https:\\\/\\\/www.eldiario.net\\\/portal\\\/2023\\\/06\\\/06\\\/patty-deja-como-apoderada-a-una-familiar-de-19-anos-para-seguir-el-caso-golpe-i\\\/\",\"name\":\"Patty deja como apoderada a una familiar de 19 a\u00f1os para seguir el caso \u201cGolpe I\u201d - El Diario - Bolivia\",\"isPartOf\":{\"@id\":\"https:\\\/\\\/www.eldiario.net\\\/portal\\\/#website\"},\"primaryImageOfPage\":{\"@id\":\"https:\\\/\\\/www.eldiario.net\\\/portal\\\/2023\\\/06\\\/06\\\/patty-deja-como-apoderada-a-una-familiar-de-19-anos-para-seguir-el-caso-golpe-i\\\/#primaryimage\"},\"image\":{\"@id\":\"https:\\\/\\\/www.eldiario.net\\\/portal\\\/2023\\\/06\\\/06\\\/patty-deja-como-apoderada-a-una-familiar-de-19-anos-para-seguir-el-caso-golpe-i\\\/#primaryimage\"},\"thumbnailUrl\":\"https:\\\/\\\/www.eldiario.net\\\/portal\\\/wp-content\\\/uploads\\\/2023\\\/06\\\/LIDIA-FOTO.jpg\",\"datePublished\":\"2023-06-06T10:40:08+00:00\",\"breadcrumb\":{\"@id\":\"https:\\\/\\\/www.eldiario.net\\\/portal\\\/2023\\\/06\\\/06\\\/patty-deja-como-apoderada-a-una-familiar-de-19-anos-para-seguir-el-caso-golpe-i\\\/#breadcrumb\"},\"inLanguage\":\"es\",\"potentialAction\":[{\"@type\":\"ReadAction\",\"target\":[\"https:\\\/\\\/www.eldiario.net\\\/portal\\\/2023\\\/06\\\/06\\\/patty-deja-como-apoderada-a-una-familiar-de-19-anos-para-seguir-el-caso-golpe-i\\\/\"]}]},{\"@type\":\"ImageObject\",\"inLanguage\":\"es\",\"@id\":\"https:\\\/\\\/www.eldiario.net\\\/portal\\\/2023\\\/06\\\/06\\\/patty-deja-como-apoderada-a-una-familiar-de-19-anos-para-seguir-el-caso-golpe-i\\\/#primaryimage\",\"url\":\"https:\\\/\\\/www.eldiario.net\\\/portal\\\/wp-content\\\/uploads\\\/2023\\\/06\\\/LIDIA-FOTO.jpg\",\"contentUrl\":\"https:\\\/\\\/www.eldiario.net\\\/portal\\\/wp-content\\\/uploads\\\/2023\\\/06\\\/LIDIA-FOTO.jpg\",\"width\":1298,\"height\":741,\"caption\":\"FOTO DEL PODER ESPECIAL QUE LA AHORA DIPLOM\u00c1TICA LIDIA PATTY DEJ\u00d3 A SU SOBRINA. FOTO: ERBOL\"},{\"@type\":\"BreadcrumbList\",\"@id\":\"https:\\\/\\\/www.eldiario.net\\\/portal\\\/2023\\\/06\\\/06\\\/patty-deja-como-apoderada-a-una-familiar-de-19-anos-para-seguir-el-caso-golpe-i\\\/#breadcrumb\",\"itemListElement\":[{\"@type\":\"ListItem\",\"position\":1,\"name\":\"Portada\",\"item\":\"https:\\\/\\\/www.eldiario.net\\\/portal\\\/\"},{\"@type\":\"ListItem\",\"position\":2,\"name\":\"Patty deja como apoderada a una familiar de 19 a\u00f1os para seguir el caso \u201cGolpe I\u201d\"}]},{\"@type\":\"WebSite\",\"@id\":\"https:\\\/\\\/www.eldiario.net\\\/portal\\\/#website\",\"url\":\"https:\\\/\\\/www.eldiario.net\\\/portal\\\/\",\"name\":\"El Diario - Decano de la prensa nacional\",\"description\":\"El Diario - Decano de la prensa nacional\",\"publisher\":{\"@id\":\"https:\\\/\\\/www.eldiario.net\\\/portal\\\/#organization\"},\"potentialAction\":[{\"@type\":\"SearchAction\",\"target\":{\"@type\":\"EntryPoint\",\"urlTemplate\":\"https:\\\/\\\/www.eldiario.net\\\/portal\\\/?s={search_term_string}\"},\"query-input\":{\"@type\":\"PropertyValueSpecification\",\"valueRequired\":true,\"valueName\":\"search_term_string\"}}],\"inLanguage\":\"es\"},{\"@type\":\"Organization\",\"@id\":\"https:\\\/\\\/www.eldiario.net\\\/portal\\\/#organization\",\"name\":\"El Diario - Decano de la prensa nacional\",\"url\":\"https:\\\/\\\/www.eldiario.net\\\/portal\\\/\",\"logo\":{\"@type\":\"ImageObject\",\"inLanguage\":\"es\",\"@id\":\"https:\\\/\\\/www.eldiario.net\\\/portal\\\/#\\\/schema\\\/logo\\\/image\\\/\",\"url\":\"https:\\\/\\\/www.eldiario.net\\\/portal\\\/wp-content\\\/uploads\\\/2023\\\/07\\\/logo_ED.jpg\",\"contentUrl\":\"https:\\\/\\\/www.eldiario.net\\\/portal\\\/wp-content\\\/uploads\\\/2023\\\/07\\\/logo_ED.jpg\",\"width\":272,\"height\":52,\"caption\":\"El Diario - Decano de la prensa nacional\"},\"image\":{\"@id\":\"https:\\\/\\\/www.eldiario.net\\\/portal\\\/#\\\/schema\\\/logo\\\/image\\\/\"},\"sameAs\":[\"https:\\\/\\\/www.facebook.com\\\/eldiario.bolivia\\\/\",\"https:\\\/\\\/x.com\\\/eldiario_net\"]},{\"@type\":\"Person\",\"@id\":\"https:\\\/\\\/www.eldiario.net\\\/portal\\\/#\\\/schema\\\/person\\\/f46445640444750d7d753ccd04ae01b7\",\"name\":\"Jeanette\",\"image\":{\"@type\":\"ImageObject\",\"inLanguage\":\"es\",\"@id\":\"https:\\\/\\\/secure.gravatar.com\\\/avatar\\\/3ea2118a5f7dad2b7138b1187a6b7ee55f160b9968b66013c3a3ef39dd7e5798?s=96&d=mm&r=g\",\"url\":\"https:\\\/\\\/secure.gravatar.com\\\/avatar\\\/3ea2118a5f7dad2b7138b1187a6b7ee55f160b9968b66013c3a3ef39dd7e5798?s=96&d=mm&r=g\",\"contentUrl\":\"https:\\\/\\\/secure.gravatar.com\\\/avatar\\\/3ea2118a5f7dad2b7138b1187a6b7ee55f160b9968b66013c3a3ef39dd7e5798?s=96&d=mm&r=g\",\"caption\":\"Jeanette\"},\"sameAs\":[\"https:\\\/\\\/www.eldiario.net\\\/portal\"],\"url\":\"https:\\\/\\\/www.eldiario.net\\\/portal\\\/author\\\/jeanette\\\/\"}]}<\/script>\n<!-- \/ Yoast SEO plugin. -->","yoast_head_json":{"title":"Patty deja como apoderada a una familiar de 19 a\u00f1os para seguir el caso \u201cGolpe I\u201d - El Diario - Bolivia","robots":{"index":"index","follow":"follow","max-snippet":"max-snippet:-1","max-image-preview":"max-image-preview:large","max-video-preview":"max-video-preview:-1"},"canonical":"https:\/\/www.eldiario.net\/portal\/2023\/06\/06\/patty-deja-como-apoderada-a-una-familiar-de-19-anos-para-seguir-el-caso-golpe-i\/","og_locale":"es_ES","og_type":"article","og_title":"Patty deja como apoderada a una familiar de 19 a\u00f1os para seguir el caso \u201cGolpe I\u201d - El Diario - Bolivia","og_description":"Antes de asumir como diplom\u00e1tica, la exdiputada Lidia Patty dej\u00f3 como apoderada a su sobrina de 19 a\u00f1os de edad para seguir adelante con el caso denominado \u201cGolpe de Estado I\u201d. El Testimonio Notarial fue realizado en fecha 15 de mayo. Mediante el mismo, Lidia Patty otorg\u00f3 Poder Especial a su sobrina, para representarla en [&hellip;]","og_url":"https:\/\/www.eldiario.net\/portal\/2023\/06\/06\/patty-deja-como-apoderada-a-una-familiar-de-19-anos-para-seguir-el-caso-golpe-i\/","og_site_name":"El Diario - Bolivia","article_publisher":"https:\/\/www.facebook.com\/eldiario.bolivia\/","article_published_time":"2023-06-06T10:40:08+00:00","og_image":[{"width":1298,"height":741,"url":"https:\/\/www.eldiario.net\/portal\/wp-content\/uploads\/2023\/06\/LIDIA-FOTO.jpg","type":"image\/jpeg"}],"author":"Jeanette","twitter_card":"summary_large_image","twitter_creator":"@eldiario_net","twitter_site":"@eldiario_net","twitter_misc":{"Escrito por":"Jeanette","Tiempo de lectura":"2 minutos"},"schema":{"@context":"https:\/\/schema.org","@graph":[{"@type":"Article","@id":"https:\/\/www.eldiario.net\/portal\/2023\/06\/06\/patty-deja-como-apoderada-a-una-familiar-de-19-anos-para-seguir-el-caso-golpe-i\/#article","isPartOf":{"@id":"https:\/\/www.eldiario.net\/portal\/2023\/06\/06\/patty-deja-como-apoderada-a-una-familiar-de-19-anos-para-seguir-el-caso-golpe-i\/"},"author":{"name":"Jeanette","@id":"https:\/\/www.eldiario.net\/portal\/#\/schema\/person\/f46445640444750d7d753ccd04ae01b7"},"headline":"Patty deja como apoderada a una familiar de 19 a\u00f1os para seguir el caso \u201cGolpe I\u201d","datePublished":"2023-06-06T10:40:08+00:00","mainEntityOfPage":{"@id":"https:\/\/www.eldiario.net\/portal\/2023\/06\/06\/patty-deja-como-apoderada-a-una-familiar-de-19-anos-para-seguir-el-caso-golpe-i\/"},"wordCount":335,"publisher":{"@id":"https:\/\/www.eldiario.net\/portal\/#organization"},"image":{"@id":"https:\/\/www.eldiario.net\/portal\/2023\/06\/06\/patty-deja-como-apoderada-a-una-familiar-de-19-anos-para-seguir-el-caso-golpe-i\/#primaryimage"},"thumbnailUrl":"https:\/\/www.eldiario.net\/portal\/wp-content\/uploads\/2023\/06\/LIDIA-FOTO.jpg","articleSection":["Portada"],"inLanguage":"es"},{"@type":"WebPage","@id":"https:\/\/www.eldiario.net\/portal\/2023\/06\/06\/patty-deja-como-apoderada-a-una-familiar-de-19-anos-para-seguir-el-caso-golpe-i\/","url":"https:\/\/www.eldiario.net\/portal\/2023\/06\/06\/patty-deja-como-apoderada-a-una-familiar-de-19-anos-para-seguir-el-caso-golpe-i\/","name":"Patty deja como apoderada a una familiar de 19 a\u00f1os para seguir el caso \u201cGolpe I\u201d - El Diario - Bolivia","isPartOf":{"@id":"https:\/\/www.eldiario.net\/portal\/#website"},"primaryImageOfPage":{"@id":"https:\/\/www.eldiario.net\/portal\/2023\/06\/06\/patty-deja-como-apoderada-a-una-familiar-de-19-anos-para-seguir-el-caso-golpe-i\/#primaryimage"},"image":{"@id":"https:\/\/www.eldiario.net\/portal\/2023\/06\/06\/patty-deja-como-apoderada-a-una-familiar-de-19-anos-para-seguir-el-caso-golpe-i\/#primaryimage"},"thumbnailUrl":"https:\/\/www.eldiario.net\/portal\/wp-content\/uploads\/2023\/06\/LIDIA-FOTO.jpg","datePublished":"2023-06-06T10:40:08+00:00","breadcrumb":{"@id":"https:\/\/www.eldiario.net\/portal\/2023\/06\/06\/patty-deja-como-apoderada-a-una-familiar-de-19-anos-para-seguir-el-caso-golpe-i\/#breadcrumb"},"inLanguage":"es","potentialAction":[{"@type":"ReadAction","target":["https:\/\/www.eldiario.net\/portal\/2023\/06\/06\/patty-deja-como-apoderada-a-una-familiar-de-19-anos-para-seguir-el-caso-golpe-i\/"]}]},{"@type":"ImageObject","inLanguage":"es","@id":"https:\/\/www.eldiario.net\/portal\/2023\/06\/06\/patty-deja-como-apoderada-a-una-familiar-de-19-anos-para-seguir-el-caso-golpe-i\/#primaryimage","url":"https:\/\/www.eldiario.net\/portal\/wp-content\/uploads\/2023\/06\/LIDIA-FOTO.jpg","contentUrl":"https:\/\/www.eldiario.net\/portal\/wp-content\/uploads\/2023\/06\/LIDIA-FOTO.jpg","width":1298,"height":741,"caption":"FOTO DEL PODER ESPECIAL QUE LA AHORA DIPLOM\u00c1TICA LIDIA PATTY DEJ\u00d3 A SU SOBRINA. FOTO: ERBOL"},{"@type":"BreadcrumbList","@id":"https:\/\/www.eldiario.net\/portal\/2023\/06\/06\/patty-deja-como-apoderada-a-una-familiar-de-19-anos-para-seguir-el-caso-golpe-i\/#breadcrumb","itemListElement":[{"@type":"ListItem","position":1,"name":"Portada","item":"https:\/\/www.eldiario.net\/portal\/"},{"@type":"ListItem","position":2,"name":"Patty deja como apoderada a una familiar de 19 a\u00f1os para seguir el caso \u201cGolpe I\u201d"}]},{"@type":"WebSite","@id":"https:\/\/www.eldiario.net\/portal\/#website","url":"https:\/\/www.eldiario.net\/portal\/","name":"El Diario - Decano de la prensa nacional","description":"El Diario - Decano de la prensa nacional","publisher":{"@id":"https:\/\/www.eldiario.net\/portal\/#organization"},"potentialAction":[{"@type":"SearchAction","target":{"@type":"EntryPoint","urlTemplate":"https:\/\/www.eldiario.net\/portal\/?s={search_term_string}"},"query-input":{"@type":"PropertyValueSpecification","valueRequired":true,"valueName":"search_term_string"}}],"inLanguage":"es"},{"@type":"Organization","@id":"https:\/\/www.eldiario.net\/portal\/#organization","name":"El Diario - Decano de la prensa nacional","url":"https:\/\/www.eldiario.net\/portal\/","logo":{"@type":"ImageObject","inLanguage":"es","@id":"https:\/\/www.eldiario.net\/portal\/#\/schema\/logo\/image\/","url":"https:\/\/www.eldiario.net\/portal\/wp-content\/uploads\/2023\/07\/logo_ED.jpg","contentUrl":"https:\/\/www.eldiario.net\/portal\/wp-content\/uploads\/2023\/07\/logo_ED.jpg","width":272,"height":52,"caption":"El Diario - Decano de la prensa nacional"},"image":{"@id":"https:\/\/www.eldiario.net\/portal\/#\/schema\/logo\/image\/"},"sameAs":["https:\/\/www.facebook.com\/eldiario.bolivia\/","https:\/\/x.com\/eldiario_net"]},{"@type":"Person","@id":"https:\/\/www.eldiario.net\/portal\/#\/schema\/person\/f46445640444750d7d753ccd04ae01b7","name":"Jeanette","image":{"@type":"ImageObject","inLanguage":"es","@id":"https:\/\/secure.gravatar.com\/avatar\/3ea2118a5f7dad2b7138b1187a6b7ee55f160b9968b66013c3a3ef39dd7e5798?s=96&d=mm&r=g","url":"https:\/\/secure.gravatar.com\/avatar\/3ea2118a5f7dad2b7138b1187a6b7ee55f160b9968b66013c3a3ef39dd7e5798?s=96&d=mm&r=g","contentUrl":"https:\/\/secure.gravatar.com\/avatar\/3ea2118a5f7dad2b7138b1187a6b7ee55f160b9968b66013c3a3ef39dd7e5798?s=96&d=mm&r=g","caption":"Jeanette"},"sameAs":["https:\/\/www.eldiario.net\/portal"],"url":"https:\/\/www.eldiario.net\/portal\/author\/jeanette\/"}]}},"_links":{"self":[{"href":"https:\/\/www.eldiario.net\/portal\/wp-json\/wp\/v2\/posts\/158515","targetHints":{"allow":["GET"]}}],"collection":[{"href":"https:\/\/www.eldiario.net\/portal\/wp-json\/wp\/v2\/posts"}],"about":[{"href":"https:\/\/www.eldiario.net\/portal\/wp-json\/wp\/v2\/types\/post"}],"author":[{"embeddable":true,"href":"https:\/\/www.eldiario.net\/portal\/wp-json\/wp\/v2\/users\/1"}],"replies":[{"embeddable":true,"href":"https:\/\/www.eldiario.net\/portal\/wp-json\/wp\/v2\/comments?post=158515"}],"version-history":[{"count":0,"href":"https:\/\/www.eldiario.net\/portal\/wp-json\/wp\/v2\/posts\/158515\/revisions"}],"wp:featuredmedia":[{"embeddable":true,"href":"https:\/\/www.eldiario.net\/portal\/wp-json\/wp\/v2\/media\/158516"}],"wp:attachment":[{"href":"https:\/\/www.eldiario.net\/portal\/wp-json\/wp\/v2\/media?parent=158515"}],"wp:term":[{"taxonomy":"category","embeddable":true,"href":"https:\/\/www.eldiario.net\/portal\/wp-json\/wp\/v2\/categories?post=158515"},{"taxonomy":"post_tag","embeddable":true,"href":"https:\/\/www.eldiario.net\/portal\/wp-json\/wp\/v2\/tags?post=158515"}],"curies":[{"name":"wp","href":"https:\/\/api.w.org\/{rel}","templated":true}]}}