{"id":158303,"date":"2023-06-05T06:27:56","date_gmt":"2023-06-05T10:27:56","guid":{"rendered":"https:\/\/www.eldiario.net\/portal\/?p=158303"},"modified":"2023-06-05T06:27:56","modified_gmt":"2023-06-05T10:27:56","slug":"nuevo-ciclo-de-los-innombrables-bolivia","status":"publish","type":"post","link":"https:\/\/www.eldiario.net\/portal\/2023\/06\/05\/nuevo-ciclo-de-los-innombrables-bolivia\/","title":{"rendered":"Nuevo ciclo de Los  Innombrables Bolivia"},"content":{"rendered":"<p>Un top show proyectado para divertir a todo tipo de p\u00fablico con diferentes sectores de entretenimiento, tocando temas de coyuntura social y cotidiana, adem\u00e1s de invitados especiales, profesionales y grupos en vivo, eso es <em>Los Innombrables Bolivia<\/em>.<\/p>\n<p>El programa comenz\u00f3 su tercer ciclo el pasado 24 de mayo, esta vez por las ondas de Radio Qhana 98.5 FM, bajo la conducci\u00f3n de Franz Chuquimia, Fanny Valdez, Maddlen Terrazas y Reynaldo Loayza.<\/p>\n<p><em>Los innombrables<\/em> se difunde de lunes a viernes, de 17:00 a 19:00 horas, simult\u00e1neamente tambi\u00e9n por sus redes sociales, Facebook Bigo Live y TikTok.<\/p>\n<p>El espacio radial y on line sali\u00f3 a la luz en marzo del 2020 en plena pandemia con el nombre de \u201cEl Innombrable\u201d, a la cabeza de Franzinho (Franz Chuquimia Pab\u00f3n). Inicialmente solo se emit\u00eda por Facebook, de lunes a viernes, por las noches, cuenta Franzinho, \u201cteniendo una buena aceptaci\u00f3n por parte del p\u00fablico, ya que la tem\u00e1tica que manej\u00e1bamos era el humor y la s\u00e1tira coyuntural\u201d.<\/p>\n<p>\u201cEn el momento de la pandemia, yo transmit\u00eda solo con el nombre de Franzinho y por todo lo que hablaba y refer\u00eda en el programa, no falt\u00f3 una persona que me dijo <em>El innombrable<\/em>. Me gust\u00f3 mucho el denominativo y adopt\u00e9 el nombre. A ra\u00edz de eso tambi\u00e9n creamos la frase: \u00abSI ya tienes un ex, ya eres parte de Los innombrables\u00bb, recuerda el conductor.<\/p>\n<p>En junio del mismo a\u00f1o se incorpora al equipo Fanny Nynfa (Fanny Valdez Angulo), llegando a variar el denominativo del programa de singular a plural. \u201cEs as\u00ed que el 16 de junio nace <em>Los Innombrables Bolivia<\/em> con entrevistas a diferentes personajes nacionales e internacionales, interactuando con la gente y realizando actividades de solidaridad con las personas y animales\u201d, sostiene.<\/p>\n<p>El 3 de julio del 2021, <em>Los Innombrables<\/em> se incorporan por primera vez al medio radial, formando parte de la programaci\u00f3n de Radio Infinita 101.2 FM (que posteriormente tom\u00f3 el nombre de Activa). All\u00ed se hizo una revista matinal de buen alcance, incorpor\u00e1ndose al equipo Edwin Callisaya como productor t\u00e9cnico y Erick N\u00fa\u00f1ez como productor encargado de la imagen corporativa del programa.<\/p>\n<p>En mayo del 2022 comienzan su nuevo ciclo en Radio Gigante 94.9 FM bajo la producci\u00f3n de Act Libitum Producciones, realizando una revista nocturna los fines de semana. En ese entonces se incorpora al equipo Leonela Baldover, llegando a ser tres los conductores. Seg\u00fan Franzinho, \u201cel programa toma un rumbo diferente, ya que como se presentaban grupos en vivo y ten\u00edan interacci\u00f3n con el p\u00fablico de forma virtual y personal, va form\u00e1ndose como Top Show, adem\u00e1s de salir en transmisi\u00f3n en vivo por Facebook, TikTok y Bigo Live. En estas instancias el equipo va creciendo, puesto que se incorporan Milton Chuquimia Pab\u00f3n como Comunity Manager en las redes sociales y Ronald Vallejos como asistente de producci\u00f3n. El ciclo en radio Gigante dura hasta el 23 mayo de este a\u00f1o. Desde el d\u00eda siguiente, el 24 de mayo, el programa comienza a salir por las ondas de Radio Qhana.<\/p>\n<p>En este tercer ciclo se incorporan al equipo como locutores Maddlen Terrazas y Reynaldo Loayza.<\/p>\n<p>\u201cSomos el \u00fanico Top Show radial de la tarde que cuenta con diferentes sectores en el \u00e1rea legal, salud, naturismo, esoterismo y paranormal en toda la semana, adem\u00e1s de contar con invitados especiales nacionales e internacionales en el \u00e1mbito art\u00edstico. Continuamos con las actividades solidarias, tomando en cuenta que estos sectores son el 25% del programa, que tiene el toque de seriedad, ya que <em>Los Innombrables<\/em> se caracteriza por el humor, la s\u00e1tira y la interacci\u00f3n con el p\u00fablico mediante los mensajes que llegan al WhatsApp y a nuestras redes sociales, llegando al p\u00fablico en las ciudades de La Paz, El Alto, Viacha y zonas aleda\u00f1as a la urbe alte\u00f1a, mediante la frecuencia 98.5 FM y a toda Bolivia y el mundo a trav\u00e9s de nuestras redes sociales\u201d, menciona Franzinho en la entrevista que le hizo La Gu\u00eda acerca de <em>Los Innombrables Bolivia<\/em>, que recibi\u00f3 el premio <em>Est\u00e1s De Moda<\/em> al mejor programa Online 2021.<\/p>\n<p><strong>LG: \u00bfQu\u00e9 evaluaci\u00f3n haces hasta el momento?<\/strong><\/p>\n<p>F: El programa tuvo una gran evoluci\u00f3n, en comparaci\u00f3n con otros que se crearon en su momento, ya que en pocos a\u00f1os pas\u00f3 de solo emitirse en las RRSS a ser parte de medios radiales ya consagrados en las ciudades de La Paz y El Alto. De ser un programa online pas\u00f3 a ser un Top Show, llegando a ser hoy en d\u00eda parte de la programaci\u00f3n de una de las mejores radios a nivel local, como es radio Qhana.<\/p>\n<p>Tambi\u00e9n pasaron diferentes locutores por el programa, hasta posesionarse hoy con un gran equipo entre locutores y producci\u00f3n, de ser dos personas a ser ocho. Tambi\u00e9n tuvimos reconocimientos y creo que en poco tiempo logramos mucho.<\/p>\n<p><strong>LG: \u00bfQu\u00e9 es lo mejor del programa? <\/strong><\/p>\n<p>F: La interacci\u00f3n con el p\u00fablico en tiempo real, ya que ellos opinan sobre los diferentes sectores y temas que tocamos d\u00eda a d\u00eda. Son c\u00f3mplices de las locuras que realizamos en cabinas de la radio, como tambi\u00e9n fuera con las diferentes actividades que efectuamos. Sin ellos no hubi\u00e9ramos logrado seguir vigentes, son lo mejor gracias al p\u00fablico.<\/p>\n<p><strong>LG: \u00bfQu\u00e9 novedades tiene este tercer ciclo?<\/strong><\/p>\n<p>F: Este tercer ciclo viene renovado con sectores que ya los implementamos para el beneficio de la poblaci\u00f3n, como el sector de legalidad, donde tratamos problemas como el divorcio, alquiler, etc., con un abogado y tambi\u00e9n sectores a estrenar como el \u00abEmprendiendo con Los Innombrables\u00bb, segmento que llega este junio dedicado a todas las personas que despu\u00e9s de la pandemia quieren reactivarse con sus emprendimientos y necesitan un medio para difundir sus productos, nosotros les daremos la mano.<\/p>\n<p><strong>LG: \u00bfQu\u00e9 esperan lograr en esta nueva temporada?<\/strong><\/p>\n<p>F: Esperamos llegar a m\u00e1s gente en las ciudades de La Paz y El Alto, como en el interior del pa\u00eds, por el medio radial, as\u00ed tambi\u00e9n mediante nuestras redes sociales. Dennos un like \ud83d\ude0a para que puedan aprovechar los beneficios que damos a nuestros seguidores con nuestros auspiciadores y las actividades que realizamos, sobre todo que pasen un buen momento escuch\u00e1ndonos y vi\u00e9ndonos, qu\u00e9 se olviden por un momento de todos sus problemas y el \u00e1mbito coyuntural, que de por s\u00ed ya es estresante y r\u00eda con nosotros a carcajadas, que es el objetivo del programa.<\/p>\n<div id='gallery-1' class='gallery galleryid-158303 gallery-columns-3 gallery-size-medium'><figure class='gallery-item'>\n\t\t\t<div class='gallery-icon landscape'>\n\t\t\t\t<a href='https:\/\/www.eldiario.net\/portal\/2023\/06\/05\/nuevo-ciclo-de-los-innombrables-bolivia\/programa-1-principal\/'><img loading=\"lazy\" decoding=\"async\" width=\"300\" height=\"183\" src=\"https:\/\/www.eldiario.net\/portal\/wp-content\/uploads\/2023\/06\/programa-1-PRINCIPAL-300x183.jpg\" class=\"attachment-medium size-medium\" alt=\"\" srcset=\"https:\/\/www.eldiario.net\/portal\/wp-content\/uploads\/2023\/06\/programa-1-PRINCIPAL-300x183.jpg 300w, https:\/\/www.eldiario.net\/portal\/wp-content\/uploads\/2023\/06\/programa-1-PRINCIPAL-1024x625.jpg 1024w, https:\/\/www.eldiario.net\/portal\/wp-content\/uploads\/2023\/06\/programa-1-PRINCIPAL-768x469.jpg 768w, https:\/\/www.eldiario.net\/portal\/wp-content\/uploads\/2023\/06\/programa-1-PRINCIPAL-1536x938.jpg 1536w, https:\/\/www.eldiario.net\/portal\/wp-content\/uploads\/2023\/06\/programa-1-PRINCIPAL-696x425.jpg 696w, https:\/\/www.eldiario.net\/portal\/wp-content\/uploads\/2023\/06\/programa-1-PRINCIPAL-1068x652.jpg 1068w, https:\/\/www.eldiario.net\/portal\/wp-content\/uploads\/2023\/06\/programa-1-PRINCIPAL.jpg 1600w\" sizes=\"auto, (max-width: 300px) 100vw, 300px\" \/><\/a>\n\t\t\t<\/div><\/figure><figure class='gallery-item'>\n\t\t\t<div class='gallery-icon landscape'>\n\t\t\t\t<a href='https:\/\/www.eldiario.net\/portal\/2023\/06\/05\/nuevo-ciclo-de-los-innombrables-bolivia\/programa-2\/'><img loading=\"lazy\" decoding=\"async\" width=\"300\" height=\"169\" src=\"https:\/\/www.eldiario.net\/portal\/wp-content\/uploads\/2023\/06\/programa-2-300x169.jpeg\" class=\"attachment-medium size-medium\" alt=\"\" srcset=\"https:\/\/www.eldiario.net\/portal\/wp-content\/uploads\/2023\/06\/programa-2-300x169.jpeg 300w, https:\/\/www.eldiario.net\/portal\/wp-content\/uploads\/2023\/06\/programa-2-768x432.jpeg 768w, https:\/\/www.eldiario.net\/portal\/wp-content\/uploads\/2023\/06\/programa-2-696x392.jpeg 696w, https:\/\/www.eldiario.net\/portal\/wp-content\/uploads\/2023\/06\/programa-2.jpeg 960w\" sizes=\"auto, (max-width: 300px) 100vw, 300px\" \/><\/a>\n\t\t\t<\/div><\/figure><figure class='gallery-item'>\n\t\t\t<div class='gallery-icon landscape'>\n\t\t\t\t<a href='https:\/\/www.eldiario.net\/portal\/2023\/06\/05\/nuevo-ciclo-de-los-innombrables-bolivia\/programa-3\/'><img loading=\"lazy\" decoding=\"async\" width=\"300\" height=\"182\" src=\"https:\/\/www.eldiario.net\/portal\/wp-content\/uploads\/2023\/06\/programa-3-300x182.jpeg\" class=\"attachment-medium size-medium\" alt=\"\" srcset=\"https:\/\/www.eldiario.net\/portal\/wp-content\/uploads\/2023\/06\/programa-3-300x182.jpeg 300w, https:\/\/www.eldiario.net\/portal\/wp-content\/uploads\/2023\/06\/programa-3-1024x620.jpeg 1024w, https:\/\/www.eldiario.net\/portal\/wp-content\/uploads\/2023\/06\/programa-3-768x465.jpeg 768w, https:\/\/www.eldiario.net\/portal\/wp-content\/uploads\/2023\/06\/programa-3-1536x929.jpeg 1536w, https:\/\/www.eldiario.net\/portal\/wp-content\/uploads\/2023\/06\/programa-3-696x421.jpeg 696w, https:\/\/www.eldiario.net\/portal\/wp-content\/uploads\/2023\/06\/programa-3-1068x646.jpeg 1068w, https:\/\/www.eldiario.net\/portal\/wp-content\/uploads\/2023\/06\/programa-3.jpeg 1600w\" sizes=\"auto, (max-width: 300px) 100vw, 300px\" \/><\/a>\n\t\t\t<\/div><\/figure><figure class='gallery-item'>\n\t\t\t<div class='gallery-icon landscape'>\n\t\t\t\t<a href='https:\/\/www.eldiario.net\/portal\/2023\/06\/05\/nuevo-ciclo-de-los-innombrables-bolivia\/programa-4\/'><img loading=\"lazy\" decoding=\"async\" width=\"300\" height=\"169\" src=\"https:\/\/www.eldiario.net\/portal\/wp-content\/uploads\/2023\/06\/programa-4-300x169.jpeg\" class=\"attachment-medium size-medium\" alt=\"\" srcset=\"https:\/\/www.eldiario.net\/portal\/wp-content\/uploads\/2023\/06\/programa-4-300x169.jpeg 300w, https:\/\/www.eldiario.net\/portal\/wp-content\/uploads\/2023\/06\/programa-4-768x432.jpeg 768w, https:\/\/www.eldiario.net\/portal\/wp-content\/uploads\/2023\/06\/programa-4-696x392.jpeg 696w, https:\/\/www.eldiario.net\/portal\/wp-content\/uploads\/2023\/06\/programa-4.jpeg 960w\" sizes=\"auto, (max-width: 300px) 100vw, 300px\" \/><\/a>\n\t\t\t<\/div><\/figure>\n\t\t<\/div>\n\n","protected":false},"excerpt":{"rendered":"<p>Un top show proyectado para divertir a todo tipo de p\u00fablico con diferentes sectores de entretenimiento, tocando temas de coyuntura social y cotidiana, adem\u00e1s de invitados especiales, profesionales y grupos en vivo, eso es Los Innombrables Bolivia. El programa comenz\u00f3 su tercer ciclo el pasado 24 de mayo, esta vez por las ondas de Radio [&hellip;]<\/p>\n","protected":false},"author":1,"featured_media":158304,"comment_status":"closed","ping_status":"closed","sticky":false,"template":"","format":"standard","meta":{"_acf_changed":false,"footnotes":""},"categories":[41],"tags":[],"class_list":["post-158303","post","type-post","status-publish","format-standard","has-post-thumbnail","category-la-guia"],"acf":{"antetitulo":""},"yoast_head":"<!-- This site is optimized with the Yoast SEO plugin v28.4 - https:\/\/yoast.com\/product\/yoast-seo-wordpress\/ -->\n<title>Nuevo ciclo de Los Innombrables Bolivia - El Diario - Bolivia<\/title>\n<meta name=\"robots\" content=\"index, follow, max-snippet:-1, max-image-preview:large, max-video-preview:-1\" \/>\n<link rel=\"canonical\" href=\"https:\/\/www.eldiario.net\/portal\/2023\/06\/05\/nuevo-ciclo-de-los-innombrables-bolivia\/\" \/>\n<meta property=\"og:locale\" content=\"es_ES\" \/>\n<meta property=\"og:type\" content=\"article\" \/>\n<meta property=\"og:title\" content=\"Nuevo ciclo de Los Innombrables Bolivia - El Diario - Bolivia\" \/>\n<meta property=\"og:description\" content=\"Un top show proyectado para divertir a todo tipo de p\u00fablico con diferentes sectores de entretenimiento, tocando temas de coyuntura social y cotidiana, adem\u00e1s de invitados especiales, profesionales y grupos en vivo, eso es Los Innombrables Bolivia. El programa comenz\u00f3 su tercer ciclo el pasado 24 de mayo, esta vez por las ondas de Radio [&hellip;]\" \/>\n<meta property=\"og:url\" content=\"https:\/\/www.eldiario.net\/portal\/2023\/06\/05\/nuevo-ciclo-de-los-innombrables-bolivia\/\" \/>\n<meta property=\"og:site_name\" content=\"El Diario - Bolivia\" \/>\n<meta property=\"article:publisher\" content=\"https:\/\/www.facebook.com\/eldiario.bolivia\/\" \/>\n<meta property=\"article:published_time\" content=\"2023-06-05T10:27:56+00:00\" \/>\n<meta property=\"og:image\" content=\"https:\/\/www.eldiario.net\/portal\/wp-content\/uploads\/2023\/06\/programa-1-PRINCIPAL.jpg\" \/>\n\t<meta property=\"og:image:width\" content=\"1600\" \/>\n\t<meta property=\"og:image:height\" content=\"977\" \/>\n\t<meta property=\"og:image:type\" content=\"image\/jpeg\" \/>\n<meta name=\"author\" content=\"Jeanette\" \/>\n<meta name=\"twitter:card\" content=\"summary_large_image\" \/>\n<meta name=\"twitter:creator\" content=\"@eldiario_net\" \/>\n<meta name=\"twitter:site\" content=\"@eldiario_net\" \/>\n<meta name=\"twitter:label1\" content=\"Escrito por\" \/>\n\t<meta name=\"twitter:data1\" content=\"Jeanette\" \/>\n\t<meta name=\"twitter:label2\" content=\"Tiempo de lectura\" \/>\n\t<meta name=\"twitter:data2\" content=\"5 minutos\" \/>\n<script type=\"application\/ld+json\" class=\"yoast-schema-graph\">{\"@context\":\"https:\\\/\\\/schema.org\",\"@graph\":[{\"@type\":\"Article\",\"@id\":\"https:\\\/\\\/www.eldiario.net\\\/portal\\\/2023\\\/06\\\/05\\\/nuevo-ciclo-de-los-innombrables-bolivia\\\/#article\",\"isPartOf\":{\"@id\":\"https:\\\/\\\/www.eldiario.net\\\/portal\\\/2023\\\/06\\\/05\\\/nuevo-ciclo-de-los-innombrables-bolivia\\\/\"},\"author\":{\"name\":\"Jeanette\",\"@id\":\"https:\\\/\\\/www.eldiario.net\\\/portal\\\/#\\\/schema\\\/person\\\/2c57cf2b7a7ae032e449e4c9b1019eac\"},\"headline\":\"Nuevo ciclo de Los Innombrables Bolivia\",\"datePublished\":\"2023-06-05T10:27:56+00:00\",\"mainEntityOfPage\":{\"@id\":\"https:\\\/\\\/www.eldiario.net\\\/portal\\\/2023\\\/06\\\/05\\\/nuevo-ciclo-de-los-innombrables-bolivia\\\/\"},\"wordCount\":1107,\"publisher\":{\"@id\":\"https:\\\/\\\/www.eldiario.net\\\/portal\\\/#organization\"},\"image\":{\"@id\":\"https:\\\/\\\/www.eldiario.net\\\/portal\\\/2023\\\/06\\\/05\\\/nuevo-ciclo-de-los-innombrables-bolivia\\\/#primaryimage\"},\"thumbnailUrl\":\"https:\\\/\\\/www.eldiario.net\\\/portal\\\/wp-content\\\/uploads\\\/2023\\\/06\\\/programa-1-PRINCIPAL.jpg\",\"articleSection\":[\"La Gu\u00eda\"],\"inLanguage\":\"es\"},{\"@type\":\"WebPage\",\"@id\":\"https:\\\/\\\/www.eldiario.net\\\/portal\\\/2023\\\/06\\\/05\\\/nuevo-ciclo-de-los-innombrables-bolivia\\\/\",\"url\":\"https:\\\/\\\/www.eldiario.net\\\/portal\\\/2023\\\/06\\\/05\\\/nuevo-ciclo-de-los-innombrables-bolivia\\\/\",\"name\":\"Nuevo ciclo de Los Innombrables Bolivia - El Diario - Bolivia\",\"isPartOf\":{\"@id\":\"https:\\\/\\\/www.eldiario.net\\\/portal\\\/#website\"},\"primaryImageOfPage\":{\"@id\":\"https:\\\/\\\/www.eldiario.net\\\/portal\\\/2023\\\/06\\\/05\\\/nuevo-ciclo-de-los-innombrables-bolivia\\\/#primaryimage\"},\"image\":{\"@id\":\"https:\\\/\\\/www.eldiario.net\\\/portal\\\/2023\\\/06\\\/05\\\/nuevo-ciclo-de-los-innombrables-bolivia\\\/#primaryimage\"},\"thumbnailUrl\":\"https:\\\/\\\/www.eldiario.net\\\/portal\\\/wp-content\\\/uploads\\\/2023\\\/06\\\/programa-1-PRINCIPAL.jpg\",\"datePublished\":\"2023-06-05T10:27:56+00:00\",\"breadcrumb\":{\"@id\":\"https:\\\/\\\/www.eldiario.net\\\/portal\\\/2023\\\/06\\\/05\\\/nuevo-ciclo-de-los-innombrables-bolivia\\\/#breadcrumb\"},\"inLanguage\":\"es\",\"potentialAction\":[{\"@type\":\"ReadAction\",\"target\":[\"https:\\\/\\\/www.eldiario.net\\\/portal\\\/2023\\\/06\\\/05\\\/nuevo-ciclo-de-los-innombrables-bolivia\\\/\"]}]},{\"@type\":\"ImageObject\",\"inLanguage\":\"es\",\"@id\":\"https:\\\/\\\/www.eldiario.net\\\/portal\\\/2023\\\/06\\\/05\\\/nuevo-ciclo-de-los-innombrables-bolivia\\\/#primaryimage\",\"url\":\"https:\\\/\\\/www.eldiario.net\\\/portal\\\/wp-content\\\/uploads\\\/2023\\\/06\\\/programa-1-PRINCIPAL.jpg\",\"contentUrl\":\"https:\\\/\\\/www.eldiario.net\\\/portal\\\/wp-content\\\/uploads\\\/2023\\\/06\\\/programa-1-PRINCIPAL.jpg\",\"width\":1600,\"height\":977},{\"@type\":\"BreadcrumbList\",\"@id\":\"https:\\\/\\\/www.eldiario.net\\\/portal\\\/2023\\\/06\\\/05\\\/nuevo-ciclo-de-los-innombrables-bolivia\\\/#breadcrumb\",\"itemListElement\":[{\"@type\":\"ListItem\",\"position\":1,\"name\":\"Portada\",\"item\":\"https:\\\/\\\/www.eldiario.net\\\/portal\\\/\"},{\"@type\":\"ListItem\",\"position\":2,\"name\":\"Nuevo ciclo de Los Innombrables Bolivia\"}]},{\"@type\":\"WebSite\",\"@id\":\"https:\\\/\\\/www.eldiario.net\\\/portal\\\/#website\",\"url\":\"https:\\\/\\\/www.eldiario.net\\\/portal\\\/\",\"name\":\"El Diario - Decano de la prensa nacional\",\"description\":\"El Diario - Decano de la prensa nacional\",\"publisher\":{\"@id\":\"https:\\\/\\\/www.eldiario.net\\\/portal\\\/#organization\"},\"potentialAction\":[{\"@type\":\"SearchAction\",\"target\":{\"@type\":\"EntryPoint\",\"urlTemplate\":\"https:\\\/\\\/www.eldiario.net\\\/portal\\\/?s={search_term_string}\"},\"query-input\":{\"@type\":\"PropertyValueSpecification\",\"valueRequired\":true,\"valueName\":\"search_term_string\"}}],\"inLanguage\":\"es\"},{\"@type\":\"Organization\",\"@id\":\"https:\\\/\\\/www.eldiario.net\\\/portal\\\/#organization\",\"name\":\"El Diario - Decano de la prensa nacional\",\"url\":\"https:\\\/\\\/www.eldiario.net\\\/portal\\\/\",\"logo\":{\"@type\":\"ImageObject\",\"inLanguage\":\"es\",\"@id\":\"https:\\\/\\\/www.eldiario.net\\\/portal\\\/#\\\/schema\\\/logo\\\/image\\\/\",\"url\":\"https:\\\/\\\/www.eldiario.net\\\/portal\\\/wp-content\\\/uploads\\\/2023\\\/07\\\/logo_ED.jpg\",\"contentUrl\":\"https:\\\/\\\/www.eldiario.net\\\/portal\\\/wp-content\\\/uploads\\\/2023\\\/07\\\/logo_ED.jpg\",\"width\":272,\"height\":52,\"caption\":\"El Diario - Decano de la prensa nacional\"},\"image\":{\"@id\":\"https:\\\/\\\/www.eldiario.net\\\/portal\\\/#\\\/schema\\\/logo\\\/image\\\/\"},\"sameAs\":[\"https:\\\/\\\/www.facebook.com\\\/eldiario.bolivia\\\/\",\"https:\\\/\\\/x.com\\\/eldiario_net\"]},{\"@type\":\"Person\",\"@id\":\"https:\\\/\\\/www.eldiario.net\\\/portal\\\/#\\\/schema\\\/person\\\/2c57cf2b7a7ae032e449e4c9b1019eac\",\"name\":\"Jeanette\",\"image\":{\"@type\":\"ImageObject\",\"inLanguage\":\"es\",\"@id\":\"https:\\\/\\\/secure.gravatar.com\\\/avatar\\\/3ea2118a5f7dad2b7138b1187a6b7ee55f160b9968b66013c3a3ef39dd7e5798?s=96&d=mm&r=g\",\"url\":\"https:\\\/\\\/secure.gravatar.com\\\/avatar\\\/3ea2118a5f7dad2b7138b1187a6b7ee55f160b9968b66013c3a3ef39dd7e5798?s=96&d=mm&r=g\",\"contentUrl\":\"https:\\\/\\\/secure.gravatar.com\\\/avatar\\\/3ea2118a5f7dad2b7138b1187a6b7ee55f160b9968b66013c3a3ef39dd7e5798?s=96&d=mm&r=g\",\"caption\":\"Jeanette\"},\"sameAs\":[\"https:\\\/\\\/www.eldiario.net\\\/portal\"],\"url\":\"https:\\\/\\\/www.eldiario.net\\\/portal\\\/author\\\/jeanette\\\/\"}]}<\/script>\n<!-- \/ Yoast SEO plugin. -->","yoast_head_json":{"title":"Nuevo ciclo de Los Innombrables Bolivia - El Diario - Bolivia","robots":{"index":"index","follow":"follow","max-snippet":"max-snippet:-1","max-image-preview":"max-image-preview:large","max-video-preview":"max-video-preview:-1"},"canonical":"https:\/\/www.eldiario.net\/portal\/2023\/06\/05\/nuevo-ciclo-de-los-innombrables-bolivia\/","og_locale":"es_ES","og_type":"article","og_title":"Nuevo ciclo de Los Innombrables Bolivia - El Diario - Bolivia","og_description":"Un top show proyectado para divertir a todo tipo de p\u00fablico con diferentes sectores de entretenimiento, tocando temas de coyuntura social y cotidiana, adem\u00e1s de invitados especiales, profesionales y grupos en vivo, eso es Los Innombrables Bolivia. El programa comenz\u00f3 su tercer ciclo el pasado 24 de mayo, esta vez por las ondas de Radio [&hellip;]","og_url":"https:\/\/www.eldiario.net\/portal\/2023\/06\/05\/nuevo-ciclo-de-los-innombrables-bolivia\/","og_site_name":"El Diario - Bolivia","article_publisher":"https:\/\/www.facebook.com\/eldiario.bolivia\/","article_published_time":"2023-06-05T10:27:56+00:00","og_image":[{"width":1600,"height":977,"url":"https:\/\/www.eldiario.net\/portal\/wp-content\/uploads\/2023\/06\/programa-1-PRINCIPAL.jpg","type":"image\/jpeg"}],"author":"Jeanette","twitter_card":"summary_large_image","twitter_creator":"@eldiario_net","twitter_site":"@eldiario_net","twitter_misc":{"Escrito por":"Jeanette","Tiempo de lectura":"5 minutos"},"schema":{"@context":"https:\/\/schema.org","@graph":[{"@type":"Article","@id":"https:\/\/www.eldiario.net\/portal\/2023\/06\/05\/nuevo-ciclo-de-los-innombrables-bolivia\/#article","isPartOf":{"@id":"https:\/\/www.eldiario.net\/portal\/2023\/06\/05\/nuevo-ciclo-de-los-innombrables-bolivia\/"},"author":{"name":"Jeanette","@id":"https:\/\/www.eldiario.net\/portal\/#\/schema\/person\/2c57cf2b7a7ae032e449e4c9b1019eac"},"headline":"Nuevo ciclo de Los Innombrables Bolivia","datePublished":"2023-06-05T10:27:56+00:00","mainEntityOfPage":{"@id":"https:\/\/www.eldiario.net\/portal\/2023\/06\/05\/nuevo-ciclo-de-los-innombrables-bolivia\/"},"wordCount":1107,"publisher":{"@id":"https:\/\/www.eldiario.net\/portal\/#organization"},"image":{"@id":"https:\/\/www.eldiario.net\/portal\/2023\/06\/05\/nuevo-ciclo-de-los-innombrables-bolivia\/#primaryimage"},"thumbnailUrl":"https:\/\/www.eldiario.net\/portal\/wp-content\/uploads\/2023\/06\/programa-1-PRINCIPAL.jpg","articleSection":["La Gu\u00eda"],"inLanguage":"es"},{"@type":"WebPage","@id":"https:\/\/www.eldiario.net\/portal\/2023\/06\/05\/nuevo-ciclo-de-los-innombrables-bolivia\/","url":"https:\/\/www.eldiario.net\/portal\/2023\/06\/05\/nuevo-ciclo-de-los-innombrables-bolivia\/","name":"Nuevo ciclo de Los Innombrables Bolivia - El Diario - Bolivia","isPartOf":{"@id":"https:\/\/www.eldiario.net\/portal\/#website"},"primaryImageOfPage":{"@id":"https:\/\/www.eldiario.net\/portal\/2023\/06\/05\/nuevo-ciclo-de-los-innombrables-bolivia\/#primaryimage"},"image":{"@id":"https:\/\/www.eldiario.net\/portal\/2023\/06\/05\/nuevo-ciclo-de-los-innombrables-bolivia\/#primaryimage"},"thumbnailUrl":"https:\/\/www.eldiario.net\/portal\/wp-content\/uploads\/2023\/06\/programa-1-PRINCIPAL.jpg","datePublished":"2023-06-05T10:27:56+00:00","breadcrumb":{"@id":"https:\/\/www.eldiario.net\/portal\/2023\/06\/05\/nuevo-ciclo-de-los-innombrables-bolivia\/#breadcrumb"},"inLanguage":"es","potentialAction":[{"@type":"ReadAction","target":["https:\/\/www.eldiario.net\/portal\/2023\/06\/05\/nuevo-ciclo-de-los-innombrables-bolivia\/"]}]},{"@type":"ImageObject","inLanguage":"es","@id":"https:\/\/www.eldiario.net\/portal\/2023\/06\/05\/nuevo-ciclo-de-los-innombrables-bolivia\/#primaryimage","url":"https:\/\/www.eldiario.net\/portal\/wp-content\/uploads\/2023\/06\/programa-1-PRINCIPAL.jpg","contentUrl":"https:\/\/www.eldiario.net\/portal\/wp-content\/uploads\/2023\/06\/programa-1-PRINCIPAL.jpg","width":1600,"height":977},{"@type":"BreadcrumbList","@id":"https:\/\/www.eldiario.net\/portal\/2023\/06\/05\/nuevo-ciclo-de-los-innombrables-bolivia\/#breadcrumb","itemListElement":[{"@type":"ListItem","position":1,"name":"Portada","item":"https:\/\/www.eldiario.net\/portal\/"},{"@type":"ListItem","position":2,"name":"Nuevo ciclo de Los Innombrables Bolivia"}]},{"@type":"WebSite","@id":"https:\/\/www.eldiario.net\/portal\/#website","url":"https:\/\/www.eldiario.net\/portal\/","name":"El Diario - Decano de la prensa nacional","description":"El Diario - Decano de la prensa nacional","publisher":{"@id":"https:\/\/www.eldiario.net\/portal\/#organization"},"potentialAction":[{"@type":"SearchAction","target":{"@type":"EntryPoint","urlTemplate":"https:\/\/www.eldiario.net\/portal\/?s={search_term_string}"},"query-input":{"@type":"PropertyValueSpecification","valueRequired":true,"valueName":"search_term_string"}}],"inLanguage":"es"},{"@type":"Organization","@id":"https:\/\/www.eldiario.net\/portal\/#organization","name":"El Diario - Decano de la prensa nacional","url":"https:\/\/www.eldiario.net\/portal\/","logo":{"@type":"ImageObject","inLanguage":"es","@id":"https:\/\/www.eldiario.net\/portal\/#\/schema\/logo\/image\/","url":"https:\/\/www.eldiario.net\/portal\/wp-content\/uploads\/2023\/07\/logo_ED.jpg","contentUrl":"https:\/\/www.eldiario.net\/portal\/wp-content\/uploads\/2023\/07\/logo_ED.jpg","width":272,"height":52,"caption":"El Diario - Decano de la prensa nacional"},"image":{"@id":"https:\/\/www.eldiario.net\/portal\/#\/schema\/logo\/image\/"},"sameAs":["https:\/\/www.facebook.com\/eldiario.bolivia\/","https:\/\/x.com\/eldiario_net"]},{"@type":"Person","@id":"https:\/\/www.eldiario.net\/portal\/#\/schema\/person\/2c57cf2b7a7ae032e449e4c9b1019eac","name":"Jeanette","image":{"@type":"ImageObject","inLanguage":"es","@id":"https:\/\/secure.gravatar.com\/avatar\/3ea2118a5f7dad2b7138b1187a6b7ee55f160b9968b66013c3a3ef39dd7e5798?s=96&d=mm&r=g","url":"https:\/\/secure.gravatar.com\/avatar\/3ea2118a5f7dad2b7138b1187a6b7ee55f160b9968b66013c3a3ef39dd7e5798?s=96&d=mm&r=g","contentUrl":"https:\/\/secure.gravatar.com\/avatar\/3ea2118a5f7dad2b7138b1187a6b7ee55f160b9968b66013c3a3ef39dd7e5798?s=96&d=mm&r=g","caption":"Jeanette"},"sameAs":["https:\/\/www.eldiario.net\/portal"],"url":"https:\/\/www.eldiario.net\/portal\/author\/jeanette\/"}]}},"_links":{"self":[{"href":"https:\/\/www.eldiario.net\/portal\/wp-json\/wp\/v2\/posts\/158303","targetHints":{"allow":["GET"]}}],"collection":[{"href":"https:\/\/www.eldiario.net\/portal\/wp-json\/wp\/v2\/posts"}],"about":[{"href":"https:\/\/www.eldiario.net\/portal\/wp-json\/wp\/v2\/types\/post"}],"author":[{"embeddable":true,"href":"https:\/\/www.eldiario.net\/portal\/wp-json\/wp\/v2\/users\/1"}],"replies":[{"embeddable":true,"href":"https:\/\/www.eldiario.net\/portal\/wp-json\/wp\/v2\/comments?post=158303"}],"version-history":[{"count":0,"href":"https:\/\/www.eldiario.net\/portal\/wp-json\/wp\/v2\/posts\/158303\/revisions"}],"wp:featuredmedia":[{"embeddable":true,"href":"https:\/\/www.eldiario.net\/portal\/wp-json\/wp\/v2\/media\/158304"}],"wp:attachment":[{"href":"https:\/\/www.eldiario.net\/portal\/wp-json\/wp\/v2\/media?parent=158303"}],"wp:term":[{"taxonomy":"category","embeddable":true,"href":"https:\/\/www.eldiario.net\/portal\/wp-json\/wp\/v2\/categories?post=158303"},{"taxonomy":"post_tag","embeddable":true,"href":"https:\/\/www.eldiario.net\/portal\/wp-json\/wp\/v2\/tags?post=158303"}],"curies":[{"name":"wp","href":"https:\/\/api.w.org\/{rel}","templated":true}]}}