{"id":158293,"date":"2023-06-05T06:20:57","date_gmt":"2023-06-05T10:20:57","guid":{"rendered":"https:\/\/www.eldiario.net\/portal\/?p=158293"},"modified":"2023-06-05T06:20:57","modified_gmt":"2023-06-05T10:20:57","slug":"califican-de-burla-proceso-contra-funcionarios-de-boa","status":"publish","type":"post","link":"https:\/\/www.eldiario.net\/portal\/2023\/06\/05\/califican-de-burla-proceso-contra-funcionarios-de-boa\/","title":{"rendered":"Califican de burla proceso contra funcionarios de BoA"},"content":{"rendered":"<p>El proceso iniciado en contra de dos funcionarios de la estatal Boliviana de Aviaci\u00f3n (BoA) en el caso del cargamento de 478 kilos de coca\u00edna transportado del aeropuerto de Viru Viru a Espa\u00f1a en febrero pasado, el diputado por Comunidad Ciudadana (CC), Alberto Astorga, calific\u00f3 como una \u201cburla\u201d para un pa\u00eds que ahora exige duras sanciones para los \u201cpeces gordos\u201d que se benefician del narcotr\u00e1fico.<br \/>\nLos cuestionamientos del legislador est\u00e1n dirigidos principalmente al ministro de Gobierno, Eduardo Del Castillo, por ser el principal responsable de la lucha antidroga en el pa\u00eds.<br \/>\n\u201cRealmente es una burla para el pa\u00eds, la detenci\u00f3n de dos funcionarios de bajo rango en el caso de la droga confiscada en Espa\u00f1a, deber\u00eda rodar la cabeza del Ministro de Gobierno y se deber\u00eda capturar al pez gordo que comand\u00f3 la exportaci\u00f3n de casi media tonelada de droga\u201d, escribi\u00f3 desde sus redes sociales.<br \/>\nPor otro lado, el Jefe de Bancada por Comunidad Ciudadana en Diputados, Enrique Urquidi, apunt\u00f3 a las autoridades de Gobierno por una supuesta protecci\u00f3n a estas actividades il\u00edcitas, las que da\u00f1an la imagen de la l\u00ednea a\u00e9rea nacional y de todo el pa\u00eds.<br \/>\n\u201cHemos vuelto a las \u00e9pocas de los \u2018narcoaviones\u2019, con la diferencia que hoy es la l\u00ednea bandera nacional la que es utilizada para el tr\u00e1fico de drogas, ante la complicidad de autoridades del Gobierno, el narcotr\u00e1fico se ha impuesto al Estado\u201d, lament\u00f3 Urquidi.<br \/>\nPor otro lado, los fiscales que investigan el hecho hicieron conocer que se tiene programado citar a m\u00e1s de veinte personas, entre ellos, personal del aeropuerto Viru Viru, polic\u00edas y funcionarios de Navegaci\u00f3n A\u00e9rea y Aeropuertos Bolivianos (Naabol).<\/p>\n<p>&nbsp;<\/p>\n","protected":false},"excerpt":{"rendered":"<p>El proceso iniciado en contra de dos funcionarios de la estatal Boliviana de Aviaci\u00f3n (BoA) en el caso del cargamento de 478 kilos de coca\u00edna transportado del aeropuerto de Viru Viru a Espa\u00f1a en febrero pasado, el diputado por Comunidad Ciudadana (CC), Alberto Astorga, calific\u00f3 como una \u201cburla\u201d para un pa\u00eds que ahora exige duras [&hellip;]<\/p>\n","protected":false},"author":1,"featured_media":158294,"comment_status":"closed","ping_status":"closed","sticky":false,"template":"","format":"standard","meta":{"_acf_changed":false,"footnotes":""},"categories":[17],"tags":[],"class_list":["post-158293","post","type-post","status-publish","format-standard","has-post-thumbnail","category-principal"],"acf":{"antetitulo":""},"yoast_head":"<!-- This site is optimized with the Yoast SEO plugin v28.4 - https:\/\/yoast.com\/product\/yoast-seo-wordpress\/ -->\n<title>Califican de burla proceso contra funcionarios de BoA - El Diario - Bolivia<\/title>\n<meta name=\"robots\" content=\"index, follow, max-snippet:-1, max-image-preview:large, max-video-preview:-1\" \/>\n<link rel=\"canonical\" href=\"https:\/\/www.eldiario.net\/portal\/2023\/06\/05\/califican-de-burla-proceso-contra-funcionarios-de-boa\/\" \/>\n<meta property=\"og:locale\" content=\"es_ES\" \/>\n<meta property=\"og:type\" content=\"article\" \/>\n<meta property=\"og:title\" content=\"Califican de burla proceso contra funcionarios de BoA - El Diario - Bolivia\" \/>\n<meta property=\"og:description\" content=\"El proceso iniciado en contra de dos funcionarios de la estatal Boliviana de Aviaci\u00f3n (BoA) en el caso del cargamento de 478 kilos de coca\u00edna transportado del aeropuerto de Viru Viru a Espa\u00f1a en febrero pasado, el diputado por Comunidad Ciudadana (CC), Alberto Astorga, calific\u00f3 como una \u201cburla\u201d para un pa\u00eds que ahora exige duras [&hellip;]\" \/>\n<meta property=\"og:url\" content=\"https:\/\/www.eldiario.net\/portal\/2023\/06\/05\/califican-de-burla-proceso-contra-funcionarios-de-boa\/\" \/>\n<meta property=\"og:site_name\" content=\"El Diario - Bolivia\" \/>\n<meta property=\"article:publisher\" content=\"https:\/\/www.facebook.com\/eldiario.bolivia\/\" \/>\n<meta property=\"article:published_time\" content=\"2023-06-05T10:20:57+00:00\" \/>\n<meta property=\"og:image\" content=\"https:\/\/www.eldiario.net\/portal\/wp-content\/uploads\/2023\/06\/P-1-20-cm-x-11.jpg\" \/>\n\t<meta property=\"og:image:width\" content=\"1080\" \/>\n\t<meta property=\"og:image:height\" content=\"715\" \/>\n\t<meta property=\"og:image:type\" content=\"image\/jpeg\" \/>\n<meta name=\"author\" content=\"Jeanette\" \/>\n<meta name=\"twitter:card\" content=\"summary_large_image\" \/>\n<meta name=\"twitter:creator\" content=\"@eldiario_net\" \/>\n<meta name=\"twitter:site\" content=\"@eldiario_net\" \/>\n<meta name=\"twitter:label1\" content=\"Escrito por\" \/>\n\t<meta name=\"twitter:data1\" content=\"Jeanette\" \/>\n\t<meta name=\"twitter:label2\" content=\"Tiempo de lectura\" \/>\n\t<meta name=\"twitter:data2\" content=\"2 minutos\" \/>\n<script type=\"application\/ld+json\" class=\"yoast-schema-graph\">{\"@context\":\"https:\\\/\\\/schema.org\",\"@graph\":[{\"@type\":\"Article\",\"@id\":\"https:\\\/\\\/www.eldiario.net\\\/portal\\\/2023\\\/06\\\/05\\\/califican-de-burla-proceso-contra-funcionarios-de-boa\\\/#article\",\"isPartOf\":{\"@id\":\"https:\\\/\\\/www.eldiario.net\\\/portal\\\/2023\\\/06\\\/05\\\/califican-de-burla-proceso-contra-funcionarios-de-boa\\\/\"},\"author\":{\"name\":\"Jeanette\",\"@id\":\"https:\\\/\\\/www.eldiario.net\\\/portal\\\/#\\\/schema\\\/person\\\/2c57cf2b7a7ae032e449e4c9b1019eac\"},\"headline\":\"Califican de burla proceso contra funcionarios de BoA\",\"datePublished\":\"2023-06-05T10:20:57+00:00\",\"mainEntityOfPage\":{\"@id\":\"https:\\\/\\\/www.eldiario.net\\\/portal\\\/2023\\\/06\\\/05\\\/califican-de-burla-proceso-contra-funcionarios-de-boa\\\/\"},\"wordCount\":303,\"publisher\":{\"@id\":\"https:\\\/\\\/www.eldiario.net\\\/portal\\\/#organization\"},\"image\":{\"@id\":\"https:\\\/\\\/www.eldiario.net\\\/portal\\\/2023\\\/06\\\/05\\\/califican-de-burla-proceso-contra-funcionarios-de-boa\\\/#primaryimage\"},\"thumbnailUrl\":\"https:\\\/\\\/www.eldiario.net\\\/portal\\\/wp-content\\\/uploads\\\/2023\\\/06\\\/P-1-20-cm-x-11.jpg\",\"articleSection\":[\"Principal\"],\"inLanguage\":\"es\"},{\"@type\":\"WebPage\",\"@id\":\"https:\\\/\\\/www.eldiario.net\\\/portal\\\/2023\\\/06\\\/05\\\/califican-de-burla-proceso-contra-funcionarios-de-boa\\\/\",\"url\":\"https:\\\/\\\/www.eldiario.net\\\/portal\\\/2023\\\/06\\\/05\\\/califican-de-burla-proceso-contra-funcionarios-de-boa\\\/\",\"name\":\"Califican de burla proceso contra funcionarios de BoA - El Diario - Bolivia\",\"isPartOf\":{\"@id\":\"https:\\\/\\\/www.eldiario.net\\\/portal\\\/#website\"},\"primaryImageOfPage\":{\"@id\":\"https:\\\/\\\/www.eldiario.net\\\/portal\\\/2023\\\/06\\\/05\\\/califican-de-burla-proceso-contra-funcionarios-de-boa\\\/#primaryimage\"},\"image\":{\"@id\":\"https:\\\/\\\/www.eldiario.net\\\/portal\\\/2023\\\/06\\\/05\\\/califican-de-burla-proceso-contra-funcionarios-de-boa\\\/#primaryimage\"},\"thumbnailUrl\":\"https:\\\/\\\/www.eldiario.net\\\/portal\\\/wp-content\\\/uploads\\\/2023\\\/06\\\/P-1-20-cm-x-11.jpg\",\"datePublished\":\"2023-06-05T10:20:57+00:00\",\"breadcrumb\":{\"@id\":\"https:\\\/\\\/www.eldiario.net\\\/portal\\\/2023\\\/06\\\/05\\\/califican-de-burla-proceso-contra-funcionarios-de-boa\\\/#breadcrumb\"},\"inLanguage\":\"es\",\"potentialAction\":[{\"@type\":\"ReadAction\",\"target\":[\"https:\\\/\\\/www.eldiario.net\\\/portal\\\/2023\\\/06\\\/05\\\/califican-de-burla-proceso-contra-funcionarios-de-boa\\\/\"]}]},{\"@type\":\"ImageObject\",\"inLanguage\":\"es\",\"@id\":\"https:\\\/\\\/www.eldiario.net\\\/portal\\\/2023\\\/06\\\/05\\\/califican-de-burla-proceso-contra-funcionarios-de-boa\\\/#primaryimage\",\"url\":\"https:\\\/\\\/www.eldiario.net\\\/portal\\\/wp-content\\\/uploads\\\/2023\\\/06\\\/P-1-20-cm-x-11.jpg\",\"contentUrl\":\"https:\\\/\\\/www.eldiario.net\\\/portal\\\/wp-content\\\/uploads\\\/2023\\\/06\\\/P-1-20-cm-x-11.jpg\",\"width\":1080,\"height\":715},{\"@type\":\"BreadcrumbList\",\"@id\":\"https:\\\/\\\/www.eldiario.net\\\/portal\\\/2023\\\/06\\\/05\\\/califican-de-burla-proceso-contra-funcionarios-de-boa\\\/#breadcrumb\",\"itemListElement\":[{\"@type\":\"ListItem\",\"position\":1,\"name\":\"Portada\",\"item\":\"https:\\\/\\\/www.eldiario.net\\\/portal\\\/\"},{\"@type\":\"ListItem\",\"position\":2,\"name\":\"Califican de burla proceso contra funcionarios de BoA\"}]},{\"@type\":\"WebSite\",\"@id\":\"https:\\\/\\\/www.eldiario.net\\\/portal\\\/#website\",\"url\":\"https:\\\/\\\/www.eldiario.net\\\/portal\\\/\",\"name\":\"El Diario - Decano de la prensa nacional\",\"description\":\"El Diario - Decano de la prensa nacional\",\"publisher\":{\"@id\":\"https:\\\/\\\/www.eldiario.net\\\/portal\\\/#organization\"},\"potentialAction\":[{\"@type\":\"SearchAction\",\"target\":{\"@type\":\"EntryPoint\",\"urlTemplate\":\"https:\\\/\\\/www.eldiario.net\\\/portal\\\/?s={search_term_string}\"},\"query-input\":{\"@type\":\"PropertyValueSpecification\",\"valueRequired\":true,\"valueName\":\"search_term_string\"}}],\"inLanguage\":\"es\"},{\"@type\":\"Organization\",\"@id\":\"https:\\\/\\\/www.eldiario.net\\\/portal\\\/#organization\",\"name\":\"El Diario - Decano de la prensa nacional\",\"url\":\"https:\\\/\\\/www.eldiario.net\\\/portal\\\/\",\"logo\":{\"@type\":\"ImageObject\",\"inLanguage\":\"es\",\"@id\":\"https:\\\/\\\/www.eldiario.net\\\/portal\\\/#\\\/schema\\\/logo\\\/image\\\/\",\"url\":\"https:\\\/\\\/www.eldiario.net\\\/portal\\\/wp-content\\\/uploads\\\/2023\\\/07\\\/logo_ED.jpg\",\"contentUrl\":\"https:\\\/\\\/www.eldiario.net\\\/portal\\\/wp-content\\\/uploads\\\/2023\\\/07\\\/logo_ED.jpg\",\"width\":272,\"height\":52,\"caption\":\"El Diario - Decano de la prensa nacional\"},\"image\":{\"@id\":\"https:\\\/\\\/www.eldiario.net\\\/portal\\\/#\\\/schema\\\/logo\\\/image\\\/\"},\"sameAs\":[\"https:\\\/\\\/www.facebook.com\\\/eldiario.bolivia\\\/\",\"https:\\\/\\\/x.com\\\/eldiario_net\"]},{\"@type\":\"Person\",\"@id\":\"https:\\\/\\\/www.eldiario.net\\\/portal\\\/#\\\/schema\\\/person\\\/2c57cf2b7a7ae032e449e4c9b1019eac\",\"name\":\"Jeanette\",\"image\":{\"@type\":\"ImageObject\",\"inLanguage\":\"es\",\"@id\":\"https:\\\/\\\/secure.gravatar.com\\\/avatar\\\/3ea2118a5f7dad2b7138b1187a6b7ee55f160b9968b66013c3a3ef39dd7e5798?s=96&d=mm&r=g\",\"url\":\"https:\\\/\\\/secure.gravatar.com\\\/avatar\\\/3ea2118a5f7dad2b7138b1187a6b7ee55f160b9968b66013c3a3ef39dd7e5798?s=96&d=mm&r=g\",\"contentUrl\":\"https:\\\/\\\/secure.gravatar.com\\\/avatar\\\/3ea2118a5f7dad2b7138b1187a6b7ee55f160b9968b66013c3a3ef39dd7e5798?s=96&d=mm&r=g\",\"caption\":\"Jeanette\"},\"sameAs\":[\"https:\\\/\\\/www.eldiario.net\\\/portal\"],\"url\":\"https:\\\/\\\/www.eldiario.net\\\/portal\\\/author\\\/jeanette\\\/\"}]}<\/script>\n<!-- \/ Yoast SEO plugin. -->","yoast_head_json":{"title":"Califican de burla proceso contra funcionarios de BoA - El Diario - Bolivia","robots":{"index":"index","follow":"follow","max-snippet":"max-snippet:-1","max-image-preview":"max-image-preview:large","max-video-preview":"max-video-preview:-1"},"canonical":"https:\/\/www.eldiario.net\/portal\/2023\/06\/05\/califican-de-burla-proceso-contra-funcionarios-de-boa\/","og_locale":"es_ES","og_type":"article","og_title":"Califican de burla proceso contra funcionarios de BoA - El Diario - Bolivia","og_description":"El proceso iniciado en contra de dos funcionarios de la estatal Boliviana de Aviaci\u00f3n (BoA) en el caso del cargamento de 478 kilos de coca\u00edna transportado del aeropuerto de Viru Viru a Espa\u00f1a en febrero pasado, el diputado por Comunidad Ciudadana (CC), Alberto Astorga, calific\u00f3 como una \u201cburla\u201d para un pa\u00eds que ahora exige duras [&hellip;]","og_url":"https:\/\/www.eldiario.net\/portal\/2023\/06\/05\/califican-de-burla-proceso-contra-funcionarios-de-boa\/","og_site_name":"El Diario - Bolivia","article_publisher":"https:\/\/www.facebook.com\/eldiario.bolivia\/","article_published_time":"2023-06-05T10:20:57+00:00","og_image":[{"width":1080,"height":715,"url":"https:\/\/www.eldiario.net\/portal\/wp-content\/uploads\/2023\/06\/P-1-20-cm-x-11.jpg","type":"image\/jpeg"}],"author":"Jeanette","twitter_card":"summary_large_image","twitter_creator":"@eldiario_net","twitter_site":"@eldiario_net","twitter_misc":{"Escrito por":"Jeanette","Tiempo de lectura":"2 minutos"},"schema":{"@context":"https:\/\/schema.org","@graph":[{"@type":"Article","@id":"https:\/\/www.eldiario.net\/portal\/2023\/06\/05\/califican-de-burla-proceso-contra-funcionarios-de-boa\/#article","isPartOf":{"@id":"https:\/\/www.eldiario.net\/portal\/2023\/06\/05\/califican-de-burla-proceso-contra-funcionarios-de-boa\/"},"author":{"name":"Jeanette","@id":"https:\/\/www.eldiario.net\/portal\/#\/schema\/person\/2c57cf2b7a7ae032e449e4c9b1019eac"},"headline":"Califican de burla proceso contra funcionarios de BoA","datePublished":"2023-06-05T10:20:57+00:00","mainEntityOfPage":{"@id":"https:\/\/www.eldiario.net\/portal\/2023\/06\/05\/califican-de-burla-proceso-contra-funcionarios-de-boa\/"},"wordCount":303,"publisher":{"@id":"https:\/\/www.eldiario.net\/portal\/#organization"},"image":{"@id":"https:\/\/www.eldiario.net\/portal\/2023\/06\/05\/califican-de-burla-proceso-contra-funcionarios-de-boa\/#primaryimage"},"thumbnailUrl":"https:\/\/www.eldiario.net\/portal\/wp-content\/uploads\/2023\/06\/P-1-20-cm-x-11.jpg","articleSection":["Principal"],"inLanguage":"es"},{"@type":"WebPage","@id":"https:\/\/www.eldiario.net\/portal\/2023\/06\/05\/califican-de-burla-proceso-contra-funcionarios-de-boa\/","url":"https:\/\/www.eldiario.net\/portal\/2023\/06\/05\/califican-de-burla-proceso-contra-funcionarios-de-boa\/","name":"Califican de burla proceso contra funcionarios de BoA - El Diario - Bolivia","isPartOf":{"@id":"https:\/\/www.eldiario.net\/portal\/#website"},"primaryImageOfPage":{"@id":"https:\/\/www.eldiario.net\/portal\/2023\/06\/05\/califican-de-burla-proceso-contra-funcionarios-de-boa\/#primaryimage"},"image":{"@id":"https:\/\/www.eldiario.net\/portal\/2023\/06\/05\/califican-de-burla-proceso-contra-funcionarios-de-boa\/#primaryimage"},"thumbnailUrl":"https:\/\/www.eldiario.net\/portal\/wp-content\/uploads\/2023\/06\/P-1-20-cm-x-11.jpg","datePublished":"2023-06-05T10:20:57+00:00","breadcrumb":{"@id":"https:\/\/www.eldiario.net\/portal\/2023\/06\/05\/califican-de-burla-proceso-contra-funcionarios-de-boa\/#breadcrumb"},"inLanguage":"es","potentialAction":[{"@type":"ReadAction","target":["https:\/\/www.eldiario.net\/portal\/2023\/06\/05\/califican-de-burla-proceso-contra-funcionarios-de-boa\/"]}]},{"@type":"ImageObject","inLanguage":"es","@id":"https:\/\/www.eldiario.net\/portal\/2023\/06\/05\/califican-de-burla-proceso-contra-funcionarios-de-boa\/#primaryimage","url":"https:\/\/www.eldiario.net\/portal\/wp-content\/uploads\/2023\/06\/P-1-20-cm-x-11.jpg","contentUrl":"https:\/\/www.eldiario.net\/portal\/wp-content\/uploads\/2023\/06\/P-1-20-cm-x-11.jpg","width":1080,"height":715},{"@type":"BreadcrumbList","@id":"https:\/\/www.eldiario.net\/portal\/2023\/06\/05\/califican-de-burla-proceso-contra-funcionarios-de-boa\/#breadcrumb","itemListElement":[{"@type":"ListItem","position":1,"name":"Portada","item":"https:\/\/www.eldiario.net\/portal\/"},{"@type":"ListItem","position":2,"name":"Califican de burla proceso contra funcionarios de BoA"}]},{"@type":"WebSite","@id":"https:\/\/www.eldiario.net\/portal\/#website","url":"https:\/\/www.eldiario.net\/portal\/","name":"El Diario - Decano de la prensa nacional","description":"El Diario - Decano de la prensa nacional","publisher":{"@id":"https:\/\/www.eldiario.net\/portal\/#organization"},"potentialAction":[{"@type":"SearchAction","target":{"@type":"EntryPoint","urlTemplate":"https:\/\/www.eldiario.net\/portal\/?s={search_term_string}"},"query-input":{"@type":"PropertyValueSpecification","valueRequired":true,"valueName":"search_term_string"}}],"inLanguage":"es"},{"@type":"Organization","@id":"https:\/\/www.eldiario.net\/portal\/#organization","name":"El Diario - Decano de la prensa nacional","url":"https:\/\/www.eldiario.net\/portal\/","logo":{"@type":"ImageObject","inLanguage":"es","@id":"https:\/\/www.eldiario.net\/portal\/#\/schema\/logo\/image\/","url":"https:\/\/www.eldiario.net\/portal\/wp-content\/uploads\/2023\/07\/logo_ED.jpg","contentUrl":"https:\/\/www.eldiario.net\/portal\/wp-content\/uploads\/2023\/07\/logo_ED.jpg","width":272,"height":52,"caption":"El Diario - Decano de la prensa nacional"},"image":{"@id":"https:\/\/www.eldiario.net\/portal\/#\/schema\/logo\/image\/"},"sameAs":["https:\/\/www.facebook.com\/eldiario.bolivia\/","https:\/\/x.com\/eldiario_net"]},{"@type":"Person","@id":"https:\/\/www.eldiario.net\/portal\/#\/schema\/person\/2c57cf2b7a7ae032e449e4c9b1019eac","name":"Jeanette","image":{"@type":"ImageObject","inLanguage":"es","@id":"https:\/\/secure.gravatar.com\/avatar\/3ea2118a5f7dad2b7138b1187a6b7ee55f160b9968b66013c3a3ef39dd7e5798?s=96&d=mm&r=g","url":"https:\/\/secure.gravatar.com\/avatar\/3ea2118a5f7dad2b7138b1187a6b7ee55f160b9968b66013c3a3ef39dd7e5798?s=96&d=mm&r=g","contentUrl":"https:\/\/secure.gravatar.com\/avatar\/3ea2118a5f7dad2b7138b1187a6b7ee55f160b9968b66013c3a3ef39dd7e5798?s=96&d=mm&r=g","caption":"Jeanette"},"sameAs":["https:\/\/www.eldiario.net\/portal"],"url":"https:\/\/www.eldiario.net\/portal\/author\/jeanette\/"}]}},"_links":{"self":[{"href":"https:\/\/www.eldiario.net\/portal\/wp-json\/wp\/v2\/posts\/158293","targetHints":{"allow":["GET"]}}],"collection":[{"href":"https:\/\/www.eldiario.net\/portal\/wp-json\/wp\/v2\/posts"}],"about":[{"href":"https:\/\/www.eldiario.net\/portal\/wp-json\/wp\/v2\/types\/post"}],"author":[{"embeddable":true,"href":"https:\/\/www.eldiario.net\/portal\/wp-json\/wp\/v2\/users\/1"}],"replies":[{"embeddable":true,"href":"https:\/\/www.eldiario.net\/portal\/wp-json\/wp\/v2\/comments?post=158293"}],"version-history":[{"count":0,"href":"https:\/\/www.eldiario.net\/portal\/wp-json\/wp\/v2\/posts\/158293\/revisions"}],"wp:featuredmedia":[{"embeddable":true,"href":"https:\/\/www.eldiario.net\/portal\/wp-json\/wp\/v2\/media\/158294"}],"wp:attachment":[{"href":"https:\/\/www.eldiario.net\/portal\/wp-json\/wp\/v2\/media?parent=158293"}],"wp:term":[{"taxonomy":"category","embeddable":true,"href":"https:\/\/www.eldiario.net\/portal\/wp-json\/wp\/v2\/categories?post=158293"},{"taxonomy":"post_tag","embeddable":true,"href":"https:\/\/www.eldiario.net\/portal\/wp-json\/wp\/v2\/tags?post=158293"}],"curies":[{"name":"wp","href":"https:\/\/api.w.org\/{rel}","templated":true}]}}