{"id":157949,"date":"2023-06-03T06:53:55","date_gmt":"2023-06-03T10:53:55","guid":{"rendered":"https:\/\/www.eldiario.net\/portal\/?p=157949"},"modified":"2023-06-03T06:53:55","modified_gmt":"2023-06-03T10:53:55","slug":"nada-es-igual-para-joaquina","status":"publish","type":"post","link":"https:\/\/www.eldiario.net\/portal\/2023\/06\/03\/nada-es-igual-para-joaquina\/","title":{"rendered":"\u201cNada es igual\u201d para Joaquina"},"content":{"rendered":"<p>Como una mujer fuerte y con los objetivos claros, Joaquina vuelve despu\u00e9s de tres a\u00f1os a los escenarios con su segundo \u00e1lbum de estudio \u201cNada es igual\u201d. El disco est\u00e1 conformado por 9 temas de composici\u00f3n de la artista boliviana, un trabajo de primer nivel de la mano del productor cruce\u00f1o Jes\u00fas Oliva.<\/p>\n<p>El primer sencillo del disco, que se estren\u00f3 ayer, es \u201cRastros\u201d, una canci\u00f3n en\u00e9rgica que habla de esa br\u00fajula interna y de seguir con paso firme construyendo un propio camino.<\/p>\n<p>La presentaci\u00f3n oficial de \u201cNada es igual\u201d ser\u00e1 el 17 de junio, a horas 18:00, en el Parque de las Culturas y la Madre Tierra (Estaci\u00f3n Mi Telef\u00e9rico Rojo), con un concierto gratuito que tendr\u00e1 fuegos artificiales y visuales que llevar\u00e1n al p\u00fablico a una experiencia pocas veces vista y vivida.<\/p>\n<p>El show ser\u00e1 abierto por dos talentos nuevos: Becky Gamarra y Nia Cole.<\/p>\n<p>A d\u00edas de ese prometedor espect\u00e1culo, La Gu\u00eda convers\u00f3 con Joaquina (J), la cantante y compositora pace\u00f1a que ha ido ganando su espacio por su incomparable voz y su presencia en escenario, y esto fue lo que nos dijo.<\/p>\n<p><strong>LG: \u00bfC\u00f3mo vuelves a los escenarios?<\/strong><\/p>\n<p>J: Con mucha emoci\u00f3n. Es un momento que he anhelado desde el 2020. La pandemia fren\u00f3 en seco la promoci\u00f3n de mi primer disco y no quer\u00eda volver con las manos vac\u00edas. Regreso con un material que hoy me identifica mucho m\u00e1s. Considero que hay una evoluci\u00f3n importante en la calidad y madurez de mi trabajo con este nuevo material. Creo que es mucho m\u00e1s honesto y con m\u00e1s identidad. Le he puesto todo mi esfuerzo y conocimiento y estoy muy orgullosa del resultado.<\/p>\n<p>Creo que estos a\u00f1os de pausa han servido para reafirmar que mi camino en la vida es a trav\u00e9s de la m\u00fasica y honro m\u00e1s que nunca mi v\u00ednculo con ella.<\/p>\n<p><strong>LG: \u00bfC\u00f3mo describir\u00edas al disco \u201cNada es igual?<\/strong><\/p>\n<p>J: Es un disco de agua como elemento principal. Considero que el anterior, que fue el primero, era un disco de fuego, de arranque.<\/p>\n<p>Pero \u201cNada es igual\u201d es un \u00e1lbum con mayor profundidad y tal como el agua, hay diferentes estados en cada canci\u00f3n. A nivel de letras y de historia, por supuesto habla de la incertidumbre, encuentros y desencuentros de los \u00faltimos tres a\u00f1os en mi vida personal y creo que no he tenido restricciones para dejar nacer a las canciones como han querido, no hay un g\u00e9nero que defina este material. Tiene rock, pop, funk y muchos sintetizadores.<\/p>\n<p><strong>LG: \u00bfPor qu\u00e9 le pusiste ese nombre al \u00e1lbum?<\/strong><\/p>\n<p>J: Porque nada es igual desde el 2020 para m\u00ed, al igual que todos, he pasado por procesos dolorosos, de incertidumbre y de transformaci\u00f3n importantes.<\/p>\n<p>No considero que seamos las mismas personas y la manera en la que vemos el mundo tambi\u00e9n ha cambiado, nuestros puntos de vista respecto a la muerte, a las oportunidades, al trabajo y al tiempo ya no son los mismos.<\/p>\n<p><strong>LG: \u00bfQu\u00e9 similitudes y diferencias tiene este disco respecto al primero?<\/strong><\/p>\n<p>J: Hay cosas que jam\u00e1s van a cambiar, un buen solo de guitarra es algo que disfruto mucho al escucharlo, canciones con mucha energ\u00eda y con estructuras divertidas son las que me gusta hacer y es el aporte que busco en los m\u00fasicos involucrados en estos procesos, de alguna manera eso ha perdurado.<\/p>\n<p>Pero creo que encuentro m\u00e1s diferencias que similitudes. He madurado como cantante y hay recursos de los que antes abusaba que ahora veo innecesarios. Busqu\u00e9 alejarme mucho del sonido del rock de los ochentas, que ahora siento muy presente en mi primer material, para tratar de sonar m\u00e1s moderno, con elementos que sean m\u00e1s interesantes en la actualidad.<\/p>\n<p>La totalidad de los m\u00fasicos que participan en este disco es distinta a la anterior. He optado por un productor y guitarrista cruce\u00f1o joven y talentoso (Jes\u00fas Oliva), que ha sabido construir este disco tal y como lo so\u00f1aba, con un guitarrista con un gran futuro y excelente persona (Adri\u00e1n Flores), con un baterista que me vol\u00f3 la cabeza desde que lo descubr\u00ed en YouTube tocando salsa, para enterarme que en realidad toca trash y metal (Bernardo Su\u00e1rez), que ha aportado tan maravillosamente a mis canciones y con un bajista de rock progresivo con una gran capacidad creativa, que ha aportado tant\u00edsimo con ideas que jam\u00e1s se nos habr\u00edan ocurrido (Rodrigo Rivero). Estoy inmensamente agradecida por el equipo que me acompa\u00f1a (&#8230;).<\/p>\n<p><strong>LG: \u00bfDe qu\u00e9 hablan las canciones de \u201cNada es igual\u201d?<\/strong><\/p>\n<p>J: Hay canciones que hablan de escuchar la br\u00fajula del coraz\u00f3n, como <em>Rastros<\/em>, canciones que hablan de mis miedos y tristezas, como <em>Adentro<\/em> y <em>Nada es igual<\/em>, canciones donde reniego de mi realidad, como <em>La Jaula<\/em> y <em>A trav\u00e9s de las cortinas<\/em> y otras que son un lado b que nadie se espera y que por primera vez me he permitido hacer, son m\u00e1s vulnerables.<\/p>\n<p><strong>LG: \u00bfQu\u00e9 esperas lograr con este \u00e1lbum?<\/strong><\/p>\n<p>J: Seguir haciendo carrera. He decidido que esta sea mi profesi\u00f3n y mi vida, y estoy haciendo camino con cada paso que doy. La m\u00fasica va a acompa\u00f1arme hasta el fin de mis d\u00edas, as\u00ed que ya no busco ver resultados inmediatos o fijos con mi trabajo.<\/p>\n<p>Lo que quiero es presentarlo y verlo crecer con su ritmo y, por supuesto, que llegue a tantos o\u00eddos como sea posible. Eso s\u00ed, me encantar\u00eda tocarlo en todos los escenarios posibles, dentro y fuera del pa\u00eds, ese es el principal objetivo.<\/p>\n<p><strong>LG: \u00bfQu\u00e9 m\u00e1s se viene en tu carrera art\u00edstica?<\/strong><\/p>\n<p>J: Actualmente estoy terminando mi master en musicoterapia. La m\u00fasica es mi herramienta de expresi\u00f3n y ahora tambi\u00e9n de estudio y trabajo desde otro punto de vista. Tambi\u00e9n doy clases de canto a decenas de personas, es mi manera de devolver todo lo que la m\u00fasica me ha dado. Menciono esto porque tambi\u00e9n creo que forma parte de mi carrera art\u00edstica, mi \u00fanica carrera y con mucha alegr\u00eda puedo decir que hoy me dedico a la m\u00fasica las 24 horas al d\u00eda. Tuvo que llegar una pandemia mundial para colocarme en el lugar que siempre sent\u00ed correcto, as\u00ed que pienso ocuparlo y vivirlo con plenitud. Por el momento no quiero componer. \u201cNada es igual\u201d ha sido muy cat\u00e1rtico para m\u00ed, as\u00ed que tengo un rato de silencio en ese sentido para disfrutar de la \u00e9poca de cosecha.<\/p>\n<p><strong>LG: \u00bfDeseas agregar algo?<\/strong><\/p>\n<p>J: Este nuevo material no llega solo, est\u00e1 acompa\u00f1ado de un documental precioso y una sesi\u00f3n en vivo a cargo de la productora <em>Taparaco<\/em>. Antes de terminar el 2023 vamos a presentarlo en grande, porque tengo todo registrado y quiero compartirlo.<\/p>\n<div id='gallery-1' class='gallery galleryid-157949 gallery-columns-3 gallery-size-medium'><figure class='gallery-item'>\n\t\t\t<div class='gallery-icon portrait'>\n\t\t\t\t<a href='https:\/\/www.eldiario.net\/portal\/2023\/06\/03\/nada-es-igual-para-joaquina\/joaaquina-6\/'><img loading=\"lazy\" decoding=\"async\" width=\"200\" height=\"300\" src=\"https:\/\/www.eldiario.net\/portal\/wp-content\/uploads\/2023\/06\/joaaquina-6-scaled-1-200x300.jpg\" class=\"attachment-medium size-medium\" alt=\"\" srcset=\"https:\/\/www.eldiario.net\/portal\/wp-content\/uploads\/2023\/06\/joaaquina-6-scaled-1-200x300.jpg 200w, https:\/\/www.eldiario.net\/portal\/wp-content\/uploads\/2023\/06\/joaaquina-6-scaled-1-683x1024.jpg 683w, https:\/\/www.eldiario.net\/portal\/wp-content\/uploads\/2023\/06\/joaaquina-6-scaled-1-768x1152.jpg 768w, https:\/\/www.eldiario.net\/portal\/wp-content\/uploads\/2023\/06\/joaaquina-6-scaled-1-1024x1536.jpg 1024w, https:\/\/www.eldiario.net\/portal\/wp-content\/uploads\/2023\/06\/joaaquina-6-scaled-1-1366x2048.jpg 1366w, https:\/\/www.eldiario.net\/portal\/wp-content\/uploads\/2023\/06\/joaaquina-6-scaled-1-696x1044.jpg 696w, https:\/\/www.eldiario.net\/portal\/wp-content\/uploads\/2023\/06\/joaaquina-6-scaled-1-1068x1602.jpg 1068w, https:\/\/www.eldiario.net\/portal\/wp-content\/uploads\/2023\/06\/joaaquina-6-scaled-1.jpg 1707w\" sizes=\"auto, (max-width: 200px) 100vw, 200px\" \/><\/a>\n\t\t\t<\/div><\/figure><figure class='gallery-item'>\n\t\t\t<div class='gallery-icon portrait'>\n\t\t\t\t<a href='https:\/\/www.eldiario.net\/portal\/2023\/06\/03\/nada-es-igual-para-joaquina\/joaquina-1-principal\/'><img loading=\"lazy\" decoding=\"async\" width=\"214\" height=\"300\" src=\"https:\/\/www.eldiario.net\/portal\/wp-content\/uploads\/2023\/06\/joaquina-1-PRINCIPAL-scaled-1-214x300.jpg\" class=\"attachment-medium size-medium\" alt=\"\" srcset=\"https:\/\/www.eldiario.net\/portal\/wp-content\/uploads\/2023\/06\/joaquina-1-PRINCIPAL-scaled-1-214x300.jpg 214w, https:\/\/www.eldiario.net\/portal\/wp-content\/uploads\/2023\/06\/joaquina-1-PRINCIPAL-scaled-1-732x1024.jpg 732w, https:\/\/www.eldiario.net\/portal\/wp-content\/uploads\/2023\/06\/joaquina-1-PRINCIPAL-scaled-1-768x1075.jpg 768w, https:\/\/www.eldiario.net\/portal\/wp-content\/uploads\/2023\/06\/joaquina-1-PRINCIPAL-scaled-1-1097x1536.jpg 1097w, https:\/\/www.eldiario.net\/portal\/wp-content\/uploads\/2023\/06\/joaquina-1-PRINCIPAL-scaled-1-1463x2048.jpg 1463w, https:\/\/www.eldiario.net\/portal\/wp-content\/uploads\/2023\/06\/joaquina-1-PRINCIPAL-scaled-1-696x974.jpg 696w, https:\/\/www.eldiario.net\/portal\/wp-content\/uploads\/2023\/06\/joaquina-1-PRINCIPAL-scaled-1-1068x1495.jpg 1068w, https:\/\/www.eldiario.net\/portal\/wp-content\/uploads\/2023\/06\/joaquina-1-PRINCIPAL-scaled-1.jpg 1829w\" sizes=\"auto, (max-width: 214px) 100vw, 214px\" \/><\/a>\n\t\t\t<\/div><\/figure><figure class='gallery-item'>\n\t\t\t<div class='gallery-icon portrait'>\n\t\t\t\t<a href='https:\/\/www.eldiario.net\/portal\/2023\/06\/03\/nada-es-igual-para-joaquina\/joaquina-2\/'><img loading=\"lazy\" decoding=\"async\" width=\"214\" height=\"300\" src=\"https:\/\/www.eldiario.net\/portal\/wp-content\/uploads\/2023\/06\/joaquina-2-scaled-1-214x300.jpg\" class=\"attachment-medium size-medium\" alt=\"\" srcset=\"https:\/\/www.eldiario.net\/portal\/wp-content\/uploads\/2023\/06\/joaquina-2-scaled-1-214x300.jpg 214w, https:\/\/www.eldiario.net\/portal\/wp-content\/uploads\/2023\/06\/joaquina-2-scaled-1-732x1024.jpg 732w, https:\/\/www.eldiario.net\/portal\/wp-content\/uploads\/2023\/06\/joaquina-2-scaled-1-768x1075.jpg 768w, https:\/\/www.eldiario.net\/portal\/wp-content\/uploads\/2023\/06\/joaquina-2-scaled-1-1097x1536.jpg 1097w, https:\/\/www.eldiario.net\/portal\/wp-content\/uploads\/2023\/06\/joaquina-2-scaled-1-1463x2048.jpg 1463w, https:\/\/www.eldiario.net\/portal\/wp-content\/uploads\/2023\/06\/joaquina-2-scaled-1-696x974.jpg 696w, https:\/\/www.eldiario.net\/portal\/wp-content\/uploads\/2023\/06\/joaquina-2-scaled-1-1068x1495.jpg 1068w, https:\/\/www.eldiario.net\/portal\/wp-content\/uploads\/2023\/06\/joaquina-2-scaled-1.jpg 1829w\" sizes=\"auto, (max-width: 214px) 100vw, 214px\" \/><\/a>\n\t\t\t<\/div><\/figure><figure class='gallery-item'>\n\t\t\t<div class='gallery-icon portrait'>\n\t\t\t\t<a href='https:\/\/www.eldiario.net\/portal\/2023\/06\/03\/nada-es-igual-para-joaquina\/joaquina-3\/'><img loading=\"lazy\" decoding=\"async\" width=\"214\" height=\"300\" src=\"https:\/\/www.eldiario.net\/portal\/wp-content\/uploads\/2023\/06\/joaquina-3-scaled-1-214x300.jpg\" class=\"attachment-medium size-medium\" alt=\"\" srcset=\"https:\/\/www.eldiario.net\/portal\/wp-content\/uploads\/2023\/06\/joaquina-3-scaled-1-214x300.jpg 214w, https:\/\/www.eldiario.net\/portal\/wp-content\/uploads\/2023\/06\/joaquina-3-scaled-1-732x1024.jpg 732w, https:\/\/www.eldiario.net\/portal\/wp-content\/uploads\/2023\/06\/joaquina-3-scaled-1-768x1075.jpg 768w, https:\/\/www.eldiario.net\/portal\/wp-content\/uploads\/2023\/06\/joaquina-3-scaled-1-1097x1536.jpg 1097w, https:\/\/www.eldiario.net\/portal\/wp-content\/uploads\/2023\/06\/joaquina-3-scaled-1-1463x2048.jpg 1463w, https:\/\/www.eldiario.net\/portal\/wp-content\/uploads\/2023\/06\/joaquina-3-scaled-1-696x974.jpg 696w, https:\/\/www.eldiario.net\/portal\/wp-content\/uploads\/2023\/06\/joaquina-3-scaled-1-1068x1495.jpg 1068w, https:\/\/www.eldiario.net\/portal\/wp-content\/uploads\/2023\/06\/joaquina-3-scaled-1.jpg 1829w\" sizes=\"auto, (max-width: 214px) 100vw, 214px\" \/><\/a>\n\t\t\t<\/div><\/figure><figure class='gallery-item'>\n\t\t\t<div class='gallery-icon portrait'>\n\t\t\t\t<a href='https:\/\/www.eldiario.net\/portal\/2023\/06\/03\/nada-es-igual-para-joaquina\/joaquina-4\/'><img loading=\"lazy\" decoding=\"async\" width=\"199\" height=\"300\" src=\"https:\/\/www.eldiario.net\/portal\/wp-content\/uploads\/2023\/06\/joaquina-4-199x300.jpg\" class=\"attachment-medium size-medium\" alt=\"\" srcset=\"https:\/\/www.eldiario.net\/portal\/wp-content\/uploads\/2023\/06\/joaquina-4-199x300.jpg 199w, https:\/\/www.eldiario.net\/portal\/wp-content\/uploads\/2023\/06\/joaquina-4-678x1024.jpg 678w, https:\/\/www.eldiario.net\/portal\/wp-content\/uploads\/2023\/06\/joaquina-4-768x1160.jpg 768w, https:\/\/www.eldiario.net\/portal\/wp-content\/uploads\/2023\/06\/joaquina-4-1017x1536.jpg 1017w, https:\/\/www.eldiario.net\/portal\/wp-content\/uploads\/2023\/06\/joaquina-4-696x1051.jpg 696w, https:\/\/www.eldiario.net\/portal\/wp-content\/uploads\/2023\/06\/joaquina-4-1068x1613.jpg 1068w, https:\/\/www.eldiario.net\/portal\/wp-content\/uploads\/2023\/06\/joaquina-4.jpg 1280w\" sizes=\"auto, (max-width: 199px) 100vw, 199px\" \/><\/a>\n\t\t\t<\/div><\/figure><figure class='gallery-item'>\n\t\t\t<div class='gallery-icon portrait'>\n\t\t\t\t<a href='https:\/\/www.eldiario.net\/portal\/2023\/06\/03\/nada-es-igual-para-joaquina\/joaquina-5\/'><img loading=\"lazy\" decoding=\"async\" width=\"200\" height=\"300\" src=\"https:\/\/www.eldiario.net\/portal\/wp-content\/uploads\/2023\/06\/joaquina-5-scaled-1-200x300.jpg\" class=\"attachment-medium size-medium\" alt=\"\" srcset=\"https:\/\/www.eldiario.net\/portal\/wp-content\/uploads\/2023\/06\/joaquina-5-scaled-1-200x300.jpg 200w, https:\/\/www.eldiario.net\/portal\/wp-content\/uploads\/2023\/06\/joaquina-5-scaled-1-683x1024.jpg 683w, https:\/\/www.eldiario.net\/portal\/wp-content\/uploads\/2023\/06\/joaquina-5-scaled-1-768x1152.jpg 768w, https:\/\/www.eldiario.net\/portal\/wp-content\/uploads\/2023\/06\/joaquina-5-scaled-1-1024x1536.jpg 1024w, https:\/\/www.eldiario.net\/portal\/wp-content\/uploads\/2023\/06\/joaquina-5-scaled-1-1366x2048.jpg 1366w, https:\/\/www.eldiario.net\/portal\/wp-content\/uploads\/2023\/06\/joaquina-5-scaled-1-696x1044.jpg 696w, https:\/\/www.eldiario.net\/portal\/wp-content\/uploads\/2023\/06\/joaquina-5-scaled-1-1068x1602.jpg 1068w, https:\/\/www.eldiario.net\/portal\/wp-content\/uploads\/2023\/06\/joaquina-5-scaled-1.jpg 1707w\" sizes=\"auto, (max-width: 200px) 100vw, 200px\" \/><\/a>\n\t\t\t<\/div><\/figure>\n\t\t<\/div>\n\n","protected":false},"excerpt":{"rendered":"<p>Como una mujer fuerte y con los objetivos claros, Joaquina vuelve despu\u00e9s de tres a\u00f1os a los escenarios con su segundo \u00e1lbum de estudio \u201cNada es igual\u201d. El disco est\u00e1 conformado por 9 temas de composici\u00f3n de la artista boliviana, un trabajo de primer nivel de la mano del productor cruce\u00f1o Jes\u00fas Oliva. El primer [&hellip;]<\/p>\n","protected":false},"author":1,"featured_media":157951,"comment_status":"closed","ping_status":"closed","sticky":false,"template":"","format":"standard","meta":{"_acf_changed":false,"footnotes":""},"categories":[41],"tags":[],"class_list":["post-157949","post","type-post","status-publish","format-standard","has-post-thumbnail","category-la-guia"],"acf":{"antetitulo":""},"yoast_head":"<!-- This site is optimized with the Yoast SEO plugin v28.4 - https:\/\/yoast.com\/product\/yoast-seo-wordpress\/ -->\n<title>\u201cNada es igual\u201d para Joaquina - El Diario - Bolivia<\/title>\n<meta name=\"robots\" content=\"index, follow, max-snippet:-1, max-image-preview:large, max-video-preview:-1\" \/>\n<link rel=\"canonical\" href=\"https:\/\/www.eldiario.net\/portal\/2023\/06\/03\/nada-es-igual-para-joaquina\/\" \/>\n<meta property=\"og:locale\" content=\"es_ES\" \/>\n<meta property=\"og:type\" content=\"article\" \/>\n<meta property=\"og:title\" content=\"\u201cNada es igual\u201d para Joaquina - El Diario - Bolivia\" \/>\n<meta property=\"og:description\" content=\"Como una mujer fuerte y con los objetivos claros, Joaquina vuelve despu\u00e9s de tres a\u00f1os a los escenarios con su segundo \u00e1lbum de estudio \u201cNada es igual\u201d. El disco est\u00e1 conformado por 9 temas de composici\u00f3n de la artista boliviana, un trabajo de primer nivel de la mano del productor cruce\u00f1o Jes\u00fas Oliva. El primer [&hellip;]\" \/>\n<meta property=\"og:url\" content=\"https:\/\/www.eldiario.net\/portal\/2023\/06\/03\/nada-es-igual-para-joaquina\/\" \/>\n<meta property=\"og:site_name\" content=\"El Diario - Bolivia\" \/>\n<meta property=\"article:publisher\" content=\"https:\/\/www.facebook.com\/eldiario.bolivia\/\" \/>\n<meta property=\"article:published_time\" content=\"2023-06-03T10:53:55+00:00\" \/>\n<meta property=\"og:image\" content=\"https:\/\/www.eldiario.net\/portal\/wp-content\/uploads\/2023\/06\/joaquina-1-PRINCIPAL-scaled-1.jpg\" \/>\n\t<meta property=\"og:image:width\" content=\"1829\" \/>\n\t<meta property=\"og:image:height\" content=\"2560\" \/>\n\t<meta property=\"og:image:type\" content=\"image\/jpeg\" \/>\n<meta name=\"author\" content=\"Jeanette\" \/>\n<meta name=\"twitter:card\" content=\"summary_large_image\" \/>\n<meta name=\"twitter:creator\" content=\"@eldiario_net\" \/>\n<meta name=\"twitter:site\" content=\"@eldiario_net\" \/>\n<meta name=\"twitter:label1\" content=\"Escrito por\" \/>\n\t<meta name=\"twitter:data1\" content=\"Jeanette\" \/>\n\t<meta name=\"twitter:label2\" content=\"Tiempo de lectura\" \/>\n\t<meta name=\"twitter:data2\" content=\"6 minutos\" \/>\n<script type=\"application\/ld+json\" class=\"yoast-schema-graph\">{\"@context\":\"https:\\\/\\\/schema.org\",\"@graph\":[{\"@type\":\"Article\",\"@id\":\"https:\\\/\\\/www.eldiario.net\\\/portal\\\/2023\\\/06\\\/03\\\/nada-es-igual-para-joaquina\\\/#article\",\"isPartOf\":{\"@id\":\"https:\\\/\\\/www.eldiario.net\\\/portal\\\/2023\\\/06\\\/03\\\/nada-es-igual-para-joaquina\\\/\"},\"author\":{\"name\":\"Jeanette\",\"@id\":\"https:\\\/\\\/www.eldiario.net\\\/portal\\\/#\\\/schema\\\/person\\\/2c57cf2b7a7ae032e449e4c9b1019eac\"},\"headline\":\"\u201cNada es igual\u201d para Joaquina\",\"datePublished\":\"2023-06-03T10:53:55+00:00\",\"mainEntityOfPage\":{\"@id\":\"https:\\\/\\\/www.eldiario.net\\\/portal\\\/2023\\\/06\\\/03\\\/nada-es-igual-para-joaquina\\\/\"},\"wordCount\":1177,\"publisher\":{\"@id\":\"https:\\\/\\\/www.eldiario.net\\\/portal\\\/#organization\"},\"image\":{\"@id\":\"https:\\\/\\\/www.eldiario.net\\\/portal\\\/2023\\\/06\\\/03\\\/nada-es-igual-para-joaquina\\\/#primaryimage\"},\"thumbnailUrl\":\"https:\\\/\\\/www.eldiario.net\\\/portal\\\/wp-content\\\/uploads\\\/2023\\\/06\\\/joaquina-1-PRINCIPAL-scaled-1.jpg\",\"articleSection\":[\"La Gu\u00eda\"],\"inLanguage\":\"es\"},{\"@type\":\"WebPage\",\"@id\":\"https:\\\/\\\/www.eldiario.net\\\/portal\\\/2023\\\/06\\\/03\\\/nada-es-igual-para-joaquina\\\/\",\"url\":\"https:\\\/\\\/www.eldiario.net\\\/portal\\\/2023\\\/06\\\/03\\\/nada-es-igual-para-joaquina\\\/\",\"name\":\"\u201cNada es igual\u201d para Joaquina - El Diario - Bolivia\",\"isPartOf\":{\"@id\":\"https:\\\/\\\/www.eldiario.net\\\/portal\\\/#website\"},\"primaryImageOfPage\":{\"@id\":\"https:\\\/\\\/www.eldiario.net\\\/portal\\\/2023\\\/06\\\/03\\\/nada-es-igual-para-joaquina\\\/#primaryimage\"},\"image\":{\"@id\":\"https:\\\/\\\/www.eldiario.net\\\/portal\\\/2023\\\/06\\\/03\\\/nada-es-igual-para-joaquina\\\/#primaryimage\"},\"thumbnailUrl\":\"https:\\\/\\\/www.eldiario.net\\\/portal\\\/wp-content\\\/uploads\\\/2023\\\/06\\\/joaquina-1-PRINCIPAL-scaled-1.jpg\",\"datePublished\":\"2023-06-03T10:53:55+00:00\",\"breadcrumb\":{\"@id\":\"https:\\\/\\\/www.eldiario.net\\\/portal\\\/2023\\\/06\\\/03\\\/nada-es-igual-para-joaquina\\\/#breadcrumb\"},\"inLanguage\":\"es\",\"potentialAction\":[{\"@type\":\"ReadAction\",\"target\":[\"https:\\\/\\\/www.eldiario.net\\\/portal\\\/2023\\\/06\\\/03\\\/nada-es-igual-para-joaquina\\\/\"]}]},{\"@type\":\"ImageObject\",\"inLanguage\":\"es\",\"@id\":\"https:\\\/\\\/www.eldiario.net\\\/portal\\\/2023\\\/06\\\/03\\\/nada-es-igual-para-joaquina\\\/#primaryimage\",\"url\":\"https:\\\/\\\/www.eldiario.net\\\/portal\\\/wp-content\\\/uploads\\\/2023\\\/06\\\/joaquina-1-PRINCIPAL-scaled-1.jpg\",\"contentUrl\":\"https:\\\/\\\/www.eldiario.net\\\/portal\\\/wp-content\\\/uploads\\\/2023\\\/06\\\/joaquina-1-PRINCIPAL-scaled-1.jpg\",\"width\":1829,\"height\":2560},{\"@type\":\"BreadcrumbList\",\"@id\":\"https:\\\/\\\/www.eldiario.net\\\/portal\\\/2023\\\/06\\\/03\\\/nada-es-igual-para-joaquina\\\/#breadcrumb\",\"itemListElement\":[{\"@type\":\"ListItem\",\"position\":1,\"name\":\"Portada\",\"item\":\"https:\\\/\\\/www.eldiario.net\\\/portal\\\/\"},{\"@type\":\"ListItem\",\"position\":2,\"name\":\"\u201cNada es igual\u201d para Joaquina\"}]},{\"@type\":\"WebSite\",\"@id\":\"https:\\\/\\\/www.eldiario.net\\\/portal\\\/#website\",\"url\":\"https:\\\/\\\/www.eldiario.net\\\/portal\\\/\",\"name\":\"El Diario - Decano de la prensa nacional\",\"description\":\"El Diario - Decano de la prensa nacional\",\"publisher\":{\"@id\":\"https:\\\/\\\/www.eldiario.net\\\/portal\\\/#organization\"},\"potentialAction\":[{\"@type\":\"SearchAction\",\"target\":{\"@type\":\"EntryPoint\",\"urlTemplate\":\"https:\\\/\\\/www.eldiario.net\\\/portal\\\/?s={search_term_string}\"},\"query-input\":{\"@type\":\"PropertyValueSpecification\",\"valueRequired\":true,\"valueName\":\"search_term_string\"}}],\"inLanguage\":\"es\"},{\"@type\":\"Organization\",\"@id\":\"https:\\\/\\\/www.eldiario.net\\\/portal\\\/#organization\",\"name\":\"El Diario - Decano de la prensa nacional\",\"url\":\"https:\\\/\\\/www.eldiario.net\\\/portal\\\/\",\"logo\":{\"@type\":\"ImageObject\",\"inLanguage\":\"es\",\"@id\":\"https:\\\/\\\/www.eldiario.net\\\/portal\\\/#\\\/schema\\\/logo\\\/image\\\/\",\"url\":\"https:\\\/\\\/www.eldiario.net\\\/portal\\\/wp-content\\\/uploads\\\/2023\\\/07\\\/logo_ED.jpg\",\"contentUrl\":\"https:\\\/\\\/www.eldiario.net\\\/portal\\\/wp-content\\\/uploads\\\/2023\\\/07\\\/logo_ED.jpg\",\"width\":272,\"height\":52,\"caption\":\"El Diario - Decano de la prensa nacional\"},\"image\":{\"@id\":\"https:\\\/\\\/www.eldiario.net\\\/portal\\\/#\\\/schema\\\/logo\\\/image\\\/\"},\"sameAs\":[\"https:\\\/\\\/www.facebook.com\\\/eldiario.bolivia\\\/\",\"https:\\\/\\\/x.com\\\/eldiario_net\"]},{\"@type\":\"Person\",\"@id\":\"https:\\\/\\\/www.eldiario.net\\\/portal\\\/#\\\/schema\\\/person\\\/2c57cf2b7a7ae032e449e4c9b1019eac\",\"name\":\"Jeanette\",\"image\":{\"@type\":\"ImageObject\",\"inLanguage\":\"es\",\"@id\":\"https:\\\/\\\/secure.gravatar.com\\\/avatar\\\/3ea2118a5f7dad2b7138b1187a6b7ee55f160b9968b66013c3a3ef39dd7e5798?s=96&d=mm&r=g\",\"url\":\"https:\\\/\\\/secure.gravatar.com\\\/avatar\\\/3ea2118a5f7dad2b7138b1187a6b7ee55f160b9968b66013c3a3ef39dd7e5798?s=96&d=mm&r=g\",\"contentUrl\":\"https:\\\/\\\/secure.gravatar.com\\\/avatar\\\/3ea2118a5f7dad2b7138b1187a6b7ee55f160b9968b66013c3a3ef39dd7e5798?s=96&d=mm&r=g\",\"caption\":\"Jeanette\"},\"sameAs\":[\"https:\\\/\\\/www.eldiario.net\\\/portal\"],\"url\":\"https:\\\/\\\/www.eldiario.net\\\/portal\\\/author\\\/jeanette\\\/\"}]}<\/script>\n<!-- \/ Yoast SEO plugin. -->","yoast_head_json":{"title":"\u201cNada es igual\u201d para Joaquina - El Diario - Bolivia","robots":{"index":"index","follow":"follow","max-snippet":"max-snippet:-1","max-image-preview":"max-image-preview:large","max-video-preview":"max-video-preview:-1"},"canonical":"https:\/\/www.eldiario.net\/portal\/2023\/06\/03\/nada-es-igual-para-joaquina\/","og_locale":"es_ES","og_type":"article","og_title":"\u201cNada es igual\u201d para Joaquina - El Diario - Bolivia","og_description":"Como una mujer fuerte y con los objetivos claros, Joaquina vuelve despu\u00e9s de tres a\u00f1os a los escenarios con su segundo \u00e1lbum de estudio \u201cNada es igual\u201d. El disco est\u00e1 conformado por 9 temas de composici\u00f3n de la artista boliviana, un trabajo de primer nivel de la mano del productor cruce\u00f1o Jes\u00fas Oliva. El primer [&hellip;]","og_url":"https:\/\/www.eldiario.net\/portal\/2023\/06\/03\/nada-es-igual-para-joaquina\/","og_site_name":"El Diario - Bolivia","article_publisher":"https:\/\/www.facebook.com\/eldiario.bolivia\/","article_published_time":"2023-06-03T10:53:55+00:00","og_image":[{"width":1829,"height":2560,"url":"https:\/\/www.eldiario.net\/portal\/wp-content\/uploads\/2023\/06\/joaquina-1-PRINCIPAL-scaled-1.jpg","type":"image\/jpeg"}],"author":"Jeanette","twitter_card":"summary_large_image","twitter_creator":"@eldiario_net","twitter_site":"@eldiario_net","twitter_misc":{"Escrito por":"Jeanette","Tiempo de lectura":"6 minutos"},"schema":{"@context":"https:\/\/schema.org","@graph":[{"@type":"Article","@id":"https:\/\/www.eldiario.net\/portal\/2023\/06\/03\/nada-es-igual-para-joaquina\/#article","isPartOf":{"@id":"https:\/\/www.eldiario.net\/portal\/2023\/06\/03\/nada-es-igual-para-joaquina\/"},"author":{"name":"Jeanette","@id":"https:\/\/www.eldiario.net\/portal\/#\/schema\/person\/2c57cf2b7a7ae032e449e4c9b1019eac"},"headline":"\u201cNada es igual\u201d para Joaquina","datePublished":"2023-06-03T10:53:55+00:00","mainEntityOfPage":{"@id":"https:\/\/www.eldiario.net\/portal\/2023\/06\/03\/nada-es-igual-para-joaquina\/"},"wordCount":1177,"publisher":{"@id":"https:\/\/www.eldiario.net\/portal\/#organization"},"image":{"@id":"https:\/\/www.eldiario.net\/portal\/2023\/06\/03\/nada-es-igual-para-joaquina\/#primaryimage"},"thumbnailUrl":"https:\/\/www.eldiario.net\/portal\/wp-content\/uploads\/2023\/06\/joaquina-1-PRINCIPAL-scaled-1.jpg","articleSection":["La Gu\u00eda"],"inLanguage":"es"},{"@type":"WebPage","@id":"https:\/\/www.eldiario.net\/portal\/2023\/06\/03\/nada-es-igual-para-joaquina\/","url":"https:\/\/www.eldiario.net\/portal\/2023\/06\/03\/nada-es-igual-para-joaquina\/","name":"\u201cNada es igual\u201d para Joaquina - El Diario - Bolivia","isPartOf":{"@id":"https:\/\/www.eldiario.net\/portal\/#website"},"primaryImageOfPage":{"@id":"https:\/\/www.eldiario.net\/portal\/2023\/06\/03\/nada-es-igual-para-joaquina\/#primaryimage"},"image":{"@id":"https:\/\/www.eldiario.net\/portal\/2023\/06\/03\/nada-es-igual-para-joaquina\/#primaryimage"},"thumbnailUrl":"https:\/\/www.eldiario.net\/portal\/wp-content\/uploads\/2023\/06\/joaquina-1-PRINCIPAL-scaled-1.jpg","datePublished":"2023-06-03T10:53:55+00:00","breadcrumb":{"@id":"https:\/\/www.eldiario.net\/portal\/2023\/06\/03\/nada-es-igual-para-joaquina\/#breadcrumb"},"inLanguage":"es","potentialAction":[{"@type":"ReadAction","target":["https:\/\/www.eldiario.net\/portal\/2023\/06\/03\/nada-es-igual-para-joaquina\/"]}]},{"@type":"ImageObject","inLanguage":"es","@id":"https:\/\/www.eldiario.net\/portal\/2023\/06\/03\/nada-es-igual-para-joaquina\/#primaryimage","url":"https:\/\/www.eldiario.net\/portal\/wp-content\/uploads\/2023\/06\/joaquina-1-PRINCIPAL-scaled-1.jpg","contentUrl":"https:\/\/www.eldiario.net\/portal\/wp-content\/uploads\/2023\/06\/joaquina-1-PRINCIPAL-scaled-1.jpg","width":1829,"height":2560},{"@type":"BreadcrumbList","@id":"https:\/\/www.eldiario.net\/portal\/2023\/06\/03\/nada-es-igual-para-joaquina\/#breadcrumb","itemListElement":[{"@type":"ListItem","position":1,"name":"Portada","item":"https:\/\/www.eldiario.net\/portal\/"},{"@type":"ListItem","position":2,"name":"\u201cNada es igual\u201d para Joaquina"}]},{"@type":"WebSite","@id":"https:\/\/www.eldiario.net\/portal\/#website","url":"https:\/\/www.eldiario.net\/portal\/","name":"El Diario - Decano de la prensa nacional","description":"El Diario - Decano de la prensa nacional","publisher":{"@id":"https:\/\/www.eldiario.net\/portal\/#organization"},"potentialAction":[{"@type":"SearchAction","target":{"@type":"EntryPoint","urlTemplate":"https:\/\/www.eldiario.net\/portal\/?s={search_term_string}"},"query-input":{"@type":"PropertyValueSpecification","valueRequired":true,"valueName":"search_term_string"}}],"inLanguage":"es"},{"@type":"Organization","@id":"https:\/\/www.eldiario.net\/portal\/#organization","name":"El Diario - Decano de la prensa nacional","url":"https:\/\/www.eldiario.net\/portal\/","logo":{"@type":"ImageObject","inLanguage":"es","@id":"https:\/\/www.eldiario.net\/portal\/#\/schema\/logo\/image\/","url":"https:\/\/www.eldiario.net\/portal\/wp-content\/uploads\/2023\/07\/logo_ED.jpg","contentUrl":"https:\/\/www.eldiario.net\/portal\/wp-content\/uploads\/2023\/07\/logo_ED.jpg","width":272,"height":52,"caption":"El Diario - Decano de la prensa nacional"},"image":{"@id":"https:\/\/www.eldiario.net\/portal\/#\/schema\/logo\/image\/"},"sameAs":["https:\/\/www.facebook.com\/eldiario.bolivia\/","https:\/\/x.com\/eldiario_net"]},{"@type":"Person","@id":"https:\/\/www.eldiario.net\/portal\/#\/schema\/person\/2c57cf2b7a7ae032e449e4c9b1019eac","name":"Jeanette","image":{"@type":"ImageObject","inLanguage":"es","@id":"https:\/\/secure.gravatar.com\/avatar\/3ea2118a5f7dad2b7138b1187a6b7ee55f160b9968b66013c3a3ef39dd7e5798?s=96&d=mm&r=g","url":"https:\/\/secure.gravatar.com\/avatar\/3ea2118a5f7dad2b7138b1187a6b7ee55f160b9968b66013c3a3ef39dd7e5798?s=96&d=mm&r=g","contentUrl":"https:\/\/secure.gravatar.com\/avatar\/3ea2118a5f7dad2b7138b1187a6b7ee55f160b9968b66013c3a3ef39dd7e5798?s=96&d=mm&r=g","caption":"Jeanette"},"sameAs":["https:\/\/www.eldiario.net\/portal"],"url":"https:\/\/www.eldiario.net\/portal\/author\/jeanette\/"}]}},"_links":{"self":[{"href":"https:\/\/www.eldiario.net\/portal\/wp-json\/wp\/v2\/posts\/157949","targetHints":{"allow":["GET"]}}],"collection":[{"href":"https:\/\/www.eldiario.net\/portal\/wp-json\/wp\/v2\/posts"}],"about":[{"href":"https:\/\/www.eldiario.net\/portal\/wp-json\/wp\/v2\/types\/post"}],"author":[{"embeddable":true,"href":"https:\/\/www.eldiario.net\/portal\/wp-json\/wp\/v2\/users\/1"}],"replies":[{"embeddable":true,"href":"https:\/\/www.eldiario.net\/portal\/wp-json\/wp\/v2\/comments?post=157949"}],"version-history":[{"count":0,"href":"https:\/\/www.eldiario.net\/portal\/wp-json\/wp\/v2\/posts\/157949\/revisions"}],"wp:featuredmedia":[{"embeddable":true,"href":"https:\/\/www.eldiario.net\/portal\/wp-json\/wp\/v2\/media\/157951"}],"wp:attachment":[{"href":"https:\/\/www.eldiario.net\/portal\/wp-json\/wp\/v2\/media?parent=157949"}],"wp:term":[{"taxonomy":"category","embeddable":true,"href":"https:\/\/www.eldiario.net\/portal\/wp-json\/wp\/v2\/categories?post=157949"},{"taxonomy":"post_tag","embeddable":true,"href":"https:\/\/www.eldiario.net\/portal\/wp-json\/wp\/v2\/tags?post=157949"}],"curies":[{"name":"wp","href":"https:\/\/api.w.org\/{rel}","templated":true}]}}