{"id":157938,"date":"2023-06-03T06:51:34","date_gmt":"2023-06-03T10:51:34","guid":{"rendered":"https:\/\/www.eldiario.net\/portal\/?p=157938"},"modified":"2023-06-03T06:51:34","modified_gmt":"2023-06-03T10:51:34","slug":"zambrana-el-crack-yungueno","status":"publish","type":"post","link":"https:\/\/www.eldiario.net\/portal\/2023\/06\/03\/zambrana-el-crack-yungueno\/","title":{"rendered":"ZAMBRANA: El crack yungue\u00f1o"},"content":{"rendered":"<p>Para Reynaldo Zambrana Palza, el haberle tocado marcar a Diego Armando Maradona, cuando el m\u00e1ximo astro del f\u00fatbol mundial lleg\u00f3 a La Paz con Argentino Juniors en 1980, es la m\u00e1xima an\u00e9cdota que le toc\u00f3 vivir en su trayectoria deportiva.<br \/>\n\u201cSiempre relato esta historia a mis amigos: cuando yo jugaba en Bol\u00edvar, lleg\u00f3 a Bolivia Argentino Juniors con Diego Armando Maradona, mi t\u00e9cnico era Ra\u00fal \u00c1lvarez y \u00e9l me aline\u00f3 en ese partido y me toc\u00f3 marcar al s\u00faper astro y no pude hacerlo, porque comenzando el partido, yo me apegaba a \u00e9l y miraba la pelota para ver su trayectoria, pero Maradona ya estaba unos dos o tres metros delante. En los 65 minutos que jugu\u00e9, creo que solamente le vi la sombra o el peinado. No fue una experiencia muy agradable en su momento, pero ahora es an\u00e9cdota\u201d, comenz\u00f3 la entrevista con RETRO F\u00daTBOL.<br \/>\n\u201cHay jugadores que uno no puede creer que tengan ese nivel, al menos en el momento de tenerlos en frente en pleno juego. Pude ser testigo la agilidad mental, f\u00edsica y potencia de Maradona y desde entonces, he cre\u00eddo que an\u00e9cdotas hay todos los d\u00edas de un futbolista\u2026 si hubiese alguno que tuviese el don de escribir un libro con todas las circunstancias que se vive en un partido, creo que su obra llegar\u00eda a ser un best seller\u201d, remarca.<br \/>\nReynaldo comparti\u00f3 el gramado con Maradona, como tambi\u00e9n lo hicieron quienes en su momento eran sus compa\u00f1eros de equipo en Bol\u00edvar.<br \/>\nEl 19 de enero de 1980, los \u201ccelestes\u201d estaban capitaneados por Carlos Aragon\u00e9s y ten\u00edan en su alineaci\u00f3n a Carlos Conrado Jim\u00e9nez, Erwin C\u00e9spedes, Ricardo Troncone, Aldo Fierro, Ramiro Vargas, Carlos Borja, Luis Gregorio Gallo, Jes\u00fas Reynaldo, Fernando Salinas y Miguel Aguilar. En aquella oportunidad, Zambrana sustituy\u00f3 a C\u00e9spedes. El resultado final del amistoso al que hace referencia nuestro entrevistado fue 3 a 1 a favor de los argentinos.<br \/>\nLas experiencias futbol\u00edsticas de Reynaldo Zambrana est\u00e1n presentes en todas las tertulias que ahora, \u00e9l -despu\u00e9s de casi medio siglo de estar activo en el f\u00fatbol- sostiene con sus amigos en el d\u00eda a d\u00eda de su cotidianidad.<br \/>\nNacido en 1957, recuerda de su infancia la alegr\u00eda que le dieron sus padres, su familia y jugar f\u00fatbol, siempre fue el centro de su atenci\u00f3n.<br \/>\n\u201cDesde muy chico me gustaba jugar f\u00fatbol, particip\u00e9 en campeonatos intercolegiales vistiendo la casaca del colegio Don Bosco y llegu\u00e9 a conformar la selecci\u00f3n pace\u00f1a de f\u00fatbol \u201d, recuerda.<br \/>\n\u201cLa persona clave para m\u00ed y para muchos en la formaci\u00f3n deportiva fue el profesor Abdul Aramayo. Tuve la suerte de debutar en el profesionalismo con Bol\u00edvar, jugu\u00e9 en Fancesa de Sucre, Municipal y en 1983 tuve mi paso en The Strongest, luego Litoral y Orcabol de Cochabamba. Acab\u00e9 profesionalmente en Wilstermann de Cochabamba en 1994\u201d, resume su trayectoria.<br \/>\nConversar con Zambrana es descubrir las entrel\u00edneas del f\u00fatbol boliviano, porque \u00e9l es una persona muy observadora y anal\u00edtica. Siempre amable y generoso en sus apreciaciones con los dem\u00e1s, pero por sobre todo, sincero y frontal en sus opiniones.<br \/>\n\u201cMi debut como jugador fue a mis 15 o 16 a\u00f1os en el estadio Luis Lastra, en las cuartas de Bol\u00edvar, frente a Chaco Petrolero. Me sent\u00eda muy nervioso y a los 10 minutos fue expulsado. Esa fue una mala experiencia. Lo rescatable es que en ese momento, tuve el respaldo de todos mis compa\u00f1eros, especialmente del profesor Aramayo\u201d, cuenta.<br \/>\nLuego de ese inicio que pudo haber sido traum\u00e1tico para el adolescente Zambrana, su personalidad deportiva se fue forjando y fortaleciendo bajo las ense\u00f1anzas de entrenadores como Ramiro Blacut, Arturo L\u00f3pez y Wilfredo Camacho. La preparaci\u00f3n sostenida fue la base de su \u00e9xito.<br \/>\n\u201cCreo que no he sido un jugador excelente, si no regular\u201d, remarca. Empero, en esa regularidad encontr\u00f3 su mayor fortaleza.<br \/>\nLuego de sobresalir en Municipal; en The Strongest (1983) jug\u00f3 la Copa Libertadores de Am\u00e9rica frente a Boca Juniors y River Plate de Argentina.<br \/>\nRecuerda a sus compa\u00f1eros Luis Galarza, Juan Pe\u00f1a, Ricardo Fontana, Luis Iriondo, Ovidio Mesa, Eligio Mart\u00ednez, Juan Carlos Oropeza y Uber Acosta.<br \/>\nCuando Litoral ascendi\u00f3 a la Liga del F\u00fatbol Profesional Boliviano, en 1987 decidi\u00f3 contratarlo y se convirti\u00f3 en uno de los principales pilares del equipo policial, junto a Ramiro Vargas, C\u00e9sar Enr\u00edquez, Luis Orellana, Carlos Ur\u00edzar y su entra\u00f1able compadre, el tambi\u00e9n pace\u00f1o Enrique Guti\u00e9rrez.<br \/>\n\u201cLa diferencia entre los jugadores de antes y los de hoy en Bolivia es el tema econ\u00f3mico, porque ahora est\u00e1n mucho mejor en este sentido y tambi\u00e9n ha cambiado mucho el aspecto f\u00edsico. En nuestros d\u00edas, los futbolistas tienen que estar al cien por ciento porque tienen que correr; ya no hay jugadores de un solo puesto. Por ejemplo, yo siempre jugu\u00e9 de 6 y ten\u00eda que marcarlo al 10 del equipo contrario. Ahora ya no se juega as\u00ed. Sin embargo, creo que el futbol de antes era mucho m\u00e1s vistoso, era m\u00e1s agradable. Ahora se complican mucho (no lo disfrutan) y esto hace que desparezca la figura habilidosa en la cancha. Antes, el marcar al habilidoso llevaba a la violencia; ahora se cuida mucho este aspecto.\u201d, analiza.<br \/>\nDice que en el pasado \u201chab\u00eda m\u00e1s amor a la camiseta que al dinero y eso llevaba a jugar con m\u00e1s fervor\u201d.<br \/>\nCon toda la experiencia acumulada, Reynaldo recomienda a los j\u00f3venes deportistas de nuestro pa\u00eds que se tracen metas y que nunca declinen para conseguirlo. \u201cDe eso se trata la vida y el deporte, el futbolista tiene que ser firme, fuerte y consecuente si quiere llegar a la excelencia. Tiene que tener pasi\u00f3n y garra. La vida no solo te da laureles, si no tambi\u00e9n atajos. No todo es color de rosa. El deportista tiene que ser guerrero y dedicado, evitar entregarse a otras cosas que distraigan su objetivo. Por ejemplo, en nuestros d\u00edas se pierde mucho tiempo en las redes sociales. Quien quiera ser deportista de verdad, debe dosificar sus actividades y consagrar el mayor tiempo de su d\u00eda al entrenamiento\u201d, expresa como su mayor consejo.<br \/>\nReynaldo Zambrana Palza se autodefine como un orgulloso yungue\u00f1o, hermoso lugar del departamento de La Paz, que aparte de ser un reino de la producci\u00f3n agropecuaria y bello paraje ecol\u00f3gico, es tambi\u00e9n un semillero de futbolistas.<br \/>\n\u201cMe parece que con el trabajo que est\u00e1n haciendo varios entrenadores que son tambi\u00e9n exjugadores yungue\u00f1os, dentro de un tiempo, veremos los frutos. Ojal\u00e1 que a las nuevas figuras de los yungas les puedan dar oportunidad; especialmente los clubes profesionales pace\u00f1os, para que puedan mostrarse. La historia de nuestro f\u00fatbol demuestra que el jugador yungue\u00f1o tiene mucha habilidad y garra, solamente falta guiarlo para que sea mucho mejor y responsable. Admiro el trabajo que est\u00e1 haciendo Iv\u00e1n Castillo en este aspecto, \u00e9l est\u00e1 forjando un gran futuro para nuestro balompi\u00e9\u201d, asegura.<br \/>\nY volviendo a su vida, quien ahora es un padre realizado porque tiene sus hijos e hijas profesionales y con hogares bien establecidos, quien es un esposo cari\u00f1oso y admirador eterno de su amada compa\u00f1era Marcia Vera ( tambi\u00e9n una gran exvoleibolista), asegura que en el coraz\u00f3n tiene un solo deseo, pero que \u201ces imposible\u201d.<br \/>\n\u201cMi mayor deseo es volverlos a ver a mis pap\u00e1s, pero s\u00e9 que eso es improbable, porque ellos ya est\u00e1n al lado de Dios\u201d, dice.<br \/>\nCon un andar firme, fuerte y decido, Reynaldo, que ahora se desempe\u00f1a como mec\u00e1nico automotriz de Comteco y radica hace 30 a\u00f1os en Cochabamba, afirma que \u201cla vida tiene altibajos, pero la capacidad del ser humano se nota en cuanto se pone los pies sobre la tierra y se lucha cada d\u00eda por ser mejor\u201d.<br \/>\n\u201cC\u00f3mo va la vida ahora, creo que el mayor anhelo que todos tenemos es estar sanos, ser productivos, disfrutar a la familia y conservar a los amigos\u201d, concluye.<br \/>\nY de seguro, \u00e9l conservar\u00e1 por siempre los miles de amigos que le dio el f\u00fatbol y que hasta ahora tienen la dicha de escucharlo hablar de sus an\u00e9cdotas y recuerdos que le dej\u00f3 su paso por el futbol profesional de nuestro pa\u00eds. Reynaldo sigue jugando- ahora en torneos zonales y de mutuales- y cuando ingresa a la cancha, resurge el joven deportista, que desde sus 17 a\u00f1os les regal\u00f3 emoci\u00f3n tras emoci\u00f3n a los hinchas de los principales equipos de Bolivia. \u00c9l es un crack yungue\u00f1o, por siempre, para orgullo de su tierra, los Yungas de La Paz.<\/p>\n<blockquote><p>\u00abAhora los jugadores ya no son de un solo puesto\u00bb<\/p><\/blockquote>\n<p>FICHA<br \/>\nNombre: Reynaldo Zambrana Palza<br \/>\nLugar de nacimiento: Centro minero La Chojlla (Sud Yungas- La Paz)<br \/>\nFecha de Nacimiento: 20 de julio de 1957<br \/>\nLugar de radicatoria actual: Cochabamba<br \/>\nOcupaci\u00f3n actual: Mec\u00e1nico automotriz de Comteco<br \/>\nFamilia: Marcia Vera (esposa), Marcia Andrea, \u00c1ngela Marion, Reynaldo Dami\u00e1n y Daniel (hijos), Alicia y Mari\u00f3n (nietas)<\/p>\n<div id='gallery-1' class='gallery galleryid-157938 gallery-columns-3 gallery-size-medium'><figure class='gallery-item'>\n\t\t\t<div class='gallery-icon portrait'>\n\t\t\t\t<a href='https:\/\/www.eldiario.net\/portal\/2023\/06\/03\/zambrana-el-crack-yungueno\/f-5-6\/'><img loading=\"lazy\" decoding=\"async\" width=\"184\" height=\"300\" src=\"https:\/\/www.eldiario.net\/portal\/wp-content\/uploads\/2023\/06\/F-5-184x300.jpg\" class=\"attachment-medium size-medium\" alt=\"\" aria-describedby=\"gallery-1-157939\" srcset=\"https:\/\/www.eldiario.net\/portal\/wp-content\/uploads\/2023\/06\/F-5-184x300.jpg 184w, https:\/\/www.eldiario.net\/portal\/wp-content\/uploads\/2023\/06\/F-5-628x1024.jpg 628w, https:\/\/www.eldiario.net\/portal\/wp-content\/uploads\/2023\/06\/F-5-768x1252.jpg 768w, https:\/\/www.eldiario.net\/portal\/wp-content\/uploads\/2023\/06\/F-5-942x1536.jpg 942w, https:\/\/www.eldiario.net\/portal\/wp-content\/uploads\/2023\/06\/F-5-696x1134.jpg 696w, https:\/\/www.eldiario.net\/portal\/wp-content\/uploads\/2023\/06\/F-5.jpg 1000w\" sizes=\"auto, (max-width: 184px) 100vw, 184px\" \/><\/a>\n\t\t\t<\/div>\n\t\t\t\t<figcaption class='wp-caption-text gallery-caption' id='gallery-1-157939'>\n\t\t\t\t  Su recuerdo con Diego Maradona\n\t\t\t\t<\/figcaption><\/figure><figure class='gallery-item'>\n\t\t\t<div class='gallery-icon landscape'>\n\t\t\t\t<a href='https:\/\/www.eldiario.net\/portal\/2023\/06\/03\/zambrana-el-crack-yungueno\/f-6-4\/'><img loading=\"lazy\" decoding=\"async\" width=\"300\" height=\"167\" src=\"https:\/\/www.eldiario.net\/portal\/wp-content\/uploads\/2023\/06\/F-6-300x167.jpg\" class=\"attachment-medium size-medium\" alt=\"\" aria-describedby=\"gallery-1-157940\" srcset=\"https:\/\/www.eldiario.net\/portal\/wp-content\/uploads\/2023\/06\/F-6-300x167.jpg 300w, https:\/\/www.eldiario.net\/portal\/wp-content\/uploads\/2023\/06\/F-6-768x427.jpg 768w, https:\/\/www.eldiario.net\/portal\/wp-content\/uploads\/2023\/06\/F-6-696x387.jpg 696w, https:\/\/www.eldiario.net\/portal\/wp-content\/uploads\/2023\/06\/F-6.jpg 1000w\" sizes=\"auto, (max-width: 300px) 100vw, 300px\" \/><\/a>\n\t\t\t<\/div>\n\t\t\t\t<figcaption class='wp-caption-text gallery-caption' id='gallery-1-157940'>\n\t\t\t\t  El a\u00f1orado Club Municipal.\n\t\t\t\t<\/figcaption><\/figure><figure class='gallery-item'>\n\t\t\t<div class='gallery-icon landscape'>\n\t\t\t\t<a href='https:\/\/www.eldiario.net\/portal\/2023\/06\/03\/zambrana-el-crack-yungueno\/f-7-4\/'><img loading=\"lazy\" decoding=\"async\" width=\"300\" height=\"225\" src=\"https:\/\/www.eldiario.net\/portal\/wp-content\/uploads\/2023\/06\/F-7-300x225.jpg\" class=\"attachment-medium size-medium\" alt=\"\" aria-describedby=\"gallery-1-157941\" srcset=\"https:\/\/www.eldiario.net\/portal\/wp-content\/uploads\/2023\/06\/F-7-300x225.jpg 300w, https:\/\/www.eldiario.net\/portal\/wp-content\/uploads\/2023\/06\/F-7-768x576.jpg 768w, https:\/\/www.eldiario.net\/portal\/wp-content\/uploads\/2023\/06\/F-7-696x522.jpg 696w, https:\/\/www.eldiario.net\/portal\/wp-content\/uploads\/2023\/06\/F-7.jpg 1000w\" sizes=\"auto, (max-width: 300px) 100vw, 300px\" \/><\/a>\n\t\t\t<\/div>\n\t\t\t\t<figcaption class='wp-caption-text gallery-caption' id='gallery-1-157941'>\n\t\t\t\t  Estrellas del f\u00fatbol yungue\u00f1o.\n\t\t\t\t<\/figcaption><\/figure><figure class='gallery-item'>\n\t\t\t<div class='gallery-icon landscape'>\n\t\t\t\t<a href='https:\/\/www.eldiario.net\/portal\/2023\/06\/03\/zambrana-el-crack-yungueno\/f-8-2\/'><img loading=\"lazy\" decoding=\"async\" width=\"300\" height=\"300\" src=\"https:\/\/www.eldiario.net\/portal\/wp-content\/uploads\/2023\/06\/F-8-300x300.jpg\" class=\"attachment-medium size-medium\" alt=\"\" aria-describedby=\"gallery-1-157942\" srcset=\"https:\/\/www.eldiario.net\/portal\/wp-content\/uploads\/2023\/06\/F-8-300x300.jpg 300w, https:\/\/www.eldiario.net\/portal\/wp-content\/uploads\/2023\/06\/F-8-150x150.jpg 150w, https:\/\/www.eldiario.net\/portal\/wp-content\/uploads\/2023\/06\/F-8-768x768.jpg 768w, https:\/\/www.eldiario.net\/portal\/wp-content\/uploads\/2023\/06\/F-8-696x696.jpg 696w, https:\/\/www.eldiario.net\/portal\/wp-content\/uploads\/2023\/06\/F-8.jpg 1000w\" sizes=\"auto, (max-width: 300px) 100vw, 300px\" \/><\/a>\n\t\t\t<\/div>\n\t\t\t\t<figcaption class='wp-caption-text gallery-caption' id='gallery-1-157942'>\n\t\t\t\t  Hoy, dedicado a la mec\u00e1nica automotriz.\n\t\t\t\t<\/figcaption><\/figure><figure class='gallery-item'>\n\t\t\t<div class='gallery-icon portrait'>\n\t\t\t\t<a href='https:\/\/www.eldiario.net\/portal\/2023\/06\/03\/zambrana-el-crack-yungueno\/f-1-11\/'><img loading=\"lazy\" decoding=\"async\" width=\"182\" height=\"300\" src=\"https:\/\/www.eldiario.net\/portal\/wp-content\/uploads\/2023\/06\/F-1-182x300.jpg\" class=\"attachment-medium size-medium\" alt=\"\" aria-describedby=\"gallery-1-157943\" srcset=\"https:\/\/www.eldiario.net\/portal\/wp-content\/uploads\/2023\/06\/F-1-182x300.jpg 182w, https:\/\/www.eldiario.net\/portal\/wp-content\/uploads\/2023\/06\/F-1-621x1024.jpg 621w, https:\/\/www.eldiario.net\/portal\/wp-content\/uploads\/2023\/06\/F-1-768x1266.jpg 768w, https:\/\/www.eldiario.net\/portal\/wp-content\/uploads\/2023\/06\/F-1-931x1536.jpg 931w, https:\/\/www.eldiario.net\/portal\/wp-content\/uploads\/2023\/06\/F-1-696x1148.jpg 696w, https:\/\/www.eldiario.net\/portal\/wp-content\/uploads\/2023\/06\/F-1.jpg 1000w\" sizes=\"auto, (max-width: 182px) 100vw, 182px\" \/><\/a>\n\t\t\t<\/div>\n\t\t\t\t<figcaption class='wp-caption-text gallery-caption' id='gallery-1-157943'>\n\t\t\t\t  Reynaldo Zambrana fue pieza fundamental en los mejores a\u00f1os de Litoral.\n\t\t\t\t<\/figcaption><\/figure><figure class='gallery-item'>\n\t\t\t<div class='gallery-icon portrait'>\n\t\t\t\t<a href='https:\/\/www.eldiario.net\/portal\/2023\/06\/03\/zambrana-el-crack-yungueno\/f-2-a\/'><img loading=\"lazy\" decoding=\"async\" width=\"213\" height=\"300\" src=\"https:\/\/www.eldiario.net\/portal\/wp-content\/uploads\/2023\/06\/F-2-A-213x300.jpg\" class=\"attachment-medium size-medium\" alt=\"\" srcset=\"https:\/\/www.eldiario.net\/portal\/wp-content\/uploads\/2023\/06\/F-2-A-213x300.jpg 213w, https:\/\/www.eldiario.net\/portal\/wp-content\/uploads\/2023\/06\/F-2-A-727x1024.jpg 727w, https:\/\/www.eldiario.net\/portal\/wp-content\/uploads\/2023\/06\/F-2-A-768x1081.jpg 768w, https:\/\/www.eldiario.net\/portal\/wp-content\/uploads\/2023\/06\/F-2-A-696x980.jpg 696w, https:\/\/www.eldiario.net\/portal\/wp-content\/uploads\/2023\/06\/F-2-A.jpg 1000w\" sizes=\"auto, (max-width: 213px) 100vw, 213px\" \/><\/a>\n\t\t\t<\/div><\/figure><figure class='gallery-item'>\n\t\t\t<div class='gallery-icon portrait'>\n\t\t\t\t<a href='https:\/\/www.eldiario.net\/portal\/2023\/06\/03\/zambrana-el-crack-yungueno\/f-2-b-2\/'><img loading=\"lazy\" decoding=\"async\" width=\"135\" height=\"300\" src=\"https:\/\/www.eldiario.net\/portal\/wp-content\/uploads\/2023\/06\/F-2-B-135x300.jpg\" class=\"attachment-medium size-medium\" alt=\"\" srcset=\"https:\/\/www.eldiario.net\/portal\/wp-content\/uploads\/2023\/06\/F-2-B-135x300.jpg 135w, https:\/\/www.eldiario.net\/portal\/wp-content\/uploads\/2023\/06\/F-2-B-461x1024.jpg 461w, https:\/\/www.eldiario.net\/portal\/wp-content\/uploads\/2023\/06\/F-2-B-768x1706.jpg 768w, https:\/\/www.eldiario.net\/portal\/wp-content\/uploads\/2023\/06\/F-2-B-692x1536.jpg 692w, https:\/\/www.eldiario.net\/portal\/wp-content\/uploads\/2023\/06\/F-2-B-922x2048.jpg 922w, https:\/\/www.eldiario.net\/portal\/wp-content\/uploads\/2023\/06\/F-2-B-696x1546.jpg 696w, https:\/\/www.eldiario.net\/portal\/wp-content\/uploads\/2023\/06\/F-2-B.jpg 1000w\" sizes=\"auto, (max-width: 135px) 100vw, 135px\" \/><\/a>\n\t\t\t<\/div><\/figure><figure class='gallery-item'>\n\t\t\t<div class='gallery-icon portrait'>\n\t\t\t\t<a href='https:\/\/www.eldiario.net\/portal\/2023\/06\/03\/zambrana-el-crack-yungueno\/f-3-7\/'><img loading=\"lazy\" decoding=\"async\" width=\"225\" height=\"300\" src=\"https:\/\/www.eldiario.net\/portal\/wp-content\/uploads\/2023\/06\/F-3-225x300.jpg\" class=\"attachment-medium size-medium\" alt=\"\" aria-describedby=\"gallery-1-157946\" srcset=\"https:\/\/www.eldiario.net\/portal\/wp-content\/uploads\/2023\/06\/F-3-225x300.jpg 225w, https:\/\/www.eldiario.net\/portal\/wp-content\/uploads\/2023\/06\/F-3-768x1024.jpg 768w, https:\/\/www.eldiario.net\/portal\/wp-content\/uploads\/2023\/06\/F-3-696x928.jpg 696w, https:\/\/www.eldiario.net\/portal\/wp-content\/uploads\/2023\/06\/F-3.jpg 1000w\" sizes=\"auto, (max-width: 225px) 100vw, 225px\" \/><\/a>\n\t\t\t<\/div>\n\t\t\t\t<figcaption class='wp-caption-text gallery-caption' id='gallery-1-157946'>\n\t\t\t\t  Su gran paso por Bol\u00edvar.\n\t\t\t\t<\/figcaption><\/figure><figure class='gallery-item'>\n\t\t\t<div class='gallery-icon portrait'>\n\t\t\t\t<a href='https:\/\/www.eldiario.net\/portal\/2023\/06\/03\/zambrana-el-crack-yungueno\/f-4-5\/'><img loading=\"lazy\" decoding=\"async\" width=\"211\" height=\"300\" src=\"https:\/\/www.eldiario.net\/portal\/wp-content\/uploads\/2023\/06\/F-4-211x300.jpg\" class=\"attachment-medium size-medium\" alt=\"\" aria-describedby=\"gallery-1-157947\" srcset=\"https:\/\/www.eldiario.net\/portal\/wp-content\/uploads\/2023\/06\/F-4-211x300.jpg 211w, https:\/\/www.eldiario.net\/portal\/wp-content\/uploads\/2023\/06\/F-4-719x1024.jpg 719w, https:\/\/www.eldiario.net\/portal\/wp-content\/uploads\/2023\/06\/F-4-768x1094.jpg 768w, https:\/\/www.eldiario.net\/portal\/wp-content\/uploads\/2023\/06\/F-4-696x992.jpg 696w, https:\/\/www.eldiario.net\/portal\/wp-content\/uploads\/2023\/06\/F-4.jpg 1000w\" sizes=\"auto, (max-width: 211px) 100vw, 211px\" \/><\/a>\n\t\t\t<\/div>\n\t\t\t\t<figcaption class='wp-caption-text gallery-caption' id='gallery-1-157947'>\n\t\t\t\t  Vistiendo la casaca atigrada.\n\t\t\t\t<\/figcaption><\/figure>\n\t\t<\/div>\n\n","protected":false},"excerpt":{"rendered":"<p>Para Reynaldo Zambrana Palza, el haberle tocado marcar a Diego Armando Maradona, cuando el m\u00e1ximo astro del f\u00fatbol mundial lleg\u00f3 a La Paz con Argentino Juniors en 1980, es la m\u00e1xima an\u00e9cdota que le toc\u00f3 vivir en su trayectoria deportiva. \u201cSiempre relato esta historia a mis amigos: cuando yo jugaba en Bol\u00edvar, lleg\u00f3 a Bolivia [&hellip;]<\/p>\n","protected":false},"author":1,"featured_media":157943,"comment_status":"closed","ping_status":"closed","sticky":false,"template":"","format":"standard","meta":{"_acf_changed":false,"footnotes":""},"categories":[6],"tags":[],"class_list":["post-157938","post","type-post","status-publish","format-standard","has-post-thumbnail","category-deportes"],"acf":{"antetitulo":""},"yoast_head":"<!-- This site is optimized with the Yoast SEO plugin v28.4 - https:\/\/yoast.com\/product\/yoast-seo-wordpress\/ -->\n<title>ZAMBRANA: El crack yungue\u00f1o - El Diario - Bolivia<\/title>\n<meta name=\"robots\" content=\"index, follow, max-snippet:-1, max-image-preview:large, max-video-preview:-1\" \/>\n<link rel=\"canonical\" href=\"https:\/\/www.eldiario.net\/portal\/2023\/06\/03\/zambrana-el-crack-yungueno\/\" \/>\n<meta property=\"og:locale\" content=\"es_ES\" \/>\n<meta property=\"og:type\" content=\"article\" \/>\n<meta property=\"og:title\" content=\"ZAMBRANA: El crack yungue\u00f1o - El Diario - Bolivia\" \/>\n<meta property=\"og:description\" content=\"Para Reynaldo Zambrana Palza, el haberle tocado marcar a Diego Armando Maradona, cuando el m\u00e1ximo astro del f\u00fatbol mundial lleg\u00f3 a La Paz con Argentino Juniors en 1980, es la m\u00e1xima an\u00e9cdota que le toc\u00f3 vivir en su trayectoria deportiva. \u201cSiempre relato esta historia a mis amigos: cuando yo jugaba en Bol\u00edvar, lleg\u00f3 a Bolivia [&hellip;]\" \/>\n<meta property=\"og:url\" content=\"https:\/\/www.eldiario.net\/portal\/2023\/06\/03\/zambrana-el-crack-yungueno\/\" \/>\n<meta property=\"og:site_name\" content=\"El Diario - Bolivia\" \/>\n<meta property=\"article:publisher\" content=\"https:\/\/www.facebook.com\/eldiario.bolivia\/\" \/>\n<meta property=\"article:published_time\" content=\"2023-06-03T10:51:34+00:00\" \/>\n<meta property=\"og:image\" content=\"https:\/\/www.eldiario.net\/portal\/wp-content\/uploads\/2023\/06\/F-1.jpg\" \/>\n\t<meta property=\"og:image:width\" content=\"1000\" \/>\n\t<meta property=\"og:image:height\" content=\"1649\" \/>\n\t<meta property=\"og:image:type\" content=\"image\/jpeg\" \/>\n<meta name=\"author\" content=\"Jeanette\" \/>\n<meta name=\"twitter:card\" content=\"summary_large_image\" \/>\n<meta name=\"twitter:creator\" content=\"@eldiario_net\" \/>\n<meta name=\"twitter:site\" content=\"@eldiario_net\" \/>\n<meta name=\"twitter:label1\" content=\"Escrito por\" \/>\n\t<meta name=\"twitter:data1\" content=\"Jeanette\" \/>\n\t<meta name=\"twitter:label2\" content=\"Tiempo de lectura\" \/>\n\t<meta name=\"twitter:data2\" content=\"7 minutos\" \/>\n<script type=\"application\/ld+json\" class=\"yoast-schema-graph\">{\"@context\":\"https:\\\/\\\/schema.org\",\"@graph\":[{\"@type\":\"Article\",\"@id\":\"https:\\\/\\\/www.eldiario.net\\\/portal\\\/2023\\\/06\\\/03\\\/zambrana-el-crack-yungueno\\\/#article\",\"isPartOf\":{\"@id\":\"https:\\\/\\\/www.eldiario.net\\\/portal\\\/2023\\\/06\\\/03\\\/zambrana-el-crack-yungueno\\\/\"},\"author\":{\"name\":\"Jeanette\",\"@id\":\"https:\\\/\\\/www.eldiario.net\\\/portal\\\/#\\\/schema\\\/person\\\/2c57cf2b7a7ae032e449e4c9b1019eac\"},\"headline\":\"ZAMBRANA: El crack yungue\u00f1o\",\"datePublished\":\"2023-06-03T10:51:34+00:00\",\"mainEntityOfPage\":{\"@id\":\"https:\\\/\\\/www.eldiario.net\\\/portal\\\/2023\\\/06\\\/03\\\/zambrana-el-crack-yungueno\\\/\"},\"wordCount\":1549,\"publisher\":{\"@id\":\"https:\\\/\\\/www.eldiario.net\\\/portal\\\/#organization\"},\"image\":{\"@id\":\"https:\\\/\\\/www.eldiario.net\\\/portal\\\/2023\\\/06\\\/03\\\/zambrana-el-crack-yungueno\\\/#primaryimage\"},\"thumbnailUrl\":\"https:\\\/\\\/www.eldiario.net\\\/portal\\\/wp-content\\\/uploads\\\/2023\\\/06\\\/F-1.jpg\",\"articleSection\":[\"Deportes\"],\"inLanguage\":\"es\"},{\"@type\":\"WebPage\",\"@id\":\"https:\\\/\\\/www.eldiario.net\\\/portal\\\/2023\\\/06\\\/03\\\/zambrana-el-crack-yungueno\\\/\",\"url\":\"https:\\\/\\\/www.eldiario.net\\\/portal\\\/2023\\\/06\\\/03\\\/zambrana-el-crack-yungueno\\\/\",\"name\":\"ZAMBRANA: El crack yungue\u00f1o - El Diario - Bolivia\",\"isPartOf\":{\"@id\":\"https:\\\/\\\/www.eldiario.net\\\/portal\\\/#website\"},\"primaryImageOfPage\":{\"@id\":\"https:\\\/\\\/www.eldiario.net\\\/portal\\\/2023\\\/06\\\/03\\\/zambrana-el-crack-yungueno\\\/#primaryimage\"},\"image\":{\"@id\":\"https:\\\/\\\/www.eldiario.net\\\/portal\\\/2023\\\/06\\\/03\\\/zambrana-el-crack-yungueno\\\/#primaryimage\"},\"thumbnailUrl\":\"https:\\\/\\\/www.eldiario.net\\\/portal\\\/wp-content\\\/uploads\\\/2023\\\/06\\\/F-1.jpg\",\"datePublished\":\"2023-06-03T10:51:34+00:00\",\"breadcrumb\":{\"@id\":\"https:\\\/\\\/www.eldiario.net\\\/portal\\\/2023\\\/06\\\/03\\\/zambrana-el-crack-yungueno\\\/#breadcrumb\"},\"inLanguage\":\"es\",\"potentialAction\":[{\"@type\":\"ReadAction\",\"target\":[\"https:\\\/\\\/www.eldiario.net\\\/portal\\\/2023\\\/06\\\/03\\\/zambrana-el-crack-yungueno\\\/\"]}]},{\"@type\":\"ImageObject\",\"inLanguage\":\"es\",\"@id\":\"https:\\\/\\\/www.eldiario.net\\\/portal\\\/2023\\\/06\\\/03\\\/zambrana-el-crack-yungueno\\\/#primaryimage\",\"url\":\"https:\\\/\\\/www.eldiario.net\\\/portal\\\/wp-content\\\/uploads\\\/2023\\\/06\\\/F-1.jpg\",\"contentUrl\":\"https:\\\/\\\/www.eldiario.net\\\/portal\\\/wp-content\\\/uploads\\\/2023\\\/06\\\/F-1.jpg\",\"width\":1000,\"height\":1649,\"caption\":\"Reynaldo Zambrana fue pieza fundamental en los mejores a\u00f1os de Litoral.\"},{\"@type\":\"BreadcrumbList\",\"@id\":\"https:\\\/\\\/www.eldiario.net\\\/portal\\\/2023\\\/06\\\/03\\\/zambrana-el-crack-yungueno\\\/#breadcrumb\",\"itemListElement\":[{\"@type\":\"ListItem\",\"position\":1,\"name\":\"Portada\",\"item\":\"https:\\\/\\\/www.eldiario.net\\\/portal\\\/\"},{\"@type\":\"ListItem\",\"position\":2,\"name\":\"ZAMBRANA: El crack yungue\u00f1o\"}]},{\"@type\":\"WebSite\",\"@id\":\"https:\\\/\\\/www.eldiario.net\\\/portal\\\/#website\",\"url\":\"https:\\\/\\\/www.eldiario.net\\\/portal\\\/\",\"name\":\"El Diario - Decano de la prensa nacional\",\"description\":\"El Diario - Decano de la prensa nacional\",\"publisher\":{\"@id\":\"https:\\\/\\\/www.eldiario.net\\\/portal\\\/#organization\"},\"potentialAction\":[{\"@type\":\"SearchAction\",\"target\":{\"@type\":\"EntryPoint\",\"urlTemplate\":\"https:\\\/\\\/www.eldiario.net\\\/portal\\\/?s={search_term_string}\"},\"query-input\":{\"@type\":\"PropertyValueSpecification\",\"valueRequired\":true,\"valueName\":\"search_term_string\"}}],\"inLanguage\":\"es\"},{\"@type\":\"Organization\",\"@id\":\"https:\\\/\\\/www.eldiario.net\\\/portal\\\/#organization\",\"name\":\"El Diario - Decano de la prensa nacional\",\"url\":\"https:\\\/\\\/www.eldiario.net\\\/portal\\\/\",\"logo\":{\"@type\":\"ImageObject\",\"inLanguage\":\"es\",\"@id\":\"https:\\\/\\\/www.eldiario.net\\\/portal\\\/#\\\/schema\\\/logo\\\/image\\\/\",\"url\":\"https:\\\/\\\/www.eldiario.net\\\/portal\\\/wp-content\\\/uploads\\\/2023\\\/07\\\/logo_ED.jpg\",\"contentUrl\":\"https:\\\/\\\/www.eldiario.net\\\/portal\\\/wp-content\\\/uploads\\\/2023\\\/07\\\/logo_ED.jpg\",\"width\":272,\"height\":52,\"caption\":\"El Diario - Decano de la prensa nacional\"},\"image\":{\"@id\":\"https:\\\/\\\/www.eldiario.net\\\/portal\\\/#\\\/schema\\\/logo\\\/image\\\/\"},\"sameAs\":[\"https:\\\/\\\/www.facebook.com\\\/eldiario.bolivia\\\/\",\"https:\\\/\\\/x.com\\\/eldiario_net\"]},{\"@type\":\"Person\",\"@id\":\"https:\\\/\\\/www.eldiario.net\\\/portal\\\/#\\\/schema\\\/person\\\/2c57cf2b7a7ae032e449e4c9b1019eac\",\"name\":\"Jeanette\",\"image\":{\"@type\":\"ImageObject\",\"inLanguage\":\"es\",\"@id\":\"https:\\\/\\\/secure.gravatar.com\\\/avatar\\\/3ea2118a5f7dad2b7138b1187a6b7ee55f160b9968b66013c3a3ef39dd7e5798?s=96&d=mm&r=g\",\"url\":\"https:\\\/\\\/secure.gravatar.com\\\/avatar\\\/3ea2118a5f7dad2b7138b1187a6b7ee55f160b9968b66013c3a3ef39dd7e5798?s=96&d=mm&r=g\",\"contentUrl\":\"https:\\\/\\\/secure.gravatar.com\\\/avatar\\\/3ea2118a5f7dad2b7138b1187a6b7ee55f160b9968b66013c3a3ef39dd7e5798?s=96&d=mm&r=g\",\"caption\":\"Jeanette\"},\"sameAs\":[\"https:\\\/\\\/www.eldiario.net\\\/portal\"],\"url\":\"https:\\\/\\\/www.eldiario.net\\\/portal\\\/author\\\/jeanette\\\/\"}]}<\/script>\n<!-- \/ Yoast SEO plugin. -->","yoast_head_json":{"title":"ZAMBRANA: El crack yungue\u00f1o - El Diario - Bolivia","robots":{"index":"index","follow":"follow","max-snippet":"max-snippet:-1","max-image-preview":"max-image-preview:large","max-video-preview":"max-video-preview:-1"},"canonical":"https:\/\/www.eldiario.net\/portal\/2023\/06\/03\/zambrana-el-crack-yungueno\/","og_locale":"es_ES","og_type":"article","og_title":"ZAMBRANA: El crack yungue\u00f1o - El Diario - Bolivia","og_description":"Para Reynaldo Zambrana Palza, el haberle tocado marcar a Diego Armando Maradona, cuando el m\u00e1ximo astro del f\u00fatbol mundial lleg\u00f3 a La Paz con Argentino Juniors en 1980, es la m\u00e1xima an\u00e9cdota que le toc\u00f3 vivir en su trayectoria deportiva. \u201cSiempre relato esta historia a mis amigos: cuando yo jugaba en Bol\u00edvar, lleg\u00f3 a Bolivia [&hellip;]","og_url":"https:\/\/www.eldiario.net\/portal\/2023\/06\/03\/zambrana-el-crack-yungueno\/","og_site_name":"El Diario - Bolivia","article_publisher":"https:\/\/www.facebook.com\/eldiario.bolivia\/","article_published_time":"2023-06-03T10:51:34+00:00","og_image":[{"width":1000,"height":1649,"url":"https:\/\/www.eldiario.net\/portal\/wp-content\/uploads\/2023\/06\/F-1.jpg","type":"image\/jpeg"}],"author":"Jeanette","twitter_card":"summary_large_image","twitter_creator":"@eldiario_net","twitter_site":"@eldiario_net","twitter_misc":{"Escrito por":"Jeanette","Tiempo de lectura":"7 minutos"},"schema":{"@context":"https:\/\/schema.org","@graph":[{"@type":"Article","@id":"https:\/\/www.eldiario.net\/portal\/2023\/06\/03\/zambrana-el-crack-yungueno\/#article","isPartOf":{"@id":"https:\/\/www.eldiario.net\/portal\/2023\/06\/03\/zambrana-el-crack-yungueno\/"},"author":{"name":"Jeanette","@id":"https:\/\/www.eldiario.net\/portal\/#\/schema\/person\/2c57cf2b7a7ae032e449e4c9b1019eac"},"headline":"ZAMBRANA: El crack yungue\u00f1o","datePublished":"2023-06-03T10:51:34+00:00","mainEntityOfPage":{"@id":"https:\/\/www.eldiario.net\/portal\/2023\/06\/03\/zambrana-el-crack-yungueno\/"},"wordCount":1549,"publisher":{"@id":"https:\/\/www.eldiario.net\/portal\/#organization"},"image":{"@id":"https:\/\/www.eldiario.net\/portal\/2023\/06\/03\/zambrana-el-crack-yungueno\/#primaryimage"},"thumbnailUrl":"https:\/\/www.eldiario.net\/portal\/wp-content\/uploads\/2023\/06\/F-1.jpg","articleSection":["Deportes"],"inLanguage":"es"},{"@type":"WebPage","@id":"https:\/\/www.eldiario.net\/portal\/2023\/06\/03\/zambrana-el-crack-yungueno\/","url":"https:\/\/www.eldiario.net\/portal\/2023\/06\/03\/zambrana-el-crack-yungueno\/","name":"ZAMBRANA: El crack yungue\u00f1o - El Diario - Bolivia","isPartOf":{"@id":"https:\/\/www.eldiario.net\/portal\/#website"},"primaryImageOfPage":{"@id":"https:\/\/www.eldiario.net\/portal\/2023\/06\/03\/zambrana-el-crack-yungueno\/#primaryimage"},"image":{"@id":"https:\/\/www.eldiario.net\/portal\/2023\/06\/03\/zambrana-el-crack-yungueno\/#primaryimage"},"thumbnailUrl":"https:\/\/www.eldiario.net\/portal\/wp-content\/uploads\/2023\/06\/F-1.jpg","datePublished":"2023-06-03T10:51:34+00:00","breadcrumb":{"@id":"https:\/\/www.eldiario.net\/portal\/2023\/06\/03\/zambrana-el-crack-yungueno\/#breadcrumb"},"inLanguage":"es","potentialAction":[{"@type":"ReadAction","target":["https:\/\/www.eldiario.net\/portal\/2023\/06\/03\/zambrana-el-crack-yungueno\/"]}]},{"@type":"ImageObject","inLanguage":"es","@id":"https:\/\/www.eldiario.net\/portal\/2023\/06\/03\/zambrana-el-crack-yungueno\/#primaryimage","url":"https:\/\/www.eldiario.net\/portal\/wp-content\/uploads\/2023\/06\/F-1.jpg","contentUrl":"https:\/\/www.eldiario.net\/portal\/wp-content\/uploads\/2023\/06\/F-1.jpg","width":1000,"height":1649,"caption":"Reynaldo Zambrana fue pieza fundamental en los mejores a\u00f1os de Litoral."},{"@type":"BreadcrumbList","@id":"https:\/\/www.eldiario.net\/portal\/2023\/06\/03\/zambrana-el-crack-yungueno\/#breadcrumb","itemListElement":[{"@type":"ListItem","position":1,"name":"Portada","item":"https:\/\/www.eldiario.net\/portal\/"},{"@type":"ListItem","position":2,"name":"ZAMBRANA: El crack yungue\u00f1o"}]},{"@type":"WebSite","@id":"https:\/\/www.eldiario.net\/portal\/#website","url":"https:\/\/www.eldiario.net\/portal\/","name":"El Diario - Decano de la prensa nacional","description":"El Diario - Decano de la prensa nacional","publisher":{"@id":"https:\/\/www.eldiario.net\/portal\/#organization"},"potentialAction":[{"@type":"SearchAction","target":{"@type":"EntryPoint","urlTemplate":"https:\/\/www.eldiario.net\/portal\/?s={search_term_string}"},"query-input":{"@type":"PropertyValueSpecification","valueRequired":true,"valueName":"search_term_string"}}],"inLanguage":"es"},{"@type":"Organization","@id":"https:\/\/www.eldiario.net\/portal\/#organization","name":"El Diario - Decano de la prensa nacional","url":"https:\/\/www.eldiario.net\/portal\/","logo":{"@type":"ImageObject","inLanguage":"es","@id":"https:\/\/www.eldiario.net\/portal\/#\/schema\/logo\/image\/","url":"https:\/\/www.eldiario.net\/portal\/wp-content\/uploads\/2023\/07\/logo_ED.jpg","contentUrl":"https:\/\/www.eldiario.net\/portal\/wp-content\/uploads\/2023\/07\/logo_ED.jpg","width":272,"height":52,"caption":"El Diario - Decano de la prensa nacional"},"image":{"@id":"https:\/\/www.eldiario.net\/portal\/#\/schema\/logo\/image\/"},"sameAs":["https:\/\/www.facebook.com\/eldiario.bolivia\/","https:\/\/x.com\/eldiario_net"]},{"@type":"Person","@id":"https:\/\/www.eldiario.net\/portal\/#\/schema\/person\/2c57cf2b7a7ae032e449e4c9b1019eac","name":"Jeanette","image":{"@type":"ImageObject","inLanguage":"es","@id":"https:\/\/secure.gravatar.com\/avatar\/3ea2118a5f7dad2b7138b1187a6b7ee55f160b9968b66013c3a3ef39dd7e5798?s=96&d=mm&r=g","url":"https:\/\/secure.gravatar.com\/avatar\/3ea2118a5f7dad2b7138b1187a6b7ee55f160b9968b66013c3a3ef39dd7e5798?s=96&d=mm&r=g","contentUrl":"https:\/\/secure.gravatar.com\/avatar\/3ea2118a5f7dad2b7138b1187a6b7ee55f160b9968b66013c3a3ef39dd7e5798?s=96&d=mm&r=g","caption":"Jeanette"},"sameAs":["https:\/\/www.eldiario.net\/portal"],"url":"https:\/\/www.eldiario.net\/portal\/author\/jeanette\/"}]}},"_links":{"self":[{"href":"https:\/\/www.eldiario.net\/portal\/wp-json\/wp\/v2\/posts\/157938","targetHints":{"allow":["GET"]}}],"collection":[{"href":"https:\/\/www.eldiario.net\/portal\/wp-json\/wp\/v2\/posts"}],"about":[{"href":"https:\/\/www.eldiario.net\/portal\/wp-json\/wp\/v2\/types\/post"}],"author":[{"embeddable":true,"href":"https:\/\/www.eldiario.net\/portal\/wp-json\/wp\/v2\/users\/1"}],"replies":[{"embeddable":true,"href":"https:\/\/www.eldiario.net\/portal\/wp-json\/wp\/v2\/comments?post=157938"}],"version-history":[{"count":0,"href":"https:\/\/www.eldiario.net\/portal\/wp-json\/wp\/v2\/posts\/157938\/revisions"}],"wp:featuredmedia":[{"embeddable":true,"href":"https:\/\/www.eldiario.net\/portal\/wp-json\/wp\/v2\/media\/157943"}],"wp:attachment":[{"href":"https:\/\/www.eldiario.net\/portal\/wp-json\/wp\/v2\/media?parent=157938"}],"wp:term":[{"taxonomy":"category","embeddable":true,"href":"https:\/\/www.eldiario.net\/portal\/wp-json\/wp\/v2\/categories?post=157938"},{"taxonomy":"post_tag","embeddable":true,"href":"https:\/\/www.eldiario.net\/portal\/wp-json\/wp\/v2\/tags?post=157938"}],"curies":[{"name":"wp","href":"https:\/\/api.w.org\/{rel}","templated":true}]}}