{"id":157935,"date":"2023-06-03T06:48:20","date_gmt":"2023-06-03T10:48:20","guid":{"rendered":"https:\/\/www.eldiario.net\/portal\/?p=157935"},"modified":"2023-06-03T06:48:20","modified_gmt":"2023-06-03T10:48:20","slug":"bolivar-con-todo","status":"publish","type":"post","link":"https:\/\/www.eldiario.net\/portal\/2023\/06\/03\/bolivar-con-todo\/","title":{"rendered":"Bol\u00edvar con todo"},"content":{"rendered":"<p>&nbsp;<\/p>\n<p>Bol\u00edvar viaj\u00f3 ayer a Tarija para cumplir su compromiso frente a Real Tomayapu por la jornada 16 del torneo \u201cTodos contra todos\u201d. El principal objetivo de los celestes es conseguir los tres puntos antes del receso de al menos tres semanas que tendr\u00e1 el f\u00fatbol nacional boliviano.<br \/>\nDurante los \u00faltimos meses, Bol\u00edvar no pudo conseguir victorias fuera de La Paz, en sus \u00faltimas incursiones en el interior, perdi\u00f3 ante Libertad Gran Mamor\u00e9 en Trinidad (2-0), Nacional Potos\u00ed , en la Villa Imperial (3-2), con Independiente Petrolero en Sucre (2-1) y empat\u00f3 con Always Ready en El Alto (2-2).<br \/>\nEstos resultados lo alejaron del l\u00edder en la tabla de valoraciones (The Strongest) y al momento se encuentra ubicado en cuarto lugar con 23 puntos, despu\u00e9s de los \u201caurinegros\u201d, Nacional Potos\u00ed y Always Ready.<br \/>\nAparte de querer acortar las cifras con relaci\u00f3n a sus antecesores, Bol\u00edvar tiene un partido internacional muy importante por la Copa Libertadores en La Paz, frente al plantel paraguayo de Cerro Porte\u00f1o, el pr\u00f3ximo martes 6 de junio. La victoria en esta oportunidad es tambi\u00e9n vital para alcanzar una clasificaci\u00f3n a la pr\u00f3xima instancia de este campeonato.<br \/>\nBUEN \u00c1NIMO<br \/>\nPese a que la situaci\u00f3n de la Academia en el torneo local no fue de las mejores en los \u00faltimos meses, el \u00e1nimo de los dirigidos por Be\u00f1at San Jos\u00e9 es alto.<br \/>\nEntrenaron de lunes a viernes en doble turno y despu\u00e9s de la \u00faltima victoria por goleada frente a Palmaflor por 5 a 1 en La Paz, el pasado 26 de mayo; existe esperanza de recuperaci\u00f3n plena.<br \/>\nExiste un solo lesionado que es Jos\u00e9 Sagredo y es posible que para hoy ya se cuente con el aporte del defensor Bryan Bentaberry, quien tambi\u00e9n super\u00f3 malestares que no le permit\u00edan alinear en anteriores fechas.<br \/>\nEl posible cuadro que presentar\u00eda Bol\u00edvar hoy en Tarija es el siguiente: Carlos Lampe en el p\u00f3rtico; Jes\u00fas Sagredo, Luis Haqu\u00edn, Nicol\u00e1s Ferreira en la defensa; Miguel Villarroel y Carlos Fern\u00e1ndez por las bandas; Gabriel Villamil y Leonel Justiniano en el medio; Lucas Ch\u00e1vez, Ronnie Fern\u00e1ndez, y Patricio Rodr\u00edguez en el ataque.<br \/>\nREAL TOMAYAPO<br \/>\nEn tanto, el elenco tarije\u00f1o de Real Tomayapo est\u00e1 muy motivado despu\u00e9s de haberle ganado a domicilio a Independiente Petrolero de Sucre por 3 a 0 el pasado s\u00e1bado 27 de mayo.<br \/>\nEl t\u00e9cnico de los \u201cchapacos\u201d, Juan Vita, hizo saber que, para hoy, en su primer plantel no habr\u00e1 mayores variantes con relaci\u00f3n al equipo ganador.<br \/>\nEstar\u00edan alineando lo siguientes hombres: Pedro Galindo, Pedro Mamani, Leandro Corulo, Hallson Padilnha, Leandro Justiniano, Thiago Riveiro, Pedro Azogue, Lu\u00eds Al\u00ed, Jefferson Santos, Samuel Galindo y Agust\u00edn Graneros.<br \/>\nSer\u00e1n jueces de este encuentro Ra\u00fal Orozco, Roger Orellana y Julio C\u00e9sar Vargas. La hora del encuentro ser\u00e1 17:30.<\/p>\n<p><strong>AGENCIAS<\/strong><\/p>\n","protected":false},"excerpt":{"rendered":"<p>&nbsp; Bol\u00edvar viaj\u00f3 ayer a Tarija para cumplir su compromiso frente a Real Tomayapu por la jornada 16 del torneo \u201cTodos contra todos\u201d. El principal objetivo de los celestes es conseguir los tres puntos antes del receso de al menos tres semanas que tendr\u00e1 el f\u00fatbol nacional boliviano. Durante los \u00faltimos meses, Bol\u00edvar no pudo [&hellip;]<\/p>\n","protected":false},"author":1,"featured_media":157936,"comment_status":"closed","ping_status":"closed","sticky":false,"template":"","format":"standard","meta":{"_acf_changed":false,"footnotes":""},"categories":[6],"tags":[],"class_list":["post-157935","post","type-post","status-publish","format-standard","has-post-thumbnail","category-deportes"],"acf":{"antetitulo":""},"yoast_head":"<!-- This site is optimized with the Yoast SEO plugin v28.4 - https:\/\/yoast.com\/product\/yoast-seo-wordpress\/ -->\n<title>Bol\u00edvar con todo - El Diario - Bolivia<\/title>\n<meta name=\"robots\" content=\"index, follow, max-snippet:-1, max-image-preview:large, max-video-preview:-1\" \/>\n<link rel=\"canonical\" href=\"https:\/\/www.eldiario.net\/portal\/2023\/06\/03\/bolivar-con-todo\/\" \/>\n<meta property=\"og:locale\" content=\"es_ES\" \/>\n<meta property=\"og:type\" content=\"article\" \/>\n<meta property=\"og:title\" content=\"Bol\u00edvar con todo - El Diario - Bolivia\" \/>\n<meta property=\"og:description\" content=\"&nbsp; Bol\u00edvar viaj\u00f3 ayer a Tarija para cumplir su compromiso frente a Real Tomayapu por la jornada 16 del torneo \u201cTodos contra todos\u201d. El principal objetivo de los celestes es conseguir los tres puntos antes del receso de al menos tres semanas que tendr\u00e1 el f\u00fatbol nacional boliviano. Durante los \u00faltimos meses, Bol\u00edvar no pudo [&hellip;]\" \/>\n<meta property=\"og:url\" content=\"https:\/\/www.eldiario.net\/portal\/2023\/06\/03\/bolivar-con-todo\/\" \/>\n<meta property=\"og:site_name\" content=\"El Diario - Bolivia\" \/>\n<meta property=\"article:publisher\" content=\"https:\/\/www.facebook.com\/eldiario.bolivia\/\" \/>\n<meta property=\"article:published_time\" content=\"2023-06-03T10:48:20+00:00\" \/>\n<meta property=\"og:image\" content=\"https:\/\/www.eldiario.net\/portal\/wp-content\/uploads\/2023\/06\/FOTO-20-e1685789285465.jpg\" \/>\n\t<meta property=\"og:image:width\" content=\"999\" \/>\n\t<meta property=\"og:image:height\" content=\"873\" \/>\n\t<meta property=\"og:image:type\" content=\"image\/jpeg\" \/>\n<meta name=\"author\" content=\"Jeanette\" \/>\n<meta name=\"twitter:card\" content=\"summary_large_image\" \/>\n<meta name=\"twitter:creator\" content=\"@eldiario_net\" \/>\n<meta name=\"twitter:site\" content=\"@eldiario_net\" \/>\n<meta name=\"twitter:label1\" content=\"Escrito por\" \/>\n\t<meta name=\"twitter:data1\" content=\"Jeanette\" \/>\n\t<meta name=\"twitter:label2\" content=\"Tiempo de lectura\" \/>\n\t<meta name=\"twitter:data2\" content=\"3 minutos\" \/>\n<script type=\"application\/ld+json\" class=\"yoast-schema-graph\">{\"@context\":\"https:\\\/\\\/schema.org\",\"@graph\":[{\"@type\":\"Article\",\"@id\":\"https:\\\/\\\/www.eldiario.net\\\/portal\\\/2023\\\/06\\\/03\\\/bolivar-con-todo\\\/#article\",\"isPartOf\":{\"@id\":\"https:\\\/\\\/www.eldiario.net\\\/portal\\\/2023\\\/06\\\/03\\\/bolivar-con-todo\\\/\"},\"author\":{\"name\":\"Jeanette\",\"@id\":\"https:\\\/\\\/www.eldiario.net\\\/portal\\\/#\\\/schema\\\/person\\\/2c57cf2b7a7ae032e449e4c9b1019eac\"},\"headline\":\"Bol\u00edvar con todo\",\"datePublished\":\"2023-06-03T10:48:20+00:00\",\"mainEntityOfPage\":{\"@id\":\"https:\\\/\\\/www.eldiario.net\\\/portal\\\/2023\\\/06\\\/03\\\/bolivar-con-todo\\\/\"},\"wordCount\":487,\"publisher\":{\"@id\":\"https:\\\/\\\/www.eldiario.net\\\/portal\\\/#organization\"},\"image\":{\"@id\":\"https:\\\/\\\/www.eldiario.net\\\/portal\\\/2023\\\/06\\\/03\\\/bolivar-con-todo\\\/#primaryimage\"},\"thumbnailUrl\":\"https:\\\/\\\/www.eldiario.net\\\/portal\\\/wp-content\\\/uploads\\\/2023\\\/06\\\/FOTO-20-e1685789285465.jpg\",\"articleSection\":[\"Deportes\"],\"inLanguage\":\"es\"},{\"@type\":\"WebPage\",\"@id\":\"https:\\\/\\\/www.eldiario.net\\\/portal\\\/2023\\\/06\\\/03\\\/bolivar-con-todo\\\/\",\"url\":\"https:\\\/\\\/www.eldiario.net\\\/portal\\\/2023\\\/06\\\/03\\\/bolivar-con-todo\\\/\",\"name\":\"Bol\u00edvar con todo - El Diario - Bolivia\",\"isPartOf\":{\"@id\":\"https:\\\/\\\/www.eldiario.net\\\/portal\\\/#website\"},\"primaryImageOfPage\":{\"@id\":\"https:\\\/\\\/www.eldiario.net\\\/portal\\\/2023\\\/06\\\/03\\\/bolivar-con-todo\\\/#primaryimage\"},\"image\":{\"@id\":\"https:\\\/\\\/www.eldiario.net\\\/portal\\\/2023\\\/06\\\/03\\\/bolivar-con-todo\\\/#primaryimage\"},\"thumbnailUrl\":\"https:\\\/\\\/www.eldiario.net\\\/portal\\\/wp-content\\\/uploads\\\/2023\\\/06\\\/FOTO-20-e1685789285465.jpg\",\"datePublished\":\"2023-06-03T10:48:20+00:00\",\"breadcrumb\":{\"@id\":\"https:\\\/\\\/www.eldiario.net\\\/portal\\\/2023\\\/06\\\/03\\\/bolivar-con-todo\\\/#breadcrumb\"},\"inLanguage\":\"es\",\"potentialAction\":[{\"@type\":\"ReadAction\",\"target\":[\"https:\\\/\\\/www.eldiario.net\\\/portal\\\/2023\\\/06\\\/03\\\/bolivar-con-todo\\\/\"]}]},{\"@type\":\"ImageObject\",\"inLanguage\":\"es\",\"@id\":\"https:\\\/\\\/www.eldiario.net\\\/portal\\\/2023\\\/06\\\/03\\\/bolivar-con-todo\\\/#primaryimage\",\"url\":\"https:\\\/\\\/www.eldiario.net\\\/portal\\\/wp-content\\\/uploads\\\/2023\\\/06\\\/FOTO-20-e1685789285465.jpg\",\"contentUrl\":\"https:\\\/\\\/www.eldiario.net\\\/portal\\\/wp-content\\\/uploads\\\/2023\\\/06\\\/FOTO-20-e1685789285465.jpg\",\"width\":999,\"height\":873},{\"@type\":\"BreadcrumbList\",\"@id\":\"https:\\\/\\\/www.eldiario.net\\\/portal\\\/2023\\\/06\\\/03\\\/bolivar-con-todo\\\/#breadcrumb\",\"itemListElement\":[{\"@type\":\"ListItem\",\"position\":1,\"name\":\"Portada\",\"item\":\"https:\\\/\\\/www.eldiario.net\\\/portal\\\/\"},{\"@type\":\"ListItem\",\"position\":2,\"name\":\"Bol\u00edvar con todo\"}]},{\"@type\":\"WebSite\",\"@id\":\"https:\\\/\\\/www.eldiario.net\\\/portal\\\/#website\",\"url\":\"https:\\\/\\\/www.eldiario.net\\\/portal\\\/\",\"name\":\"El Diario - Decano de la prensa nacional\",\"description\":\"El Diario - Decano de la prensa nacional\",\"publisher\":{\"@id\":\"https:\\\/\\\/www.eldiario.net\\\/portal\\\/#organization\"},\"potentialAction\":[{\"@type\":\"SearchAction\",\"target\":{\"@type\":\"EntryPoint\",\"urlTemplate\":\"https:\\\/\\\/www.eldiario.net\\\/portal\\\/?s={search_term_string}\"},\"query-input\":{\"@type\":\"PropertyValueSpecification\",\"valueRequired\":true,\"valueName\":\"search_term_string\"}}],\"inLanguage\":\"es\"},{\"@type\":\"Organization\",\"@id\":\"https:\\\/\\\/www.eldiario.net\\\/portal\\\/#organization\",\"name\":\"El Diario - Decano de la prensa nacional\",\"url\":\"https:\\\/\\\/www.eldiario.net\\\/portal\\\/\",\"logo\":{\"@type\":\"ImageObject\",\"inLanguage\":\"es\",\"@id\":\"https:\\\/\\\/www.eldiario.net\\\/portal\\\/#\\\/schema\\\/logo\\\/image\\\/\",\"url\":\"https:\\\/\\\/www.eldiario.net\\\/portal\\\/wp-content\\\/uploads\\\/2023\\\/07\\\/logo_ED.jpg\",\"contentUrl\":\"https:\\\/\\\/www.eldiario.net\\\/portal\\\/wp-content\\\/uploads\\\/2023\\\/07\\\/logo_ED.jpg\",\"width\":272,\"height\":52,\"caption\":\"El Diario - Decano de la prensa nacional\"},\"image\":{\"@id\":\"https:\\\/\\\/www.eldiario.net\\\/portal\\\/#\\\/schema\\\/logo\\\/image\\\/\"},\"sameAs\":[\"https:\\\/\\\/www.facebook.com\\\/eldiario.bolivia\\\/\",\"https:\\\/\\\/x.com\\\/eldiario_net\"]},{\"@type\":\"Person\",\"@id\":\"https:\\\/\\\/www.eldiario.net\\\/portal\\\/#\\\/schema\\\/person\\\/2c57cf2b7a7ae032e449e4c9b1019eac\",\"name\":\"Jeanette\",\"image\":{\"@type\":\"ImageObject\",\"inLanguage\":\"es\",\"@id\":\"https:\\\/\\\/secure.gravatar.com\\\/avatar\\\/3ea2118a5f7dad2b7138b1187a6b7ee55f160b9968b66013c3a3ef39dd7e5798?s=96&d=mm&r=g\",\"url\":\"https:\\\/\\\/secure.gravatar.com\\\/avatar\\\/3ea2118a5f7dad2b7138b1187a6b7ee55f160b9968b66013c3a3ef39dd7e5798?s=96&d=mm&r=g\",\"contentUrl\":\"https:\\\/\\\/secure.gravatar.com\\\/avatar\\\/3ea2118a5f7dad2b7138b1187a6b7ee55f160b9968b66013c3a3ef39dd7e5798?s=96&d=mm&r=g\",\"caption\":\"Jeanette\"},\"sameAs\":[\"https:\\\/\\\/www.eldiario.net\\\/portal\"],\"url\":\"https:\\\/\\\/www.eldiario.net\\\/portal\\\/author\\\/jeanette\\\/\"}]}<\/script>\n<!-- \/ Yoast SEO plugin. -->","yoast_head_json":{"title":"Bol\u00edvar con todo - El Diario - Bolivia","robots":{"index":"index","follow":"follow","max-snippet":"max-snippet:-1","max-image-preview":"max-image-preview:large","max-video-preview":"max-video-preview:-1"},"canonical":"https:\/\/www.eldiario.net\/portal\/2023\/06\/03\/bolivar-con-todo\/","og_locale":"es_ES","og_type":"article","og_title":"Bol\u00edvar con todo - El Diario - Bolivia","og_description":"&nbsp; Bol\u00edvar viaj\u00f3 ayer a Tarija para cumplir su compromiso frente a Real Tomayapu por la jornada 16 del torneo \u201cTodos contra todos\u201d. El principal objetivo de los celestes es conseguir los tres puntos antes del receso de al menos tres semanas que tendr\u00e1 el f\u00fatbol nacional boliviano. Durante los \u00faltimos meses, Bol\u00edvar no pudo [&hellip;]","og_url":"https:\/\/www.eldiario.net\/portal\/2023\/06\/03\/bolivar-con-todo\/","og_site_name":"El Diario - Bolivia","article_publisher":"https:\/\/www.facebook.com\/eldiario.bolivia\/","article_published_time":"2023-06-03T10:48:20+00:00","og_image":[{"width":999,"height":873,"url":"https:\/\/www.eldiario.net\/portal\/wp-content\/uploads\/2023\/06\/FOTO-20-e1685789285465.jpg","type":"image\/jpeg"}],"author":"Jeanette","twitter_card":"summary_large_image","twitter_creator":"@eldiario_net","twitter_site":"@eldiario_net","twitter_misc":{"Escrito por":"Jeanette","Tiempo de lectura":"3 minutos"},"schema":{"@context":"https:\/\/schema.org","@graph":[{"@type":"Article","@id":"https:\/\/www.eldiario.net\/portal\/2023\/06\/03\/bolivar-con-todo\/#article","isPartOf":{"@id":"https:\/\/www.eldiario.net\/portal\/2023\/06\/03\/bolivar-con-todo\/"},"author":{"name":"Jeanette","@id":"https:\/\/www.eldiario.net\/portal\/#\/schema\/person\/2c57cf2b7a7ae032e449e4c9b1019eac"},"headline":"Bol\u00edvar con todo","datePublished":"2023-06-03T10:48:20+00:00","mainEntityOfPage":{"@id":"https:\/\/www.eldiario.net\/portal\/2023\/06\/03\/bolivar-con-todo\/"},"wordCount":487,"publisher":{"@id":"https:\/\/www.eldiario.net\/portal\/#organization"},"image":{"@id":"https:\/\/www.eldiario.net\/portal\/2023\/06\/03\/bolivar-con-todo\/#primaryimage"},"thumbnailUrl":"https:\/\/www.eldiario.net\/portal\/wp-content\/uploads\/2023\/06\/FOTO-20-e1685789285465.jpg","articleSection":["Deportes"],"inLanguage":"es"},{"@type":"WebPage","@id":"https:\/\/www.eldiario.net\/portal\/2023\/06\/03\/bolivar-con-todo\/","url":"https:\/\/www.eldiario.net\/portal\/2023\/06\/03\/bolivar-con-todo\/","name":"Bol\u00edvar con todo - El Diario - Bolivia","isPartOf":{"@id":"https:\/\/www.eldiario.net\/portal\/#website"},"primaryImageOfPage":{"@id":"https:\/\/www.eldiario.net\/portal\/2023\/06\/03\/bolivar-con-todo\/#primaryimage"},"image":{"@id":"https:\/\/www.eldiario.net\/portal\/2023\/06\/03\/bolivar-con-todo\/#primaryimage"},"thumbnailUrl":"https:\/\/www.eldiario.net\/portal\/wp-content\/uploads\/2023\/06\/FOTO-20-e1685789285465.jpg","datePublished":"2023-06-03T10:48:20+00:00","breadcrumb":{"@id":"https:\/\/www.eldiario.net\/portal\/2023\/06\/03\/bolivar-con-todo\/#breadcrumb"},"inLanguage":"es","potentialAction":[{"@type":"ReadAction","target":["https:\/\/www.eldiario.net\/portal\/2023\/06\/03\/bolivar-con-todo\/"]}]},{"@type":"ImageObject","inLanguage":"es","@id":"https:\/\/www.eldiario.net\/portal\/2023\/06\/03\/bolivar-con-todo\/#primaryimage","url":"https:\/\/www.eldiario.net\/portal\/wp-content\/uploads\/2023\/06\/FOTO-20-e1685789285465.jpg","contentUrl":"https:\/\/www.eldiario.net\/portal\/wp-content\/uploads\/2023\/06\/FOTO-20-e1685789285465.jpg","width":999,"height":873},{"@type":"BreadcrumbList","@id":"https:\/\/www.eldiario.net\/portal\/2023\/06\/03\/bolivar-con-todo\/#breadcrumb","itemListElement":[{"@type":"ListItem","position":1,"name":"Portada","item":"https:\/\/www.eldiario.net\/portal\/"},{"@type":"ListItem","position":2,"name":"Bol\u00edvar con todo"}]},{"@type":"WebSite","@id":"https:\/\/www.eldiario.net\/portal\/#website","url":"https:\/\/www.eldiario.net\/portal\/","name":"El Diario - Decano de la prensa nacional","description":"El Diario - Decano de la prensa nacional","publisher":{"@id":"https:\/\/www.eldiario.net\/portal\/#organization"},"potentialAction":[{"@type":"SearchAction","target":{"@type":"EntryPoint","urlTemplate":"https:\/\/www.eldiario.net\/portal\/?s={search_term_string}"},"query-input":{"@type":"PropertyValueSpecification","valueRequired":true,"valueName":"search_term_string"}}],"inLanguage":"es"},{"@type":"Organization","@id":"https:\/\/www.eldiario.net\/portal\/#organization","name":"El Diario - Decano de la prensa nacional","url":"https:\/\/www.eldiario.net\/portal\/","logo":{"@type":"ImageObject","inLanguage":"es","@id":"https:\/\/www.eldiario.net\/portal\/#\/schema\/logo\/image\/","url":"https:\/\/www.eldiario.net\/portal\/wp-content\/uploads\/2023\/07\/logo_ED.jpg","contentUrl":"https:\/\/www.eldiario.net\/portal\/wp-content\/uploads\/2023\/07\/logo_ED.jpg","width":272,"height":52,"caption":"El Diario - Decano de la prensa nacional"},"image":{"@id":"https:\/\/www.eldiario.net\/portal\/#\/schema\/logo\/image\/"},"sameAs":["https:\/\/www.facebook.com\/eldiario.bolivia\/","https:\/\/x.com\/eldiario_net"]},{"@type":"Person","@id":"https:\/\/www.eldiario.net\/portal\/#\/schema\/person\/2c57cf2b7a7ae032e449e4c9b1019eac","name":"Jeanette","image":{"@type":"ImageObject","inLanguage":"es","@id":"https:\/\/secure.gravatar.com\/avatar\/3ea2118a5f7dad2b7138b1187a6b7ee55f160b9968b66013c3a3ef39dd7e5798?s=96&d=mm&r=g","url":"https:\/\/secure.gravatar.com\/avatar\/3ea2118a5f7dad2b7138b1187a6b7ee55f160b9968b66013c3a3ef39dd7e5798?s=96&d=mm&r=g","contentUrl":"https:\/\/secure.gravatar.com\/avatar\/3ea2118a5f7dad2b7138b1187a6b7ee55f160b9968b66013c3a3ef39dd7e5798?s=96&d=mm&r=g","caption":"Jeanette"},"sameAs":["https:\/\/www.eldiario.net\/portal"],"url":"https:\/\/www.eldiario.net\/portal\/author\/jeanette\/"}]}},"_links":{"self":[{"href":"https:\/\/www.eldiario.net\/portal\/wp-json\/wp\/v2\/posts\/157935","targetHints":{"allow":["GET"]}}],"collection":[{"href":"https:\/\/www.eldiario.net\/portal\/wp-json\/wp\/v2\/posts"}],"about":[{"href":"https:\/\/www.eldiario.net\/portal\/wp-json\/wp\/v2\/types\/post"}],"author":[{"embeddable":true,"href":"https:\/\/www.eldiario.net\/portal\/wp-json\/wp\/v2\/users\/1"}],"replies":[{"embeddable":true,"href":"https:\/\/www.eldiario.net\/portal\/wp-json\/wp\/v2\/comments?post=157935"}],"version-history":[{"count":0,"href":"https:\/\/www.eldiario.net\/portal\/wp-json\/wp\/v2\/posts\/157935\/revisions"}],"wp:featuredmedia":[{"embeddable":true,"href":"https:\/\/www.eldiario.net\/portal\/wp-json\/wp\/v2\/media\/157936"}],"wp:attachment":[{"href":"https:\/\/www.eldiario.net\/portal\/wp-json\/wp\/v2\/media?parent=157935"}],"wp:term":[{"taxonomy":"category","embeddable":true,"href":"https:\/\/www.eldiario.net\/portal\/wp-json\/wp\/v2\/categories?post=157935"},{"taxonomy":"post_tag","embeddable":true,"href":"https:\/\/www.eldiario.net\/portal\/wp-json\/wp\/v2\/tags?post=157935"}],"curies":[{"name":"wp","href":"https:\/\/api.w.org\/{rel}","templated":true}]}}