{"id":157799,"date":"2023-06-03T05:59:25","date_gmt":"2023-06-03T09:59:25","guid":{"rendered":"https:\/\/www.eldiario.net\/portal\/?p=157799"},"modified":"2023-06-03T05:59:25","modified_gmt":"2023-06-03T09:59:25","slug":"ejercito-neutraliza-a-50-presuntos-terroristas-tras-una-emboscada","status":"publish","type":"post","link":"https:\/\/www.eldiario.net\/portal\/2023\/06\/03\/ejercito-neutraliza-a-50-presuntos-terroristas-tras-una-emboscada\/","title":{"rendered":"Ej\u00e9rcito neutraliza a 50 presuntos  terroristas tras una emboscada"},"content":{"rendered":"<p>El Ej\u00e9rcito de Burkina Faso anunci\u00f3 la neutralizaci\u00f3n de 50 presuntos terroristas tras repeler una emboscada en los alrededores de la ciudad de Tibou, situada en la provincia de Loroum (norte), en medio del aumento de la inseguridad en esta zona del pa\u00eds durante los \u00faltimos a\u00f1os.<br \/>\nLas Fuerzas Armadas burkinesas se\u00f1alaron en un comunicado que el ataque fue lanzado por cerca de un centenar de terroristas contra unidades militares que escoltaban un convoy de v\u00edveres destinados a las poblaciones de Titao.<br \/>\nBurkina Faso, gobernado por una junta militar desde el golpe de Estado de enero de 2022 contra el entonces presidente, Roch Marc Christian Kabor\u00e9, experiment\u00f3 un aumento de la inseguridad desde 2015. La junta est\u00e1 ahora encabezada por Ibrahim Traor\u00e9, quien protagoniz\u00f3 en septiembre una asonada que fue considerada un golpe palaciego contra el hasta entonces l\u00edder, Paul-Henri Sandaogo Damiba.<br \/>\nLos continuos ataques en el pa\u00eds, obra tanto de la filial de Al Qaeda como de la de Estado Isl\u00e1mico en la regi\u00f3n, contribuyeron tambi\u00e9n a incrementar la violencia intercomunitaria e hizo que florezcan los grupos de autodefensa, a los que el Gobierno burkin\u00e9s sum\u00f3 a voluntarios. (Europa Press).<\/p>\n","protected":false},"excerpt":{"rendered":"<p>El Ej\u00e9rcito de Burkina Faso anunci\u00f3 la neutralizaci\u00f3n de 50 presuntos terroristas tras repeler una emboscada en los alrededores de la ciudad de Tibou, situada en la provincia de Loroum (norte), en medio del aumento de la inseguridad en esta zona del pa\u00eds durante los \u00faltimos a\u00f1os. Las Fuerzas Armadas burkinesas se\u00f1alaron en un comunicado [&hellip;]<\/p>\n","protected":false},"author":1,"featured_media":0,"comment_status":"closed","ping_status":"closed","sticky":false,"template":"","format":"standard","meta":{"_acf_changed":false,"footnotes":""},"categories":[3],"tags":[],"class_list":["post-157799","post","type-post","status-publish","format-standard","category-internacional"],"acf":{"antetitulo":""},"yoast_head":"<!-- This site is optimized with the Yoast SEO plugin v28.3 - https:\/\/yoast.com\/product\/yoast-seo-wordpress\/ -->\n<title>Ej\u00e9rcito neutraliza a 50 presuntos terroristas tras una emboscada - El Diario - Bolivia<\/title>\n<meta name=\"robots\" content=\"index, follow, max-snippet:-1, max-image-preview:large, max-video-preview:-1\" \/>\n<link rel=\"canonical\" href=\"https:\/\/www.eldiario.net\/portal\/2023\/06\/03\/ejercito-neutraliza-a-50-presuntos-terroristas-tras-una-emboscada\/\" \/>\n<meta property=\"og:locale\" content=\"es_ES\" \/>\n<meta property=\"og:type\" content=\"article\" \/>\n<meta property=\"og:title\" content=\"Ej\u00e9rcito neutraliza a 50 presuntos terroristas tras una emboscada - El Diario - Bolivia\" \/>\n<meta property=\"og:description\" content=\"El Ej\u00e9rcito de Burkina Faso anunci\u00f3 la neutralizaci\u00f3n de 50 presuntos terroristas tras repeler una emboscada en los alrededores de la ciudad de Tibou, situada en la provincia de Loroum (norte), en medio del aumento de la inseguridad en esta zona del pa\u00eds durante los \u00faltimos a\u00f1os. Las Fuerzas Armadas burkinesas se\u00f1alaron en un comunicado [&hellip;]\" \/>\n<meta property=\"og:url\" content=\"https:\/\/www.eldiario.net\/portal\/2023\/06\/03\/ejercito-neutraliza-a-50-presuntos-terroristas-tras-una-emboscada\/\" \/>\n<meta property=\"og:site_name\" content=\"El Diario - Bolivia\" \/>\n<meta property=\"article:publisher\" content=\"https:\/\/www.facebook.com\/eldiario.bolivia\/\" \/>\n<meta property=\"article:published_time\" content=\"2023-06-03T09:59:25+00:00\" \/>\n<meta name=\"author\" content=\"Jeanette\" \/>\n<meta name=\"twitter:card\" content=\"summary_large_image\" \/>\n<meta name=\"twitter:creator\" content=\"@eldiario_net\" \/>\n<meta name=\"twitter:site\" content=\"@eldiario_net\" \/>\n<meta name=\"twitter:label1\" content=\"Escrito por\" \/>\n\t<meta name=\"twitter:data1\" content=\"Jeanette\" \/>\n\t<meta name=\"twitter:label2\" content=\"Tiempo de lectura\" \/>\n\t<meta name=\"twitter:data2\" content=\"1 minuto\" \/>\n<script type=\"application\/ld+json\" class=\"yoast-schema-graph\">{\"@context\":\"https:\\\/\\\/schema.org\",\"@graph\":[{\"@type\":\"Article\",\"@id\":\"https:\\\/\\\/www.eldiario.net\\\/portal\\\/2023\\\/06\\\/03\\\/ejercito-neutraliza-a-50-presuntos-terroristas-tras-una-emboscada\\\/#article\",\"isPartOf\":{\"@id\":\"https:\\\/\\\/www.eldiario.net\\\/portal\\\/2023\\\/06\\\/03\\\/ejercito-neutraliza-a-50-presuntos-terroristas-tras-una-emboscada\\\/\"},\"author\":{\"name\":\"Jeanette\",\"@id\":\"https:\\\/\\\/www.eldiario.net\\\/portal\\\/#\\\/schema\\\/person\\\/f46445640444750d7d753ccd04ae01b7\"},\"headline\":\"Ej\u00e9rcito neutraliza a 50 presuntos terroristas tras una emboscada\",\"datePublished\":\"2023-06-03T09:59:25+00:00\",\"mainEntityOfPage\":{\"@id\":\"https:\\\/\\\/www.eldiario.net\\\/portal\\\/2023\\\/06\\\/03\\\/ejercito-neutraliza-a-50-presuntos-terroristas-tras-una-emboscada\\\/\"},\"wordCount\":209,\"publisher\":{\"@id\":\"https:\\\/\\\/www.eldiario.net\\\/portal\\\/#organization\"},\"articleSection\":[\"Internacional\"],\"inLanguage\":\"es\"},{\"@type\":\"WebPage\",\"@id\":\"https:\\\/\\\/www.eldiario.net\\\/portal\\\/2023\\\/06\\\/03\\\/ejercito-neutraliza-a-50-presuntos-terroristas-tras-una-emboscada\\\/\",\"url\":\"https:\\\/\\\/www.eldiario.net\\\/portal\\\/2023\\\/06\\\/03\\\/ejercito-neutraliza-a-50-presuntos-terroristas-tras-una-emboscada\\\/\",\"name\":\"Ej\u00e9rcito neutraliza a 50 presuntos terroristas tras una emboscada - El Diario - Bolivia\",\"isPartOf\":{\"@id\":\"https:\\\/\\\/www.eldiario.net\\\/portal\\\/#website\"},\"datePublished\":\"2023-06-03T09:59:25+00:00\",\"breadcrumb\":{\"@id\":\"https:\\\/\\\/www.eldiario.net\\\/portal\\\/2023\\\/06\\\/03\\\/ejercito-neutraliza-a-50-presuntos-terroristas-tras-una-emboscada\\\/#breadcrumb\"},\"inLanguage\":\"es\",\"potentialAction\":[{\"@type\":\"ReadAction\",\"target\":[\"https:\\\/\\\/www.eldiario.net\\\/portal\\\/2023\\\/06\\\/03\\\/ejercito-neutraliza-a-50-presuntos-terroristas-tras-una-emboscada\\\/\"]}]},{\"@type\":\"BreadcrumbList\",\"@id\":\"https:\\\/\\\/www.eldiario.net\\\/portal\\\/2023\\\/06\\\/03\\\/ejercito-neutraliza-a-50-presuntos-terroristas-tras-una-emboscada\\\/#breadcrumb\",\"itemListElement\":[{\"@type\":\"ListItem\",\"position\":1,\"name\":\"Portada\",\"item\":\"https:\\\/\\\/www.eldiario.net\\\/portal\\\/\"},{\"@type\":\"ListItem\",\"position\":2,\"name\":\"Ej\u00e9rcito neutraliza a 50 presuntos terroristas tras una emboscada\"}]},{\"@type\":\"WebSite\",\"@id\":\"https:\\\/\\\/www.eldiario.net\\\/portal\\\/#website\",\"url\":\"https:\\\/\\\/www.eldiario.net\\\/portal\\\/\",\"name\":\"El Diario - Decano de la prensa nacional\",\"description\":\"El Diario - Decano de la prensa nacional\",\"publisher\":{\"@id\":\"https:\\\/\\\/www.eldiario.net\\\/portal\\\/#organization\"},\"potentialAction\":[{\"@type\":\"SearchAction\",\"target\":{\"@type\":\"EntryPoint\",\"urlTemplate\":\"https:\\\/\\\/www.eldiario.net\\\/portal\\\/?s={search_term_string}\"},\"query-input\":{\"@type\":\"PropertyValueSpecification\",\"valueRequired\":true,\"valueName\":\"search_term_string\"}}],\"inLanguage\":\"es\"},{\"@type\":\"Organization\",\"@id\":\"https:\\\/\\\/www.eldiario.net\\\/portal\\\/#organization\",\"name\":\"El Diario - Decano de la prensa nacional\",\"url\":\"https:\\\/\\\/www.eldiario.net\\\/portal\\\/\",\"logo\":{\"@type\":\"ImageObject\",\"inLanguage\":\"es\",\"@id\":\"https:\\\/\\\/www.eldiario.net\\\/portal\\\/#\\\/schema\\\/logo\\\/image\\\/\",\"url\":\"https:\\\/\\\/www.eldiario.net\\\/portal\\\/wp-content\\\/uploads\\\/2023\\\/07\\\/logo_ED.jpg\",\"contentUrl\":\"https:\\\/\\\/www.eldiario.net\\\/portal\\\/wp-content\\\/uploads\\\/2023\\\/07\\\/logo_ED.jpg\",\"width\":272,\"height\":52,\"caption\":\"El Diario - Decano de la prensa nacional\"},\"image\":{\"@id\":\"https:\\\/\\\/www.eldiario.net\\\/portal\\\/#\\\/schema\\\/logo\\\/image\\\/\"},\"sameAs\":[\"https:\\\/\\\/www.facebook.com\\\/eldiario.bolivia\\\/\",\"https:\\\/\\\/x.com\\\/eldiario_net\"]},{\"@type\":\"Person\",\"@id\":\"https:\\\/\\\/www.eldiario.net\\\/portal\\\/#\\\/schema\\\/person\\\/f46445640444750d7d753ccd04ae01b7\",\"name\":\"Jeanette\",\"image\":{\"@type\":\"ImageObject\",\"inLanguage\":\"es\",\"@id\":\"https:\\\/\\\/secure.gravatar.com\\\/avatar\\\/3ea2118a5f7dad2b7138b1187a6b7ee55f160b9968b66013c3a3ef39dd7e5798?s=96&d=mm&r=g\",\"url\":\"https:\\\/\\\/secure.gravatar.com\\\/avatar\\\/3ea2118a5f7dad2b7138b1187a6b7ee55f160b9968b66013c3a3ef39dd7e5798?s=96&d=mm&r=g\",\"contentUrl\":\"https:\\\/\\\/secure.gravatar.com\\\/avatar\\\/3ea2118a5f7dad2b7138b1187a6b7ee55f160b9968b66013c3a3ef39dd7e5798?s=96&d=mm&r=g\",\"caption\":\"Jeanette\"},\"sameAs\":[\"https:\\\/\\\/www.eldiario.net\\\/portal\"],\"url\":\"https:\\\/\\\/www.eldiario.net\\\/portal\\\/author\\\/jeanette\\\/\"}]}<\/script>\n<!-- \/ Yoast SEO plugin. -->","yoast_head_json":{"title":"Ej\u00e9rcito neutraliza a 50 presuntos terroristas tras una emboscada - El Diario - Bolivia","robots":{"index":"index","follow":"follow","max-snippet":"max-snippet:-1","max-image-preview":"max-image-preview:large","max-video-preview":"max-video-preview:-1"},"canonical":"https:\/\/www.eldiario.net\/portal\/2023\/06\/03\/ejercito-neutraliza-a-50-presuntos-terroristas-tras-una-emboscada\/","og_locale":"es_ES","og_type":"article","og_title":"Ej\u00e9rcito neutraliza a 50 presuntos terroristas tras una emboscada - El Diario - Bolivia","og_description":"El Ej\u00e9rcito de Burkina Faso anunci\u00f3 la neutralizaci\u00f3n de 50 presuntos terroristas tras repeler una emboscada en los alrededores de la ciudad de Tibou, situada en la provincia de Loroum (norte), en medio del aumento de la inseguridad en esta zona del pa\u00eds durante los \u00faltimos a\u00f1os. Las Fuerzas Armadas burkinesas se\u00f1alaron en un comunicado [&hellip;]","og_url":"https:\/\/www.eldiario.net\/portal\/2023\/06\/03\/ejercito-neutraliza-a-50-presuntos-terroristas-tras-una-emboscada\/","og_site_name":"El Diario - Bolivia","article_publisher":"https:\/\/www.facebook.com\/eldiario.bolivia\/","article_published_time":"2023-06-03T09:59:25+00:00","author":"Jeanette","twitter_card":"summary_large_image","twitter_creator":"@eldiario_net","twitter_site":"@eldiario_net","twitter_misc":{"Escrito por":"Jeanette","Tiempo de lectura":"1 minuto"},"schema":{"@context":"https:\/\/schema.org","@graph":[{"@type":"Article","@id":"https:\/\/www.eldiario.net\/portal\/2023\/06\/03\/ejercito-neutraliza-a-50-presuntos-terroristas-tras-una-emboscada\/#article","isPartOf":{"@id":"https:\/\/www.eldiario.net\/portal\/2023\/06\/03\/ejercito-neutraliza-a-50-presuntos-terroristas-tras-una-emboscada\/"},"author":{"name":"Jeanette","@id":"https:\/\/www.eldiario.net\/portal\/#\/schema\/person\/f46445640444750d7d753ccd04ae01b7"},"headline":"Ej\u00e9rcito neutraliza a 50 presuntos terroristas tras una emboscada","datePublished":"2023-06-03T09:59:25+00:00","mainEntityOfPage":{"@id":"https:\/\/www.eldiario.net\/portal\/2023\/06\/03\/ejercito-neutraliza-a-50-presuntos-terroristas-tras-una-emboscada\/"},"wordCount":209,"publisher":{"@id":"https:\/\/www.eldiario.net\/portal\/#organization"},"articleSection":["Internacional"],"inLanguage":"es"},{"@type":"WebPage","@id":"https:\/\/www.eldiario.net\/portal\/2023\/06\/03\/ejercito-neutraliza-a-50-presuntos-terroristas-tras-una-emboscada\/","url":"https:\/\/www.eldiario.net\/portal\/2023\/06\/03\/ejercito-neutraliza-a-50-presuntos-terroristas-tras-una-emboscada\/","name":"Ej\u00e9rcito neutraliza a 50 presuntos terroristas tras una emboscada - El Diario - Bolivia","isPartOf":{"@id":"https:\/\/www.eldiario.net\/portal\/#website"},"datePublished":"2023-06-03T09:59:25+00:00","breadcrumb":{"@id":"https:\/\/www.eldiario.net\/portal\/2023\/06\/03\/ejercito-neutraliza-a-50-presuntos-terroristas-tras-una-emboscada\/#breadcrumb"},"inLanguage":"es","potentialAction":[{"@type":"ReadAction","target":["https:\/\/www.eldiario.net\/portal\/2023\/06\/03\/ejercito-neutraliza-a-50-presuntos-terroristas-tras-una-emboscada\/"]}]},{"@type":"BreadcrumbList","@id":"https:\/\/www.eldiario.net\/portal\/2023\/06\/03\/ejercito-neutraliza-a-50-presuntos-terroristas-tras-una-emboscada\/#breadcrumb","itemListElement":[{"@type":"ListItem","position":1,"name":"Portada","item":"https:\/\/www.eldiario.net\/portal\/"},{"@type":"ListItem","position":2,"name":"Ej\u00e9rcito neutraliza a 50 presuntos terroristas tras una emboscada"}]},{"@type":"WebSite","@id":"https:\/\/www.eldiario.net\/portal\/#website","url":"https:\/\/www.eldiario.net\/portal\/","name":"El Diario - Decano de la prensa nacional","description":"El Diario - Decano de la prensa nacional","publisher":{"@id":"https:\/\/www.eldiario.net\/portal\/#organization"},"potentialAction":[{"@type":"SearchAction","target":{"@type":"EntryPoint","urlTemplate":"https:\/\/www.eldiario.net\/portal\/?s={search_term_string}"},"query-input":{"@type":"PropertyValueSpecification","valueRequired":true,"valueName":"search_term_string"}}],"inLanguage":"es"},{"@type":"Organization","@id":"https:\/\/www.eldiario.net\/portal\/#organization","name":"El Diario - Decano de la prensa nacional","url":"https:\/\/www.eldiario.net\/portal\/","logo":{"@type":"ImageObject","inLanguage":"es","@id":"https:\/\/www.eldiario.net\/portal\/#\/schema\/logo\/image\/","url":"https:\/\/www.eldiario.net\/portal\/wp-content\/uploads\/2023\/07\/logo_ED.jpg","contentUrl":"https:\/\/www.eldiario.net\/portal\/wp-content\/uploads\/2023\/07\/logo_ED.jpg","width":272,"height":52,"caption":"El Diario - Decano de la prensa nacional"},"image":{"@id":"https:\/\/www.eldiario.net\/portal\/#\/schema\/logo\/image\/"},"sameAs":["https:\/\/www.facebook.com\/eldiario.bolivia\/","https:\/\/x.com\/eldiario_net"]},{"@type":"Person","@id":"https:\/\/www.eldiario.net\/portal\/#\/schema\/person\/f46445640444750d7d753ccd04ae01b7","name":"Jeanette","image":{"@type":"ImageObject","inLanguage":"es","@id":"https:\/\/secure.gravatar.com\/avatar\/3ea2118a5f7dad2b7138b1187a6b7ee55f160b9968b66013c3a3ef39dd7e5798?s=96&d=mm&r=g","url":"https:\/\/secure.gravatar.com\/avatar\/3ea2118a5f7dad2b7138b1187a6b7ee55f160b9968b66013c3a3ef39dd7e5798?s=96&d=mm&r=g","contentUrl":"https:\/\/secure.gravatar.com\/avatar\/3ea2118a5f7dad2b7138b1187a6b7ee55f160b9968b66013c3a3ef39dd7e5798?s=96&d=mm&r=g","caption":"Jeanette"},"sameAs":["https:\/\/www.eldiario.net\/portal"],"url":"https:\/\/www.eldiario.net\/portal\/author\/jeanette\/"}]}},"_links":{"self":[{"href":"https:\/\/www.eldiario.net\/portal\/wp-json\/wp\/v2\/posts\/157799","targetHints":{"allow":["GET"]}}],"collection":[{"href":"https:\/\/www.eldiario.net\/portal\/wp-json\/wp\/v2\/posts"}],"about":[{"href":"https:\/\/www.eldiario.net\/portal\/wp-json\/wp\/v2\/types\/post"}],"author":[{"embeddable":true,"href":"https:\/\/www.eldiario.net\/portal\/wp-json\/wp\/v2\/users\/1"}],"replies":[{"embeddable":true,"href":"https:\/\/www.eldiario.net\/portal\/wp-json\/wp\/v2\/comments?post=157799"}],"version-history":[{"count":0,"href":"https:\/\/www.eldiario.net\/portal\/wp-json\/wp\/v2\/posts\/157799\/revisions"}],"wp:attachment":[{"href":"https:\/\/www.eldiario.net\/portal\/wp-json\/wp\/v2\/media?parent=157799"}],"wp:term":[{"taxonomy":"category","embeddable":true,"href":"https:\/\/www.eldiario.net\/portal\/wp-json\/wp\/v2\/categories?post=157799"},{"taxonomy":"post_tag","embeddable":true,"href":"https:\/\/www.eldiario.net\/portal\/wp-json\/wp\/v2\/tags?post=157799"}],"curies":[{"name":"wp","href":"https:\/\/api.w.org\/{rel}","templated":true}]}}