{"id":157554,"date":"2023-06-01T06:19:22","date_gmt":"2023-06-01T10:19:22","guid":{"rendered":"https:\/\/www.eldiario.net\/portal\/?p=157554"},"modified":"2023-06-01T06:19:22","modified_gmt":"2023-06-01T10:19:22","slug":"espana-chile-y-argentina-incautan-droga-proveniente-de-bolivia","status":"publish","type":"post","link":"https:\/\/www.eldiario.net\/portal\/2023\/06\/01\/espana-chile-y-argentina-incautan-droga-proveniente-de-bolivia\/","title":{"rendered":"Espa\u00f1a, Chile y Argentina incautan  droga proveniente de Bolivia"},"content":{"rendered":"<p>En los \u00faltimos d\u00edas Espa\u00f1a report\u00f3 una incautaci\u00f3n proveniente de Bolivia de media tonelada de droga, en Chile las autoridades informaron que decomisaron la sustancia valuada en 10 millones de d\u00f3lares y en Argentina, en la frontera con nuestro pa\u00eds, 105 kilos de coca\u00edna, de acuerdo a reportes de prensa internacional.<\/p>\n<p>En los dos \u00faltimos d\u00edas, se inform\u00f3 el decomiso de droga proveniente de Bolivia, en el caso de Espa\u00f1a en el aeropuerto de Madrid, 478 kilos de coca\u00edna en la bodega de un vuelo procedente del pa\u00eds Sudamericano.<\/p>\n<p>La Agencia Tributaria de Espa\u00f1a inform\u00f3 a trav\u00e9s de un comunicado la intervenci\u00f3n se produjo el pasado febrero y la calific\u00f3 como una de las mayores en el aeropuerto Adolfo Su\u00e1rez-Madrid Barajas en los \u00faltimos a\u00f1os.<\/p>\n<p>De acuerdo a medios internacionales, la droga lleg\u00f3 empaquetada en doce bultos en un contenedor en la bodega de un avi\u00f3n procedente del aeropuerto internacional de Santa Cruz y que no habr\u00edan sido declarados en el momento del embarque.<\/p>\n<p>Entre tanto, el diario el Mercurio de Chile inform\u00f3 que el fiscal de Alta Complejidad y Crimen Organizado del Ministerio P\u00fablico de Chile, Ernesto Navarro, inform\u00f3 que durante el fin de semana se logr\u00f3 desbaratar una banda criminal compuesta por bolivianos y chilenos, que intentaba ingresar desde Bolivia, hacia la Regi\u00f3n Metropolitana de ese pa\u00eds, un cargamento de dos toneladas de droga, aproximadamente, valuada en 10 millones de d\u00f3lares.<\/p>\n<p>Resultado del operativo, en el que se secuestr\u00f3 principalmente clorhidrato de coca\u00edna, coca\u00edna base y cannabis, se aprehendi\u00f3 a cuatro personas en un domicilio de la ciudad de Santiago. Los detenidos ser\u00e1n procesados por tr\u00e1fico de drogas, lavado de activos y asociaci\u00f3n il\u00edcita, report\u00f3 El Mercurio.<\/p>\n<p>Mientras el portal boliviaprensa.com public\u00f3 que m\u00e1s de 105 kilos de coca\u00edna fueron incautados de un cami\u00f3n con una carga de bananas proveniente de Ecuador que se dirig\u00eda al Mercado Central de Buenos Aires e ingres\u00f3 a la provincia de Salta desde Bolivia.<\/p>\n<p>El procedimiento fue realizado en las \u00faltimas horas por agentes de la Direcci\u00f3n General de Aduanas en el Paso Internacional Salvador Mazza-Yacuiba, que comunica Salta con Bolivia.<\/p>\n<p>Seg\u00fan indicaron fuentes del organismo, exist\u00edan datos del ingreso de estupefacientes de origen ecuatoriano disimulado en cargamento de bananas, por lo que se incrementaron los controles en cuanto a la importaci\u00f3n de ese producto, se\u00f1ala el medio.<\/p>\n","protected":false},"excerpt":{"rendered":"<p>En los \u00faltimos d\u00edas Espa\u00f1a report\u00f3 una incautaci\u00f3n proveniente de Bolivia de media tonelada de droga, en Chile las autoridades informaron que decomisaron la sustancia valuada en 10 millones de d\u00f3lares y en Argentina, en la frontera con nuestro pa\u00eds, 105 kilos de coca\u00edna, de acuerdo a reportes de prensa internacional. En los dos \u00faltimos [&hellip;]<\/p>\n","protected":false},"author":1,"featured_media":157555,"comment_status":"closed","ping_status":"closed","sticky":false,"template":"","format":"standard","meta":{"_acf_changed":false,"footnotes":""},"categories":[39],"tags":[],"class_list":["post-157554","post","type-post","status-publish","format-standard","has-post-thumbnail","category-sociedad"],"acf":{"antetitulo":""},"yoast_head":"<!-- This site is optimized with the Yoast SEO plugin v28.3 - https:\/\/yoast.com\/product\/yoast-seo-wordpress\/ -->\n<title>Espa\u00f1a, Chile y Argentina incautan droga proveniente de Bolivia - El Diario - Bolivia<\/title>\n<meta name=\"robots\" content=\"index, follow, max-snippet:-1, max-image-preview:large, max-video-preview:-1\" \/>\n<link rel=\"canonical\" href=\"https:\/\/www.eldiario.net\/portal\/2023\/06\/01\/espana-chile-y-argentina-incautan-droga-proveniente-de-bolivia\/\" \/>\n<meta property=\"og:locale\" content=\"es_ES\" \/>\n<meta property=\"og:type\" content=\"article\" \/>\n<meta property=\"og:title\" content=\"Espa\u00f1a, Chile y Argentina incautan droga proveniente de Bolivia - El Diario - Bolivia\" \/>\n<meta property=\"og:description\" content=\"En los \u00faltimos d\u00edas Espa\u00f1a report\u00f3 una incautaci\u00f3n proveniente de Bolivia de media tonelada de droga, en Chile las autoridades informaron que decomisaron la sustancia valuada en 10 millones de d\u00f3lares y en Argentina, en la frontera con nuestro pa\u00eds, 105 kilos de coca\u00edna, de acuerdo a reportes de prensa internacional. En los dos \u00faltimos [&hellip;]\" \/>\n<meta property=\"og:url\" content=\"https:\/\/www.eldiario.net\/portal\/2023\/06\/01\/espana-chile-y-argentina-incautan-droga-proveniente-de-bolivia\/\" \/>\n<meta property=\"og:site_name\" content=\"El Diario - Bolivia\" \/>\n<meta property=\"article:publisher\" content=\"https:\/\/www.facebook.com\/eldiario.bolivia\/\" \/>\n<meta property=\"article:published_time\" content=\"2023-06-01T10:19:22+00:00\" \/>\n<meta property=\"og:image\" content=\"https:\/\/www.eldiario.net\/portal\/wp-content\/uploads\/2023\/06\/BOLIVIA-FOTO.jpg\" \/>\n\t<meta property=\"og:image:width\" content=\"730\" \/>\n\t<meta property=\"og:image:height\" content=\"498\" \/>\n\t<meta property=\"og:image:type\" content=\"image\/jpeg\" \/>\n<meta name=\"author\" content=\"Jeanette\" \/>\n<meta name=\"twitter:card\" content=\"summary_large_image\" \/>\n<meta name=\"twitter:creator\" content=\"@eldiario_net\" \/>\n<meta name=\"twitter:site\" content=\"@eldiario_net\" \/>\n<meta name=\"twitter:label1\" content=\"Escrito por\" \/>\n\t<meta name=\"twitter:data1\" content=\"Jeanette\" \/>\n\t<meta name=\"twitter:label2\" content=\"Tiempo de lectura\" \/>\n\t<meta name=\"twitter:data2\" content=\"2 minutos\" \/>\n<script type=\"application\/ld+json\" class=\"yoast-schema-graph\">{\"@context\":\"https:\\\/\\\/schema.org\",\"@graph\":[{\"@type\":\"Article\",\"@id\":\"https:\\\/\\\/www.eldiario.net\\\/portal\\\/2023\\\/06\\\/01\\\/espana-chile-y-argentina-incautan-droga-proveniente-de-bolivia\\\/#article\",\"isPartOf\":{\"@id\":\"https:\\\/\\\/www.eldiario.net\\\/portal\\\/2023\\\/06\\\/01\\\/espana-chile-y-argentina-incautan-droga-proveniente-de-bolivia\\\/\"},\"author\":{\"name\":\"Jeanette\",\"@id\":\"https:\\\/\\\/www.eldiario.net\\\/portal\\\/#\\\/schema\\\/person\\\/f46445640444750d7d753ccd04ae01b7\"},\"headline\":\"Espa\u00f1a, Chile y Argentina incautan droga proveniente de Bolivia\",\"datePublished\":\"2023-06-01T10:19:22+00:00\",\"mainEntityOfPage\":{\"@id\":\"https:\\\/\\\/www.eldiario.net\\\/portal\\\/2023\\\/06\\\/01\\\/espana-chile-y-argentina-incautan-droga-proveniente-de-bolivia\\\/\"},\"wordCount\":428,\"publisher\":{\"@id\":\"https:\\\/\\\/www.eldiario.net\\\/portal\\\/#organization\"},\"image\":{\"@id\":\"https:\\\/\\\/www.eldiario.net\\\/portal\\\/2023\\\/06\\\/01\\\/espana-chile-y-argentina-incautan-droga-proveniente-de-bolivia\\\/#primaryimage\"},\"thumbnailUrl\":\"https:\\\/\\\/www.eldiario.net\\\/portal\\\/wp-content\\\/uploads\\\/2023\\\/06\\\/BOLIVIA-FOTO.jpg\",\"articleSection\":[\"Sociedad - Seguridad\"],\"inLanguage\":\"es\"},{\"@type\":\"WebPage\",\"@id\":\"https:\\\/\\\/www.eldiario.net\\\/portal\\\/2023\\\/06\\\/01\\\/espana-chile-y-argentina-incautan-droga-proveniente-de-bolivia\\\/\",\"url\":\"https:\\\/\\\/www.eldiario.net\\\/portal\\\/2023\\\/06\\\/01\\\/espana-chile-y-argentina-incautan-droga-proveniente-de-bolivia\\\/\",\"name\":\"Espa\u00f1a, Chile y Argentina incautan droga proveniente de Bolivia - El Diario - Bolivia\",\"isPartOf\":{\"@id\":\"https:\\\/\\\/www.eldiario.net\\\/portal\\\/#website\"},\"primaryImageOfPage\":{\"@id\":\"https:\\\/\\\/www.eldiario.net\\\/portal\\\/2023\\\/06\\\/01\\\/espana-chile-y-argentina-incautan-droga-proveniente-de-bolivia\\\/#primaryimage\"},\"image\":{\"@id\":\"https:\\\/\\\/www.eldiario.net\\\/portal\\\/2023\\\/06\\\/01\\\/espana-chile-y-argentina-incautan-droga-proveniente-de-bolivia\\\/#primaryimage\"},\"thumbnailUrl\":\"https:\\\/\\\/www.eldiario.net\\\/portal\\\/wp-content\\\/uploads\\\/2023\\\/06\\\/BOLIVIA-FOTO.jpg\",\"datePublished\":\"2023-06-01T10:19:22+00:00\",\"breadcrumb\":{\"@id\":\"https:\\\/\\\/www.eldiario.net\\\/portal\\\/2023\\\/06\\\/01\\\/espana-chile-y-argentina-incautan-droga-proveniente-de-bolivia\\\/#breadcrumb\"},\"inLanguage\":\"es\",\"potentialAction\":[{\"@type\":\"ReadAction\",\"target\":[\"https:\\\/\\\/www.eldiario.net\\\/portal\\\/2023\\\/06\\\/01\\\/espana-chile-y-argentina-incautan-droga-proveniente-de-bolivia\\\/\"]}]},{\"@type\":\"ImageObject\",\"inLanguage\":\"es\",\"@id\":\"https:\\\/\\\/www.eldiario.net\\\/portal\\\/2023\\\/06\\\/01\\\/espana-chile-y-argentina-incautan-droga-proveniente-de-bolivia\\\/#primaryimage\",\"url\":\"https:\\\/\\\/www.eldiario.net\\\/portal\\\/wp-content\\\/uploads\\\/2023\\\/06\\\/BOLIVIA-FOTO.jpg\",\"contentUrl\":\"https:\\\/\\\/www.eldiario.net\\\/portal\\\/wp-content\\\/uploads\\\/2023\\\/06\\\/BOLIVIA-FOTO.jpg\",\"width\":730,\"height\":498,\"caption\":\"Droga camuflada en bananas. Foto: bolivaprensa.com\"},{\"@type\":\"BreadcrumbList\",\"@id\":\"https:\\\/\\\/www.eldiario.net\\\/portal\\\/2023\\\/06\\\/01\\\/espana-chile-y-argentina-incautan-droga-proveniente-de-bolivia\\\/#breadcrumb\",\"itemListElement\":[{\"@type\":\"ListItem\",\"position\":1,\"name\":\"Portada\",\"item\":\"https:\\\/\\\/www.eldiario.net\\\/portal\\\/\"},{\"@type\":\"ListItem\",\"position\":2,\"name\":\"Espa\u00f1a, Chile y Argentina incautan droga proveniente de Bolivia\"}]},{\"@type\":\"WebSite\",\"@id\":\"https:\\\/\\\/www.eldiario.net\\\/portal\\\/#website\",\"url\":\"https:\\\/\\\/www.eldiario.net\\\/portal\\\/\",\"name\":\"El Diario - Decano de la prensa nacional\",\"description\":\"El Diario - Decano de la prensa nacional\",\"publisher\":{\"@id\":\"https:\\\/\\\/www.eldiario.net\\\/portal\\\/#organization\"},\"potentialAction\":[{\"@type\":\"SearchAction\",\"target\":{\"@type\":\"EntryPoint\",\"urlTemplate\":\"https:\\\/\\\/www.eldiario.net\\\/portal\\\/?s={search_term_string}\"},\"query-input\":{\"@type\":\"PropertyValueSpecification\",\"valueRequired\":true,\"valueName\":\"search_term_string\"}}],\"inLanguage\":\"es\"},{\"@type\":\"Organization\",\"@id\":\"https:\\\/\\\/www.eldiario.net\\\/portal\\\/#organization\",\"name\":\"El Diario - Decano de la prensa nacional\",\"url\":\"https:\\\/\\\/www.eldiario.net\\\/portal\\\/\",\"logo\":{\"@type\":\"ImageObject\",\"inLanguage\":\"es\",\"@id\":\"https:\\\/\\\/www.eldiario.net\\\/portal\\\/#\\\/schema\\\/logo\\\/image\\\/\",\"url\":\"https:\\\/\\\/www.eldiario.net\\\/portal\\\/wp-content\\\/uploads\\\/2023\\\/07\\\/logo_ED.jpg\",\"contentUrl\":\"https:\\\/\\\/www.eldiario.net\\\/portal\\\/wp-content\\\/uploads\\\/2023\\\/07\\\/logo_ED.jpg\",\"width\":272,\"height\":52,\"caption\":\"El Diario - Decano de la prensa nacional\"},\"image\":{\"@id\":\"https:\\\/\\\/www.eldiario.net\\\/portal\\\/#\\\/schema\\\/logo\\\/image\\\/\"},\"sameAs\":[\"https:\\\/\\\/www.facebook.com\\\/eldiario.bolivia\\\/\",\"https:\\\/\\\/x.com\\\/eldiario_net\"]},{\"@type\":\"Person\",\"@id\":\"https:\\\/\\\/www.eldiario.net\\\/portal\\\/#\\\/schema\\\/person\\\/f46445640444750d7d753ccd04ae01b7\",\"name\":\"Jeanette\",\"image\":{\"@type\":\"ImageObject\",\"inLanguage\":\"es\",\"@id\":\"https:\\\/\\\/secure.gravatar.com\\\/avatar\\\/3ea2118a5f7dad2b7138b1187a6b7ee55f160b9968b66013c3a3ef39dd7e5798?s=96&d=mm&r=g\",\"url\":\"https:\\\/\\\/secure.gravatar.com\\\/avatar\\\/3ea2118a5f7dad2b7138b1187a6b7ee55f160b9968b66013c3a3ef39dd7e5798?s=96&d=mm&r=g\",\"contentUrl\":\"https:\\\/\\\/secure.gravatar.com\\\/avatar\\\/3ea2118a5f7dad2b7138b1187a6b7ee55f160b9968b66013c3a3ef39dd7e5798?s=96&d=mm&r=g\",\"caption\":\"Jeanette\"},\"sameAs\":[\"https:\\\/\\\/www.eldiario.net\\\/portal\"],\"url\":\"https:\\\/\\\/www.eldiario.net\\\/portal\\\/author\\\/jeanette\\\/\"}]}<\/script>\n<!-- \/ Yoast SEO plugin. -->","yoast_head_json":{"title":"Espa\u00f1a, Chile y Argentina incautan droga proveniente de Bolivia - El Diario - Bolivia","robots":{"index":"index","follow":"follow","max-snippet":"max-snippet:-1","max-image-preview":"max-image-preview:large","max-video-preview":"max-video-preview:-1"},"canonical":"https:\/\/www.eldiario.net\/portal\/2023\/06\/01\/espana-chile-y-argentina-incautan-droga-proveniente-de-bolivia\/","og_locale":"es_ES","og_type":"article","og_title":"Espa\u00f1a, Chile y Argentina incautan droga proveniente de Bolivia - El Diario - Bolivia","og_description":"En los \u00faltimos d\u00edas Espa\u00f1a report\u00f3 una incautaci\u00f3n proveniente de Bolivia de media tonelada de droga, en Chile las autoridades informaron que decomisaron la sustancia valuada en 10 millones de d\u00f3lares y en Argentina, en la frontera con nuestro pa\u00eds, 105 kilos de coca\u00edna, de acuerdo a reportes de prensa internacional. En los dos \u00faltimos [&hellip;]","og_url":"https:\/\/www.eldiario.net\/portal\/2023\/06\/01\/espana-chile-y-argentina-incautan-droga-proveniente-de-bolivia\/","og_site_name":"El Diario - Bolivia","article_publisher":"https:\/\/www.facebook.com\/eldiario.bolivia\/","article_published_time":"2023-06-01T10:19:22+00:00","og_image":[{"width":730,"height":498,"url":"https:\/\/www.eldiario.net\/portal\/wp-content\/uploads\/2023\/06\/BOLIVIA-FOTO.jpg","type":"image\/jpeg"}],"author":"Jeanette","twitter_card":"summary_large_image","twitter_creator":"@eldiario_net","twitter_site":"@eldiario_net","twitter_misc":{"Escrito por":"Jeanette","Tiempo de lectura":"2 minutos"},"schema":{"@context":"https:\/\/schema.org","@graph":[{"@type":"Article","@id":"https:\/\/www.eldiario.net\/portal\/2023\/06\/01\/espana-chile-y-argentina-incautan-droga-proveniente-de-bolivia\/#article","isPartOf":{"@id":"https:\/\/www.eldiario.net\/portal\/2023\/06\/01\/espana-chile-y-argentina-incautan-droga-proveniente-de-bolivia\/"},"author":{"name":"Jeanette","@id":"https:\/\/www.eldiario.net\/portal\/#\/schema\/person\/f46445640444750d7d753ccd04ae01b7"},"headline":"Espa\u00f1a, Chile y Argentina incautan droga proveniente de Bolivia","datePublished":"2023-06-01T10:19:22+00:00","mainEntityOfPage":{"@id":"https:\/\/www.eldiario.net\/portal\/2023\/06\/01\/espana-chile-y-argentina-incautan-droga-proveniente-de-bolivia\/"},"wordCount":428,"publisher":{"@id":"https:\/\/www.eldiario.net\/portal\/#organization"},"image":{"@id":"https:\/\/www.eldiario.net\/portal\/2023\/06\/01\/espana-chile-y-argentina-incautan-droga-proveniente-de-bolivia\/#primaryimage"},"thumbnailUrl":"https:\/\/www.eldiario.net\/portal\/wp-content\/uploads\/2023\/06\/BOLIVIA-FOTO.jpg","articleSection":["Sociedad - Seguridad"],"inLanguage":"es"},{"@type":"WebPage","@id":"https:\/\/www.eldiario.net\/portal\/2023\/06\/01\/espana-chile-y-argentina-incautan-droga-proveniente-de-bolivia\/","url":"https:\/\/www.eldiario.net\/portal\/2023\/06\/01\/espana-chile-y-argentina-incautan-droga-proveniente-de-bolivia\/","name":"Espa\u00f1a, Chile y Argentina incautan droga proveniente de Bolivia - El Diario - Bolivia","isPartOf":{"@id":"https:\/\/www.eldiario.net\/portal\/#website"},"primaryImageOfPage":{"@id":"https:\/\/www.eldiario.net\/portal\/2023\/06\/01\/espana-chile-y-argentina-incautan-droga-proveniente-de-bolivia\/#primaryimage"},"image":{"@id":"https:\/\/www.eldiario.net\/portal\/2023\/06\/01\/espana-chile-y-argentina-incautan-droga-proveniente-de-bolivia\/#primaryimage"},"thumbnailUrl":"https:\/\/www.eldiario.net\/portal\/wp-content\/uploads\/2023\/06\/BOLIVIA-FOTO.jpg","datePublished":"2023-06-01T10:19:22+00:00","breadcrumb":{"@id":"https:\/\/www.eldiario.net\/portal\/2023\/06\/01\/espana-chile-y-argentina-incautan-droga-proveniente-de-bolivia\/#breadcrumb"},"inLanguage":"es","potentialAction":[{"@type":"ReadAction","target":["https:\/\/www.eldiario.net\/portal\/2023\/06\/01\/espana-chile-y-argentina-incautan-droga-proveniente-de-bolivia\/"]}]},{"@type":"ImageObject","inLanguage":"es","@id":"https:\/\/www.eldiario.net\/portal\/2023\/06\/01\/espana-chile-y-argentina-incautan-droga-proveniente-de-bolivia\/#primaryimage","url":"https:\/\/www.eldiario.net\/portal\/wp-content\/uploads\/2023\/06\/BOLIVIA-FOTO.jpg","contentUrl":"https:\/\/www.eldiario.net\/portal\/wp-content\/uploads\/2023\/06\/BOLIVIA-FOTO.jpg","width":730,"height":498,"caption":"Droga camuflada en bananas. Foto: bolivaprensa.com"},{"@type":"BreadcrumbList","@id":"https:\/\/www.eldiario.net\/portal\/2023\/06\/01\/espana-chile-y-argentina-incautan-droga-proveniente-de-bolivia\/#breadcrumb","itemListElement":[{"@type":"ListItem","position":1,"name":"Portada","item":"https:\/\/www.eldiario.net\/portal\/"},{"@type":"ListItem","position":2,"name":"Espa\u00f1a, Chile y Argentina incautan droga proveniente de Bolivia"}]},{"@type":"WebSite","@id":"https:\/\/www.eldiario.net\/portal\/#website","url":"https:\/\/www.eldiario.net\/portal\/","name":"El Diario - Decano de la prensa nacional","description":"El Diario - Decano de la prensa nacional","publisher":{"@id":"https:\/\/www.eldiario.net\/portal\/#organization"},"potentialAction":[{"@type":"SearchAction","target":{"@type":"EntryPoint","urlTemplate":"https:\/\/www.eldiario.net\/portal\/?s={search_term_string}"},"query-input":{"@type":"PropertyValueSpecification","valueRequired":true,"valueName":"search_term_string"}}],"inLanguage":"es"},{"@type":"Organization","@id":"https:\/\/www.eldiario.net\/portal\/#organization","name":"El Diario - Decano de la prensa nacional","url":"https:\/\/www.eldiario.net\/portal\/","logo":{"@type":"ImageObject","inLanguage":"es","@id":"https:\/\/www.eldiario.net\/portal\/#\/schema\/logo\/image\/","url":"https:\/\/www.eldiario.net\/portal\/wp-content\/uploads\/2023\/07\/logo_ED.jpg","contentUrl":"https:\/\/www.eldiario.net\/portal\/wp-content\/uploads\/2023\/07\/logo_ED.jpg","width":272,"height":52,"caption":"El Diario - Decano de la prensa nacional"},"image":{"@id":"https:\/\/www.eldiario.net\/portal\/#\/schema\/logo\/image\/"},"sameAs":["https:\/\/www.facebook.com\/eldiario.bolivia\/","https:\/\/x.com\/eldiario_net"]},{"@type":"Person","@id":"https:\/\/www.eldiario.net\/portal\/#\/schema\/person\/f46445640444750d7d753ccd04ae01b7","name":"Jeanette","image":{"@type":"ImageObject","inLanguage":"es","@id":"https:\/\/secure.gravatar.com\/avatar\/3ea2118a5f7dad2b7138b1187a6b7ee55f160b9968b66013c3a3ef39dd7e5798?s=96&d=mm&r=g","url":"https:\/\/secure.gravatar.com\/avatar\/3ea2118a5f7dad2b7138b1187a6b7ee55f160b9968b66013c3a3ef39dd7e5798?s=96&d=mm&r=g","contentUrl":"https:\/\/secure.gravatar.com\/avatar\/3ea2118a5f7dad2b7138b1187a6b7ee55f160b9968b66013c3a3ef39dd7e5798?s=96&d=mm&r=g","caption":"Jeanette"},"sameAs":["https:\/\/www.eldiario.net\/portal"],"url":"https:\/\/www.eldiario.net\/portal\/author\/jeanette\/"}]}},"_links":{"self":[{"href":"https:\/\/www.eldiario.net\/portal\/wp-json\/wp\/v2\/posts\/157554","targetHints":{"allow":["GET"]}}],"collection":[{"href":"https:\/\/www.eldiario.net\/portal\/wp-json\/wp\/v2\/posts"}],"about":[{"href":"https:\/\/www.eldiario.net\/portal\/wp-json\/wp\/v2\/types\/post"}],"author":[{"embeddable":true,"href":"https:\/\/www.eldiario.net\/portal\/wp-json\/wp\/v2\/users\/1"}],"replies":[{"embeddable":true,"href":"https:\/\/www.eldiario.net\/portal\/wp-json\/wp\/v2\/comments?post=157554"}],"version-history":[{"count":0,"href":"https:\/\/www.eldiario.net\/portal\/wp-json\/wp\/v2\/posts\/157554\/revisions"}],"wp:featuredmedia":[{"embeddable":true,"href":"https:\/\/www.eldiario.net\/portal\/wp-json\/wp\/v2\/media\/157555"}],"wp:attachment":[{"href":"https:\/\/www.eldiario.net\/portal\/wp-json\/wp\/v2\/media?parent=157554"}],"wp:term":[{"taxonomy":"category","embeddable":true,"href":"https:\/\/www.eldiario.net\/portal\/wp-json\/wp\/v2\/categories?post=157554"},{"taxonomy":"post_tag","embeddable":true,"href":"https:\/\/www.eldiario.net\/portal\/wp-json\/wp\/v2\/tags?post=157554"}],"curies":[{"name":"wp","href":"https:\/\/api.w.org\/{rel}","templated":true}]}}