{"id":153983,"date":"2023-05-12T07:45:30","date_gmt":"2023-05-12T11:45:30","guid":{"rendered":"https:\/\/www.eldiario.net\/portal\/?p=153983"},"modified":"2023-05-12T07:45:30","modified_gmt":"2023-05-12T11:45:30","slug":"esperado-regreso-de-david-santalla-a-la-paz","status":"publish","type":"post","link":"https:\/\/www.eldiario.net\/portal\/2023\/05\/12\/esperado-regreso-de-david-santalla-a-la-paz\/","title":{"rendered":"Esperado regreso de David Santalla a La Paz"},"content":{"rendered":"<p>Santallazos regresa a La Paz para presentar dos de las mejores obras teatrales del maestro David Santalla en homenaje al D\u00eda de la Madre.<\/p>\n<p>Hablamos de \u201cLa cuarentena de la imilla\u201d y \u201cLos enredos de Don Enredoncio\u201d, obras que ser\u00e1n llevadas a escena este s\u00e1bado 13 y domingo 14 de mayo, en funciones de tanda, en el Teatro 16 de Julio.<\/p>\n<p>\u201cHe escogido las obras que tengan m\u00e1s humor para llegar al p\u00fablico, a grandes y chicos. La motivaci\u00f3n es el homenaje a las mam\u00e1s con motivo del D\u00eda de la Madre, entonces tienen que venir la familia con los chicos, porque son comedias para grandes y chicos\u201d, resalt\u00f3 el maestro Santalla, fundador y director de la compa\u00f1\u00eda teatral Santallazos.<\/p>\n<p>\u201cTenemos que homenajear a las mam\u00e1s llev\u00e1ndoles sonrisa, llev\u00e1ndoles alegr\u00eda y ganas de vivir. Mucha gente me pregunta c\u00f3mo se ha sanado usted y al final de la presentaci\u00f3n charlamos un poquito de eso con el p\u00fablico. La gente que ha visto el espect\u00e1culo qued\u00f3 muy contenta\u201d, dijo el experimentado comediante boliviano, al resaltar que se encuentra muy bien de salud. \u201cGracias a Dios, he tenido una reacci\u00f3n muy buena. Era, pues, dif\u00edcil readaptarse\u201d, cont\u00f3.<\/p>\n<p>\u201cLa cuarentena de la imilla\u201d es una comedia que habla de los l\u00edos que tiene la popular e irreverente imilla Salustiana. \u201cEs una obra con mucho humor. Entre chiste y chiste, se habla de realidades y las vicisitudes que hemos pasado durante la pandemia, todo eso, \u00bfno?\u201d, cont\u00f3 el director y actor boliviano.<\/p>\n<p>\u201cLos enredos de don Enredoncio, por su lado, es una obra protagonizada por Enredoncio, ese ya conocido personaje, que se opone a todo\u201d, mencion\u00f3.<\/p>\n<p>Las obras ya fueron estrenadas en varios lugares del interior del pa\u00eds y ahora es el turno de La Paz, ciudad sede de gobierno.<\/p>\n<p>Junto a David Santalla, estar\u00e1n en escena Mauricio S\u00e1nchez (Mausan), Melvy L\u00f3pez y Ren\u00e9 Flores.<\/p>\n<p>\u201cSon pocas oportunidades las que van a tener para ver estas obras porque despu\u00e9s ya las colgamos y vamos a presentar otras\u201d, anunci\u00f3 el actor.<\/p>\n<p>Las entradas ser\u00e1n vendidas desde hoy en el mismo Teatro 16 de Julio.<\/p>\n<p>M\u00e1s informaci\u00f3n mediante el n\u00famero de celular 77714889.<\/p>\n<p><img loading=\"lazy\" decoding=\"async\" class=\"aligncenter wp-image-153973 size-large\" src=\"https:\/\/www.eldiario.net\/portal\/wp-content\/uploads\/2023\/05\/david-santalla-2-768x1024.jpg\" alt=\"\" width=\"768\" height=\"1024\" \/><\/p>\n","protected":false},"excerpt":{"rendered":"<p>Santallazos regresa a La Paz para presentar dos de las mejores obras teatrales del maestro David Santalla en homenaje al D\u00eda de la Madre. Hablamos de \u201cLa cuarentena de la imilla\u201d y \u201cLos enredos de Don Enredoncio\u201d, obras que ser\u00e1n llevadas a escena este s\u00e1bado 13 y domingo 14 de mayo, en funciones de tanda, [&hellip;]<\/p>\n","protected":false},"author":2,"featured_media":153972,"comment_status":"closed","ping_status":"closed","sticky":false,"template":"","format":"standard","meta":{"_acf_changed":false,"footnotes":""},"categories":[41],"tags":[],"class_list":["post-153983","post","type-post","status-publish","format-standard","has-post-thumbnail","category-la-guia"],"acf":{"antetitulo":""},"yoast_head":"<!-- This site is optimized with the Yoast SEO plugin v28.4 - https:\/\/yoast.com\/product\/yoast-seo-wordpress\/ -->\n<title>Esperado regreso de David Santalla a La Paz - El Diario - Bolivia<\/title>\n<meta name=\"robots\" content=\"index, follow, max-snippet:-1, max-image-preview:large, max-video-preview:-1\" \/>\n<link rel=\"canonical\" href=\"https:\/\/www.eldiario.net\/portal\/2023\/05\/12\/esperado-regreso-de-david-santalla-a-la-paz\/\" \/>\n<meta property=\"og:locale\" content=\"es_ES\" \/>\n<meta property=\"og:type\" content=\"article\" \/>\n<meta property=\"og:title\" content=\"Esperado regreso de David Santalla a La Paz - El Diario - Bolivia\" \/>\n<meta property=\"og:description\" content=\"Santallazos regresa a La Paz para presentar dos de las mejores obras teatrales del maestro David Santalla en homenaje al D\u00eda de la Madre. Hablamos de \u201cLa cuarentena de la imilla\u201d y \u201cLos enredos de Don Enredoncio\u201d, obras que ser\u00e1n llevadas a escena este s\u00e1bado 13 y domingo 14 de mayo, en funciones de tanda, [&hellip;]\" \/>\n<meta property=\"og:url\" content=\"https:\/\/www.eldiario.net\/portal\/2023\/05\/12\/esperado-regreso-de-david-santalla-a-la-paz\/\" \/>\n<meta property=\"og:site_name\" content=\"El Diario - Bolivia\" \/>\n<meta property=\"article:publisher\" content=\"https:\/\/www.facebook.com\/eldiario.bolivia\/\" \/>\n<meta property=\"article:published_time\" content=\"2023-05-12T11:45:30+00:00\" \/>\n<meta name=\"author\" content=\"luis Camacho\" \/>\n<meta name=\"twitter:card\" content=\"summary_large_image\" \/>\n<meta name=\"twitter:creator\" content=\"@eldiario_net\" \/>\n<meta name=\"twitter:site\" content=\"@eldiario_net\" \/>\n<meta name=\"twitter:label1\" content=\"Escrito por\" \/>\n\t<meta name=\"twitter:data1\" content=\"luis Camacho\" \/>\n\t<meta name=\"twitter:label2\" content=\"Tiempo de lectura\" \/>\n\t<meta name=\"twitter:data2\" content=\"2 minutos\" \/>\n<script type=\"application\/ld+json\" class=\"yoast-schema-graph\">{\"@context\":\"https:\\\/\\\/schema.org\",\"@graph\":[{\"@type\":\"Article\",\"@id\":\"https:\\\/\\\/www.eldiario.net\\\/portal\\\/2023\\\/05\\\/12\\\/esperado-regreso-de-david-santalla-a-la-paz\\\/#article\",\"isPartOf\":{\"@id\":\"https:\\\/\\\/www.eldiario.net\\\/portal\\\/2023\\\/05\\\/12\\\/esperado-regreso-de-david-santalla-a-la-paz\\\/\"},\"author\":{\"name\":\"luis Camacho\",\"@id\":\"https:\\\/\\\/www.eldiario.net\\\/portal\\\/#\\\/schema\\\/person\\\/c1a5d38e458b10c8ebd62f4189b82bbc\"},\"headline\":\"Esperado regreso de David Santalla a La Paz\",\"datePublished\":\"2023-05-12T11:45:30+00:00\",\"mainEntityOfPage\":{\"@id\":\"https:\\\/\\\/www.eldiario.net\\\/portal\\\/2023\\\/05\\\/12\\\/esperado-regreso-de-david-santalla-a-la-paz\\\/\"},\"wordCount\":389,\"publisher\":{\"@id\":\"https:\\\/\\\/www.eldiario.net\\\/portal\\\/#organization\"},\"image\":{\"@id\":\"https:\\\/\\\/www.eldiario.net\\\/portal\\\/2023\\\/05\\\/12\\\/esperado-regreso-de-david-santalla-a-la-paz\\\/#primaryimage\"},\"thumbnailUrl\":\"\",\"articleSection\":[\"La Gu\u00eda\"],\"inLanguage\":\"es\"},{\"@type\":\"WebPage\",\"@id\":\"https:\\\/\\\/www.eldiario.net\\\/portal\\\/2023\\\/05\\\/12\\\/esperado-regreso-de-david-santalla-a-la-paz\\\/\",\"url\":\"https:\\\/\\\/www.eldiario.net\\\/portal\\\/2023\\\/05\\\/12\\\/esperado-regreso-de-david-santalla-a-la-paz\\\/\",\"name\":\"Esperado regreso de David Santalla a La Paz - El Diario - Bolivia\",\"isPartOf\":{\"@id\":\"https:\\\/\\\/www.eldiario.net\\\/portal\\\/#website\"},\"primaryImageOfPage\":{\"@id\":\"https:\\\/\\\/www.eldiario.net\\\/portal\\\/2023\\\/05\\\/12\\\/esperado-regreso-de-david-santalla-a-la-paz\\\/#primaryimage\"},\"image\":{\"@id\":\"https:\\\/\\\/www.eldiario.net\\\/portal\\\/2023\\\/05\\\/12\\\/esperado-regreso-de-david-santalla-a-la-paz\\\/#primaryimage\"},\"thumbnailUrl\":\"\",\"datePublished\":\"2023-05-12T11:45:30+00:00\",\"breadcrumb\":{\"@id\":\"https:\\\/\\\/www.eldiario.net\\\/portal\\\/2023\\\/05\\\/12\\\/esperado-regreso-de-david-santalla-a-la-paz\\\/#breadcrumb\"},\"inLanguage\":\"es\",\"potentialAction\":[{\"@type\":\"ReadAction\",\"target\":[\"https:\\\/\\\/www.eldiario.net\\\/portal\\\/2023\\\/05\\\/12\\\/esperado-regreso-de-david-santalla-a-la-paz\\\/\"]}]},{\"@type\":\"ImageObject\",\"inLanguage\":\"es\",\"@id\":\"https:\\\/\\\/www.eldiario.net\\\/portal\\\/2023\\\/05\\\/12\\\/esperado-regreso-de-david-santalla-a-la-paz\\\/#primaryimage\",\"url\":\"\",\"contentUrl\":\"\"},{\"@type\":\"BreadcrumbList\",\"@id\":\"https:\\\/\\\/www.eldiario.net\\\/portal\\\/2023\\\/05\\\/12\\\/esperado-regreso-de-david-santalla-a-la-paz\\\/#breadcrumb\",\"itemListElement\":[{\"@type\":\"ListItem\",\"position\":1,\"name\":\"Portada\",\"item\":\"https:\\\/\\\/www.eldiario.net\\\/portal\\\/\"},{\"@type\":\"ListItem\",\"position\":2,\"name\":\"Esperado regreso de David Santalla a La Paz\"}]},{\"@type\":\"WebSite\",\"@id\":\"https:\\\/\\\/www.eldiario.net\\\/portal\\\/#website\",\"url\":\"https:\\\/\\\/www.eldiario.net\\\/portal\\\/\",\"name\":\"El Diario - Decano de la prensa nacional\",\"description\":\"El Diario - Decano de la prensa nacional\",\"publisher\":{\"@id\":\"https:\\\/\\\/www.eldiario.net\\\/portal\\\/#organization\"},\"potentialAction\":[{\"@type\":\"SearchAction\",\"target\":{\"@type\":\"EntryPoint\",\"urlTemplate\":\"https:\\\/\\\/www.eldiario.net\\\/portal\\\/?s={search_term_string}\"},\"query-input\":{\"@type\":\"PropertyValueSpecification\",\"valueRequired\":true,\"valueName\":\"search_term_string\"}}],\"inLanguage\":\"es\"},{\"@type\":\"Organization\",\"@id\":\"https:\\\/\\\/www.eldiario.net\\\/portal\\\/#organization\",\"name\":\"El Diario - Decano de la prensa nacional\",\"url\":\"https:\\\/\\\/www.eldiario.net\\\/portal\\\/\",\"logo\":{\"@type\":\"ImageObject\",\"inLanguage\":\"es\",\"@id\":\"https:\\\/\\\/www.eldiario.net\\\/portal\\\/#\\\/schema\\\/logo\\\/image\\\/\",\"url\":\"https:\\\/\\\/www.eldiario.net\\\/portal\\\/wp-content\\\/uploads\\\/2023\\\/07\\\/logo_ED.jpg\",\"contentUrl\":\"https:\\\/\\\/www.eldiario.net\\\/portal\\\/wp-content\\\/uploads\\\/2023\\\/07\\\/logo_ED.jpg\",\"width\":272,\"height\":52,\"caption\":\"El Diario - Decano de la prensa nacional\"},\"image\":{\"@id\":\"https:\\\/\\\/www.eldiario.net\\\/portal\\\/#\\\/schema\\\/logo\\\/image\\\/\"},\"sameAs\":[\"https:\\\/\\\/www.facebook.com\\\/eldiario.bolivia\\\/\",\"https:\\\/\\\/x.com\\\/eldiario_net\"]},{\"@type\":\"Person\",\"@id\":\"https:\\\/\\\/www.eldiario.net\\\/portal\\\/#\\\/schema\\\/person\\\/c1a5d38e458b10c8ebd62f4189b82bbc\",\"name\":\"luis Camacho\",\"image\":{\"@type\":\"ImageObject\",\"inLanguage\":\"es\",\"@id\":\"https:\\\/\\\/secure.gravatar.com\\\/avatar\\\/69ecb836b3826d5a2501bf06ab2a2f2c8ab211cc846758f395df21684cb38313?s=96&d=mm&r=g\",\"url\":\"https:\\\/\\\/secure.gravatar.com\\\/avatar\\\/69ecb836b3826d5a2501bf06ab2a2f2c8ab211cc846758f395df21684cb38313?s=96&d=mm&r=g\",\"contentUrl\":\"https:\\\/\\\/secure.gravatar.com\\\/avatar\\\/69ecb836b3826d5a2501bf06ab2a2f2c8ab211cc846758f395df21684cb38313?s=96&d=mm&r=g\",\"caption\":\"luis Camacho\"},\"url\":\"https:\\\/\\\/www.eldiario.net\\\/portal\\\/author\\\/luis\\\/\"}]}<\/script>\n<!-- \/ Yoast SEO plugin. -->","yoast_head_json":{"title":"Esperado regreso de David Santalla a La Paz - El Diario - Bolivia","robots":{"index":"index","follow":"follow","max-snippet":"max-snippet:-1","max-image-preview":"max-image-preview:large","max-video-preview":"max-video-preview:-1"},"canonical":"https:\/\/www.eldiario.net\/portal\/2023\/05\/12\/esperado-regreso-de-david-santalla-a-la-paz\/","og_locale":"es_ES","og_type":"article","og_title":"Esperado regreso de David Santalla a La Paz - El Diario - Bolivia","og_description":"Santallazos regresa a La Paz para presentar dos de las mejores obras teatrales del maestro David Santalla en homenaje al D\u00eda de la Madre. Hablamos de \u201cLa cuarentena de la imilla\u201d y \u201cLos enredos de Don Enredoncio\u201d, obras que ser\u00e1n llevadas a escena este s\u00e1bado 13 y domingo 14 de mayo, en funciones de tanda, [&hellip;]","og_url":"https:\/\/www.eldiario.net\/portal\/2023\/05\/12\/esperado-regreso-de-david-santalla-a-la-paz\/","og_site_name":"El Diario - Bolivia","article_publisher":"https:\/\/www.facebook.com\/eldiario.bolivia\/","article_published_time":"2023-05-12T11:45:30+00:00","author":"luis Camacho","twitter_card":"summary_large_image","twitter_creator":"@eldiario_net","twitter_site":"@eldiario_net","twitter_misc":{"Escrito por":"luis Camacho","Tiempo de lectura":"2 minutos"},"schema":{"@context":"https:\/\/schema.org","@graph":[{"@type":"Article","@id":"https:\/\/www.eldiario.net\/portal\/2023\/05\/12\/esperado-regreso-de-david-santalla-a-la-paz\/#article","isPartOf":{"@id":"https:\/\/www.eldiario.net\/portal\/2023\/05\/12\/esperado-regreso-de-david-santalla-a-la-paz\/"},"author":{"name":"luis Camacho","@id":"https:\/\/www.eldiario.net\/portal\/#\/schema\/person\/c1a5d38e458b10c8ebd62f4189b82bbc"},"headline":"Esperado regreso de David Santalla a La Paz","datePublished":"2023-05-12T11:45:30+00:00","mainEntityOfPage":{"@id":"https:\/\/www.eldiario.net\/portal\/2023\/05\/12\/esperado-regreso-de-david-santalla-a-la-paz\/"},"wordCount":389,"publisher":{"@id":"https:\/\/www.eldiario.net\/portal\/#organization"},"image":{"@id":"https:\/\/www.eldiario.net\/portal\/2023\/05\/12\/esperado-regreso-de-david-santalla-a-la-paz\/#primaryimage"},"thumbnailUrl":"","articleSection":["La Gu\u00eda"],"inLanguage":"es"},{"@type":"WebPage","@id":"https:\/\/www.eldiario.net\/portal\/2023\/05\/12\/esperado-regreso-de-david-santalla-a-la-paz\/","url":"https:\/\/www.eldiario.net\/portal\/2023\/05\/12\/esperado-regreso-de-david-santalla-a-la-paz\/","name":"Esperado regreso de David Santalla a La Paz - El Diario - Bolivia","isPartOf":{"@id":"https:\/\/www.eldiario.net\/portal\/#website"},"primaryImageOfPage":{"@id":"https:\/\/www.eldiario.net\/portal\/2023\/05\/12\/esperado-regreso-de-david-santalla-a-la-paz\/#primaryimage"},"image":{"@id":"https:\/\/www.eldiario.net\/portal\/2023\/05\/12\/esperado-regreso-de-david-santalla-a-la-paz\/#primaryimage"},"thumbnailUrl":"","datePublished":"2023-05-12T11:45:30+00:00","breadcrumb":{"@id":"https:\/\/www.eldiario.net\/portal\/2023\/05\/12\/esperado-regreso-de-david-santalla-a-la-paz\/#breadcrumb"},"inLanguage":"es","potentialAction":[{"@type":"ReadAction","target":["https:\/\/www.eldiario.net\/portal\/2023\/05\/12\/esperado-regreso-de-david-santalla-a-la-paz\/"]}]},{"@type":"ImageObject","inLanguage":"es","@id":"https:\/\/www.eldiario.net\/portal\/2023\/05\/12\/esperado-regreso-de-david-santalla-a-la-paz\/#primaryimage","url":"","contentUrl":""},{"@type":"BreadcrumbList","@id":"https:\/\/www.eldiario.net\/portal\/2023\/05\/12\/esperado-regreso-de-david-santalla-a-la-paz\/#breadcrumb","itemListElement":[{"@type":"ListItem","position":1,"name":"Portada","item":"https:\/\/www.eldiario.net\/portal\/"},{"@type":"ListItem","position":2,"name":"Esperado regreso de David Santalla a La Paz"}]},{"@type":"WebSite","@id":"https:\/\/www.eldiario.net\/portal\/#website","url":"https:\/\/www.eldiario.net\/portal\/","name":"El Diario - Decano de la prensa nacional","description":"El Diario - Decano de la prensa nacional","publisher":{"@id":"https:\/\/www.eldiario.net\/portal\/#organization"},"potentialAction":[{"@type":"SearchAction","target":{"@type":"EntryPoint","urlTemplate":"https:\/\/www.eldiario.net\/portal\/?s={search_term_string}"},"query-input":{"@type":"PropertyValueSpecification","valueRequired":true,"valueName":"search_term_string"}}],"inLanguage":"es"},{"@type":"Organization","@id":"https:\/\/www.eldiario.net\/portal\/#organization","name":"El Diario - Decano de la prensa nacional","url":"https:\/\/www.eldiario.net\/portal\/","logo":{"@type":"ImageObject","inLanguage":"es","@id":"https:\/\/www.eldiario.net\/portal\/#\/schema\/logo\/image\/","url":"https:\/\/www.eldiario.net\/portal\/wp-content\/uploads\/2023\/07\/logo_ED.jpg","contentUrl":"https:\/\/www.eldiario.net\/portal\/wp-content\/uploads\/2023\/07\/logo_ED.jpg","width":272,"height":52,"caption":"El Diario - Decano de la prensa nacional"},"image":{"@id":"https:\/\/www.eldiario.net\/portal\/#\/schema\/logo\/image\/"},"sameAs":["https:\/\/www.facebook.com\/eldiario.bolivia\/","https:\/\/x.com\/eldiario_net"]},{"@type":"Person","@id":"https:\/\/www.eldiario.net\/portal\/#\/schema\/person\/c1a5d38e458b10c8ebd62f4189b82bbc","name":"luis Camacho","image":{"@type":"ImageObject","inLanguage":"es","@id":"https:\/\/secure.gravatar.com\/avatar\/69ecb836b3826d5a2501bf06ab2a2f2c8ab211cc846758f395df21684cb38313?s=96&d=mm&r=g","url":"https:\/\/secure.gravatar.com\/avatar\/69ecb836b3826d5a2501bf06ab2a2f2c8ab211cc846758f395df21684cb38313?s=96&d=mm&r=g","contentUrl":"https:\/\/secure.gravatar.com\/avatar\/69ecb836b3826d5a2501bf06ab2a2f2c8ab211cc846758f395df21684cb38313?s=96&d=mm&r=g","caption":"luis Camacho"},"url":"https:\/\/www.eldiario.net\/portal\/author\/luis\/"}]}},"_links":{"self":[{"href":"https:\/\/www.eldiario.net\/portal\/wp-json\/wp\/v2\/posts\/153983","targetHints":{"allow":["GET"]}}],"collection":[{"href":"https:\/\/www.eldiario.net\/portal\/wp-json\/wp\/v2\/posts"}],"about":[{"href":"https:\/\/www.eldiario.net\/portal\/wp-json\/wp\/v2\/types\/post"}],"author":[{"embeddable":true,"href":"https:\/\/www.eldiario.net\/portal\/wp-json\/wp\/v2\/users\/2"}],"replies":[{"embeddable":true,"href":"https:\/\/www.eldiario.net\/portal\/wp-json\/wp\/v2\/comments?post=153983"}],"version-history":[{"count":0,"href":"https:\/\/www.eldiario.net\/portal\/wp-json\/wp\/v2\/posts\/153983\/revisions"}],"wp:attachment":[{"href":"https:\/\/www.eldiario.net\/portal\/wp-json\/wp\/v2\/media?parent=153983"}],"wp:term":[{"taxonomy":"category","embeddable":true,"href":"https:\/\/www.eldiario.net\/portal\/wp-json\/wp\/v2\/categories?post=153983"},{"taxonomy":"post_tag","embeddable":true,"href":"https:\/\/www.eldiario.net\/portal\/wp-json\/wp\/v2\/tags?post=153983"}],"curies":[{"name":"wp","href":"https:\/\/api.w.org\/{rel}","templated":true}]}}