{"id":153961,"date":"2023-05-12T07:02:23","date_gmt":"2023-05-12T11:02:23","guid":{"rendered":"https:\/\/www.eldiario.net\/portal\/?p=153961"},"modified":"2023-05-12T07:02:23","modified_gmt":"2023-05-12T11:02:23","slug":"fundaciones-alalay-y-real-madrid-en-alianza-con-el-banco-mercantil-santa-cruz-y-tigo-celebraron-10-anos-de-alianza","status":"publish","type":"post","link":"https:\/\/www.eldiario.net\/portal\/2023\/05\/12\/fundaciones-alalay-y-real-madrid-en-alianza-con-el-banco-mercantil-santa-cruz-y-tigo-celebraron-10-anos-de-alianza\/","title":{"rendered":"Fundaciones Alalay y Real Madrid en alianza con el Banco Mercantil Santa Cruz y Tigo celebraron 10 a\u00f1os de alianza"},"content":{"rendered":"<p>La Fundaci\u00f3n Alalay y Fundaci\u00f3n Real Madrid en alianza con el Banco Mercantil Santa Cruz (BMSC) y Tigo celebraron 10 a\u00f1os de Convenio de trabajo conjunto en favor de m\u00e1s de 1.200 ni\u00f1os, ni\u00f1as y adolescentes en situaci\u00f3n de alto riesgo en Bolivia.<br \/>\nLa reuni\u00f3n, efectuada en el C\u00edrculo de la Uni\u00f3n, cont\u00f3 con la presencia del director para Am\u00e9rica Latina de la Fundaci\u00f3n Real Madrid, Mateo Figueroa Tob\u00f3n, entre otros invitados como el embajador de Espa\u00f1a, Javier Gass\u00f3; el representante de la CAF Banco de Desarrollo de Am\u00e9rica Latina, Florencio Fern\u00e1ndez; el alcalde de La Paz, Iv\u00e1n Arias, y el secretario Ejecutivo del Gobierno Municipal de La Paz, Jos\u00e9 Carlos Campero.<br \/>\nPor parte de Alalay, la Fundaci\u00f3n anfitriona, participaron la directora Ejecutiva, Claudia Gonzales, y el director de Relaciones Internacionales, Gonzalo Torrico.<br \/>\nEn la ocasi\u00f3n se difundi\u00f3 el trabajo que realiza la Fundaci\u00f3n Alalay en alianza con la Fundaci\u00f3n Real Madrid, con el apoyo del BMSC y Tigo.<\/p>\n\n","protected":false},"excerpt":{"rendered":"<p>La Fundaci\u00f3n Alalay y Fundaci\u00f3n Real Madrid en alianza con el Banco Mercantil Santa Cruz (BMSC) y Tigo celebraron 10 a\u00f1os de Convenio de trabajo conjunto en favor de m\u00e1s de 1.200 ni\u00f1os, ni\u00f1as y adolescentes en situaci\u00f3n de alto riesgo en Bolivia. La reuni\u00f3n, efectuada en el C\u00edrculo de la Uni\u00f3n, cont\u00f3 con la [&hellip;]<\/p>\n","protected":false},"author":1,"featured_media":153963,"comment_status":"closed","ping_status":"closed","sticky":false,"template":"","format":"standard","meta":{"_acf_changed":false,"footnotes":""},"categories":[40],"tags":[],"class_list":["post-153961","post","type-post","status-publish","format-standard","has-post-thumbnail","category-sociales"],"acf":{"antetitulo":""},"yoast_head":"<!-- This site is optimized with the Yoast SEO plugin v28.4 - https:\/\/yoast.com\/product\/yoast-seo-wordpress\/ -->\n<title>Fundaciones Alalay y Real Madrid en alianza con el Banco Mercantil Santa Cruz y Tigo celebraron 10 a\u00f1os de alianza - El Diario - Bolivia<\/title>\n<meta name=\"robots\" content=\"index, follow, max-snippet:-1, max-image-preview:large, max-video-preview:-1\" \/>\n<link rel=\"canonical\" href=\"https:\/\/www.eldiario.net\/portal\/2023\/05\/12\/fundaciones-alalay-y-real-madrid-en-alianza-con-el-banco-mercantil-santa-cruz-y-tigo-celebraron-10-anos-de-alianza\/\" \/>\n<meta property=\"og:locale\" content=\"es_ES\" \/>\n<meta property=\"og:type\" content=\"article\" \/>\n<meta property=\"og:title\" content=\"Fundaciones Alalay y Real Madrid en alianza con el Banco Mercantil Santa Cruz y Tigo celebraron 10 a\u00f1os de alianza - El Diario - Bolivia\" \/>\n<meta property=\"og:description\" content=\"La Fundaci\u00f3n Alalay y Fundaci\u00f3n Real Madrid en alianza con el Banco Mercantil Santa Cruz (BMSC) y Tigo celebraron 10 a\u00f1os de Convenio de trabajo conjunto en favor de m\u00e1s de 1.200 ni\u00f1os, ni\u00f1as y adolescentes en situaci\u00f3n de alto riesgo en Bolivia. La reuni\u00f3n, efectuada en el C\u00edrculo de la Uni\u00f3n, cont\u00f3 con la [&hellip;]\" \/>\n<meta property=\"og:url\" content=\"https:\/\/www.eldiario.net\/portal\/2023\/05\/12\/fundaciones-alalay-y-real-madrid-en-alianza-con-el-banco-mercantil-santa-cruz-y-tigo-celebraron-10-anos-de-alianza\/\" \/>\n<meta property=\"og:site_name\" content=\"El Diario - Bolivia\" \/>\n<meta property=\"article:publisher\" content=\"https:\/\/www.facebook.com\/eldiario.bolivia\/\" \/>\n<meta property=\"article:published_time\" content=\"2023-05-12T11:02:23+00:00\" \/>\n<meta name=\"author\" content=\"Jeanette\" \/>\n<meta name=\"twitter:card\" content=\"summary_large_image\" \/>\n<meta name=\"twitter:creator\" content=\"@eldiario_net\" \/>\n<meta name=\"twitter:site\" content=\"@eldiario_net\" \/>\n<meta name=\"twitter:label1\" content=\"Escrito por\" \/>\n\t<meta name=\"twitter:data1\" content=\"Jeanette\" \/>\n\t<meta name=\"twitter:label2\" content=\"Tiempo de lectura\" \/>\n\t<meta name=\"twitter:data2\" content=\"1 minuto\" \/>\n<script type=\"application\/ld+json\" class=\"yoast-schema-graph\">{\"@context\":\"https:\\\/\\\/schema.org\",\"@graph\":[{\"@type\":\"Article\",\"@id\":\"https:\\\/\\\/www.eldiario.net\\\/portal\\\/2023\\\/05\\\/12\\\/fundaciones-alalay-y-real-madrid-en-alianza-con-el-banco-mercantil-santa-cruz-y-tigo-celebraron-10-anos-de-alianza\\\/#article\",\"isPartOf\":{\"@id\":\"https:\\\/\\\/www.eldiario.net\\\/portal\\\/2023\\\/05\\\/12\\\/fundaciones-alalay-y-real-madrid-en-alianza-con-el-banco-mercantil-santa-cruz-y-tigo-celebraron-10-anos-de-alianza\\\/\"},\"author\":{\"name\":\"Jeanette\",\"@id\":\"https:\\\/\\\/www.eldiario.net\\\/portal\\\/#\\\/schema\\\/person\\\/2c57cf2b7a7ae032e449e4c9b1019eac\"},\"headline\":\"Fundaciones Alalay y Real Madrid en alianza con el Banco Mercantil Santa Cruz y Tigo celebraron 10 a\u00f1os de alianza\",\"datePublished\":\"2023-05-12T11:02:23+00:00\",\"mainEntityOfPage\":{\"@id\":\"https:\\\/\\\/www.eldiario.net\\\/portal\\\/2023\\\/05\\\/12\\\/fundaciones-alalay-y-real-madrid-en-alianza-con-el-banco-mercantil-santa-cruz-y-tigo-celebraron-10-anos-de-alianza\\\/\"},\"wordCount\":202,\"publisher\":{\"@id\":\"https:\\\/\\\/www.eldiario.net\\\/portal\\\/#organization\"},\"image\":{\"@id\":\"https:\\\/\\\/www.eldiario.net\\\/portal\\\/2023\\\/05\\\/12\\\/fundaciones-alalay-y-real-madrid-en-alianza-con-el-banco-mercantil-santa-cruz-y-tigo-celebraron-10-anos-de-alianza\\\/#primaryimage\"},\"thumbnailUrl\":\"\",\"articleSection\":[\"Sociales\"],\"inLanguage\":\"es\"},{\"@type\":\"WebPage\",\"@id\":\"https:\\\/\\\/www.eldiario.net\\\/portal\\\/2023\\\/05\\\/12\\\/fundaciones-alalay-y-real-madrid-en-alianza-con-el-banco-mercantil-santa-cruz-y-tigo-celebraron-10-anos-de-alianza\\\/\",\"url\":\"https:\\\/\\\/www.eldiario.net\\\/portal\\\/2023\\\/05\\\/12\\\/fundaciones-alalay-y-real-madrid-en-alianza-con-el-banco-mercantil-santa-cruz-y-tigo-celebraron-10-anos-de-alianza\\\/\",\"name\":\"Fundaciones Alalay y Real Madrid en alianza con el Banco Mercantil Santa Cruz y Tigo celebraron 10 a\u00f1os de alianza - El Diario - Bolivia\",\"isPartOf\":{\"@id\":\"https:\\\/\\\/www.eldiario.net\\\/portal\\\/#website\"},\"primaryImageOfPage\":{\"@id\":\"https:\\\/\\\/www.eldiario.net\\\/portal\\\/2023\\\/05\\\/12\\\/fundaciones-alalay-y-real-madrid-en-alianza-con-el-banco-mercantil-santa-cruz-y-tigo-celebraron-10-anos-de-alianza\\\/#primaryimage\"},\"image\":{\"@id\":\"https:\\\/\\\/www.eldiario.net\\\/portal\\\/2023\\\/05\\\/12\\\/fundaciones-alalay-y-real-madrid-en-alianza-con-el-banco-mercantil-santa-cruz-y-tigo-celebraron-10-anos-de-alianza\\\/#primaryimage\"},\"thumbnailUrl\":\"\",\"datePublished\":\"2023-05-12T11:02:23+00:00\",\"breadcrumb\":{\"@id\":\"https:\\\/\\\/www.eldiario.net\\\/portal\\\/2023\\\/05\\\/12\\\/fundaciones-alalay-y-real-madrid-en-alianza-con-el-banco-mercantil-santa-cruz-y-tigo-celebraron-10-anos-de-alianza\\\/#breadcrumb\"},\"inLanguage\":\"es\",\"potentialAction\":[{\"@type\":\"ReadAction\",\"target\":[\"https:\\\/\\\/www.eldiario.net\\\/portal\\\/2023\\\/05\\\/12\\\/fundaciones-alalay-y-real-madrid-en-alianza-con-el-banco-mercantil-santa-cruz-y-tigo-celebraron-10-anos-de-alianza\\\/\"]}]},{\"@type\":\"ImageObject\",\"inLanguage\":\"es\",\"@id\":\"https:\\\/\\\/www.eldiario.net\\\/portal\\\/2023\\\/05\\\/12\\\/fundaciones-alalay-y-real-madrid-en-alianza-con-el-banco-mercantil-santa-cruz-y-tigo-celebraron-10-anos-de-alianza\\\/#primaryimage\",\"url\":\"\",\"contentUrl\":\"\"},{\"@type\":\"BreadcrumbList\",\"@id\":\"https:\\\/\\\/www.eldiario.net\\\/portal\\\/2023\\\/05\\\/12\\\/fundaciones-alalay-y-real-madrid-en-alianza-con-el-banco-mercantil-santa-cruz-y-tigo-celebraron-10-anos-de-alianza\\\/#breadcrumb\",\"itemListElement\":[{\"@type\":\"ListItem\",\"position\":1,\"name\":\"Portada\",\"item\":\"https:\\\/\\\/www.eldiario.net\\\/portal\\\/\"},{\"@type\":\"ListItem\",\"position\":2,\"name\":\"Fundaciones Alalay y Real Madrid en alianza con el Banco Mercantil Santa Cruz y Tigo celebraron 10 a\u00f1os de alianza\"}]},{\"@type\":\"WebSite\",\"@id\":\"https:\\\/\\\/www.eldiario.net\\\/portal\\\/#website\",\"url\":\"https:\\\/\\\/www.eldiario.net\\\/portal\\\/\",\"name\":\"El Diario - Decano de la prensa nacional\",\"description\":\"El Diario - Decano de la prensa nacional\",\"publisher\":{\"@id\":\"https:\\\/\\\/www.eldiario.net\\\/portal\\\/#organization\"},\"potentialAction\":[{\"@type\":\"SearchAction\",\"target\":{\"@type\":\"EntryPoint\",\"urlTemplate\":\"https:\\\/\\\/www.eldiario.net\\\/portal\\\/?s={search_term_string}\"},\"query-input\":{\"@type\":\"PropertyValueSpecification\",\"valueRequired\":true,\"valueName\":\"search_term_string\"}}],\"inLanguage\":\"es\"},{\"@type\":\"Organization\",\"@id\":\"https:\\\/\\\/www.eldiario.net\\\/portal\\\/#organization\",\"name\":\"El Diario - Decano de la prensa nacional\",\"url\":\"https:\\\/\\\/www.eldiario.net\\\/portal\\\/\",\"logo\":{\"@type\":\"ImageObject\",\"inLanguage\":\"es\",\"@id\":\"https:\\\/\\\/www.eldiario.net\\\/portal\\\/#\\\/schema\\\/logo\\\/image\\\/\",\"url\":\"https:\\\/\\\/www.eldiario.net\\\/portal\\\/wp-content\\\/uploads\\\/2023\\\/07\\\/logo_ED.jpg\",\"contentUrl\":\"https:\\\/\\\/www.eldiario.net\\\/portal\\\/wp-content\\\/uploads\\\/2023\\\/07\\\/logo_ED.jpg\",\"width\":272,\"height\":52,\"caption\":\"El Diario - Decano de la prensa nacional\"},\"image\":{\"@id\":\"https:\\\/\\\/www.eldiario.net\\\/portal\\\/#\\\/schema\\\/logo\\\/image\\\/\"},\"sameAs\":[\"https:\\\/\\\/www.facebook.com\\\/eldiario.bolivia\\\/\",\"https:\\\/\\\/x.com\\\/eldiario_net\"]},{\"@type\":\"Person\",\"@id\":\"https:\\\/\\\/www.eldiario.net\\\/portal\\\/#\\\/schema\\\/person\\\/2c57cf2b7a7ae032e449e4c9b1019eac\",\"name\":\"Jeanette\",\"image\":{\"@type\":\"ImageObject\",\"inLanguage\":\"es\",\"@id\":\"https:\\\/\\\/secure.gravatar.com\\\/avatar\\\/3ea2118a5f7dad2b7138b1187a6b7ee55f160b9968b66013c3a3ef39dd7e5798?s=96&d=mm&r=g\",\"url\":\"https:\\\/\\\/secure.gravatar.com\\\/avatar\\\/3ea2118a5f7dad2b7138b1187a6b7ee55f160b9968b66013c3a3ef39dd7e5798?s=96&d=mm&r=g\",\"contentUrl\":\"https:\\\/\\\/secure.gravatar.com\\\/avatar\\\/3ea2118a5f7dad2b7138b1187a6b7ee55f160b9968b66013c3a3ef39dd7e5798?s=96&d=mm&r=g\",\"caption\":\"Jeanette\"},\"sameAs\":[\"https:\\\/\\\/www.eldiario.net\\\/portal\"],\"url\":\"https:\\\/\\\/www.eldiario.net\\\/portal\\\/author\\\/jeanette\\\/\"}]}<\/script>\n<!-- \/ Yoast SEO plugin. -->","yoast_head_json":{"title":"Fundaciones Alalay y Real Madrid en alianza con el Banco Mercantil Santa Cruz y Tigo celebraron 10 a\u00f1os de alianza - El Diario - Bolivia","robots":{"index":"index","follow":"follow","max-snippet":"max-snippet:-1","max-image-preview":"max-image-preview:large","max-video-preview":"max-video-preview:-1"},"canonical":"https:\/\/www.eldiario.net\/portal\/2023\/05\/12\/fundaciones-alalay-y-real-madrid-en-alianza-con-el-banco-mercantil-santa-cruz-y-tigo-celebraron-10-anos-de-alianza\/","og_locale":"es_ES","og_type":"article","og_title":"Fundaciones Alalay y Real Madrid en alianza con el Banco Mercantil Santa Cruz y Tigo celebraron 10 a\u00f1os de alianza - El Diario - Bolivia","og_description":"La Fundaci\u00f3n Alalay y Fundaci\u00f3n Real Madrid en alianza con el Banco Mercantil Santa Cruz (BMSC) y Tigo celebraron 10 a\u00f1os de Convenio de trabajo conjunto en favor de m\u00e1s de 1.200 ni\u00f1os, ni\u00f1as y adolescentes en situaci\u00f3n de alto riesgo en Bolivia. La reuni\u00f3n, efectuada en el C\u00edrculo de la Uni\u00f3n, cont\u00f3 con la [&hellip;]","og_url":"https:\/\/www.eldiario.net\/portal\/2023\/05\/12\/fundaciones-alalay-y-real-madrid-en-alianza-con-el-banco-mercantil-santa-cruz-y-tigo-celebraron-10-anos-de-alianza\/","og_site_name":"El Diario - Bolivia","article_publisher":"https:\/\/www.facebook.com\/eldiario.bolivia\/","article_published_time":"2023-05-12T11:02:23+00:00","author":"Jeanette","twitter_card":"summary_large_image","twitter_creator":"@eldiario_net","twitter_site":"@eldiario_net","twitter_misc":{"Escrito por":"Jeanette","Tiempo de lectura":"1 minuto"},"schema":{"@context":"https:\/\/schema.org","@graph":[{"@type":"Article","@id":"https:\/\/www.eldiario.net\/portal\/2023\/05\/12\/fundaciones-alalay-y-real-madrid-en-alianza-con-el-banco-mercantil-santa-cruz-y-tigo-celebraron-10-anos-de-alianza\/#article","isPartOf":{"@id":"https:\/\/www.eldiario.net\/portal\/2023\/05\/12\/fundaciones-alalay-y-real-madrid-en-alianza-con-el-banco-mercantil-santa-cruz-y-tigo-celebraron-10-anos-de-alianza\/"},"author":{"name":"Jeanette","@id":"https:\/\/www.eldiario.net\/portal\/#\/schema\/person\/2c57cf2b7a7ae032e449e4c9b1019eac"},"headline":"Fundaciones Alalay y Real Madrid en alianza con el Banco Mercantil Santa Cruz y Tigo celebraron 10 a\u00f1os de alianza","datePublished":"2023-05-12T11:02:23+00:00","mainEntityOfPage":{"@id":"https:\/\/www.eldiario.net\/portal\/2023\/05\/12\/fundaciones-alalay-y-real-madrid-en-alianza-con-el-banco-mercantil-santa-cruz-y-tigo-celebraron-10-anos-de-alianza\/"},"wordCount":202,"publisher":{"@id":"https:\/\/www.eldiario.net\/portal\/#organization"},"image":{"@id":"https:\/\/www.eldiario.net\/portal\/2023\/05\/12\/fundaciones-alalay-y-real-madrid-en-alianza-con-el-banco-mercantil-santa-cruz-y-tigo-celebraron-10-anos-de-alianza\/#primaryimage"},"thumbnailUrl":"","articleSection":["Sociales"],"inLanguage":"es"},{"@type":"WebPage","@id":"https:\/\/www.eldiario.net\/portal\/2023\/05\/12\/fundaciones-alalay-y-real-madrid-en-alianza-con-el-banco-mercantil-santa-cruz-y-tigo-celebraron-10-anos-de-alianza\/","url":"https:\/\/www.eldiario.net\/portal\/2023\/05\/12\/fundaciones-alalay-y-real-madrid-en-alianza-con-el-banco-mercantil-santa-cruz-y-tigo-celebraron-10-anos-de-alianza\/","name":"Fundaciones Alalay y Real Madrid en alianza con el Banco Mercantil Santa Cruz y Tigo celebraron 10 a\u00f1os de alianza - El Diario - Bolivia","isPartOf":{"@id":"https:\/\/www.eldiario.net\/portal\/#website"},"primaryImageOfPage":{"@id":"https:\/\/www.eldiario.net\/portal\/2023\/05\/12\/fundaciones-alalay-y-real-madrid-en-alianza-con-el-banco-mercantil-santa-cruz-y-tigo-celebraron-10-anos-de-alianza\/#primaryimage"},"image":{"@id":"https:\/\/www.eldiario.net\/portal\/2023\/05\/12\/fundaciones-alalay-y-real-madrid-en-alianza-con-el-banco-mercantil-santa-cruz-y-tigo-celebraron-10-anos-de-alianza\/#primaryimage"},"thumbnailUrl":"","datePublished":"2023-05-12T11:02:23+00:00","breadcrumb":{"@id":"https:\/\/www.eldiario.net\/portal\/2023\/05\/12\/fundaciones-alalay-y-real-madrid-en-alianza-con-el-banco-mercantil-santa-cruz-y-tigo-celebraron-10-anos-de-alianza\/#breadcrumb"},"inLanguage":"es","potentialAction":[{"@type":"ReadAction","target":["https:\/\/www.eldiario.net\/portal\/2023\/05\/12\/fundaciones-alalay-y-real-madrid-en-alianza-con-el-banco-mercantil-santa-cruz-y-tigo-celebraron-10-anos-de-alianza\/"]}]},{"@type":"ImageObject","inLanguage":"es","@id":"https:\/\/www.eldiario.net\/portal\/2023\/05\/12\/fundaciones-alalay-y-real-madrid-en-alianza-con-el-banco-mercantil-santa-cruz-y-tigo-celebraron-10-anos-de-alianza\/#primaryimage","url":"","contentUrl":""},{"@type":"BreadcrumbList","@id":"https:\/\/www.eldiario.net\/portal\/2023\/05\/12\/fundaciones-alalay-y-real-madrid-en-alianza-con-el-banco-mercantil-santa-cruz-y-tigo-celebraron-10-anos-de-alianza\/#breadcrumb","itemListElement":[{"@type":"ListItem","position":1,"name":"Portada","item":"https:\/\/www.eldiario.net\/portal\/"},{"@type":"ListItem","position":2,"name":"Fundaciones Alalay y Real Madrid en alianza con el Banco Mercantil Santa Cruz y Tigo celebraron 10 a\u00f1os de alianza"}]},{"@type":"WebSite","@id":"https:\/\/www.eldiario.net\/portal\/#website","url":"https:\/\/www.eldiario.net\/portal\/","name":"El Diario - Decano de la prensa nacional","description":"El Diario - Decano de la prensa nacional","publisher":{"@id":"https:\/\/www.eldiario.net\/portal\/#organization"},"potentialAction":[{"@type":"SearchAction","target":{"@type":"EntryPoint","urlTemplate":"https:\/\/www.eldiario.net\/portal\/?s={search_term_string}"},"query-input":{"@type":"PropertyValueSpecification","valueRequired":true,"valueName":"search_term_string"}}],"inLanguage":"es"},{"@type":"Organization","@id":"https:\/\/www.eldiario.net\/portal\/#organization","name":"El Diario - Decano de la prensa nacional","url":"https:\/\/www.eldiario.net\/portal\/","logo":{"@type":"ImageObject","inLanguage":"es","@id":"https:\/\/www.eldiario.net\/portal\/#\/schema\/logo\/image\/","url":"https:\/\/www.eldiario.net\/portal\/wp-content\/uploads\/2023\/07\/logo_ED.jpg","contentUrl":"https:\/\/www.eldiario.net\/portal\/wp-content\/uploads\/2023\/07\/logo_ED.jpg","width":272,"height":52,"caption":"El Diario - Decano de la prensa nacional"},"image":{"@id":"https:\/\/www.eldiario.net\/portal\/#\/schema\/logo\/image\/"},"sameAs":["https:\/\/www.facebook.com\/eldiario.bolivia\/","https:\/\/x.com\/eldiario_net"]},{"@type":"Person","@id":"https:\/\/www.eldiario.net\/portal\/#\/schema\/person\/2c57cf2b7a7ae032e449e4c9b1019eac","name":"Jeanette","image":{"@type":"ImageObject","inLanguage":"es","@id":"https:\/\/secure.gravatar.com\/avatar\/3ea2118a5f7dad2b7138b1187a6b7ee55f160b9968b66013c3a3ef39dd7e5798?s=96&d=mm&r=g","url":"https:\/\/secure.gravatar.com\/avatar\/3ea2118a5f7dad2b7138b1187a6b7ee55f160b9968b66013c3a3ef39dd7e5798?s=96&d=mm&r=g","contentUrl":"https:\/\/secure.gravatar.com\/avatar\/3ea2118a5f7dad2b7138b1187a6b7ee55f160b9968b66013c3a3ef39dd7e5798?s=96&d=mm&r=g","caption":"Jeanette"},"sameAs":["https:\/\/www.eldiario.net\/portal"],"url":"https:\/\/www.eldiario.net\/portal\/author\/jeanette\/"}]}},"_links":{"self":[{"href":"https:\/\/www.eldiario.net\/portal\/wp-json\/wp\/v2\/posts\/153961","targetHints":{"allow":["GET"]}}],"collection":[{"href":"https:\/\/www.eldiario.net\/portal\/wp-json\/wp\/v2\/posts"}],"about":[{"href":"https:\/\/www.eldiario.net\/portal\/wp-json\/wp\/v2\/types\/post"}],"author":[{"embeddable":true,"href":"https:\/\/www.eldiario.net\/portal\/wp-json\/wp\/v2\/users\/1"}],"replies":[{"embeddable":true,"href":"https:\/\/www.eldiario.net\/portal\/wp-json\/wp\/v2\/comments?post=153961"}],"version-history":[{"count":0,"href":"https:\/\/www.eldiario.net\/portal\/wp-json\/wp\/v2\/posts\/153961\/revisions"}],"wp:attachment":[{"href":"https:\/\/www.eldiario.net\/portal\/wp-json\/wp\/v2\/media?parent=153961"}],"wp:term":[{"taxonomy":"category","embeddable":true,"href":"https:\/\/www.eldiario.net\/portal\/wp-json\/wp\/v2\/categories?post=153961"},{"taxonomy":"post_tag","embeddable":true,"href":"https:\/\/www.eldiario.net\/portal\/wp-json\/wp\/v2\/tags?post=153961"}],"curies":[{"name":"wp","href":"https:\/\/api.w.org\/{rel}","templated":true}]}}