{"id":153891,"date":"2023-05-12T06:37:13","date_gmt":"2023-05-12T10:37:13","guid":{"rendered":"https:\/\/www.eldiario.net\/portal\/?p=153891"},"modified":"2023-05-12T06:37:13","modified_gmt":"2023-05-12T10:37:13","slug":"ejercito-ucraniano-avanza-y-fuerzas-rusas-retroceden","status":"publish","type":"post","link":"https:\/\/www.eldiario.net\/portal\/2023\/05\/12\/ejercito-ucraniano-avanza-y-fuerzas-rusas-retroceden\/","title":{"rendered":"Ej\u00e9rcito ucraniano avanza  y fuerzas rusas retroceden"},"content":{"rendered":"<p class=\"v1MsoNormal\">Varios blogueros prorrusos que siguen la situaci\u00f3n sobre los frentes de batalla de Mosc\u00fa y Kiev se mostraron alarmados ayer por los movimientos de tropas ucranianas y el abandono de posiciones por parte de soldados rusos, en particular cerca de Bakhmut, epicentro de los combates en el este de Ucrania.<\/p>\n<p class=\"v1MsoNormal\">Seg\u00fan report\u00f3 el portal de noticias independiente ruso Meduza, en la noche de este jueves 11 de mayo distintos canales de Telegram que apoyan la invasi\u00f3n empezaron a informar que la tan esperada contraofensiva ucraniana hab\u00eda comenzado.<\/p>\n<p class=\"v1MsoNormal\">El bloguero de guerra Evgeny Poddubny coment\u00f3 que las tropas ucranianas \u00abcomenzaron su operaci\u00f3n para cercar\u00bb a las fuerzas rusas en Bakhmut y lograron romper las l\u00edneas del frente en la regi\u00f3n de Soledar. Y el bloguero Alexander Kots a\u00f1adi\u00f3 que tambi\u00e9n se vieron tanques ucranianos en la carretera que pasa por Kharkiv, avanzando hacia la frontera rusa.<\/p>\n<p class=\"v1MsoNormal\">Igor Strelkov, ex jefe del Ministerio de Defensa de la prorrusa Rep\u00fablica Popular de Donetsk, apunt\u00f3 que \u00abhasta ahora se est\u00e1 hablando de contraataques locales (aunque exitosos)\u00bb.<\/p>\n<p class=\"v1MsoNormal\">Al mismo tiempo, el jefe del grupo paramilitar ruso Wagner, Yevgueni Prigozhin, cuyos hombres est\u00e1n en primera l\u00ednea de la batalla por Bakhmut, lleva tres d\u00edas informando que soldados rusos se han ido retirando por los flancos de la ciudad ante los asaltos ucranianos, confirmados por un alto cargo de Kiev.<\/p>\n<p class=\"v1MsoNormal\">El jueves, Prigozhin dijo que el ej\u00e9rcito ucraniano hab\u00eda enviado unidades entrenadas y equipadas con armas occidentales que Kiev mantiene en reserva para su gran contraofensiva. \u00abLos territorios que fueron tomados con la sangre y las vidas de nuestros compa\u00f1eros de armas durante muchos meses (&#8230;) son hoy, pr\u00e1cticamente sin luchar, abandonados por aquellos que deber\u00edan estar sosteniendo nuestros flancos\u00bb, dijo en un mensaje de audio, en una indirecta al ej\u00e9rcito regular ruso.<\/p>\n<p class=\"v1MsoNormal\">Mosc\u00fa lo niega<\/p>\n<p class=\"v1MsoNormal\">Por su parte, el Ej\u00e9rcito ruso neg\u00f3 este jueves en un comunicado que las fuerzas ucranianas hayan \u00abroto\u00bb sus defensas, pese a las afirmaciones de los blogueros prorrusos y del grupo Wagner.<\/p>\n<p class=\"v1MsoNormal\">\u00abLas declaraciones difundidas por canales individuales de Telegram sobre la &#8216;ruptura de las defensas&#8217; supuestamente en varias partes de la l\u00ednea de contacto no se corresponden con la realidad\u00bb, dijo el ministerio de Defensa ruso en un comunicado.<\/p>\n<p class=\"v1MsoNormal\">En su balance de la jornada, el ministerio se\u00f1al\u00f3 que se hab\u00edan repelido algunos ataques ucranianos y operaciones de reconocimiento en la l\u00ednea del frente. \u00abLa situaci\u00f3n general en la zona de la operaci\u00f3n militar especial est\u00e1 bajo control\u00bb, afirm\u00f3 el ministerio.<\/p>\n<p class=\"v1MsoNormal\">Kiev no ha hecho ning\u00fan comentario sobre posibles movimientos de tropas ucranianas.<\/p>\n<p class=\"v1MsoNormal\">Y el presidente de Ucrania, Volodimir Zelensky, declar\u00f3 el mi\u00e9rcoles a la cadena BBC que las Fuerzas Armadas ucranianas necesitaban \u00abun poco m\u00e1s de tiempo\u00bb para preparar una contraofensiva que minimizar\u00e1 las p\u00e9rdidas \u00abinaceptablemente grandes\u00bb.<\/p>\n<p class=\"v1MsoNormal\">A ra\u00edz de estas declaraciones en la BBC, Prigozhin acus\u00f3 al mandatario ucraniano de ser \u00abdeshonesto\u00bb porque la contraofensiva ucraniana \u00abest\u00e1 en su apogeo\u00bb. \u00abEn la direcci\u00f3n (de Bakhmut), unidades de las fuerzas armadas ucranianas penetran en los flancos y, lamentablemente, en algunos lugares tienen \u00e9xito\u00bb, afirm\u00f3 el jefe del grupo Wagner. \u00abEl plan del ej\u00e9rcito ucraniano est\u00e1 en marcha\u00bb, asegur\u00f3.<\/p>\n<p class=\"v1MsoNormal\">Un alto cargo militar ucraniano dijo el mi\u00e9rcoles que las fuerzas de Kiev hab\u00edan llevado a cabo contraataques en Bakhmut y obligado a las tropas rusas a replegarse en algunas zonas.<\/p>\n<p class=\"v1MsoNormal\">En la localidad de Bakhmut, controlada en m\u00e1s de 90% por las fuerzas rusas, se est\u00e1 llevando a cabo la batalla m\u00e1s larga y sangrienta desde el inicio de la guerra en febrero de 2022.<\/p>\n<p class=\"v1MsoNormal\">El calendario para que Kiev desencadene una operaci\u00f3n de reconquista en las regiones de Donetsk y Lugansk, as\u00ed como de Kherson y Zaporizhzhia, sigue siendo una inc\u00f3gnita. (Infobae\/AFP)<\/p>\n<p class=\"v1MsoNormal\">\n","protected":false},"excerpt":{"rendered":"<p>Varios blogueros prorrusos que siguen la situaci\u00f3n sobre los frentes de batalla de Mosc\u00fa y Kiev se mostraron alarmados ayer por los movimientos de tropas ucranianas y el abandono de posiciones por parte de soldados rusos, en particular cerca de Bakhmut, epicentro de los combates en el este de Ucrania. Seg\u00fan report\u00f3 el portal de [&hellip;]<\/p>\n","protected":false},"author":1,"featured_media":153892,"comment_status":"closed","ping_status":"closed","sticky":false,"template":"","format":"standard","meta":{"_acf_changed":false,"footnotes":""},"categories":[15],"tags":[],"class_list":["post-153891","post","type-post","status-publish","format-standard","has-post-thumbnail","category-portada"],"acf":{"antetitulo":""},"yoast_head":"<!-- This site is optimized with the Yoast SEO plugin v28.4 - https:\/\/yoast.com\/product\/yoast-seo-wordpress\/ -->\n<title>Ej\u00e9rcito ucraniano avanza y fuerzas rusas retroceden - El Diario - Bolivia<\/title>\n<meta name=\"robots\" content=\"index, follow, max-snippet:-1, max-image-preview:large, max-video-preview:-1\" \/>\n<link rel=\"canonical\" href=\"https:\/\/www.eldiario.net\/portal\/2023\/05\/12\/ejercito-ucraniano-avanza-y-fuerzas-rusas-retroceden\/\" \/>\n<meta property=\"og:locale\" content=\"es_ES\" \/>\n<meta property=\"og:type\" content=\"article\" \/>\n<meta property=\"og:title\" content=\"Ej\u00e9rcito ucraniano avanza y fuerzas rusas retroceden - El Diario - Bolivia\" \/>\n<meta property=\"og:description\" content=\"Varios blogueros prorrusos que siguen la situaci\u00f3n sobre los frentes de batalla de Mosc\u00fa y Kiev se mostraron alarmados ayer por los movimientos de tropas ucranianas y el abandono de posiciones por parte de soldados rusos, en particular cerca de Bakhmut, epicentro de los combates en el este de Ucrania. Seg\u00fan report\u00f3 el portal de [&hellip;]\" \/>\n<meta property=\"og:url\" content=\"https:\/\/www.eldiario.net\/portal\/2023\/05\/12\/ejercito-ucraniano-avanza-y-fuerzas-rusas-retroceden\/\" \/>\n<meta property=\"og:site_name\" content=\"El Diario - Bolivia\" \/>\n<meta property=\"article:publisher\" content=\"https:\/\/www.facebook.com\/eldiario.bolivia\/\" \/>\n<meta property=\"article:published_time\" content=\"2023-05-12T10:37:13+00:00\" \/>\n<meta name=\"author\" content=\"Jeanette\" \/>\n<meta name=\"twitter:card\" content=\"summary_large_image\" \/>\n<meta name=\"twitter:creator\" content=\"@eldiario_net\" \/>\n<meta name=\"twitter:site\" content=\"@eldiario_net\" \/>\n<meta name=\"twitter:label1\" content=\"Escrito por\" \/>\n\t<meta name=\"twitter:data1\" content=\"Jeanette\" \/>\n\t<meta name=\"twitter:label2\" content=\"Tiempo de lectura\" \/>\n\t<meta name=\"twitter:data2\" content=\"3 minutos\" \/>\n<script type=\"application\/ld+json\" class=\"yoast-schema-graph\">{\"@context\":\"https:\\\/\\\/schema.org\",\"@graph\":[{\"@type\":\"Article\",\"@id\":\"https:\\\/\\\/www.eldiario.net\\\/portal\\\/2023\\\/05\\\/12\\\/ejercito-ucraniano-avanza-y-fuerzas-rusas-retroceden\\\/#article\",\"isPartOf\":{\"@id\":\"https:\\\/\\\/www.eldiario.net\\\/portal\\\/2023\\\/05\\\/12\\\/ejercito-ucraniano-avanza-y-fuerzas-rusas-retroceden\\\/\"},\"author\":{\"name\":\"Jeanette\",\"@id\":\"https:\\\/\\\/www.eldiario.net\\\/portal\\\/#\\\/schema\\\/person\\\/2c57cf2b7a7ae032e449e4c9b1019eac\"},\"headline\":\"Ej\u00e9rcito ucraniano avanza y fuerzas rusas retroceden\",\"datePublished\":\"2023-05-12T10:37:13+00:00\",\"mainEntityOfPage\":{\"@id\":\"https:\\\/\\\/www.eldiario.net\\\/portal\\\/2023\\\/05\\\/12\\\/ejercito-ucraniano-avanza-y-fuerzas-rusas-retroceden\\\/\"},\"wordCount\":657,\"publisher\":{\"@id\":\"https:\\\/\\\/www.eldiario.net\\\/portal\\\/#organization\"},\"image\":{\"@id\":\"https:\\\/\\\/www.eldiario.net\\\/portal\\\/2023\\\/05\\\/12\\\/ejercito-ucraniano-avanza-y-fuerzas-rusas-retroceden\\\/#primaryimage\"},\"thumbnailUrl\":\"\",\"articleSection\":[\"Portada\"],\"inLanguage\":\"es\"},{\"@type\":\"WebPage\",\"@id\":\"https:\\\/\\\/www.eldiario.net\\\/portal\\\/2023\\\/05\\\/12\\\/ejercito-ucraniano-avanza-y-fuerzas-rusas-retroceden\\\/\",\"url\":\"https:\\\/\\\/www.eldiario.net\\\/portal\\\/2023\\\/05\\\/12\\\/ejercito-ucraniano-avanza-y-fuerzas-rusas-retroceden\\\/\",\"name\":\"Ej\u00e9rcito ucraniano avanza y fuerzas rusas retroceden - El Diario - Bolivia\",\"isPartOf\":{\"@id\":\"https:\\\/\\\/www.eldiario.net\\\/portal\\\/#website\"},\"primaryImageOfPage\":{\"@id\":\"https:\\\/\\\/www.eldiario.net\\\/portal\\\/2023\\\/05\\\/12\\\/ejercito-ucraniano-avanza-y-fuerzas-rusas-retroceden\\\/#primaryimage\"},\"image\":{\"@id\":\"https:\\\/\\\/www.eldiario.net\\\/portal\\\/2023\\\/05\\\/12\\\/ejercito-ucraniano-avanza-y-fuerzas-rusas-retroceden\\\/#primaryimage\"},\"thumbnailUrl\":\"\",\"datePublished\":\"2023-05-12T10:37:13+00:00\",\"breadcrumb\":{\"@id\":\"https:\\\/\\\/www.eldiario.net\\\/portal\\\/2023\\\/05\\\/12\\\/ejercito-ucraniano-avanza-y-fuerzas-rusas-retroceden\\\/#breadcrumb\"},\"inLanguage\":\"es\",\"potentialAction\":[{\"@type\":\"ReadAction\",\"target\":[\"https:\\\/\\\/www.eldiario.net\\\/portal\\\/2023\\\/05\\\/12\\\/ejercito-ucraniano-avanza-y-fuerzas-rusas-retroceden\\\/\"]}]},{\"@type\":\"ImageObject\",\"inLanguage\":\"es\",\"@id\":\"https:\\\/\\\/www.eldiario.net\\\/portal\\\/2023\\\/05\\\/12\\\/ejercito-ucraniano-avanza-y-fuerzas-rusas-retroceden\\\/#primaryimage\",\"url\":\"\",\"contentUrl\":\"\"},{\"@type\":\"BreadcrumbList\",\"@id\":\"https:\\\/\\\/www.eldiario.net\\\/portal\\\/2023\\\/05\\\/12\\\/ejercito-ucraniano-avanza-y-fuerzas-rusas-retroceden\\\/#breadcrumb\",\"itemListElement\":[{\"@type\":\"ListItem\",\"position\":1,\"name\":\"Portada\",\"item\":\"https:\\\/\\\/www.eldiario.net\\\/portal\\\/\"},{\"@type\":\"ListItem\",\"position\":2,\"name\":\"Ej\u00e9rcito ucraniano avanza y fuerzas rusas retroceden\"}]},{\"@type\":\"WebSite\",\"@id\":\"https:\\\/\\\/www.eldiario.net\\\/portal\\\/#website\",\"url\":\"https:\\\/\\\/www.eldiario.net\\\/portal\\\/\",\"name\":\"El Diario - Decano de la prensa nacional\",\"description\":\"El Diario - Decano de la prensa nacional\",\"publisher\":{\"@id\":\"https:\\\/\\\/www.eldiario.net\\\/portal\\\/#organization\"},\"potentialAction\":[{\"@type\":\"SearchAction\",\"target\":{\"@type\":\"EntryPoint\",\"urlTemplate\":\"https:\\\/\\\/www.eldiario.net\\\/portal\\\/?s={search_term_string}\"},\"query-input\":{\"@type\":\"PropertyValueSpecification\",\"valueRequired\":true,\"valueName\":\"search_term_string\"}}],\"inLanguage\":\"es\"},{\"@type\":\"Organization\",\"@id\":\"https:\\\/\\\/www.eldiario.net\\\/portal\\\/#organization\",\"name\":\"El Diario - Decano de la prensa nacional\",\"url\":\"https:\\\/\\\/www.eldiario.net\\\/portal\\\/\",\"logo\":{\"@type\":\"ImageObject\",\"inLanguage\":\"es\",\"@id\":\"https:\\\/\\\/www.eldiario.net\\\/portal\\\/#\\\/schema\\\/logo\\\/image\\\/\",\"url\":\"https:\\\/\\\/www.eldiario.net\\\/portal\\\/wp-content\\\/uploads\\\/2023\\\/07\\\/logo_ED.jpg\",\"contentUrl\":\"https:\\\/\\\/www.eldiario.net\\\/portal\\\/wp-content\\\/uploads\\\/2023\\\/07\\\/logo_ED.jpg\",\"width\":272,\"height\":52,\"caption\":\"El Diario - Decano de la prensa nacional\"},\"image\":{\"@id\":\"https:\\\/\\\/www.eldiario.net\\\/portal\\\/#\\\/schema\\\/logo\\\/image\\\/\"},\"sameAs\":[\"https:\\\/\\\/www.facebook.com\\\/eldiario.bolivia\\\/\",\"https:\\\/\\\/x.com\\\/eldiario_net\"]},{\"@type\":\"Person\",\"@id\":\"https:\\\/\\\/www.eldiario.net\\\/portal\\\/#\\\/schema\\\/person\\\/2c57cf2b7a7ae032e449e4c9b1019eac\",\"name\":\"Jeanette\",\"image\":{\"@type\":\"ImageObject\",\"inLanguage\":\"es\",\"@id\":\"https:\\\/\\\/secure.gravatar.com\\\/avatar\\\/3ea2118a5f7dad2b7138b1187a6b7ee55f160b9968b66013c3a3ef39dd7e5798?s=96&d=mm&r=g\",\"url\":\"https:\\\/\\\/secure.gravatar.com\\\/avatar\\\/3ea2118a5f7dad2b7138b1187a6b7ee55f160b9968b66013c3a3ef39dd7e5798?s=96&d=mm&r=g\",\"contentUrl\":\"https:\\\/\\\/secure.gravatar.com\\\/avatar\\\/3ea2118a5f7dad2b7138b1187a6b7ee55f160b9968b66013c3a3ef39dd7e5798?s=96&d=mm&r=g\",\"caption\":\"Jeanette\"},\"sameAs\":[\"https:\\\/\\\/www.eldiario.net\\\/portal\"],\"url\":\"https:\\\/\\\/www.eldiario.net\\\/portal\\\/author\\\/jeanette\\\/\"}]}<\/script>\n<!-- \/ Yoast SEO plugin. -->","yoast_head_json":{"title":"Ej\u00e9rcito ucraniano avanza y fuerzas rusas retroceden - El Diario - Bolivia","robots":{"index":"index","follow":"follow","max-snippet":"max-snippet:-1","max-image-preview":"max-image-preview:large","max-video-preview":"max-video-preview:-1"},"canonical":"https:\/\/www.eldiario.net\/portal\/2023\/05\/12\/ejercito-ucraniano-avanza-y-fuerzas-rusas-retroceden\/","og_locale":"es_ES","og_type":"article","og_title":"Ej\u00e9rcito ucraniano avanza y fuerzas rusas retroceden - El Diario - Bolivia","og_description":"Varios blogueros prorrusos que siguen la situaci\u00f3n sobre los frentes de batalla de Mosc\u00fa y Kiev se mostraron alarmados ayer por los movimientos de tropas ucranianas y el abandono de posiciones por parte de soldados rusos, en particular cerca de Bakhmut, epicentro de los combates en el este de Ucrania. Seg\u00fan report\u00f3 el portal de [&hellip;]","og_url":"https:\/\/www.eldiario.net\/portal\/2023\/05\/12\/ejercito-ucraniano-avanza-y-fuerzas-rusas-retroceden\/","og_site_name":"El Diario - Bolivia","article_publisher":"https:\/\/www.facebook.com\/eldiario.bolivia\/","article_published_time":"2023-05-12T10:37:13+00:00","author":"Jeanette","twitter_card":"summary_large_image","twitter_creator":"@eldiario_net","twitter_site":"@eldiario_net","twitter_misc":{"Escrito por":"Jeanette","Tiempo de lectura":"3 minutos"},"schema":{"@context":"https:\/\/schema.org","@graph":[{"@type":"Article","@id":"https:\/\/www.eldiario.net\/portal\/2023\/05\/12\/ejercito-ucraniano-avanza-y-fuerzas-rusas-retroceden\/#article","isPartOf":{"@id":"https:\/\/www.eldiario.net\/portal\/2023\/05\/12\/ejercito-ucraniano-avanza-y-fuerzas-rusas-retroceden\/"},"author":{"name":"Jeanette","@id":"https:\/\/www.eldiario.net\/portal\/#\/schema\/person\/2c57cf2b7a7ae032e449e4c9b1019eac"},"headline":"Ej\u00e9rcito ucraniano avanza y fuerzas rusas retroceden","datePublished":"2023-05-12T10:37:13+00:00","mainEntityOfPage":{"@id":"https:\/\/www.eldiario.net\/portal\/2023\/05\/12\/ejercito-ucraniano-avanza-y-fuerzas-rusas-retroceden\/"},"wordCount":657,"publisher":{"@id":"https:\/\/www.eldiario.net\/portal\/#organization"},"image":{"@id":"https:\/\/www.eldiario.net\/portal\/2023\/05\/12\/ejercito-ucraniano-avanza-y-fuerzas-rusas-retroceden\/#primaryimage"},"thumbnailUrl":"","articleSection":["Portada"],"inLanguage":"es"},{"@type":"WebPage","@id":"https:\/\/www.eldiario.net\/portal\/2023\/05\/12\/ejercito-ucraniano-avanza-y-fuerzas-rusas-retroceden\/","url":"https:\/\/www.eldiario.net\/portal\/2023\/05\/12\/ejercito-ucraniano-avanza-y-fuerzas-rusas-retroceden\/","name":"Ej\u00e9rcito ucraniano avanza y fuerzas rusas retroceden - El Diario - Bolivia","isPartOf":{"@id":"https:\/\/www.eldiario.net\/portal\/#website"},"primaryImageOfPage":{"@id":"https:\/\/www.eldiario.net\/portal\/2023\/05\/12\/ejercito-ucraniano-avanza-y-fuerzas-rusas-retroceden\/#primaryimage"},"image":{"@id":"https:\/\/www.eldiario.net\/portal\/2023\/05\/12\/ejercito-ucraniano-avanza-y-fuerzas-rusas-retroceden\/#primaryimage"},"thumbnailUrl":"","datePublished":"2023-05-12T10:37:13+00:00","breadcrumb":{"@id":"https:\/\/www.eldiario.net\/portal\/2023\/05\/12\/ejercito-ucraniano-avanza-y-fuerzas-rusas-retroceden\/#breadcrumb"},"inLanguage":"es","potentialAction":[{"@type":"ReadAction","target":["https:\/\/www.eldiario.net\/portal\/2023\/05\/12\/ejercito-ucraniano-avanza-y-fuerzas-rusas-retroceden\/"]}]},{"@type":"ImageObject","inLanguage":"es","@id":"https:\/\/www.eldiario.net\/portal\/2023\/05\/12\/ejercito-ucraniano-avanza-y-fuerzas-rusas-retroceden\/#primaryimage","url":"","contentUrl":""},{"@type":"BreadcrumbList","@id":"https:\/\/www.eldiario.net\/portal\/2023\/05\/12\/ejercito-ucraniano-avanza-y-fuerzas-rusas-retroceden\/#breadcrumb","itemListElement":[{"@type":"ListItem","position":1,"name":"Portada","item":"https:\/\/www.eldiario.net\/portal\/"},{"@type":"ListItem","position":2,"name":"Ej\u00e9rcito ucraniano avanza y fuerzas rusas retroceden"}]},{"@type":"WebSite","@id":"https:\/\/www.eldiario.net\/portal\/#website","url":"https:\/\/www.eldiario.net\/portal\/","name":"El Diario - Decano de la prensa nacional","description":"El Diario - Decano de la prensa nacional","publisher":{"@id":"https:\/\/www.eldiario.net\/portal\/#organization"},"potentialAction":[{"@type":"SearchAction","target":{"@type":"EntryPoint","urlTemplate":"https:\/\/www.eldiario.net\/portal\/?s={search_term_string}"},"query-input":{"@type":"PropertyValueSpecification","valueRequired":true,"valueName":"search_term_string"}}],"inLanguage":"es"},{"@type":"Organization","@id":"https:\/\/www.eldiario.net\/portal\/#organization","name":"El Diario - Decano de la prensa nacional","url":"https:\/\/www.eldiario.net\/portal\/","logo":{"@type":"ImageObject","inLanguage":"es","@id":"https:\/\/www.eldiario.net\/portal\/#\/schema\/logo\/image\/","url":"https:\/\/www.eldiario.net\/portal\/wp-content\/uploads\/2023\/07\/logo_ED.jpg","contentUrl":"https:\/\/www.eldiario.net\/portal\/wp-content\/uploads\/2023\/07\/logo_ED.jpg","width":272,"height":52,"caption":"El Diario - Decano de la prensa nacional"},"image":{"@id":"https:\/\/www.eldiario.net\/portal\/#\/schema\/logo\/image\/"},"sameAs":["https:\/\/www.facebook.com\/eldiario.bolivia\/","https:\/\/x.com\/eldiario_net"]},{"@type":"Person","@id":"https:\/\/www.eldiario.net\/portal\/#\/schema\/person\/2c57cf2b7a7ae032e449e4c9b1019eac","name":"Jeanette","image":{"@type":"ImageObject","inLanguage":"es","@id":"https:\/\/secure.gravatar.com\/avatar\/3ea2118a5f7dad2b7138b1187a6b7ee55f160b9968b66013c3a3ef39dd7e5798?s=96&d=mm&r=g","url":"https:\/\/secure.gravatar.com\/avatar\/3ea2118a5f7dad2b7138b1187a6b7ee55f160b9968b66013c3a3ef39dd7e5798?s=96&d=mm&r=g","contentUrl":"https:\/\/secure.gravatar.com\/avatar\/3ea2118a5f7dad2b7138b1187a6b7ee55f160b9968b66013c3a3ef39dd7e5798?s=96&d=mm&r=g","caption":"Jeanette"},"sameAs":["https:\/\/www.eldiario.net\/portal"],"url":"https:\/\/www.eldiario.net\/portal\/author\/jeanette\/"}]}},"_links":{"self":[{"href":"https:\/\/www.eldiario.net\/portal\/wp-json\/wp\/v2\/posts\/153891","targetHints":{"allow":["GET"]}}],"collection":[{"href":"https:\/\/www.eldiario.net\/portal\/wp-json\/wp\/v2\/posts"}],"about":[{"href":"https:\/\/www.eldiario.net\/portal\/wp-json\/wp\/v2\/types\/post"}],"author":[{"embeddable":true,"href":"https:\/\/www.eldiario.net\/portal\/wp-json\/wp\/v2\/users\/1"}],"replies":[{"embeddable":true,"href":"https:\/\/www.eldiario.net\/portal\/wp-json\/wp\/v2\/comments?post=153891"}],"version-history":[{"count":0,"href":"https:\/\/www.eldiario.net\/portal\/wp-json\/wp\/v2\/posts\/153891\/revisions"}],"wp:attachment":[{"href":"https:\/\/www.eldiario.net\/portal\/wp-json\/wp\/v2\/media?parent=153891"}],"wp:term":[{"taxonomy":"category","embeddable":true,"href":"https:\/\/www.eldiario.net\/portal\/wp-json\/wp\/v2\/categories?post=153891"},{"taxonomy":"post_tag","embeddable":true,"href":"https:\/\/www.eldiario.net\/portal\/wp-json\/wp\/v2\/tags?post=153891"}],"curies":[{"name":"wp","href":"https:\/\/api.w.org\/{rel}","templated":true}]}}