{"id":153886,"date":"2023-05-12T06:35:38","date_gmt":"2023-05-12T10:35:38","guid":{"rendered":"https:\/\/www.eldiario.net\/portal\/?p=153886"},"modified":"2023-05-12T06:35:38","modified_gmt":"2023-05-12T10:35:38","slug":"cadetes-heridos-egresaran-junto-a-su-promocion","status":"publish","type":"post","link":"https:\/\/www.eldiario.net\/portal\/2023\/05\/12\/cadetes-heridos-egresaran-junto-a-su-promocion\/","title":{"rendered":"Cadetes heridos egresar\u00e1n  junto a su promoci\u00f3n"},"content":{"rendered":"<p class=\"v1MsoNormal\">Los cadetes del Colegio Militar Cristhian L\u00f3pez Viamont y Herlan Condori Calle podr\u00e1n egresar en diciembre junto al resto de su promoci\u00f3n y tendr\u00e1n la opci\u00f3n de estudiar la carrera de deseen en la Escuela Militar de Ingenier\u00eda (EMI), inform\u00f3 a Erbol el comandante del Ej\u00e9rcito, general Juan Jos\u00e9 Z\u00fa\u00f1iga.<\/p>\n<p class=\"v1MsoNormal\">La decisi\u00f3n fue asumida tras que los familiares de los uniformados hayan llegado a un acuerdo en una reuni\u00f3n con el general Z\u00fa\u00f1iga en instalaciones del Estado Mayor, ubicado en la zona de Miraflores de La Paz.<\/p>\n<p class=\"v1MsoNormal\">El Consejo Superior Acad\u00e9mico de Ej\u00e9rcito de la Universidad Militar de las FFAA y la Direcci\u00f3n Jur\u00eddica del Ej\u00e9rcito aprobar\u00e1n una resoluci\u00f3n complementaria al Auto Final de Sumario Informativo del 6 de mayo donde se investig\u00f3 la ca\u00edda de los cadetes el 18 de abril durante el \u00absalto de la muerte\u00bb.<\/p>\n<p class=\"v1MsoNormal\">\u00abEllos van a egresar su curso en diciembre de este a\u00f1o y partir de eso, ya son subtenientes, ganan su sueldo, tienen su seguro y se les va dar la opci\u00f3n de entrar a la EMI a la carrera que quieran de forma directa, pueden escoger el lugar donde quieran estudiar\u00bb, inform\u00f3 Z\u00fa\u00f1iga a este medio.<\/p>\n<p class=\"v1MsoNormal\">Seg\u00fan el jefe militar los padres de familia, que asistieron a la reuni\u00f3n y que previamente instalaron una protesta frente al Ministerio de Defensa, quedaron \u00abmuy de acuerdo\u00bb y \u00abagradecidos\u00bb por el acuerdo alcanzado a favor de L\u00f3pez y Condori.<\/p>\n<p class=\"v1MsoNormal\">Con relaci\u00f3n al estado de salud de los cadetes, Z\u00fa\u00f1iga inform\u00f3 que Condori ya no tiene ninguna fractura en los brazos y ahora comenz\u00f3 a mover sus piernas. Respecto al caso de L\u00f3pez asegur\u00f3 que \u00abya est\u00e1 empezando a recuperar m\u00e1s todav\u00eda\u00bb, pese a tener m\u00e1s lesiones.<\/p>\n<p class=\"v1MsoNormal\">Hasta el momento se cancel\u00f3 Bs 130.000 a la Cl\u00ednica del Sur por la atenci\u00f3n de los dos cadetes y para este viernes se tiene previsto la cancelaci\u00f3n de cerca de otros Bs 350.000, para amortiguar la deuda que se tiene, a\u00f1adi\u00f3 el general.<\/p>\n<p class=\"v1MsoNormal\">Para este s\u00e1bado 20 de mayo inform\u00f3 que las esposas de los oficiales de las Fuerzas Armadas organizar\u00e1n una Kermese en todo el pa\u00eds para permitir recaudar fondos para seguir cubriendo la deuda que se tiene con el centro m\u00e9dico. (Erbol)<\/p>\n","protected":false},"excerpt":{"rendered":"<p>Los cadetes del Colegio Militar Cristhian L\u00f3pez Viamont y Herlan Condori Calle podr\u00e1n egresar en diciembre junto al resto de su promoci\u00f3n y tendr\u00e1n la opci\u00f3n de estudiar la carrera de deseen en la Escuela Militar de Ingenier\u00eda (EMI), inform\u00f3 a Erbol el comandante del Ej\u00e9rcito, general Juan Jos\u00e9 Z\u00fa\u00f1iga. La decisi\u00f3n fue asumida tras [&hellip;]<\/p>\n","protected":false},"author":1,"featured_media":153887,"comment_status":"closed","ping_status":"closed","sticky":false,"template":"","format":"standard","meta":{"_acf_changed":false,"footnotes":""},"categories":[15],"tags":[],"class_list":["post-153886","post","type-post","status-publish","format-standard","has-post-thumbnail","category-portada"],"acf":{"antetitulo":""},"yoast_head":"<!-- This site is optimized with the Yoast SEO plugin v28.4 - https:\/\/yoast.com\/product\/yoast-seo-wordpress\/ -->\n<title>Cadetes heridos egresar\u00e1n junto a su promoci\u00f3n - El Diario - Bolivia<\/title>\n<meta name=\"robots\" content=\"index, follow, max-snippet:-1, max-image-preview:large, max-video-preview:-1\" \/>\n<link rel=\"canonical\" href=\"https:\/\/www.eldiario.net\/portal\/2023\/05\/12\/cadetes-heridos-egresaran-junto-a-su-promocion\/\" \/>\n<meta property=\"og:locale\" content=\"es_ES\" \/>\n<meta property=\"og:type\" content=\"article\" \/>\n<meta property=\"og:title\" content=\"Cadetes heridos egresar\u00e1n junto a su promoci\u00f3n - El Diario - Bolivia\" \/>\n<meta property=\"og:description\" content=\"Los cadetes del Colegio Militar Cristhian L\u00f3pez Viamont y Herlan Condori Calle podr\u00e1n egresar en diciembre junto al resto de su promoci\u00f3n y tendr\u00e1n la opci\u00f3n de estudiar la carrera de deseen en la Escuela Militar de Ingenier\u00eda (EMI), inform\u00f3 a Erbol el comandante del Ej\u00e9rcito, general Juan Jos\u00e9 Z\u00fa\u00f1iga. La decisi\u00f3n fue asumida tras [&hellip;]\" \/>\n<meta property=\"og:url\" content=\"https:\/\/www.eldiario.net\/portal\/2023\/05\/12\/cadetes-heridos-egresaran-junto-a-su-promocion\/\" \/>\n<meta property=\"og:site_name\" content=\"El Diario - Bolivia\" \/>\n<meta property=\"article:publisher\" content=\"https:\/\/www.facebook.com\/eldiario.bolivia\/\" \/>\n<meta property=\"article:published_time\" content=\"2023-05-12T10:35:38+00:00\" \/>\n<meta name=\"author\" content=\"Jeanette\" \/>\n<meta name=\"twitter:card\" content=\"summary_large_image\" \/>\n<meta name=\"twitter:creator\" content=\"@eldiario_net\" \/>\n<meta name=\"twitter:site\" content=\"@eldiario_net\" \/>\n<meta name=\"twitter:label1\" content=\"Escrito por\" \/>\n\t<meta name=\"twitter:data1\" content=\"Jeanette\" \/>\n\t<meta name=\"twitter:label2\" content=\"Tiempo de lectura\" \/>\n\t<meta name=\"twitter:data2\" content=\"2 minutos\" \/>\n<script type=\"application\/ld+json\" class=\"yoast-schema-graph\">{\"@context\":\"https:\\\/\\\/schema.org\",\"@graph\":[{\"@type\":\"Article\",\"@id\":\"https:\\\/\\\/www.eldiario.net\\\/portal\\\/2023\\\/05\\\/12\\\/cadetes-heridos-egresaran-junto-a-su-promocion\\\/#article\",\"isPartOf\":{\"@id\":\"https:\\\/\\\/www.eldiario.net\\\/portal\\\/2023\\\/05\\\/12\\\/cadetes-heridos-egresaran-junto-a-su-promocion\\\/\"},\"author\":{\"name\":\"Jeanette\",\"@id\":\"https:\\\/\\\/www.eldiario.net\\\/portal\\\/#\\\/schema\\\/person\\\/2c57cf2b7a7ae032e449e4c9b1019eac\"},\"headline\":\"Cadetes heridos egresar\u00e1n junto a su promoci\u00f3n\",\"datePublished\":\"2023-05-12T10:35:38+00:00\",\"mainEntityOfPage\":{\"@id\":\"https:\\\/\\\/www.eldiario.net\\\/portal\\\/2023\\\/05\\\/12\\\/cadetes-heridos-egresaran-junto-a-su-promocion\\\/\"},\"wordCount\":409,\"publisher\":{\"@id\":\"https:\\\/\\\/www.eldiario.net\\\/portal\\\/#organization\"},\"image\":{\"@id\":\"https:\\\/\\\/www.eldiario.net\\\/portal\\\/2023\\\/05\\\/12\\\/cadetes-heridos-egresaran-junto-a-su-promocion\\\/#primaryimage\"},\"thumbnailUrl\":\"\",\"articleSection\":[\"Portada\"],\"inLanguage\":\"es\"},{\"@type\":\"WebPage\",\"@id\":\"https:\\\/\\\/www.eldiario.net\\\/portal\\\/2023\\\/05\\\/12\\\/cadetes-heridos-egresaran-junto-a-su-promocion\\\/\",\"url\":\"https:\\\/\\\/www.eldiario.net\\\/portal\\\/2023\\\/05\\\/12\\\/cadetes-heridos-egresaran-junto-a-su-promocion\\\/\",\"name\":\"Cadetes heridos egresar\u00e1n junto a su promoci\u00f3n - El Diario - Bolivia\",\"isPartOf\":{\"@id\":\"https:\\\/\\\/www.eldiario.net\\\/portal\\\/#website\"},\"primaryImageOfPage\":{\"@id\":\"https:\\\/\\\/www.eldiario.net\\\/portal\\\/2023\\\/05\\\/12\\\/cadetes-heridos-egresaran-junto-a-su-promocion\\\/#primaryimage\"},\"image\":{\"@id\":\"https:\\\/\\\/www.eldiario.net\\\/portal\\\/2023\\\/05\\\/12\\\/cadetes-heridos-egresaran-junto-a-su-promocion\\\/#primaryimage\"},\"thumbnailUrl\":\"\",\"datePublished\":\"2023-05-12T10:35:38+00:00\",\"breadcrumb\":{\"@id\":\"https:\\\/\\\/www.eldiario.net\\\/portal\\\/2023\\\/05\\\/12\\\/cadetes-heridos-egresaran-junto-a-su-promocion\\\/#breadcrumb\"},\"inLanguage\":\"es\",\"potentialAction\":[{\"@type\":\"ReadAction\",\"target\":[\"https:\\\/\\\/www.eldiario.net\\\/portal\\\/2023\\\/05\\\/12\\\/cadetes-heridos-egresaran-junto-a-su-promocion\\\/\"]}]},{\"@type\":\"ImageObject\",\"inLanguage\":\"es\",\"@id\":\"https:\\\/\\\/www.eldiario.net\\\/portal\\\/2023\\\/05\\\/12\\\/cadetes-heridos-egresaran-junto-a-su-promocion\\\/#primaryimage\",\"url\":\"\",\"contentUrl\":\"\"},{\"@type\":\"BreadcrumbList\",\"@id\":\"https:\\\/\\\/www.eldiario.net\\\/portal\\\/2023\\\/05\\\/12\\\/cadetes-heridos-egresaran-junto-a-su-promocion\\\/#breadcrumb\",\"itemListElement\":[{\"@type\":\"ListItem\",\"position\":1,\"name\":\"Portada\",\"item\":\"https:\\\/\\\/www.eldiario.net\\\/portal\\\/\"},{\"@type\":\"ListItem\",\"position\":2,\"name\":\"Cadetes heridos egresar\u00e1n junto a su promoci\u00f3n\"}]},{\"@type\":\"WebSite\",\"@id\":\"https:\\\/\\\/www.eldiario.net\\\/portal\\\/#website\",\"url\":\"https:\\\/\\\/www.eldiario.net\\\/portal\\\/\",\"name\":\"El Diario - Decano de la prensa nacional\",\"description\":\"El Diario - Decano de la prensa nacional\",\"publisher\":{\"@id\":\"https:\\\/\\\/www.eldiario.net\\\/portal\\\/#organization\"},\"potentialAction\":[{\"@type\":\"SearchAction\",\"target\":{\"@type\":\"EntryPoint\",\"urlTemplate\":\"https:\\\/\\\/www.eldiario.net\\\/portal\\\/?s={search_term_string}\"},\"query-input\":{\"@type\":\"PropertyValueSpecification\",\"valueRequired\":true,\"valueName\":\"search_term_string\"}}],\"inLanguage\":\"es\"},{\"@type\":\"Organization\",\"@id\":\"https:\\\/\\\/www.eldiario.net\\\/portal\\\/#organization\",\"name\":\"El Diario - Decano de la prensa nacional\",\"url\":\"https:\\\/\\\/www.eldiario.net\\\/portal\\\/\",\"logo\":{\"@type\":\"ImageObject\",\"inLanguage\":\"es\",\"@id\":\"https:\\\/\\\/www.eldiario.net\\\/portal\\\/#\\\/schema\\\/logo\\\/image\\\/\",\"url\":\"https:\\\/\\\/www.eldiario.net\\\/portal\\\/wp-content\\\/uploads\\\/2023\\\/07\\\/logo_ED.jpg\",\"contentUrl\":\"https:\\\/\\\/www.eldiario.net\\\/portal\\\/wp-content\\\/uploads\\\/2023\\\/07\\\/logo_ED.jpg\",\"width\":272,\"height\":52,\"caption\":\"El Diario - Decano de la prensa nacional\"},\"image\":{\"@id\":\"https:\\\/\\\/www.eldiario.net\\\/portal\\\/#\\\/schema\\\/logo\\\/image\\\/\"},\"sameAs\":[\"https:\\\/\\\/www.facebook.com\\\/eldiario.bolivia\\\/\",\"https:\\\/\\\/x.com\\\/eldiario_net\"]},{\"@type\":\"Person\",\"@id\":\"https:\\\/\\\/www.eldiario.net\\\/portal\\\/#\\\/schema\\\/person\\\/2c57cf2b7a7ae032e449e4c9b1019eac\",\"name\":\"Jeanette\",\"image\":{\"@type\":\"ImageObject\",\"inLanguage\":\"es\",\"@id\":\"https:\\\/\\\/secure.gravatar.com\\\/avatar\\\/3ea2118a5f7dad2b7138b1187a6b7ee55f160b9968b66013c3a3ef39dd7e5798?s=96&d=mm&r=g\",\"url\":\"https:\\\/\\\/secure.gravatar.com\\\/avatar\\\/3ea2118a5f7dad2b7138b1187a6b7ee55f160b9968b66013c3a3ef39dd7e5798?s=96&d=mm&r=g\",\"contentUrl\":\"https:\\\/\\\/secure.gravatar.com\\\/avatar\\\/3ea2118a5f7dad2b7138b1187a6b7ee55f160b9968b66013c3a3ef39dd7e5798?s=96&d=mm&r=g\",\"caption\":\"Jeanette\"},\"sameAs\":[\"https:\\\/\\\/www.eldiario.net\\\/portal\"],\"url\":\"https:\\\/\\\/www.eldiario.net\\\/portal\\\/author\\\/jeanette\\\/\"}]}<\/script>\n<!-- \/ Yoast SEO plugin. -->","yoast_head_json":{"title":"Cadetes heridos egresar\u00e1n junto a su promoci\u00f3n - El Diario - Bolivia","robots":{"index":"index","follow":"follow","max-snippet":"max-snippet:-1","max-image-preview":"max-image-preview:large","max-video-preview":"max-video-preview:-1"},"canonical":"https:\/\/www.eldiario.net\/portal\/2023\/05\/12\/cadetes-heridos-egresaran-junto-a-su-promocion\/","og_locale":"es_ES","og_type":"article","og_title":"Cadetes heridos egresar\u00e1n junto a su promoci\u00f3n - El Diario - Bolivia","og_description":"Los cadetes del Colegio Militar Cristhian L\u00f3pez Viamont y Herlan Condori Calle podr\u00e1n egresar en diciembre junto al resto de su promoci\u00f3n y tendr\u00e1n la opci\u00f3n de estudiar la carrera de deseen en la Escuela Militar de Ingenier\u00eda (EMI), inform\u00f3 a Erbol el comandante del Ej\u00e9rcito, general Juan Jos\u00e9 Z\u00fa\u00f1iga. La decisi\u00f3n fue asumida tras [&hellip;]","og_url":"https:\/\/www.eldiario.net\/portal\/2023\/05\/12\/cadetes-heridos-egresaran-junto-a-su-promocion\/","og_site_name":"El Diario - Bolivia","article_publisher":"https:\/\/www.facebook.com\/eldiario.bolivia\/","article_published_time":"2023-05-12T10:35:38+00:00","author":"Jeanette","twitter_card":"summary_large_image","twitter_creator":"@eldiario_net","twitter_site":"@eldiario_net","twitter_misc":{"Escrito por":"Jeanette","Tiempo de lectura":"2 minutos"},"schema":{"@context":"https:\/\/schema.org","@graph":[{"@type":"Article","@id":"https:\/\/www.eldiario.net\/portal\/2023\/05\/12\/cadetes-heridos-egresaran-junto-a-su-promocion\/#article","isPartOf":{"@id":"https:\/\/www.eldiario.net\/portal\/2023\/05\/12\/cadetes-heridos-egresaran-junto-a-su-promocion\/"},"author":{"name":"Jeanette","@id":"https:\/\/www.eldiario.net\/portal\/#\/schema\/person\/2c57cf2b7a7ae032e449e4c9b1019eac"},"headline":"Cadetes heridos egresar\u00e1n junto a su promoci\u00f3n","datePublished":"2023-05-12T10:35:38+00:00","mainEntityOfPage":{"@id":"https:\/\/www.eldiario.net\/portal\/2023\/05\/12\/cadetes-heridos-egresaran-junto-a-su-promocion\/"},"wordCount":409,"publisher":{"@id":"https:\/\/www.eldiario.net\/portal\/#organization"},"image":{"@id":"https:\/\/www.eldiario.net\/portal\/2023\/05\/12\/cadetes-heridos-egresaran-junto-a-su-promocion\/#primaryimage"},"thumbnailUrl":"","articleSection":["Portada"],"inLanguage":"es"},{"@type":"WebPage","@id":"https:\/\/www.eldiario.net\/portal\/2023\/05\/12\/cadetes-heridos-egresaran-junto-a-su-promocion\/","url":"https:\/\/www.eldiario.net\/portal\/2023\/05\/12\/cadetes-heridos-egresaran-junto-a-su-promocion\/","name":"Cadetes heridos egresar\u00e1n junto a su promoci\u00f3n - El Diario - Bolivia","isPartOf":{"@id":"https:\/\/www.eldiario.net\/portal\/#website"},"primaryImageOfPage":{"@id":"https:\/\/www.eldiario.net\/portal\/2023\/05\/12\/cadetes-heridos-egresaran-junto-a-su-promocion\/#primaryimage"},"image":{"@id":"https:\/\/www.eldiario.net\/portal\/2023\/05\/12\/cadetes-heridos-egresaran-junto-a-su-promocion\/#primaryimage"},"thumbnailUrl":"","datePublished":"2023-05-12T10:35:38+00:00","breadcrumb":{"@id":"https:\/\/www.eldiario.net\/portal\/2023\/05\/12\/cadetes-heridos-egresaran-junto-a-su-promocion\/#breadcrumb"},"inLanguage":"es","potentialAction":[{"@type":"ReadAction","target":["https:\/\/www.eldiario.net\/portal\/2023\/05\/12\/cadetes-heridos-egresaran-junto-a-su-promocion\/"]}]},{"@type":"ImageObject","inLanguage":"es","@id":"https:\/\/www.eldiario.net\/portal\/2023\/05\/12\/cadetes-heridos-egresaran-junto-a-su-promocion\/#primaryimage","url":"","contentUrl":""},{"@type":"BreadcrumbList","@id":"https:\/\/www.eldiario.net\/portal\/2023\/05\/12\/cadetes-heridos-egresaran-junto-a-su-promocion\/#breadcrumb","itemListElement":[{"@type":"ListItem","position":1,"name":"Portada","item":"https:\/\/www.eldiario.net\/portal\/"},{"@type":"ListItem","position":2,"name":"Cadetes heridos egresar\u00e1n junto a su promoci\u00f3n"}]},{"@type":"WebSite","@id":"https:\/\/www.eldiario.net\/portal\/#website","url":"https:\/\/www.eldiario.net\/portal\/","name":"El Diario - Decano de la prensa nacional","description":"El Diario - Decano de la prensa nacional","publisher":{"@id":"https:\/\/www.eldiario.net\/portal\/#organization"},"potentialAction":[{"@type":"SearchAction","target":{"@type":"EntryPoint","urlTemplate":"https:\/\/www.eldiario.net\/portal\/?s={search_term_string}"},"query-input":{"@type":"PropertyValueSpecification","valueRequired":true,"valueName":"search_term_string"}}],"inLanguage":"es"},{"@type":"Organization","@id":"https:\/\/www.eldiario.net\/portal\/#organization","name":"El Diario - Decano de la prensa nacional","url":"https:\/\/www.eldiario.net\/portal\/","logo":{"@type":"ImageObject","inLanguage":"es","@id":"https:\/\/www.eldiario.net\/portal\/#\/schema\/logo\/image\/","url":"https:\/\/www.eldiario.net\/portal\/wp-content\/uploads\/2023\/07\/logo_ED.jpg","contentUrl":"https:\/\/www.eldiario.net\/portal\/wp-content\/uploads\/2023\/07\/logo_ED.jpg","width":272,"height":52,"caption":"El Diario - Decano de la prensa nacional"},"image":{"@id":"https:\/\/www.eldiario.net\/portal\/#\/schema\/logo\/image\/"},"sameAs":["https:\/\/www.facebook.com\/eldiario.bolivia\/","https:\/\/x.com\/eldiario_net"]},{"@type":"Person","@id":"https:\/\/www.eldiario.net\/portal\/#\/schema\/person\/2c57cf2b7a7ae032e449e4c9b1019eac","name":"Jeanette","image":{"@type":"ImageObject","inLanguage":"es","@id":"https:\/\/secure.gravatar.com\/avatar\/3ea2118a5f7dad2b7138b1187a6b7ee55f160b9968b66013c3a3ef39dd7e5798?s=96&d=mm&r=g","url":"https:\/\/secure.gravatar.com\/avatar\/3ea2118a5f7dad2b7138b1187a6b7ee55f160b9968b66013c3a3ef39dd7e5798?s=96&d=mm&r=g","contentUrl":"https:\/\/secure.gravatar.com\/avatar\/3ea2118a5f7dad2b7138b1187a6b7ee55f160b9968b66013c3a3ef39dd7e5798?s=96&d=mm&r=g","caption":"Jeanette"},"sameAs":["https:\/\/www.eldiario.net\/portal"],"url":"https:\/\/www.eldiario.net\/portal\/author\/jeanette\/"}]}},"_links":{"self":[{"href":"https:\/\/www.eldiario.net\/portal\/wp-json\/wp\/v2\/posts\/153886","targetHints":{"allow":["GET"]}}],"collection":[{"href":"https:\/\/www.eldiario.net\/portal\/wp-json\/wp\/v2\/posts"}],"about":[{"href":"https:\/\/www.eldiario.net\/portal\/wp-json\/wp\/v2\/types\/post"}],"author":[{"embeddable":true,"href":"https:\/\/www.eldiario.net\/portal\/wp-json\/wp\/v2\/users\/1"}],"replies":[{"embeddable":true,"href":"https:\/\/www.eldiario.net\/portal\/wp-json\/wp\/v2\/comments?post=153886"}],"version-history":[{"count":0,"href":"https:\/\/www.eldiario.net\/portal\/wp-json\/wp\/v2\/posts\/153886\/revisions"}],"wp:attachment":[{"href":"https:\/\/www.eldiario.net\/portal\/wp-json\/wp\/v2\/media?parent=153886"}],"wp:term":[{"taxonomy":"category","embeddable":true,"href":"https:\/\/www.eldiario.net\/portal\/wp-json\/wp\/v2\/categories?post=153886"},{"taxonomy":"post_tag","embeddable":true,"href":"https:\/\/www.eldiario.net\/portal\/wp-json\/wp\/v2\/tags?post=153886"}],"curies":[{"name":"wp","href":"https:\/\/api.w.org\/{rel}","templated":true}]}}