{"id":153872,"date":"2023-05-12T06:29:27","date_gmt":"2023-05-12T10:29:27","guid":{"rendered":"https:\/\/www.eldiario.net\/portal\/?p=153872"},"modified":"2023-05-12T06:29:27","modified_gmt":"2023-05-12T10:29:27","slug":"aprehenden-a-funcionaria-del-ministerio-de-agua","status":"publish","type":"post","link":"https:\/\/www.eldiario.net\/portal\/2023\/05\/12\/aprehenden-a-funcionaria-del-ministerio-de-agua\/","title":{"rendered":"Aprehenden a funcionaria  del Ministerio de Agua"},"content":{"rendered":"<p>Ver\u00f3nica B., funcionaria del Ministerio de Medio Ambiente y Agua (MMAyA), fue aprehendida al promediar las 13.30 horas de ayer en la ciudad de Pando, por la denuncia de presuntas \u201ccoimas\u201d millonarias que cobr\u00f3 un funcionarios para el ministro Juan Santos Cruz.<br \/>\n\u201cEn horas de la tarde lleg\u00f3 una comisi\u00f3n a la Fiscal\u00eda Departamental donde me informaron que hab\u00edan ejecutado un mandamiento de aprehensi\u00f3n librado en la ciudad de La Paz, nosotros no ten\u00edamos conocimiento de aquello (\u2026). La se\u00f1ora est\u00e1 aprehendida\u201d, dijo el fiscal departamental de Pando, Marco Pe\u00f1aranda a EL DIARIO.<br \/>\nLa funcionaria es investigada por presunto enriquecimiento il\u00edcito a denuncia del Viceministerio de Transparencia.<br \/>\nPe\u00f1aranda precis\u00f3 que la mujer podr\u00eda ser trasladada hoy a la ciudad de La Paz.<br \/>\nEl fin de semana, el portal Rimay Pampa, public\u00f3 una nota cuya fuente era el encargado de negociar con empresas adjudicatarias de obras y que realiz\u00f3 diferentes entregas de dinero al ministro del MMAyA, Juan Santos Cruz, de las presuntas \u201ccoimas\u201d que cobr\u00f3.<br \/>\n\u201cApenas asumi\u00f3 el Ministerio de Medio Ambiente y Agua, en noviembre de 2020, me ofreci\u00f3 una direcci\u00f3n y me pidi\u00f3 que me encargue de negociar las obras. Desde aquella fecha hasta enero de 2023, calculo que recaud\u00e9 alrededor de Bs 19 millones en coimas para el ministro. Por ahora, no dir\u00e9 mi identidad por miedo a las represalias contra mi persona y mi familia, pero dir\u00e9 todo lo que hice y vi\u201d, se\u00f1ala la nota de Rimay Pampa.<br \/>\nEl denunciante dijo que la primera obra que el ministerio adjudic\u00f3 fue la construcci\u00f3n del alcantarillado en el Distrito 6 de Viacha, en La Paz. En junio de 2021, \u201cel ministro me dijo que pida un 8% de comisi\u00f3n. Yo me negu\u00e9\u201d, relat\u00f3 y luego dijo que acordaron pedir solo el 3%.<br \/>\nLa empresa adjudicataria del alcantarillado supuestamente hizo un aporte del 1% antes de ganar el proceso. La obra ten\u00eda un costo Bs 78 millones, para cerrar el negocio pag\u00f3 Bs 780.000. La fuente detall\u00f3 c\u00f3mo se hizo la entrega de dinero: un hombre, con iniciales R. A., le entreg\u00f3 en efectivo Bs 1,5 millones. La entrega se habr\u00eda realizado en una casa alquilada sobre la calle Ingavi, cerca de la plaza Riosinho, en la ciudad de La Paz. \u201cMe dio el total del dinero en una mochila. En total, la comisi\u00f3n sum\u00f3 los Bs 2.340.000, revel\u00f3 el denunciante.<\/p>\n<p>PALOS BLANCOS<br \/>\nEn marzo de 2023, el diputado del Movimiento al Socialismo (MAS), Gualberto Arispe, denunci\u00f3 que Juan Santos Cruz, usaba \u201cpalos blancos\u201d para la compra y venta de inmuebles; adem\u00e1s, de realizar los cobros irregulares.<br \/>\n\u201cHay denuncias a la se\u00f1ora Viviana B., funcionaria del ministerio, y al sobrino (del ministro), Jhonny S., recibiendo dineros. En los chats tenemos m\u00e1s de 60 p\u00e1ginas y claramente se\u00f1ala son mensajes del ministro. \u2018Es mi cuenta en d\u00f3lares, por lo menos $us 1.000\u2019, (le dice) a la persona que opera para que pueda hacer esos cobros y dem\u00e1s. Hay mucho por indagar en este tema\u201d, denunci\u00f3 Arispe el 21 de marzo de 2023.<br \/>\nEn la oportunidad, Arispe mostr\u00f3 fotograf\u00edas de los bienes inmuebles que presuntamente fueron adquiridos por familiares del ministro y funcionarios del MMAyA con el dinero de las \u201ccomisiones\u201d que ped\u00edan a las empresas con las que \u201cnegociaban\u201d las adjudicaciones de obras.<br \/>\n\u201cAqu\u00ed est\u00e1n los n\u00fameros de las facturas, las fechas y estos montos indican que ser\u00eda para la refacci\u00f3n de los diferentes bienes a nombre de los palos blancos, como familiares y otras personas. Esos montos econ\u00f3micos suman un total de Bs 653.327. Recursos econ\u00f3micos de d\u00f3nde tiene cuando la se\u00f1ora gana Bs 4.000\u201d, se\u00f1al\u00f3 refiri\u00e9ndose a Viviana B., ahora aprehendida.<\/p>\n<p>INVESTIGACI\u00d3N<br \/>\nEl mi\u00e9rcoles, el fiscal departamental de La Paz, William Alave, inform\u00f3 sobre la admisi\u00f3n de la denuncia por la presunta comisi\u00f3n de corrupci\u00f3n en el Ministerio de Medio Ambiente y Agua, aunque aclar\u00f3 que no es contra el ministro Juan Santos Cruz, quien presuntamente recibi\u00f3 al menos Bs 19 millones por \u201ccoimas\u201d.<br \/>\n\u201c(La demanda) no es en contra del ministro (Juan Santos Cruz), es en contra de dos funcionarios del Ministerio de Aguas. Ya se acept\u00f3 la denuncia\u201d, aclar\u00f3 Alave.<\/p>\n","protected":false},"excerpt":{"rendered":"<p>Ver\u00f3nica B., funcionaria del Ministerio de Medio Ambiente y Agua (MMAyA), fue aprehendida al promediar las 13.30 horas de ayer en la ciudad de Pando, por la denuncia de presuntas \u201ccoimas\u201d millonarias que cobr\u00f3 un funcionarios para el ministro Juan Santos Cruz. \u201cEn horas de la tarde lleg\u00f3 una comisi\u00f3n a la Fiscal\u00eda Departamental donde [&hellip;]<\/p>\n","protected":false},"author":1,"featured_media":153873,"comment_status":"closed","ping_status":"closed","sticky":false,"template":"","format":"standard","meta":{"_acf_changed":false,"footnotes":""},"categories":[39],"tags":[],"class_list":["post-153872","post","type-post","status-publish","format-standard","has-post-thumbnail","category-sociedad"],"acf":{"antetitulo":""},"yoast_head":"<!-- This site is optimized with the Yoast SEO plugin v28.4 - https:\/\/yoast.com\/product\/yoast-seo-wordpress\/ -->\n<title>Aprehenden a funcionaria del Ministerio de Agua - El Diario - Bolivia<\/title>\n<meta name=\"robots\" content=\"index, follow, max-snippet:-1, max-image-preview:large, max-video-preview:-1\" \/>\n<link rel=\"canonical\" href=\"https:\/\/www.eldiario.net\/portal\/2023\/05\/12\/aprehenden-a-funcionaria-del-ministerio-de-agua\/\" \/>\n<meta property=\"og:locale\" content=\"es_ES\" \/>\n<meta property=\"og:type\" content=\"article\" \/>\n<meta property=\"og:title\" content=\"Aprehenden a funcionaria del Ministerio de Agua - El Diario - Bolivia\" \/>\n<meta property=\"og:description\" content=\"Ver\u00f3nica B., funcionaria del Ministerio de Medio Ambiente y Agua (MMAyA), fue aprehendida al promediar las 13.30 horas de ayer en la ciudad de Pando, por la denuncia de presuntas \u201ccoimas\u201d millonarias que cobr\u00f3 un funcionarios para el ministro Juan Santos Cruz. \u201cEn horas de la tarde lleg\u00f3 una comisi\u00f3n a la Fiscal\u00eda Departamental donde [&hellip;]\" \/>\n<meta property=\"og:url\" content=\"https:\/\/www.eldiario.net\/portal\/2023\/05\/12\/aprehenden-a-funcionaria-del-ministerio-de-agua\/\" \/>\n<meta property=\"og:site_name\" content=\"El Diario - Bolivia\" \/>\n<meta property=\"article:publisher\" content=\"https:\/\/www.facebook.com\/eldiario.bolivia\/\" \/>\n<meta property=\"article:published_time\" content=\"2023-05-12T10:29:27+00:00\" \/>\n<meta name=\"author\" content=\"Jeanette\" \/>\n<meta name=\"twitter:card\" content=\"summary_large_image\" \/>\n<meta name=\"twitter:creator\" content=\"@eldiario_net\" \/>\n<meta name=\"twitter:site\" content=\"@eldiario_net\" \/>\n<meta name=\"twitter:label1\" content=\"Escrito por\" \/>\n\t<meta name=\"twitter:data1\" content=\"Jeanette\" \/>\n\t<meta name=\"twitter:label2\" content=\"Tiempo de lectura\" \/>\n\t<meta name=\"twitter:data2\" content=\"4 minutos\" \/>\n<script type=\"application\/ld+json\" class=\"yoast-schema-graph\">{\"@context\":\"https:\\\/\\\/schema.org\",\"@graph\":[{\"@type\":\"Article\",\"@id\":\"https:\\\/\\\/www.eldiario.net\\\/portal\\\/2023\\\/05\\\/12\\\/aprehenden-a-funcionaria-del-ministerio-de-agua\\\/#article\",\"isPartOf\":{\"@id\":\"https:\\\/\\\/www.eldiario.net\\\/portal\\\/2023\\\/05\\\/12\\\/aprehenden-a-funcionaria-del-ministerio-de-agua\\\/\"},\"author\":{\"name\":\"Jeanette\",\"@id\":\"https:\\\/\\\/www.eldiario.net\\\/portal\\\/#\\\/schema\\\/person\\\/2c57cf2b7a7ae032e449e4c9b1019eac\"},\"headline\":\"Aprehenden a funcionaria del Ministerio de Agua\",\"datePublished\":\"2023-05-12T10:29:27+00:00\",\"mainEntityOfPage\":{\"@id\":\"https:\\\/\\\/www.eldiario.net\\\/portal\\\/2023\\\/05\\\/12\\\/aprehenden-a-funcionaria-del-ministerio-de-agua\\\/\"},\"wordCount\":713,\"publisher\":{\"@id\":\"https:\\\/\\\/www.eldiario.net\\\/portal\\\/#organization\"},\"image\":{\"@id\":\"https:\\\/\\\/www.eldiario.net\\\/portal\\\/2023\\\/05\\\/12\\\/aprehenden-a-funcionaria-del-ministerio-de-agua\\\/#primaryimage\"},\"thumbnailUrl\":\"\",\"articleSection\":[\"Sociedad - Seguridad\"],\"inLanguage\":\"es\"},{\"@type\":\"WebPage\",\"@id\":\"https:\\\/\\\/www.eldiario.net\\\/portal\\\/2023\\\/05\\\/12\\\/aprehenden-a-funcionaria-del-ministerio-de-agua\\\/\",\"url\":\"https:\\\/\\\/www.eldiario.net\\\/portal\\\/2023\\\/05\\\/12\\\/aprehenden-a-funcionaria-del-ministerio-de-agua\\\/\",\"name\":\"Aprehenden a funcionaria del Ministerio de Agua - El Diario - Bolivia\",\"isPartOf\":{\"@id\":\"https:\\\/\\\/www.eldiario.net\\\/portal\\\/#website\"},\"primaryImageOfPage\":{\"@id\":\"https:\\\/\\\/www.eldiario.net\\\/portal\\\/2023\\\/05\\\/12\\\/aprehenden-a-funcionaria-del-ministerio-de-agua\\\/#primaryimage\"},\"image\":{\"@id\":\"https:\\\/\\\/www.eldiario.net\\\/portal\\\/2023\\\/05\\\/12\\\/aprehenden-a-funcionaria-del-ministerio-de-agua\\\/#primaryimage\"},\"thumbnailUrl\":\"\",\"datePublished\":\"2023-05-12T10:29:27+00:00\",\"breadcrumb\":{\"@id\":\"https:\\\/\\\/www.eldiario.net\\\/portal\\\/2023\\\/05\\\/12\\\/aprehenden-a-funcionaria-del-ministerio-de-agua\\\/#breadcrumb\"},\"inLanguage\":\"es\",\"potentialAction\":[{\"@type\":\"ReadAction\",\"target\":[\"https:\\\/\\\/www.eldiario.net\\\/portal\\\/2023\\\/05\\\/12\\\/aprehenden-a-funcionaria-del-ministerio-de-agua\\\/\"]}]},{\"@type\":\"ImageObject\",\"inLanguage\":\"es\",\"@id\":\"https:\\\/\\\/www.eldiario.net\\\/portal\\\/2023\\\/05\\\/12\\\/aprehenden-a-funcionaria-del-ministerio-de-agua\\\/#primaryimage\",\"url\":\"\",\"contentUrl\":\"\"},{\"@type\":\"BreadcrumbList\",\"@id\":\"https:\\\/\\\/www.eldiario.net\\\/portal\\\/2023\\\/05\\\/12\\\/aprehenden-a-funcionaria-del-ministerio-de-agua\\\/#breadcrumb\",\"itemListElement\":[{\"@type\":\"ListItem\",\"position\":1,\"name\":\"Portada\",\"item\":\"https:\\\/\\\/www.eldiario.net\\\/portal\\\/\"},{\"@type\":\"ListItem\",\"position\":2,\"name\":\"Aprehenden a funcionaria del Ministerio de Agua\"}]},{\"@type\":\"WebSite\",\"@id\":\"https:\\\/\\\/www.eldiario.net\\\/portal\\\/#website\",\"url\":\"https:\\\/\\\/www.eldiario.net\\\/portal\\\/\",\"name\":\"El Diario - Decano de la prensa nacional\",\"description\":\"El Diario - Decano de la prensa nacional\",\"publisher\":{\"@id\":\"https:\\\/\\\/www.eldiario.net\\\/portal\\\/#organization\"},\"potentialAction\":[{\"@type\":\"SearchAction\",\"target\":{\"@type\":\"EntryPoint\",\"urlTemplate\":\"https:\\\/\\\/www.eldiario.net\\\/portal\\\/?s={search_term_string}\"},\"query-input\":{\"@type\":\"PropertyValueSpecification\",\"valueRequired\":true,\"valueName\":\"search_term_string\"}}],\"inLanguage\":\"es\"},{\"@type\":\"Organization\",\"@id\":\"https:\\\/\\\/www.eldiario.net\\\/portal\\\/#organization\",\"name\":\"El Diario - Decano de la prensa nacional\",\"url\":\"https:\\\/\\\/www.eldiario.net\\\/portal\\\/\",\"logo\":{\"@type\":\"ImageObject\",\"inLanguage\":\"es\",\"@id\":\"https:\\\/\\\/www.eldiario.net\\\/portal\\\/#\\\/schema\\\/logo\\\/image\\\/\",\"url\":\"https:\\\/\\\/www.eldiario.net\\\/portal\\\/wp-content\\\/uploads\\\/2023\\\/07\\\/logo_ED.jpg\",\"contentUrl\":\"https:\\\/\\\/www.eldiario.net\\\/portal\\\/wp-content\\\/uploads\\\/2023\\\/07\\\/logo_ED.jpg\",\"width\":272,\"height\":52,\"caption\":\"El Diario - Decano de la prensa nacional\"},\"image\":{\"@id\":\"https:\\\/\\\/www.eldiario.net\\\/portal\\\/#\\\/schema\\\/logo\\\/image\\\/\"},\"sameAs\":[\"https:\\\/\\\/www.facebook.com\\\/eldiario.bolivia\\\/\",\"https:\\\/\\\/x.com\\\/eldiario_net\"]},{\"@type\":\"Person\",\"@id\":\"https:\\\/\\\/www.eldiario.net\\\/portal\\\/#\\\/schema\\\/person\\\/2c57cf2b7a7ae032e449e4c9b1019eac\",\"name\":\"Jeanette\",\"image\":{\"@type\":\"ImageObject\",\"inLanguage\":\"es\",\"@id\":\"https:\\\/\\\/secure.gravatar.com\\\/avatar\\\/3ea2118a5f7dad2b7138b1187a6b7ee55f160b9968b66013c3a3ef39dd7e5798?s=96&d=mm&r=g\",\"url\":\"https:\\\/\\\/secure.gravatar.com\\\/avatar\\\/3ea2118a5f7dad2b7138b1187a6b7ee55f160b9968b66013c3a3ef39dd7e5798?s=96&d=mm&r=g\",\"contentUrl\":\"https:\\\/\\\/secure.gravatar.com\\\/avatar\\\/3ea2118a5f7dad2b7138b1187a6b7ee55f160b9968b66013c3a3ef39dd7e5798?s=96&d=mm&r=g\",\"caption\":\"Jeanette\"},\"sameAs\":[\"https:\\\/\\\/www.eldiario.net\\\/portal\"],\"url\":\"https:\\\/\\\/www.eldiario.net\\\/portal\\\/author\\\/jeanette\\\/\"}]}<\/script>\n<!-- \/ Yoast SEO plugin. -->","yoast_head_json":{"title":"Aprehenden a funcionaria del Ministerio de Agua - El Diario - Bolivia","robots":{"index":"index","follow":"follow","max-snippet":"max-snippet:-1","max-image-preview":"max-image-preview:large","max-video-preview":"max-video-preview:-1"},"canonical":"https:\/\/www.eldiario.net\/portal\/2023\/05\/12\/aprehenden-a-funcionaria-del-ministerio-de-agua\/","og_locale":"es_ES","og_type":"article","og_title":"Aprehenden a funcionaria del Ministerio de Agua - El Diario - Bolivia","og_description":"Ver\u00f3nica B., funcionaria del Ministerio de Medio Ambiente y Agua (MMAyA), fue aprehendida al promediar las 13.30 horas de ayer en la ciudad de Pando, por la denuncia de presuntas \u201ccoimas\u201d millonarias que cobr\u00f3 un funcionarios para el ministro Juan Santos Cruz. \u201cEn horas de la tarde lleg\u00f3 una comisi\u00f3n a la Fiscal\u00eda Departamental donde [&hellip;]","og_url":"https:\/\/www.eldiario.net\/portal\/2023\/05\/12\/aprehenden-a-funcionaria-del-ministerio-de-agua\/","og_site_name":"El Diario - Bolivia","article_publisher":"https:\/\/www.facebook.com\/eldiario.bolivia\/","article_published_time":"2023-05-12T10:29:27+00:00","author":"Jeanette","twitter_card":"summary_large_image","twitter_creator":"@eldiario_net","twitter_site":"@eldiario_net","twitter_misc":{"Escrito por":"Jeanette","Tiempo de lectura":"4 minutos"},"schema":{"@context":"https:\/\/schema.org","@graph":[{"@type":"Article","@id":"https:\/\/www.eldiario.net\/portal\/2023\/05\/12\/aprehenden-a-funcionaria-del-ministerio-de-agua\/#article","isPartOf":{"@id":"https:\/\/www.eldiario.net\/portal\/2023\/05\/12\/aprehenden-a-funcionaria-del-ministerio-de-agua\/"},"author":{"name":"Jeanette","@id":"https:\/\/www.eldiario.net\/portal\/#\/schema\/person\/2c57cf2b7a7ae032e449e4c9b1019eac"},"headline":"Aprehenden a funcionaria del Ministerio de Agua","datePublished":"2023-05-12T10:29:27+00:00","mainEntityOfPage":{"@id":"https:\/\/www.eldiario.net\/portal\/2023\/05\/12\/aprehenden-a-funcionaria-del-ministerio-de-agua\/"},"wordCount":713,"publisher":{"@id":"https:\/\/www.eldiario.net\/portal\/#organization"},"image":{"@id":"https:\/\/www.eldiario.net\/portal\/2023\/05\/12\/aprehenden-a-funcionaria-del-ministerio-de-agua\/#primaryimage"},"thumbnailUrl":"","articleSection":["Sociedad - Seguridad"],"inLanguage":"es"},{"@type":"WebPage","@id":"https:\/\/www.eldiario.net\/portal\/2023\/05\/12\/aprehenden-a-funcionaria-del-ministerio-de-agua\/","url":"https:\/\/www.eldiario.net\/portal\/2023\/05\/12\/aprehenden-a-funcionaria-del-ministerio-de-agua\/","name":"Aprehenden a funcionaria del Ministerio de Agua - El Diario - Bolivia","isPartOf":{"@id":"https:\/\/www.eldiario.net\/portal\/#website"},"primaryImageOfPage":{"@id":"https:\/\/www.eldiario.net\/portal\/2023\/05\/12\/aprehenden-a-funcionaria-del-ministerio-de-agua\/#primaryimage"},"image":{"@id":"https:\/\/www.eldiario.net\/portal\/2023\/05\/12\/aprehenden-a-funcionaria-del-ministerio-de-agua\/#primaryimage"},"thumbnailUrl":"","datePublished":"2023-05-12T10:29:27+00:00","breadcrumb":{"@id":"https:\/\/www.eldiario.net\/portal\/2023\/05\/12\/aprehenden-a-funcionaria-del-ministerio-de-agua\/#breadcrumb"},"inLanguage":"es","potentialAction":[{"@type":"ReadAction","target":["https:\/\/www.eldiario.net\/portal\/2023\/05\/12\/aprehenden-a-funcionaria-del-ministerio-de-agua\/"]}]},{"@type":"ImageObject","inLanguage":"es","@id":"https:\/\/www.eldiario.net\/portal\/2023\/05\/12\/aprehenden-a-funcionaria-del-ministerio-de-agua\/#primaryimage","url":"","contentUrl":""},{"@type":"BreadcrumbList","@id":"https:\/\/www.eldiario.net\/portal\/2023\/05\/12\/aprehenden-a-funcionaria-del-ministerio-de-agua\/#breadcrumb","itemListElement":[{"@type":"ListItem","position":1,"name":"Portada","item":"https:\/\/www.eldiario.net\/portal\/"},{"@type":"ListItem","position":2,"name":"Aprehenden a funcionaria del Ministerio de Agua"}]},{"@type":"WebSite","@id":"https:\/\/www.eldiario.net\/portal\/#website","url":"https:\/\/www.eldiario.net\/portal\/","name":"El Diario - Decano de la prensa nacional","description":"El Diario - Decano de la prensa nacional","publisher":{"@id":"https:\/\/www.eldiario.net\/portal\/#organization"},"potentialAction":[{"@type":"SearchAction","target":{"@type":"EntryPoint","urlTemplate":"https:\/\/www.eldiario.net\/portal\/?s={search_term_string}"},"query-input":{"@type":"PropertyValueSpecification","valueRequired":true,"valueName":"search_term_string"}}],"inLanguage":"es"},{"@type":"Organization","@id":"https:\/\/www.eldiario.net\/portal\/#organization","name":"El Diario - Decano de la prensa nacional","url":"https:\/\/www.eldiario.net\/portal\/","logo":{"@type":"ImageObject","inLanguage":"es","@id":"https:\/\/www.eldiario.net\/portal\/#\/schema\/logo\/image\/","url":"https:\/\/www.eldiario.net\/portal\/wp-content\/uploads\/2023\/07\/logo_ED.jpg","contentUrl":"https:\/\/www.eldiario.net\/portal\/wp-content\/uploads\/2023\/07\/logo_ED.jpg","width":272,"height":52,"caption":"El Diario - Decano de la prensa nacional"},"image":{"@id":"https:\/\/www.eldiario.net\/portal\/#\/schema\/logo\/image\/"},"sameAs":["https:\/\/www.facebook.com\/eldiario.bolivia\/","https:\/\/x.com\/eldiario_net"]},{"@type":"Person","@id":"https:\/\/www.eldiario.net\/portal\/#\/schema\/person\/2c57cf2b7a7ae032e449e4c9b1019eac","name":"Jeanette","image":{"@type":"ImageObject","inLanguage":"es","@id":"https:\/\/secure.gravatar.com\/avatar\/3ea2118a5f7dad2b7138b1187a6b7ee55f160b9968b66013c3a3ef39dd7e5798?s=96&d=mm&r=g","url":"https:\/\/secure.gravatar.com\/avatar\/3ea2118a5f7dad2b7138b1187a6b7ee55f160b9968b66013c3a3ef39dd7e5798?s=96&d=mm&r=g","contentUrl":"https:\/\/secure.gravatar.com\/avatar\/3ea2118a5f7dad2b7138b1187a6b7ee55f160b9968b66013c3a3ef39dd7e5798?s=96&d=mm&r=g","caption":"Jeanette"},"sameAs":["https:\/\/www.eldiario.net\/portal"],"url":"https:\/\/www.eldiario.net\/portal\/author\/jeanette\/"}]}},"_links":{"self":[{"href":"https:\/\/www.eldiario.net\/portal\/wp-json\/wp\/v2\/posts\/153872","targetHints":{"allow":["GET"]}}],"collection":[{"href":"https:\/\/www.eldiario.net\/portal\/wp-json\/wp\/v2\/posts"}],"about":[{"href":"https:\/\/www.eldiario.net\/portal\/wp-json\/wp\/v2\/types\/post"}],"author":[{"embeddable":true,"href":"https:\/\/www.eldiario.net\/portal\/wp-json\/wp\/v2\/users\/1"}],"replies":[{"embeddable":true,"href":"https:\/\/www.eldiario.net\/portal\/wp-json\/wp\/v2\/comments?post=153872"}],"version-history":[{"count":0,"href":"https:\/\/www.eldiario.net\/portal\/wp-json\/wp\/v2\/posts\/153872\/revisions"}],"wp:attachment":[{"href":"https:\/\/www.eldiario.net\/portal\/wp-json\/wp\/v2\/media?parent=153872"}],"wp:term":[{"taxonomy":"category","embeddable":true,"href":"https:\/\/www.eldiario.net\/portal\/wp-json\/wp\/v2\/categories?post=153872"},{"taxonomy":"post_tag","embeddable":true,"href":"https:\/\/www.eldiario.net\/portal\/wp-json\/wp\/v2\/tags?post=153872"}],"curies":[{"name":"wp","href":"https:\/\/api.w.org\/{rel}","templated":true}]}}