{"id":153867,"date":"2023-05-12T06:28:11","date_gmt":"2023-05-12T10:28:11","guid":{"rendered":"https:\/\/www.eldiario.net\/portal\/?p=153867"},"modified":"2023-05-12T06:28:11","modified_gmt":"2023-05-12T10:28:11","slug":"concejala-debe-responder-24-puntos-relacionados-con-om-046","status":"publish","type":"post","link":"https:\/\/www.eldiario.net\/portal\/2023\/05\/12\/concejala-debe-responder-24-puntos-relacionados-con-om-046\/","title":{"rendered":"Concejala debe responder 24  puntos relacionados con OM 046"},"content":{"rendered":"<p>La Sala Cuarta del Tribunal Constitucional determin\u00f3 ayer que la concejala Luc\u00eda Mamani Salas debe dar respuesta, en cinco d\u00edas h\u00e1biles, a 24 puntos vinculados con aspectos t\u00e9cnicos de construcciones ilegales en la ciudad de La Paz, que quisieron ser normalizadas con la Ordenanza Municipal (OM) 046, que ya fue derogada.<br \/>\nEl fallo se dio ayer en la audiencia del Amparo Constitucional que present\u00f3 el excandidato a la Alcald\u00eda de La Paz, C\u00e9sar Dockweiler, que busca transparentar todo lo que estuvo detr\u00e1s de la OM 046.<br \/>\n\u201cNotamos que la proyectista no hab\u00eda cumplido con el procedimiento para iniciar una OM de esa naturaleza, sin embargo, para darle oportunidad, para que demuestre lo contrario le pedimos informaci\u00f3n a trav\u00e9s de cartas, lamentablemente nunca contest\u00f3 y apelamos a un tribunal de garant\u00edas para que act\u00fae de acuerdo a ley\u201d, dijo Dockweiler, en anterior entrevista con EL DIARIO.<br \/>\nEn la audiencia, Dockweiler argument\u00f3 su derecho a la petici\u00f3n de informes al ente municipal en el marco del control social, indicando que \u00e9stos hab\u00edan sido vulnerados por la concejal Mamani, quien hizo caso omiso a su demanda y que la respuesta que dio fue muy tard\u00eda y evasiva a las preguntas formuladas.<br \/>\nPor su parte, la defensa de Mamani indic\u00f3 que respondi\u00f3 a las cartas de Dockweiler en dependencias del SITRAN y que no ameritada dar detalles de las consultas porque la OM 046 fue abrogada, adem\u00e1s que no present\u00f3 personer\u00eda jur\u00eddica de representaci\u00f3n del Foro para el Desarrollo de La Paz.<\/p>\n<p>ORDENANZA MUNICIPAL<br \/>\nEl 9 de septiembre de 2022, las concejalas Luc\u00eda Mamani, Lourdes Chambilla y sus colegas \u00d3scar Sogliano, Lucio Quispe y Pierre Cha\u00edn, aprobaron la OM 046\/2022, que permit\u00eda construcciones que no contemplan par\u00e1metros m\u00ednimos necesarios para la planificaci\u00f3n urbana.<br \/>\nEl concejal por el Movimiento al Socialismo (MAS) y vicepresidente del Concejo Municipal, Javier Escalier fue quien firm\u00f3 la aprobaci\u00f3n de esta normativa, en ausencia \u2013denunci\u00f3 \u00e9l- de la presidenta Yelka Maric.<\/p>\n","protected":false},"excerpt":{"rendered":"<p>La Sala Cuarta del Tribunal Constitucional determin\u00f3 ayer que la concejala Luc\u00eda Mamani Salas debe dar respuesta, en cinco d\u00edas h\u00e1biles, a 24 puntos vinculados con aspectos t\u00e9cnicos de construcciones ilegales en la ciudad de La Paz, que quisieron ser normalizadas con la Ordenanza Municipal (OM) 046, que ya fue derogada. El fallo se dio [&hellip;]<\/p>\n","protected":false},"author":1,"featured_media":153868,"comment_status":"closed","ping_status":"closed","sticky":false,"template":"","format":"standard","meta":{"_acf_changed":false,"footnotes":""},"categories":[39],"tags":[],"class_list":["post-153867","post","type-post","status-publish","format-standard","has-post-thumbnail","category-sociedad"],"acf":{"antetitulo":""},"yoast_head":"<!-- This site is optimized with the Yoast SEO plugin v28.4 - https:\/\/yoast.com\/product\/yoast-seo-wordpress\/ -->\n<title>Concejala debe responder 24 puntos relacionados con OM 046 - El Diario - Bolivia<\/title>\n<meta name=\"robots\" content=\"index, follow, max-snippet:-1, max-image-preview:large, max-video-preview:-1\" \/>\n<link rel=\"canonical\" href=\"https:\/\/www.eldiario.net\/portal\/2023\/05\/12\/concejala-debe-responder-24-puntos-relacionados-con-om-046\/\" \/>\n<meta property=\"og:locale\" content=\"es_ES\" \/>\n<meta property=\"og:type\" content=\"article\" \/>\n<meta property=\"og:title\" content=\"Concejala debe responder 24 puntos relacionados con OM 046 - El Diario - Bolivia\" \/>\n<meta property=\"og:description\" content=\"La Sala Cuarta del Tribunal Constitucional determin\u00f3 ayer que la concejala Luc\u00eda Mamani Salas debe dar respuesta, en cinco d\u00edas h\u00e1biles, a 24 puntos vinculados con aspectos t\u00e9cnicos de construcciones ilegales en la ciudad de La Paz, que quisieron ser normalizadas con la Ordenanza Municipal (OM) 046, que ya fue derogada. El fallo se dio [&hellip;]\" \/>\n<meta property=\"og:url\" content=\"https:\/\/www.eldiario.net\/portal\/2023\/05\/12\/concejala-debe-responder-24-puntos-relacionados-con-om-046\/\" \/>\n<meta property=\"og:site_name\" content=\"El Diario - Bolivia\" \/>\n<meta property=\"article:publisher\" content=\"https:\/\/www.facebook.com\/eldiario.bolivia\/\" \/>\n<meta property=\"article:published_time\" content=\"2023-05-12T10:28:11+00:00\" \/>\n<meta name=\"author\" content=\"Jeanette\" \/>\n<meta name=\"twitter:card\" content=\"summary_large_image\" \/>\n<meta name=\"twitter:creator\" content=\"@eldiario_net\" \/>\n<meta name=\"twitter:site\" content=\"@eldiario_net\" \/>\n<meta name=\"twitter:label1\" content=\"Escrito por\" \/>\n\t<meta name=\"twitter:data1\" content=\"Jeanette\" \/>\n\t<meta name=\"twitter:label2\" content=\"Tiempo de lectura\" \/>\n\t<meta name=\"twitter:data2\" content=\"2 minutos\" \/>\n<script type=\"application\/ld+json\" class=\"yoast-schema-graph\">{\"@context\":\"https:\\\/\\\/schema.org\",\"@graph\":[{\"@type\":\"Article\",\"@id\":\"https:\\\/\\\/www.eldiario.net\\\/portal\\\/2023\\\/05\\\/12\\\/concejala-debe-responder-24-puntos-relacionados-con-om-046\\\/#article\",\"isPartOf\":{\"@id\":\"https:\\\/\\\/www.eldiario.net\\\/portal\\\/2023\\\/05\\\/12\\\/concejala-debe-responder-24-puntos-relacionados-con-om-046\\\/\"},\"author\":{\"name\":\"Jeanette\",\"@id\":\"https:\\\/\\\/www.eldiario.net\\\/portal\\\/#\\\/schema\\\/person\\\/2c57cf2b7a7ae032e449e4c9b1019eac\"},\"headline\":\"Concejala debe responder 24 puntos relacionados con OM 046\",\"datePublished\":\"2023-05-12T10:28:11+00:00\",\"mainEntityOfPage\":{\"@id\":\"https:\\\/\\\/www.eldiario.net\\\/portal\\\/2023\\\/05\\\/12\\\/concejala-debe-responder-24-puntos-relacionados-con-om-046\\\/\"},\"wordCount\":347,\"publisher\":{\"@id\":\"https:\\\/\\\/www.eldiario.net\\\/portal\\\/#organization\"},\"image\":{\"@id\":\"https:\\\/\\\/www.eldiario.net\\\/portal\\\/2023\\\/05\\\/12\\\/concejala-debe-responder-24-puntos-relacionados-con-om-046\\\/#primaryimage\"},\"thumbnailUrl\":\"\",\"articleSection\":[\"Sociedad - Seguridad\"],\"inLanguage\":\"es\"},{\"@type\":\"WebPage\",\"@id\":\"https:\\\/\\\/www.eldiario.net\\\/portal\\\/2023\\\/05\\\/12\\\/concejala-debe-responder-24-puntos-relacionados-con-om-046\\\/\",\"url\":\"https:\\\/\\\/www.eldiario.net\\\/portal\\\/2023\\\/05\\\/12\\\/concejala-debe-responder-24-puntos-relacionados-con-om-046\\\/\",\"name\":\"Concejala debe responder 24 puntos relacionados con OM 046 - El Diario - Bolivia\",\"isPartOf\":{\"@id\":\"https:\\\/\\\/www.eldiario.net\\\/portal\\\/#website\"},\"primaryImageOfPage\":{\"@id\":\"https:\\\/\\\/www.eldiario.net\\\/portal\\\/2023\\\/05\\\/12\\\/concejala-debe-responder-24-puntos-relacionados-con-om-046\\\/#primaryimage\"},\"image\":{\"@id\":\"https:\\\/\\\/www.eldiario.net\\\/portal\\\/2023\\\/05\\\/12\\\/concejala-debe-responder-24-puntos-relacionados-con-om-046\\\/#primaryimage\"},\"thumbnailUrl\":\"\",\"datePublished\":\"2023-05-12T10:28:11+00:00\",\"breadcrumb\":{\"@id\":\"https:\\\/\\\/www.eldiario.net\\\/portal\\\/2023\\\/05\\\/12\\\/concejala-debe-responder-24-puntos-relacionados-con-om-046\\\/#breadcrumb\"},\"inLanguage\":\"es\",\"potentialAction\":[{\"@type\":\"ReadAction\",\"target\":[\"https:\\\/\\\/www.eldiario.net\\\/portal\\\/2023\\\/05\\\/12\\\/concejala-debe-responder-24-puntos-relacionados-con-om-046\\\/\"]}]},{\"@type\":\"ImageObject\",\"inLanguage\":\"es\",\"@id\":\"https:\\\/\\\/www.eldiario.net\\\/portal\\\/2023\\\/05\\\/12\\\/concejala-debe-responder-24-puntos-relacionados-con-om-046\\\/#primaryimage\",\"url\":\"\",\"contentUrl\":\"\"},{\"@type\":\"BreadcrumbList\",\"@id\":\"https:\\\/\\\/www.eldiario.net\\\/portal\\\/2023\\\/05\\\/12\\\/concejala-debe-responder-24-puntos-relacionados-con-om-046\\\/#breadcrumb\",\"itemListElement\":[{\"@type\":\"ListItem\",\"position\":1,\"name\":\"Portada\",\"item\":\"https:\\\/\\\/www.eldiario.net\\\/portal\\\/\"},{\"@type\":\"ListItem\",\"position\":2,\"name\":\"Concejala debe responder 24 puntos relacionados con OM 046\"}]},{\"@type\":\"WebSite\",\"@id\":\"https:\\\/\\\/www.eldiario.net\\\/portal\\\/#website\",\"url\":\"https:\\\/\\\/www.eldiario.net\\\/portal\\\/\",\"name\":\"El Diario - Decano de la prensa nacional\",\"description\":\"El Diario - Decano de la prensa nacional\",\"publisher\":{\"@id\":\"https:\\\/\\\/www.eldiario.net\\\/portal\\\/#organization\"},\"potentialAction\":[{\"@type\":\"SearchAction\",\"target\":{\"@type\":\"EntryPoint\",\"urlTemplate\":\"https:\\\/\\\/www.eldiario.net\\\/portal\\\/?s={search_term_string}\"},\"query-input\":{\"@type\":\"PropertyValueSpecification\",\"valueRequired\":true,\"valueName\":\"search_term_string\"}}],\"inLanguage\":\"es\"},{\"@type\":\"Organization\",\"@id\":\"https:\\\/\\\/www.eldiario.net\\\/portal\\\/#organization\",\"name\":\"El Diario - Decano de la prensa nacional\",\"url\":\"https:\\\/\\\/www.eldiario.net\\\/portal\\\/\",\"logo\":{\"@type\":\"ImageObject\",\"inLanguage\":\"es\",\"@id\":\"https:\\\/\\\/www.eldiario.net\\\/portal\\\/#\\\/schema\\\/logo\\\/image\\\/\",\"url\":\"https:\\\/\\\/www.eldiario.net\\\/portal\\\/wp-content\\\/uploads\\\/2023\\\/07\\\/logo_ED.jpg\",\"contentUrl\":\"https:\\\/\\\/www.eldiario.net\\\/portal\\\/wp-content\\\/uploads\\\/2023\\\/07\\\/logo_ED.jpg\",\"width\":272,\"height\":52,\"caption\":\"El Diario - Decano de la prensa nacional\"},\"image\":{\"@id\":\"https:\\\/\\\/www.eldiario.net\\\/portal\\\/#\\\/schema\\\/logo\\\/image\\\/\"},\"sameAs\":[\"https:\\\/\\\/www.facebook.com\\\/eldiario.bolivia\\\/\",\"https:\\\/\\\/x.com\\\/eldiario_net\"]},{\"@type\":\"Person\",\"@id\":\"https:\\\/\\\/www.eldiario.net\\\/portal\\\/#\\\/schema\\\/person\\\/2c57cf2b7a7ae032e449e4c9b1019eac\",\"name\":\"Jeanette\",\"image\":{\"@type\":\"ImageObject\",\"inLanguage\":\"es\",\"@id\":\"https:\\\/\\\/secure.gravatar.com\\\/avatar\\\/3ea2118a5f7dad2b7138b1187a6b7ee55f160b9968b66013c3a3ef39dd7e5798?s=96&d=mm&r=g\",\"url\":\"https:\\\/\\\/secure.gravatar.com\\\/avatar\\\/3ea2118a5f7dad2b7138b1187a6b7ee55f160b9968b66013c3a3ef39dd7e5798?s=96&d=mm&r=g\",\"contentUrl\":\"https:\\\/\\\/secure.gravatar.com\\\/avatar\\\/3ea2118a5f7dad2b7138b1187a6b7ee55f160b9968b66013c3a3ef39dd7e5798?s=96&d=mm&r=g\",\"caption\":\"Jeanette\"},\"sameAs\":[\"https:\\\/\\\/www.eldiario.net\\\/portal\"],\"url\":\"https:\\\/\\\/www.eldiario.net\\\/portal\\\/author\\\/jeanette\\\/\"}]}<\/script>\n<!-- \/ Yoast SEO plugin. -->","yoast_head_json":{"title":"Concejala debe responder 24 puntos relacionados con OM 046 - El Diario - Bolivia","robots":{"index":"index","follow":"follow","max-snippet":"max-snippet:-1","max-image-preview":"max-image-preview:large","max-video-preview":"max-video-preview:-1"},"canonical":"https:\/\/www.eldiario.net\/portal\/2023\/05\/12\/concejala-debe-responder-24-puntos-relacionados-con-om-046\/","og_locale":"es_ES","og_type":"article","og_title":"Concejala debe responder 24 puntos relacionados con OM 046 - El Diario - Bolivia","og_description":"La Sala Cuarta del Tribunal Constitucional determin\u00f3 ayer que la concejala Luc\u00eda Mamani Salas debe dar respuesta, en cinco d\u00edas h\u00e1biles, a 24 puntos vinculados con aspectos t\u00e9cnicos de construcciones ilegales en la ciudad de La Paz, que quisieron ser normalizadas con la Ordenanza Municipal (OM) 046, que ya fue derogada. El fallo se dio [&hellip;]","og_url":"https:\/\/www.eldiario.net\/portal\/2023\/05\/12\/concejala-debe-responder-24-puntos-relacionados-con-om-046\/","og_site_name":"El Diario - Bolivia","article_publisher":"https:\/\/www.facebook.com\/eldiario.bolivia\/","article_published_time":"2023-05-12T10:28:11+00:00","author":"Jeanette","twitter_card":"summary_large_image","twitter_creator":"@eldiario_net","twitter_site":"@eldiario_net","twitter_misc":{"Escrito por":"Jeanette","Tiempo de lectura":"2 minutos"},"schema":{"@context":"https:\/\/schema.org","@graph":[{"@type":"Article","@id":"https:\/\/www.eldiario.net\/portal\/2023\/05\/12\/concejala-debe-responder-24-puntos-relacionados-con-om-046\/#article","isPartOf":{"@id":"https:\/\/www.eldiario.net\/portal\/2023\/05\/12\/concejala-debe-responder-24-puntos-relacionados-con-om-046\/"},"author":{"name":"Jeanette","@id":"https:\/\/www.eldiario.net\/portal\/#\/schema\/person\/2c57cf2b7a7ae032e449e4c9b1019eac"},"headline":"Concejala debe responder 24 puntos relacionados con OM 046","datePublished":"2023-05-12T10:28:11+00:00","mainEntityOfPage":{"@id":"https:\/\/www.eldiario.net\/portal\/2023\/05\/12\/concejala-debe-responder-24-puntos-relacionados-con-om-046\/"},"wordCount":347,"publisher":{"@id":"https:\/\/www.eldiario.net\/portal\/#organization"},"image":{"@id":"https:\/\/www.eldiario.net\/portal\/2023\/05\/12\/concejala-debe-responder-24-puntos-relacionados-con-om-046\/#primaryimage"},"thumbnailUrl":"","articleSection":["Sociedad - Seguridad"],"inLanguage":"es"},{"@type":"WebPage","@id":"https:\/\/www.eldiario.net\/portal\/2023\/05\/12\/concejala-debe-responder-24-puntos-relacionados-con-om-046\/","url":"https:\/\/www.eldiario.net\/portal\/2023\/05\/12\/concejala-debe-responder-24-puntos-relacionados-con-om-046\/","name":"Concejala debe responder 24 puntos relacionados con OM 046 - El Diario - Bolivia","isPartOf":{"@id":"https:\/\/www.eldiario.net\/portal\/#website"},"primaryImageOfPage":{"@id":"https:\/\/www.eldiario.net\/portal\/2023\/05\/12\/concejala-debe-responder-24-puntos-relacionados-con-om-046\/#primaryimage"},"image":{"@id":"https:\/\/www.eldiario.net\/portal\/2023\/05\/12\/concejala-debe-responder-24-puntos-relacionados-con-om-046\/#primaryimage"},"thumbnailUrl":"","datePublished":"2023-05-12T10:28:11+00:00","breadcrumb":{"@id":"https:\/\/www.eldiario.net\/portal\/2023\/05\/12\/concejala-debe-responder-24-puntos-relacionados-con-om-046\/#breadcrumb"},"inLanguage":"es","potentialAction":[{"@type":"ReadAction","target":["https:\/\/www.eldiario.net\/portal\/2023\/05\/12\/concejala-debe-responder-24-puntos-relacionados-con-om-046\/"]}]},{"@type":"ImageObject","inLanguage":"es","@id":"https:\/\/www.eldiario.net\/portal\/2023\/05\/12\/concejala-debe-responder-24-puntos-relacionados-con-om-046\/#primaryimage","url":"","contentUrl":""},{"@type":"BreadcrumbList","@id":"https:\/\/www.eldiario.net\/portal\/2023\/05\/12\/concejala-debe-responder-24-puntos-relacionados-con-om-046\/#breadcrumb","itemListElement":[{"@type":"ListItem","position":1,"name":"Portada","item":"https:\/\/www.eldiario.net\/portal\/"},{"@type":"ListItem","position":2,"name":"Concejala debe responder 24 puntos relacionados con OM 046"}]},{"@type":"WebSite","@id":"https:\/\/www.eldiario.net\/portal\/#website","url":"https:\/\/www.eldiario.net\/portal\/","name":"El Diario - Decano de la prensa nacional","description":"El Diario - Decano de la prensa nacional","publisher":{"@id":"https:\/\/www.eldiario.net\/portal\/#organization"},"potentialAction":[{"@type":"SearchAction","target":{"@type":"EntryPoint","urlTemplate":"https:\/\/www.eldiario.net\/portal\/?s={search_term_string}"},"query-input":{"@type":"PropertyValueSpecification","valueRequired":true,"valueName":"search_term_string"}}],"inLanguage":"es"},{"@type":"Organization","@id":"https:\/\/www.eldiario.net\/portal\/#organization","name":"El Diario - Decano de la prensa nacional","url":"https:\/\/www.eldiario.net\/portal\/","logo":{"@type":"ImageObject","inLanguage":"es","@id":"https:\/\/www.eldiario.net\/portal\/#\/schema\/logo\/image\/","url":"https:\/\/www.eldiario.net\/portal\/wp-content\/uploads\/2023\/07\/logo_ED.jpg","contentUrl":"https:\/\/www.eldiario.net\/portal\/wp-content\/uploads\/2023\/07\/logo_ED.jpg","width":272,"height":52,"caption":"El Diario - Decano de la prensa nacional"},"image":{"@id":"https:\/\/www.eldiario.net\/portal\/#\/schema\/logo\/image\/"},"sameAs":["https:\/\/www.facebook.com\/eldiario.bolivia\/","https:\/\/x.com\/eldiario_net"]},{"@type":"Person","@id":"https:\/\/www.eldiario.net\/portal\/#\/schema\/person\/2c57cf2b7a7ae032e449e4c9b1019eac","name":"Jeanette","image":{"@type":"ImageObject","inLanguage":"es","@id":"https:\/\/secure.gravatar.com\/avatar\/3ea2118a5f7dad2b7138b1187a6b7ee55f160b9968b66013c3a3ef39dd7e5798?s=96&d=mm&r=g","url":"https:\/\/secure.gravatar.com\/avatar\/3ea2118a5f7dad2b7138b1187a6b7ee55f160b9968b66013c3a3ef39dd7e5798?s=96&d=mm&r=g","contentUrl":"https:\/\/secure.gravatar.com\/avatar\/3ea2118a5f7dad2b7138b1187a6b7ee55f160b9968b66013c3a3ef39dd7e5798?s=96&d=mm&r=g","caption":"Jeanette"},"sameAs":["https:\/\/www.eldiario.net\/portal"],"url":"https:\/\/www.eldiario.net\/portal\/author\/jeanette\/"}]}},"_links":{"self":[{"href":"https:\/\/www.eldiario.net\/portal\/wp-json\/wp\/v2\/posts\/153867","targetHints":{"allow":["GET"]}}],"collection":[{"href":"https:\/\/www.eldiario.net\/portal\/wp-json\/wp\/v2\/posts"}],"about":[{"href":"https:\/\/www.eldiario.net\/portal\/wp-json\/wp\/v2\/types\/post"}],"author":[{"embeddable":true,"href":"https:\/\/www.eldiario.net\/portal\/wp-json\/wp\/v2\/users\/1"}],"replies":[{"embeddable":true,"href":"https:\/\/www.eldiario.net\/portal\/wp-json\/wp\/v2\/comments?post=153867"}],"version-history":[{"count":0,"href":"https:\/\/www.eldiario.net\/portal\/wp-json\/wp\/v2\/posts\/153867\/revisions"}],"wp:attachment":[{"href":"https:\/\/www.eldiario.net\/portal\/wp-json\/wp\/v2\/media?parent=153867"}],"wp:term":[{"taxonomy":"category","embeddable":true,"href":"https:\/\/www.eldiario.net\/portal\/wp-json\/wp\/v2\/categories?post=153867"},{"taxonomy":"post_tag","embeddable":true,"href":"https:\/\/www.eldiario.net\/portal\/wp-json\/wp\/v2\/tags?post=153867"}],"curies":[{"name":"wp","href":"https:\/\/api.w.org\/{rel}","templated":true}]}}