{"id":153473,"date":"2023-05-10T05:53:37","date_gmt":"2023-05-10T09:53:37","guid":{"rendered":"https:\/\/www.eldiario.net\/portal\/?p=153473"},"modified":"2023-05-10T05:53:37","modified_gmt":"2023-05-10T09:53:37","slug":"neyza-gomez-lo-vivido-nadie-me-lo-quita","status":"publish","type":"post","link":"https:\/\/www.eldiario.net\/portal\/2023\/05\/10\/neyza-gomez-lo-vivido-nadie-me-lo-quita\/","title":{"rendered":"NEYZA G\u00d3MEZ \u00ablo vivido nadie me lo quita\u00bb"},"content":{"rendered":"<p>Neyza G\u00f3mez bail\u00f3, cant\u00f3 y encant\u00f3 con su voz en el Festival \u201cBolivia une al mundo, Carnaval internacional Las Vegas Mardi Gras\u201d, que se realiz\u00f3 en abril de este a\u00f1o en Estados Unidos.<br \/>\nLa joven cantante boliviana fue invitada al evento por la fraternidad Morenada por el mundo, gracias a su trayectoria art\u00edstica como una muestra de cari\u00f1o y aprecio por su carrera musical, seg\u00fan cont\u00f3 a La Gu\u00eda.<br \/>\n\u201cCuando estuve cantando all\u00e1, no solo cant\u00e9 para bolivianos, sino que cant\u00e9 en un festival que uni\u00f3 a varias culturas, como por ejemplo de Argentina, Ecuador, Puerto Rico, Rep\u00fablica Dominicana, Colombia, M\u00e9xico. Cant\u00e9 para toda esa gente y fue maravilloso. Es ah\u00ed donde me hacen un reconocimiento. Me obsequian un trofeo que, desde Las Vegas, Nevada, me traigo al pa\u00eds, quedando entre todos los reconocimientos que tengo. Lo vivido nadie me lo quita, realmente ha sido una experiencia muy linda. Estoy agradecida con la fraternidad Morenada por el mundo por la gran oportunidad e invitaci\u00f3n\u201d, destac\u00f3 Neyza, quien ya lleva m\u00e1s de 15 a\u00f1os en el medio art\u00edstico, desde que empez\u00f3 su carrera en la orquesta Piratas Band.<br \/>\nLa Morenada por el mundo es una fraternidad que re\u00fane a integrantes de varias instituciones folkl\u00f3ricas conocidas, como Los Rebeldes de Gran Poder, encabezada por Rub\u00e9n Poma.<br \/>\nLa ex cantante de las agrupaciones Diverso, Tropicana Caliente, Kumbia Kings y Tornado deleit\u00f3 al p\u00fablico con su repertorio de m\u00fasica nacional y tropical y bail\u00f3 morenada en el festival, que incluy\u00f3 una entrada folkl\u00f3rica y desfile de trajes t\u00edpicos por las calles de Las Vegas, Nevada, adem\u00e1s de pasarelas y shows art\u00edsticos.<br \/>\n\u201cNo encuentro ninguna satisfacci\u00f3n m\u00e1s maravillosa que haber caminado por los suelos de Estados Unidos, de Las Vegas, con mi traje de china, imponente; estuvimos como embajadores, junto a los integrantes de la fraternidad Morenada para el mundo, con un gran orgullo boliviano (\u2026). Para m\u00ed ha sido un privilegio vestir nuestro traje tradicional de la morenada\u201d, destac\u00f3 la tambi\u00e9n ex finalista del reality Factor X, que emiti\u00f3 la Red Uno.<br \/>\n\u201cEntre los mensajes que podr\u00eda dar a las nuevas generaciones es que no dejen de so\u00f1ar, que los sue\u00f1os se hacen realidad, que no hay nada m\u00e1s maravilloso que conocer otros lugares, pero una realmente se siente muy satisfecha por mi hermosa Bolivia, ya que amo a mi pa\u00eds. Y estoy agradecida tambi\u00e9n con los folkloristas, porque se toman la molestia de ir a representarnos a todos nosotros, para que el mundo entero se entere de que estamos llenos de cultura, de tradici\u00f3n y que es majestuoso nuestro pa\u00eds, tiene todo y eso es lo m\u00e1s incre\u00edble\u201d, resalt\u00f3.<br \/>\nEl viaje de Neyza a Estados Unidos signific\u00f3 no s\u00f3lo su reaparici\u00f3n en los escenarios, luego de la pausa que ocasion\u00f3 la pandemia, sino tambi\u00e9n el impulso para que anuncie oficialmente el inicio de su carrera como solista.<br \/>\n\u201cDespu\u00e9s de haber pausado tanto y haber tenido que pasar por situaciones complicadas durante mi trayectoria, este (viaje) ha sido como un obsequio, para poder nuevamente activarme como artista y ha expandido mis deseos de crecer. Y ah\u00ed es donde vengo trabajando muy duro y creo que puedo dar la primicia con mucho cari\u00f1o a todos lo que van a leer el peri\u00f3dico, que estoy trabajando un nuevo material en calidad de solista, con el ex productor de Eva Ayll\u00f3n. Es un valsecito que est\u00e1 siendo estilizado y trabajado por el gran maestro Oscar Cavero. La verdad es que estoy sorprendida por tener contacto con una persona que ha tenido tanta trayectoria y m\u00e1s a\u00fan (al lado) de una artista int\u00e9rprete que ha marcado el tema de los valses\u201d, mencion\u00f3.<br \/>\nEl t\u00edtulo de la canci\u00f3n es \u201cCuando llegue la hora\u201d y los arreglos y musicalizaci\u00f3n est\u00e1n a cargo de Cavero desde Lima, Per\u00fa. Su estreno ser\u00e1 a finales de mayo o comienzos de junio. \u201cEspero que la gente la pueda disfrutar. Esta canci\u00f3n tiene una letra muy importante que me identifica bastante. Habla de una relaci\u00f3n, que cuando llega a su punto final es, pues, mejor darse un abrazo y dar gracias por los momentos vividos. Es sano decir adi\u00f3s y ese es el mensaje que quiero dar a trav\u00e9s de esa letra\u201d, anunci\u00f3.<br \/>\nEl proyecto a mediano plazo de la artista es viajar a Lima. \u201cS\u00e9 que hay mucho conflicto en el tema de identidad folkl\u00f3rica, pero de alguna forma todos hemos sido Alto Per\u00fa, (as\u00ed que) todos somos hermanos, todos tenemos sangre ind\u00edgena, todos somos uno, y para m\u00ed tambi\u00e9n es un privilegio interpretar este tipo de g\u00e9nero musical. Debo agradecer a Dios por la oportunidad que me brinda d\u00eda a d\u00eda, me causa satisfacci\u00f3n saber que \u00e9l siempre est\u00e1 guiando mis pasos, iluminando mi camino y cuid\u00e1ndome. Agradezco a mi familia y a toda la gente que me sigue durante estos a\u00f1os. Es por ellos que he seguido luchando y realmente una puede vivir muchas cosas cuando lo hace a base de sacrificio, esfuerzo y trabajo\u201d, afirm\u00f3 esta joven cantante nacida el 17 de enero de 1991 en Tarija, pero que vive hace muchos a\u00f1os en La Paz, por lo que se considera una \u201cpace\u00f1a con \u00f1eque\u201d.<br \/>\nEntusiasmada por lo que se le viene en su carrera, Neyza dice ser hoy una mujer guerrera, so\u00f1adora y capaz de enfrentar todo. \u201cLas pruebas que he tenido durante este tiempo en mi vida me han ense\u00f1ado, simplemente, a ser m\u00e1s fuerte, a querer al pr\u00f3jimo y a perdonar. Pese a todo lo que he podido pasar durante esta temporada, simplemente puedo decir que una aprende y perdona y lo hace de coraz\u00f3n. Y cuanto una lo hace as\u00ed, pues estos son los regalos que Dios te da\u201d, dijo la artista, quien define su voz como \u201cc\u00e1lida, sublime y que llega al coraz\u00f3n de los que la escuchan\u201d.<br \/>\nYesenia Neyza G\u00f3mez Valverde estudi\u00f3 educaci\u00f3n inicial, secretariado ejecutivo gerencial, locuci\u00f3n radiof\u00f3nica, psicolog\u00eda y actualmente cursa la carrera de derecho, por lo que le consultamos \u00bfc\u00f3mo se ve en el futuro?<br \/>\n\u201cVeo a una persona que pueda llevar en lo alto la tricolor boliviana y tambi\u00e9n ayudando a las nuevas generaciones musicales. Tengo muchos sue\u00f1os que lograr de la mano de mis profesiones. Si bien una ama el arte musical, no tiene que dejar de lado el tema acad\u00e9mico, porque eso tambi\u00e9n te abre puertas, te hace una persona m\u00e1s completa. Entonces, para las nuevas generaciones ese ser\u00eda mi consejo, que siempre traten de cultivar sus conocimientos, porque ayudan, porque son herramientas para poder defenderte y enfrentar lo que la vida te depare y esas cosas te suman cada d\u00eda\u201d, concluy\u00f3.<\/p>\n<p><img loading=\"lazy\" decoding=\"async\" class=\"alignnone size-medium wp-image-153610\" src=\"https:\/\/www.eldiario.net\/portal\/wp-content\/uploads\/2023\/05\/FOTO-2-2-226x300.jpg\" alt=\"\" width=\"226\" height=\"300\" \/> <img loading=\"lazy\" decoding=\"async\" class=\"alignnone size-medium wp-image-153611\" src=\"https:\/\/www.eldiario.net\/portal\/wp-content\/uploads\/2023\/05\/FOTO-3-2-300x164.jpg\" alt=\"\" width=\"300\" height=\"164\" \/> <img loading=\"lazy\" decoding=\"async\" class=\"alignnone size-medium wp-image-153612\" src=\"https:\/\/www.eldiario.net\/portal\/wp-content\/uploads\/2023\/05\/FOTO-4-2-300x278.jpg\" alt=\"\" width=\"300\" height=\"278\" \/> <img loading=\"lazy\" decoding=\"async\" class=\"alignnone size-medium wp-image-153613\" src=\"https:\/\/www.eldiario.net\/portal\/wp-content\/uploads\/2023\/05\/FOTO-5-1-265x300.jpg\" alt=\"\" width=\"265\" height=\"300\" \/><\/p>\n","protected":false},"excerpt":{"rendered":"<p>Neyza G\u00f3mez bail\u00f3, cant\u00f3 y encant\u00f3 con su voz en el Festival \u201cBolivia une al mundo, Carnaval internacional Las Vegas Mardi Gras\u201d, que se realiz\u00f3 en abril de este a\u00f1o en Estados Unidos. La joven cantante boliviana fue invitada al evento por la fraternidad Morenada por el mundo, gracias a su trayectoria art\u00edstica como una [&hellip;]<\/p>\n","protected":false},"author":1,"featured_media":153608,"comment_status":"closed","ping_status":"closed","sticky":false,"template":"","format":"standard","meta":{"_acf_changed":false,"footnotes":""},"categories":[41],"tags":[],"class_list":["post-153473","post","type-post","status-publish","format-standard","has-post-thumbnail","category-la-guia"],"acf":{"antetitulo":""},"yoast_head":"<!-- This site is optimized with the Yoast SEO plugin v28.4 - https:\/\/yoast.com\/product\/yoast-seo-wordpress\/ -->\n<title>NEYZA G\u00d3MEZ &quot;lo vivido nadie me lo quita&quot; - El Diario - Bolivia<\/title>\n<meta name=\"robots\" content=\"index, follow, max-snippet:-1, max-image-preview:large, max-video-preview:-1\" \/>\n<link rel=\"canonical\" href=\"https:\/\/www.eldiario.net\/portal\/2023\/05\/10\/neyza-gomez-lo-vivido-nadie-me-lo-quita\/\" \/>\n<meta property=\"og:locale\" content=\"es_ES\" \/>\n<meta property=\"og:type\" content=\"article\" \/>\n<meta property=\"og:title\" content=\"NEYZA G\u00d3MEZ &quot;lo vivido nadie me lo quita&quot; - El Diario - Bolivia\" \/>\n<meta property=\"og:description\" content=\"Neyza G\u00f3mez bail\u00f3, cant\u00f3 y encant\u00f3 con su voz en el Festival \u201cBolivia une al mundo, Carnaval internacional Las Vegas Mardi Gras\u201d, que se realiz\u00f3 en abril de este a\u00f1o en Estados Unidos. La joven cantante boliviana fue invitada al evento por la fraternidad Morenada por el mundo, gracias a su trayectoria art\u00edstica como una [&hellip;]\" \/>\n<meta property=\"og:url\" content=\"https:\/\/www.eldiario.net\/portal\/2023\/05\/10\/neyza-gomez-lo-vivido-nadie-me-lo-quita\/\" \/>\n<meta property=\"og:site_name\" content=\"El Diario - Bolivia\" \/>\n<meta property=\"article:publisher\" content=\"https:\/\/www.facebook.com\/eldiario.bolivia\/\" \/>\n<meta property=\"article:published_time\" content=\"2023-05-10T09:53:37+00:00\" \/>\n<meta name=\"author\" content=\"Jeanette\" \/>\n<meta name=\"twitter:card\" content=\"summary_large_image\" \/>\n<meta name=\"twitter:creator\" content=\"@eldiario_net\" \/>\n<meta name=\"twitter:site\" content=\"@eldiario_net\" \/>\n<meta name=\"twitter:label1\" content=\"Escrito por\" \/>\n\t<meta name=\"twitter:data1\" content=\"Jeanette\" \/>\n\t<meta name=\"twitter:label2\" content=\"Tiempo de lectura\" \/>\n\t<meta name=\"twitter:data2\" content=\"6 minutos\" \/>\n<script type=\"application\/ld+json\" class=\"yoast-schema-graph\">{\"@context\":\"https:\\\/\\\/schema.org\",\"@graph\":[{\"@type\":\"Article\",\"@id\":\"https:\\\/\\\/www.eldiario.net\\\/portal\\\/2023\\\/05\\\/10\\\/neyza-gomez-lo-vivido-nadie-me-lo-quita\\\/#article\",\"isPartOf\":{\"@id\":\"https:\\\/\\\/www.eldiario.net\\\/portal\\\/2023\\\/05\\\/10\\\/neyza-gomez-lo-vivido-nadie-me-lo-quita\\\/\"},\"author\":{\"name\":\"Jeanette\",\"@id\":\"https:\\\/\\\/www.eldiario.net\\\/portal\\\/#\\\/schema\\\/person\\\/2c57cf2b7a7ae032e449e4c9b1019eac\"},\"headline\":\"NEYZA G\u00d3MEZ \u00ablo vivido nadie me lo quita\u00bb\",\"datePublished\":\"2023-05-10T09:53:37+00:00\",\"mainEntityOfPage\":{\"@id\":\"https:\\\/\\\/www.eldiario.net\\\/portal\\\/2023\\\/05\\\/10\\\/neyza-gomez-lo-vivido-nadie-me-lo-quita\\\/\"},\"wordCount\":1182,\"publisher\":{\"@id\":\"https:\\\/\\\/www.eldiario.net\\\/portal\\\/#organization\"},\"image\":{\"@id\":\"https:\\\/\\\/www.eldiario.net\\\/portal\\\/2023\\\/05\\\/10\\\/neyza-gomez-lo-vivido-nadie-me-lo-quita\\\/#primaryimage\"},\"thumbnailUrl\":\"\",\"articleSection\":[\"La Gu\u00eda\"],\"inLanguage\":\"es\"},{\"@type\":\"WebPage\",\"@id\":\"https:\\\/\\\/www.eldiario.net\\\/portal\\\/2023\\\/05\\\/10\\\/neyza-gomez-lo-vivido-nadie-me-lo-quita\\\/\",\"url\":\"https:\\\/\\\/www.eldiario.net\\\/portal\\\/2023\\\/05\\\/10\\\/neyza-gomez-lo-vivido-nadie-me-lo-quita\\\/\",\"name\":\"NEYZA G\u00d3MEZ \\\"lo vivido nadie me lo quita\\\" - El Diario - Bolivia\",\"isPartOf\":{\"@id\":\"https:\\\/\\\/www.eldiario.net\\\/portal\\\/#website\"},\"primaryImageOfPage\":{\"@id\":\"https:\\\/\\\/www.eldiario.net\\\/portal\\\/2023\\\/05\\\/10\\\/neyza-gomez-lo-vivido-nadie-me-lo-quita\\\/#primaryimage\"},\"image\":{\"@id\":\"https:\\\/\\\/www.eldiario.net\\\/portal\\\/2023\\\/05\\\/10\\\/neyza-gomez-lo-vivido-nadie-me-lo-quita\\\/#primaryimage\"},\"thumbnailUrl\":\"\",\"datePublished\":\"2023-05-10T09:53:37+00:00\",\"breadcrumb\":{\"@id\":\"https:\\\/\\\/www.eldiario.net\\\/portal\\\/2023\\\/05\\\/10\\\/neyza-gomez-lo-vivido-nadie-me-lo-quita\\\/#breadcrumb\"},\"inLanguage\":\"es\",\"potentialAction\":[{\"@type\":\"ReadAction\",\"target\":[\"https:\\\/\\\/www.eldiario.net\\\/portal\\\/2023\\\/05\\\/10\\\/neyza-gomez-lo-vivido-nadie-me-lo-quita\\\/\"]}]},{\"@type\":\"ImageObject\",\"inLanguage\":\"es\",\"@id\":\"https:\\\/\\\/www.eldiario.net\\\/portal\\\/2023\\\/05\\\/10\\\/neyza-gomez-lo-vivido-nadie-me-lo-quita\\\/#primaryimage\",\"url\":\"\",\"contentUrl\":\"\"},{\"@type\":\"BreadcrumbList\",\"@id\":\"https:\\\/\\\/www.eldiario.net\\\/portal\\\/2023\\\/05\\\/10\\\/neyza-gomez-lo-vivido-nadie-me-lo-quita\\\/#breadcrumb\",\"itemListElement\":[{\"@type\":\"ListItem\",\"position\":1,\"name\":\"Portada\",\"item\":\"https:\\\/\\\/www.eldiario.net\\\/portal\\\/\"},{\"@type\":\"ListItem\",\"position\":2,\"name\":\"NEYZA G\u00d3MEZ \u00ablo vivido nadie me lo quita\u00bb\"}]},{\"@type\":\"WebSite\",\"@id\":\"https:\\\/\\\/www.eldiario.net\\\/portal\\\/#website\",\"url\":\"https:\\\/\\\/www.eldiario.net\\\/portal\\\/\",\"name\":\"El Diario - Decano de la prensa nacional\",\"description\":\"El Diario - Decano de la prensa nacional\",\"publisher\":{\"@id\":\"https:\\\/\\\/www.eldiario.net\\\/portal\\\/#organization\"},\"potentialAction\":[{\"@type\":\"SearchAction\",\"target\":{\"@type\":\"EntryPoint\",\"urlTemplate\":\"https:\\\/\\\/www.eldiario.net\\\/portal\\\/?s={search_term_string}\"},\"query-input\":{\"@type\":\"PropertyValueSpecification\",\"valueRequired\":true,\"valueName\":\"search_term_string\"}}],\"inLanguage\":\"es\"},{\"@type\":\"Organization\",\"@id\":\"https:\\\/\\\/www.eldiario.net\\\/portal\\\/#organization\",\"name\":\"El Diario - Decano de la prensa nacional\",\"url\":\"https:\\\/\\\/www.eldiario.net\\\/portal\\\/\",\"logo\":{\"@type\":\"ImageObject\",\"inLanguage\":\"es\",\"@id\":\"https:\\\/\\\/www.eldiario.net\\\/portal\\\/#\\\/schema\\\/logo\\\/image\\\/\",\"url\":\"https:\\\/\\\/www.eldiario.net\\\/portal\\\/wp-content\\\/uploads\\\/2023\\\/07\\\/logo_ED.jpg\",\"contentUrl\":\"https:\\\/\\\/www.eldiario.net\\\/portal\\\/wp-content\\\/uploads\\\/2023\\\/07\\\/logo_ED.jpg\",\"width\":272,\"height\":52,\"caption\":\"El Diario - Decano de la prensa nacional\"},\"image\":{\"@id\":\"https:\\\/\\\/www.eldiario.net\\\/portal\\\/#\\\/schema\\\/logo\\\/image\\\/\"},\"sameAs\":[\"https:\\\/\\\/www.facebook.com\\\/eldiario.bolivia\\\/\",\"https:\\\/\\\/x.com\\\/eldiario_net\"]},{\"@type\":\"Person\",\"@id\":\"https:\\\/\\\/www.eldiario.net\\\/portal\\\/#\\\/schema\\\/person\\\/2c57cf2b7a7ae032e449e4c9b1019eac\",\"name\":\"Jeanette\",\"image\":{\"@type\":\"ImageObject\",\"inLanguage\":\"es\",\"@id\":\"https:\\\/\\\/secure.gravatar.com\\\/avatar\\\/3ea2118a5f7dad2b7138b1187a6b7ee55f160b9968b66013c3a3ef39dd7e5798?s=96&d=mm&r=g\",\"url\":\"https:\\\/\\\/secure.gravatar.com\\\/avatar\\\/3ea2118a5f7dad2b7138b1187a6b7ee55f160b9968b66013c3a3ef39dd7e5798?s=96&d=mm&r=g\",\"contentUrl\":\"https:\\\/\\\/secure.gravatar.com\\\/avatar\\\/3ea2118a5f7dad2b7138b1187a6b7ee55f160b9968b66013c3a3ef39dd7e5798?s=96&d=mm&r=g\",\"caption\":\"Jeanette\"},\"sameAs\":[\"https:\\\/\\\/www.eldiario.net\\\/portal\"],\"url\":\"https:\\\/\\\/www.eldiario.net\\\/portal\\\/author\\\/jeanette\\\/\"}]}<\/script>\n<!-- \/ Yoast SEO plugin. -->","yoast_head_json":{"title":"NEYZA G\u00d3MEZ \"lo vivido nadie me lo quita\" - El Diario - Bolivia","robots":{"index":"index","follow":"follow","max-snippet":"max-snippet:-1","max-image-preview":"max-image-preview:large","max-video-preview":"max-video-preview:-1"},"canonical":"https:\/\/www.eldiario.net\/portal\/2023\/05\/10\/neyza-gomez-lo-vivido-nadie-me-lo-quita\/","og_locale":"es_ES","og_type":"article","og_title":"NEYZA G\u00d3MEZ \"lo vivido nadie me lo quita\" - El Diario - Bolivia","og_description":"Neyza G\u00f3mez bail\u00f3, cant\u00f3 y encant\u00f3 con su voz en el Festival \u201cBolivia une al mundo, Carnaval internacional Las Vegas Mardi Gras\u201d, que se realiz\u00f3 en abril de este a\u00f1o en Estados Unidos. La joven cantante boliviana fue invitada al evento por la fraternidad Morenada por el mundo, gracias a su trayectoria art\u00edstica como una [&hellip;]","og_url":"https:\/\/www.eldiario.net\/portal\/2023\/05\/10\/neyza-gomez-lo-vivido-nadie-me-lo-quita\/","og_site_name":"El Diario - Bolivia","article_publisher":"https:\/\/www.facebook.com\/eldiario.bolivia\/","article_published_time":"2023-05-10T09:53:37+00:00","author":"Jeanette","twitter_card":"summary_large_image","twitter_creator":"@eldiario_net","twitter_site":"@eldiario_net","twitter_misc":{"Escrito por":"Jeanette","Tiempo de lectura":"6 minutos"},"schema":{"@context":"https:\/\/schema.org","@graph":[{"@type":"Article","@id":"https:\/\/www.eldiario.net\/portal\/2023\/05\/10\/neyza-gomez-lo-vivido-nadie-me-lo-quita\/#article","isPartOf":{"@id":"https:\/\/www.eldiario.net\/portal\/2023\/05\/10\/neyza-gomez-lo-vivido-nadie-me-lo-quita\/"},"author":{"name":"Jeanette","@id":"https:\/\/www.eldiario.net\/portal\/#\/schema\/person\/2c57cf2b7a7ae032e449e4c9b1019eac"},"headline":"NEYZA G\u00d3MEZ \u00ablo vivido nadie me lo quita\u00bb","datePublished":"2023-05-10T09:53:37+00:00","mainEntityOfPage":{"@id":"https:\/\/www.eldiario.net\/portal\/2023\/05\/10\/neyza-gomez-lo-vivido-nadie-me-lo-quita\/"},"wordCount":1182,"publisher":{"@id":"https:\/\/www.eldiario.net\/portal\/#organization"},"image":{"@id":"https:\/\/www.eldiario.net\/portal\/2023\/05\/10\/neyza-gomez-lo-vivido-nadie-me-lo-quita\/#primaryimage"},"thumbnailUrl":"","articleSection":["La Gu\u00eda"],"inLanguage":"es"},{"@type":"WebPage","@id":"https:\/\/www.eldiario.net\/portal\/2023\/05\/10\/neyza-gomez-lo-vivido-nadie-me-lo-quita\/","url":"https:\/\/www.eldiario.net\/portal\/2023\/05\/10\/neyza-gomez-lo-vivido-nadie-me-lo-quita\/","name":"NEYZA G\u00d3MEZ \"lo vivido nadie me lo quita\" - El Diario - Bolivia","isPartOf":{"@id":"https:\/\/www.eldiario.net\/portal\/#website"},"primaryImageOfPage":{"@id":"https:\/\/www.eldiario.net\/portal\/2023\/05\/10\/neyza-gomez-lo-vivido-nadie-me-lo-quita\/#primaryimage"},"image":{"@id":"https:\/\/www.eldiario.net\/portal\/2023\/05\/10\/neyza-gomez-lo-vivido-nadie-me-lo-quita\/#primaryimage"},"thumbnailUrl":"","datePublished":"2023-05-10T09:53:37+00:00","breadcrumb":{"@id":"https:\/\/www.eldiario.net\/portal\/2023\/05\/10\/neyza-gomez-lo-vivido-nadie-me-lo-quita\/#breadcrumb"},"inLanguage":"es","potentialAction":[{"@type":"ReadAction","target":["https:\/\/www.eldiario.net\/portal\/2023\/05\/10\/neyza-gomez-lo-vivido-nadie-me-lo-quita\/"]}]},{"@type":"ImageObject","inLanguage":"es","@id":"https:\/\/www.eldiario.net\/portal\/2023\/05\/10\/neyza-gomez-lo-vivido-nadie-me-lo-quita\/#primaryimage","url":"","contentUrl":""},{"@type":"BreadcrumbList","@id":"https:\/\/www.eldiario.net\/portal\/2023\/05\/10\/neyza-gomez-lo-vivido-nadie-me-lo-quita\/#breadcrumb","itemListElement":[{"@type":"ListItem","position":1,"name":"Portada","item":"https:\/\/www.eldiario.net\/portal\/"},{"@type":"ListItem","position":2,"name":"NEYZA G\u00d3MEZ \u00ablo vivido nadie me lo quita\u00bb"}]},{"@type":"WebSite","@id":"https:\/\/www.eldiario.net\/portal\/#website","url":"https:\/\/www.eldiario.net\/portal\/","name":"El Diario - Decano de la prensa nacional","description":"El Diario - Decano de la prensa nacional","publisher":{"@id":"https:\/\/www.eldiario.net\/portal\/#organization"},"potentialAction":[{"@type":"SearchAction","target":{"@type":"EntryPoint","urlTemplate":"https:\/\/www.eldiario.net\/portal\/?s={search_term_string}"},"query-input":{"@type":"PropertyValueSpecification","valueRequired":true,"valueName":"search_term_string"}}],"inLanguage":"es"},{"@type":"Organization","@id":"https:\/\/www.eldiario.net\/portal\/#organization","name":"El Diario - Decano de la prensa nacional","url":"https:\/\/www.eldiario.net\/portal\/","logo":{"@type":"ImageObject","inLanguage":"es","@id":"https:\/\/www.eldiario.net\/portal\/#\/schema\/logo\/image\/","url":"https:\/\/www.eldiario.net\/portal\/wp-content\/uploads\/2023\/07\/logo_ED.jpg","contentUrl":"https:\/\/www.eldiario.net\/portal\/wp-content\/uploads\/2023\/07\/logo_ED.jpg","width":272,"height":52,"caption":"El Diario - Decano de la prensa nacional"},"image":{"@id":"https:\/\/www.eldiario.net\/portal\/#\/schema\/logo\/image\/"},"sameAs":["https:\/\/www.facebook.com\/eldiario.bolivia\/","https:\/\/x.com\/eldiario_net"]},{"@type":"Person","@id":"https:\/\/www.eldiario.net\/portal\/#\/schema\/person\/2c57cf2b7a7ae032e449e4c9b1019eac","name":"Jeanette","image":{"@type":"ImageObject","inLanguage":"es","@id":"https:\/\/secure.gravatar.com\/avatar\/3ea2118a5f7dad2b7138b1187a6b7ee55f160b9968b66013c3a3ef39dd7e5798?s=96&d=mm&r=g","url":"https:\/\/secure.gravatar.com\/avatar\/3ea2118a5f7dad2b7138b1187a6b7ee55f160b9968b66013c3a3ef39dd7e5798?s=96&d=mm&r=g","contentUrl":"https:\/\/secure.gravatar.com\/avatar\/3ea2118a5f7dad2b7138b1187a6b7ee55f160b9968b66013c3a3ef39dd7e5798?s=96&d=mm&r=g","caption":"Jeanette"},"sameAs":["https:\/\/www.eldiario.net\/portal"],"url":"https:\/\/www.eldiario.net\/portal\/author\/jeanette\/"}]}},"_links":{"self":[{"href":"https:\/\/www.eldiario.net\/portal\/wp-json\/wp\/v2\/posts\/153473","targetHints":{"allow":["GET"]}}],"collection":[{"href":"https:\/\/www.eldiario.net\/portal\/wp-json\/wp\/v2\/posts"}],"about":[{"href":"https:\/\/www.eldiario.net\/portal\/wp-json\/wp\/v2\/types\/post"}],"author":[{"embeddable":true,"href":"https:\/\/www.eldiario.net\/portal\/wp-json\/wp\/v2\/users\/1"}],"replies":[{"embeddable":true,"href":"https:\/\/www.eldiario.net\/portal\/wp-json\/wp\/v2\/comments?post=153473"}],"version-history":[{"count":0,"href":"https:\/\/www.eldiario.net\/portal\/wp-json\/wp\/v2\/posts\/153473\/revisions"}],"wp:attachment":[{"href":"https:\/\/www.eldiario.net\/portal\/wp-json\/wp\/v2\/media?parent=153473"}],"wp:term":[{"taxonomy":"category","embeddable":true,"href":"https:\/\/www.eldiario.net\/portal\/wp-json\/wp\/v2\/categories?post=153473"},{"taxonomy":"post_tag","embeddable":true,"href":"https:\/\/www.eldiario.net\/portal\/wp-json\/wp\/v2\/tags?post=153473"}],"curies":[{"name":"wp","href":"https:\/\/api.w.org\/{rel}","templated":true}]}}