{"id":153067,"date":"2023-05-08T05:28:00","date_gmt":"2023-05-08T09:28:00","guid":{"rendered":"https:\/\/www.eldiario.net\/portal\/?p=153067"},"modified":"2023-05-08T05:28:00","modified_gmt":"2023-05-08T09:28:00","slug":"mas-de-100-artistas-llevaran-a-escena-high-school-el-musical","status":"publish","type":"post","link":"https:\/\/www.eldiario.net\/portal\/2023\/05\/08\/mas-de-100-artistas-llevaran-a-escena-high-school-el-musical\/","title":{"rendered":"M\u00e1s de 100 artistas llevar\u00e1n a escena  \u201cHigh School El Musical\u201d"},"content":{"rendered":"<p>M\u00e1s de 100 talentosos artistas, entre bailarines, cantantes, actores y m\u00fasicos, llevar\u00e1n a escena la obra \u201cHigh School El Musical\u201d de DespertArte Producciones. La cita es este 11, 12, 13 y 14 de mayo, en funciones de tanda (horas 19:00), en el Teatro Municipal Alberto Saavedra P\u00e9rez.<br \/>\n\u201cNo te pierdas la oportunidad de disfrutar de esta incre\u00edble obra\u201d, dijo Daniela Arteaga (D), una de las directoras generales de DespertArte Producciones.<\/p>\n<p><img loading=\"lazy\" decoding=\"async\" class=\"aligncenter wp-image-153273 size-large\" src=\"https:\/\/www.eldiario.net\/portal\/wp-content\/uploads\/2023\/05\/2-1024x696.jpg\" alt=\"\" width=\"1024\" height=\"696\" \/><\/p>\n<p><strong>LG: \u00bfDe qu\u00e9 trata la obra?<\/strong><br \/>\nD: High School Musical es una pel\u00edcula juvenil musical estadounidense, estrenada originalmente el 20 de enero de 2006 en Disney Channel. Alcanz\u00f3 enormes niveles de audiencia y logr\u00f3 ganar dos Premios Emmy, lo que la convirti\u00f3 en una de las pel\u00edculas originales de Disney Channel.<br \/>\nDespertArte es la primera productora que pondr\u00e1 en escena esta pel\u00edcula en formato de Teatro Musical con m\u00e1s de 100 artistas en escena, entre cantantes, bailarines, actores, banda en vivo y todos los dise\u00f1adores t\u00e9cnicos. En este espect\u00e1culo, podr\u00e1s revivir las canciones m\u00e1s ic\u00f3nicas de la pel\u00edcula, acompa\u00f1ados con m\u00fasica en vivo, como \u201cBreaking Free\u201d, \u201cStart of Something New\u201d y \u201cStatus Quo\u201d, entre muchas otras.<\/p>\n<p><strong>LG: \u00bfQu\u00e9 significa para DespertArte llevar a escena \u201cHigh School El Musical\u201d?<\/strong><br \/>\nD: Llevar a escena este musical es un gran reto. Tuvimos que realizar una adaptaci\u00f3n de la pel\u00edcula. Todo esto gracias a la creatividad y dedicaci\u00f3n de Gast\u00f3n Alc\u00e1zar, director actoral, quien junto a los otros directores: Vanessa Alc\u00e1zar, Daniela Arteaga, Jhodel Cabrera (vocal), Tito Soria Galvarro (coreograf\u00eda), Javier Marchant (musical) y al elenco lograron alcanzar un nivel muy profesional de la puesta en escena.<br \/>\n<strong>LG: \u00bfQu\u00e9 es lo que esperan con la presentaci\u00f3n de la obra?<\/strong><br \/>\nD: Con la obra \u201cHigh School El Musical\u201d esperamos un gran movimiento de arte y teatro musical en nuestro pa\u00eds. Esperamos tener un gran p\u00fablico que se divierta y que se motive con nuestro show para seguir asistiendo a muchos m\u00e1s espect\u00e1culos y as\u00ed generar un crecimiento masivo del rubro art\u00edstico. Esperamos despertar en muchos j\u00f3venes y ni\u00f1os el inter\u00e9s y la valoraci\u00f3n por las artes esc\u00e9nicas y que genere en ellos \u201calgo m\u00e1s\u201d que un simple entretenimiento.<\/p>\n<p><strong>LG: \u00bfCu\u00e1ntos a\u00f1os de vida ya tiene DespertArte?<\/strong><br \/>\nD: DespertArte Producciones nace en el a\u00f1o 2016 de la mano de Vanessa Alc\u00e1zar L\u00f3pez y Daniela Arteaga Aguilar, ambas artistas bolivianas con una trayectoria de m\u00e1s de 20 a\u00f1os en Bolivia, Buenos Aires y Nueva York, especializadas en artes esc\u00e9nicas con un nivel de excelencia profesional tanto en educaci\u00f3n art\u00edstica como en la realizaci\u00f3n de espect\u00e1culos profesionales de teatro musical.<br \/>\nPasamos por una pandemia a lo largo de estos a\u00f1os, lo cual fue bastante complejo. Mantuvimos las clases de forma virtual, suspendimos shows profesionales, tuvimos que hacer una reingenier\u00eda total para poder mantener vivo a DespertArte. Son a\u00f1os de mucho aprendizaje, coraje, alegr\u00edas y nuevos retos. Hoy volvemos a escena con este gran musical despu\u00e9s de mucho tiempo.<\/p>\n<p><img loading=\"lazy\" decoding=\"async\" class=\"aligncenter wp-image-153275 size-large\" src=\"https:\/\/www.eldiario.net\/portal\/wp-content\/uploads\/2023\/05\/3-1024x697.jpg\" alt=\"\" width=\"1024\" height=\"697\" \/><\/p>\n<p><strong>LG: \u00bfCu\u00e1l fue el principal aporte de DespertArte?<\/strong><br \/>\nD: Nuestro aporte principal como escuela y productora es fomentar la valoraci\u00f3n y apreciaci\u00f3n del arte en nuestro pa\u00eds, creando shows de alto nivel profesional y generar un movimiento laboral y econ\u00f3mico para tantos artistas, dise\u00f1adores de sonido, luces, escenograf\u00eda, vestuario, m\u00fasicos y todo el ambiente art\u00edstico de miles de personas de mucho talento y capacidad, as\u00ed como generar espacios para que la gente de Bolivia tenga actividades art\u00edsticas sanas, que les nutran el alma y ayuden en su desarrollo.<\/p>\n<p><strong>LG: \u00bfCu\u00e1ntos espect\u00e1culos presentaron hasta la fecha?<\/strong><br \/>\nD: Ya son m\u00e1s de 20 espect\u00e1culos desde el 2016. Comenzamos en ese a\u00f1o con el famoso musical de Broadway \u201cCasi Normales\u201d, el cual fue el pie para comenzar con la escuela y otras producciones futuras.<\/p>\n<p><strong>LG: \u00bfDeseas agregar algo?<\/strong><br \/>\nD: Para comprar entradas para ver la obra \u201cHigh School El Musical\u201d pueden llamar al n\u00famero de celular 62371010.<br \/>\nLas inscripciones tambi\u00e9n est\u00e1n abiertas para todos nuestros cursos: teatro musical, canto, instrumentos, danza, actuaci\u00f3n y pintura, para todas las edades y niveles desde los 4 a\u00f1os de edad.<br \/>\nMayor informaci\u00f3n llamando al celular 73702828.<\/p>\n<p>APORTE SOCIAL DE LA OBRA<br \/>\nEn esta obra veremos dos tem\u00e1ticas importantes que aportan en lo social:<br \/>\n1) Vivimos en constante cambio a nivel humano. En estos \u00faltimos 20 a\u00f1os el mundo ha cambiado completamente sus estructuras. As\u00ed la gente joven, ha cambiado su forma de ver el mundo. Vemos gente joven con ideas innovadoras que pueden realmente hacer un cambio a nivel mundial.<br \/>\nVemos en esta obra la importancia de apoyar la iniciativa de los j\u00f3venes, sus intereses y gustos, de la forma m\u00e1s sana posible, con todos los mejores valores que les podamos inculcar. Este proceso puede llevarlos a ser las personas que ma\u00f1ana van a cambiar el mundo en el que vivimos y no obligarlos a que sean lo que nosotros queremos que sean.<br \/>\n2) Tambi\u00e9n queremos incentivar a los j\u00f3venes a no etiquetar a las personas, y descubrir que hoy en d\u00eda somos multifac\u00e9ticos, y podemos desarrollar cualquier aptitud que nosotros determinemos. La frase del musical m\u00e1s importante es \u201cWe are all in this Together\u201d, \u201cEstamos todos juntos en esto\u201d, y con ella queremos incentivar a la uni\u00f3n y a respetar las diferencias, con un objetivo en com\u00fan, mejorar el bienestar en nuestra sociedad de todas las formas posibles.<\/p>\n<p>LAS DIRECTORAS GENERALES<\/p>\n<p>CARLA VANESSA ALC\u00c1ZAR L\u00d3PEZ<br \/>\nBoliviana, es cantante y actriz profesional, formada y especializada en Buenos Aires, Argentina, durante 7 a\u00f1os consecutivos.<br \/>\nComienza su trayectoria en Bolivia con roles protag\u00f3nicos como Joanne en Rent y Mama Morton en Chicago, con el director Reynaldo Pacheco, actualmente actor en Nueva York, Estados Unidos.<\/p>\n<p>LILIAN DANIELA ARTEAGA AGUILAR<br \/>\nBoliviana, es cantante, bailarina, actriz profesional y licenciada en administraci\u00f3n de empresas. Formada en La Paz, Buenos Aires y Nueva York, se gradu\u00f3 como int\u00e9rprete en artes esc\u00e9nicas Act &amp; Art en la Escuela de Teatro Musical dirigida por Dario Petruzio y artes musicales de la Universidad Nacional Argentina.<\/p>\n<p>EL DIRECTOR ACTORAL<\/p>\n<p>GAST\u00d3N ALC\u00c1ZAR L\u00d3PEZ<br \/>\nFormado en teatro f\u00edsico, gimnasia, clown, m\u00e1scaras y buf\u00f3n por Maracaracol Teatro, gimnasio Andino, iDance, Marta Monz\u00f3n y Teatro de Los Andes, adem\u00e1s de estudios e investigaci\u00f3n autodidacta en diferentes t\u00e9cnicas actorales, es dramaturgo con experiencia en direcci\u00f3n. Actualmente es maestro de teatro, escritor y director en DespertArte Producciones.<\/p>\n<p>&nbsp;<\/p>\n","protected":false},"excerpt":{"rendered":"<p>M\u00e1s de 100 talentosos artistas, entre bailarines, cantantes, actores y m\u00fasicos, llevar\u00e1n a escena la obra \u201cHigh School El Musical\u201d de DespertArte Producciones. La cita es este 11, 12, 13 y 14 de mayo, en funciones de tanda (horas 19:00), en el Teatro Municipal Alberto Saavedra P\u00e9rez. \u201cNo te pierdas la oportunidad de disfrutar de [&hellip;]<\/p>\n","protected":false},"author":1,"featured_media":153276,"comment_status":"closed","ping_status":"closed","sticky":false,"template":"","format":"standard","meta":{"_acf_changed":false,"footnotes":""},"categories":[41],"tags":[],"class_list":["post-153067","post","type-post","status-publish","format-standard","has-post-thumbnail","category-la-guia"],"acf":{"antetitulo":""},"yoast_head":"<!-- This site is optimized with the Yoast SEO plugin v28.4 - https:\/\/yoast.com\/product\/yoast-seo-wordpress\/ -->\n<title>M\u00e1s de 100 artistas llevar\u00e1n a escena \u201cHigh School El Musical\u201d - El Diario - Bolivia<\/title>\n<meta name=\"robots\" content=\"index, follow, max-snippet:-1, max-image-preview:large, max-video-preview:-1\" \/>\n<link rel=\"canonical\" href=\"https:\/\/www.eldiario.net\/portal\/2023\/05\/08\/mas-de-100-artistas-llevaran-a-escena-high-school-el-musical\/\" \/>\n<meta property=\"og:locale\" content=\"es_ES\" \/>\n<meta property=\"og:type\" content=\"article\" \/>\n<meta property=\"og:title\" content=\"M\u00e1s de 100 artistas llevar\u00e1n a escena \u201cHigh School El Musical\u201d - El Diario - Bolivia\" \/>\n<meta property=\"og:description\" content=\"M\u00e1s de 100 talentosos artistas, entre bailarines, cantantes, actores y m\u00fasicos, llevar\u00e1n a escena la obra \u201cHigh School El Musical\u201d de DespertArte Producciones. La cita es este 11, 12, 13 y 14 de mayo, en funciones de tanda (horas 19:00), en el Teatro Municipal Alberto Saavedra P\u00e9rez. \u201cNo te pierdas la oportunidad de disfrutar de [&hellip;]\" \/>\n<meta property=\"og:url\" content=\"https:\/\/www.eldiario.net\/portal\/2023\/05\/08\/mas-de-100-artistas-llevaran-a-escena-high-school-el-musical\/\" \/>\n<meta property=\"og:site_name\" content=\"El Diario - Bolivia\" \/>\n<meta property=\"article:publisher\" content=\"https:\/\/www.facebook.com\/eldiario.bolivia\/\" \/>\n<meta property=\"article:published_time\" content=\"2023-05-08T09:28:00+00:00\" \/>\n<meta name=\"author\" content=\"Jeanette\" \/>\n<meta name=\"twitter:card\" content=\"summary_large_image\" \/>\n<meta name=\"twitter:creator\" content=\"@eldiario_net\" \/>\n<meta name=\"twitter:site\" content=\"@eldiario_net\" \/>\n<meta name=\"twitter:label1\" content=\"Escrito por\" \/>\n\t<meta name=\"twitter:data1\" content=\"Jeanette\" \/>\n\t<meta name=\"twitter:label2\" content=\"Tiempo de lectura\" \/>\n\t<meta name=\"twitter:data2\" content=\"6 minutos\" \/>\n<script type=\"application\/ld+json\" class=\"yoast-schema-graph\">{\"@context\":\"https:\\\/\\\/schema.org\",\"@graph\":[{\"@type\":\"Article\",\"@id\":\"https:\\\/\\\/www.eldiario.net\\\/portal\\\/2023\\\/05\\\/08\\\/mas-de-100-artistas-llevaran-a-escena-high-school-el-musical\\\/#article\",\"isPartOf\":{\"@id\":\"https:\\\/\\\/www.eldiario.net\\\/portal\\\/2023\\\/05\\\/08\\\/mas-de-100-artistas-llevaran-a-escena-high-school-el-musical\\\/\"},\"author\":{\"name\":\"Jeanette\",\"@id\":\"https:\\\/\\\/www.eldiario.net\\\/portal\\\/#\\\/schema\\\/person\\\/2c57cf2b7a7ae032e449e4c9b1019eac\"},\"headline\":\"M\u00e1s de 100 artistas llevar\u00e1n a escena \u201cHigh School El Musical\u201d\",\"datePublished\":\"2023-05-08T09:28:00+00:00\",\"mainEntityOfPage\":{\"@id\":\"https:\\\/\\\/www.eldiario.net\\\/portal\\\/2023\\\/05\\\/08\\\/mas-de-100-artistas-llevaran-a-escena-high-school-el-musical\\\/\"},\"wordCount\":1131,\"publisher\":{\"@id\":\"https:\\\/\\\/www.eldiario.net\\\/portal\\\/#organization\"},\"image\":{\"@id\":\"https:\\\/\\\/www.eldiario.net\\\/portal\\\/2023\\\/05\\\/08\\\/mas-de-100-artistas-llevaran-a-escena-high-school-el-musical\\\/#primaryimage\"},\"thumbnailUrl\":\"\",\"articleSection\":[\"La Gu\u00eda\"],\"inLanguage\":\"es\"},{\"@type\":\"WebPage\",\"@id\":\"https:\\\/\\\/www.eldiario.net\\\/portal\\\/2023\\\/05\\\/08\\\/mas-de-100-artistas-llevaran-a-escena-high-school-el-musical\\\/\",\"url\":\"https:\\\/\\\/www.eldiario.net\\\/portal\\\/2023\\\/05\\\/08\\\/mas-de-100-artistas-llevaran-a-escena-high-school-el-musical\\\/\",\"name\":\"M\u00e1s de 100 artistas llevar\u00e1n a escena \u201cHigh School El Musical\u201d - El Diario - Bolivia\",\"isPartOf\":{\"@id\":\"https:\\\/\\\/www.eldiario.net\\\/portal\\\/#website\"},\"primaryImageOfPage\":{\"@id\":\"https:\\\/\\\/www.eldiario.net\\\/portal\\\/2023\\\/05\\\/08\\\/mas-de-100-artistas-llevaran-a-escena-high-school-el-musical\\\/#primaryimage\"},\"image\":{\"@id\":\"https:\\\/\\\/www.eldiario.net\\\/portal\\\/2023\\\/05\\\/08\\\/mas-de-100-artistas-llevaran-a-escena-high-school-el-musical\\\/#primaryimage\"},\"thumbnailUrl\":\"\",\"datePublished\":\"2023-05-08T09:28:00+00:00\",\"breadcrumb\":{\"@id\":\"https:\\\/\\\/www.eldiario.net\\\/portal\\\/2023\\\/05\\\/08\\\/mas-de-100-artistas-llevaran-a-escena-high-school-el-musical\\\/#breadcrumb\"},\"inLanguage\":\"es\",\"potentialAction\":[{\"@type\":\"ReadAction\",\"target\":[\"https:\\\/\\\/www.eldiario.net\\\/portal\\\/2023\\\/05\\\/08\\\/mas-de-100-artistas-llevaran-a-escena-high-school-el-musical\\\/\"]}]},{\"@type\":\"ImageObject\",\"inLanguage\":\"es\",\"@id\":\"https:\\\/\\\/www.eldiario.net\\\/portal\\\/2023\\\/05\\\/08\\\/mas-de-100-artistas-llevaran-a-escena-high-school-el-musical\\\/#primaryimage\",\"url\":\"\",\"contentUrl\":\"\"},{\"@type\":\"BreadcrumbList\",\"@id\":\"https:\\\/\\\/www.eldiario.net\\\/portal\\\/2023\\\/05\\\/08\\\/mas-de-100-artistas-llevaran-a-escena-high-school-el-musical\\\/#breadcrumb\",\"itemListElement\":[{\"@type\":\"ListItem\",\"position\":1,\"name\":\"Portada\",\"item\":\"https:\\\/\\\/www.eldiario.net\\\/portal\\\/\"},{\"@type\":\"ListItem\",\"position\":2,\"name\":\"M\u00e1s de 100 artistas llevar\u00e1n a escena \u201cHigh School El Musical\u201d\"}]},{\"@type\":\"WebSite\",\"@id\":\"https:\\\/\\\/www.eldiario.net\\\/portal\\\/#website\",\"url\":\"https:\\\/\\\/www.eldiario.net\\\/portal\\\/\",\"name\":\"El Diario - Decano de la prensa nacional\",\"description\":\"El Diario - Decano de la prensa nacional\",\"publisher\":{\"@id\":\"https:\\\/\\\/www.eldiario.net\\\/portal\\\/#organization\"},\"potentialAction\":[{\"@type\":\"SearchAction\",\"target\":{\"@type\":\"EntryPoint\",\"urlTemplate\":\"https:\\\/\\\/www.eldiario.net\\\/portal\\\/?s={search_term_string}\"},\"query-input\":{\"@type\":\"PropertyValueSpecification\",\"valueRequired\":true,\"valueName\":\"search_term_string\"}}],\"inLanguage\":\"es\"},{\"@type\":\"Organization\",\"@id\":\"https:\\\/\\\/www.eldiario.net\\\/portal\\\/#organization\",\"name\":\"El Diario - Decano de la prensa nacional\",\"url\":\"https:\\\/\\\/www.eldiario.net\\\/portal\\\/\",\"logo\":{\"@type\":\"ImageObject\",\"inLanguage\":\"es\",\"@id\":\"https:\\\/\\\/www.eldiario.net\\\/portal\\\/#\\\/schema\\\/logo\\\/image\\\/\",\"url\":\"https:\\\/\\\/www.eldiario.net\\\/portal\\\/wp-content\\\/uploads\\\/2023\\\/07\\\/logo_ED.jpg\",\"contentUrl\":\"https:\\\/\\\/www.eldiario.net\\\/portal\\\/wp-content\\\/uploads\\\/2023\\\/07\\\/logo_ED.jpg\",\"width\":272,\"height\":52,\"caption\":\"El Diario - Decano de la prensa nacional\"},\"image\":{\"@id\":\"https:\\\/\\\/www.eldiario.net\\\/portal\\\/#\\\/schema\\\/logo\\\/image\\\/\"},\"sameAs\":[\"https:\\\/\\\/www.facebook.com\\\/eldiario.bolivia\\\/\",\"https:\\\/\\\/x.com\\\/eldiario_net\"]},{\"@type\":\"Person\",\"@id\":\"https:\\\/\\\/www.eldiario.net\\\/portal\\\/#\\\/schema\\\/person\\\/2c57cf2b7a7ae032e449e4c9b1019eac\",\"name\":\"Jeanette\",\"image\":{\"@type\":\"ImageObject\",\"inLanguage\":\"es\",\"@id\":\"https:\\\/\\\/secure.gravatar.com\\\/avatar\\\/3ea2118a5f7dad2b7138b1187a6b7ee55f160b9968b66013c3a3ef39dd7e5798?s=96&d=mm&r=g\",\"url\":\"https:\\\/\\\/secure.gravatar.com\\\/avatar\\\/3ea2118a5f7dad2b7138b1187a6b7ee55f160b9968b66013c3a3ef39dd7e5798?s=96&d=mm&r=g\",\"contentUrl\":\"https:\\\/\\\/secure.gravatar.com\\\/avatar\\\/3ea2118a5f7dad2b7138b1187a6b7ee55f160b9968b66013c3a3ef39dd7e5798?s=96&d=mm&r=g\",\"caption\":\"Jeanette\"},\"sameAs\":[\"https:\\\/\\\/www.eldiario.net\\\/portal\"],\"url\":\"https:\\\/\\\/www.eldiario.net\\\/portal\\\/author\\\/jeanette\\\/\"}]}<\/script>\n<!-- \/ Yoast SEO plugin. -->","yoast_head_json":{"title":"M\u00e1s de 100 artistas llevar\u00e1n a escena \u201cHigh School El Musical\u201d - El Diario - Bolivia","robots":{"index":"index","follow":"follow","max-snippet":"max-snippet:-1","max-image-preview":"max-image-preview:large","max-video-preview":"max-video-preview:-1"},"canonical":"https:\/\/www.eldiario.net\/portal\/2023\/05\/08\/mas-de-100-artistas-llevaran-a-escena-high-school-el-musical\/","og_locale":"es_ES","og_type":"article","og_title":"M\u00e1s de 100 artistas llevar\u00e1n a escena \u201cHigh School El Musical\u201d - El Diario - Bolivia","og_description":"M\u00e1s de 100 talentosos artistas, entre bailarines, cantantes, actores y m\u00fasicos, llevar\u00e1n a escena la obra \u201cHigh School El Musical\u201d de DespertArte Producciones. La cita es este 11, 12, 13 y 14 de mayo, en funciones de tanda (horas 19:00), en el Teatro Municipal Alberto Saavedra P\u00e9rez. \u201cNo te pierdas la oportunidad de disfrutar de [&hellip;]","og_url":"https:\/\/www.eldiario.net\/portal\/2023\/05\/08\/mas-de-100-artistas-llevaran-a-escena-high-school-el-musical\/","og_site_name":"El Diario - Bolivia","article_publisher":"https:\/\/www.facebook.com\/eldiario.bolivia\/","article_published_time":"2023-05-08T09:28:00+00:00","author":"Jeanette","twitter_card":"summary_large_image","twitter_creator":"@eldiario_net","twitter_site":"@eldiario_net","twitter_misc":{"Escrito por":"Jeanette","Tiempo de lectura":"6 minutos"},"schema":{"@context":"https:\/\/schema.org","@graph":[{"@type":"Article","@id":"https:\/\/www.eldiario.net\/portal\/2023\/05\/08\/mas-de-100-artistas-llevaran-a-escena-high-school-el-musical\/#article","isPartOf":{"@id":"https:\/\/www.eldiario.net\/portal\/2023\/05\/08\/mas-de-100-artistas-llevaran-a-escena-high-school-el-musical\/"},"author":{"name":"Jeanette","@id":"https:\/\/www.eldiario.net\/portal\/#\/schema\/person\/2c57cf2b7a7ae032e449e4c9b1019eac"},"headline":"M\u00e1s de 100 artistas llevar\u00e1n a escena \u201cHigh School El Musical\u201d","datePublished":"2023-05-08T09:28:00+00:00","mainEntityOfPage":{"@id":"https:\/\/www.eldiario.net\/portal\/2023\/05\/08\/mas-de-100-artistas-llevaran-a-escena-high-school-el-musical\/"},"wordCount":1131,"publisher":{"@id":"https:\/\/www.eldiario.net\/portal\/#organization"},"image":{"@id":"https:\/\/www.eldiario.net\/portal\/2023\/05\/08\/mas-de-100-artistas-llevaran-a-escena-high-school-el-musical\/#primaryimage"},"thumbnailUrl":"","articleSection":["La Gu\u00eda"],"inLanguage":"es"},{"@type":"WebPage","@id":"https:\/\/www.eldiario.net\/portal\/2023\/05\/08\/mas-de-100-artistas-llevaran-a-escena-high-school-el-musical\/","url":"https:\/\/www.eldiario.net\/portal\/2023\/05\/08\/mas-de-100-artistas-llevaran-a-escena-high-school-el-musical\/","name":"M\u00e1s de 100 artistas llevar\u00e1n a escena \u201cHigh School El Musical\u201d - El Diario - Bolivia","isPartOf":{"@id":"https:\/\/www.eldiario.net\/portal\/#website"},"primaryImageOfPage":{"@id":"https:\/\/www.eldiario.net\/portal\/2023\/05\/08\/mas-de-100-artistas-llevaran-a-escena-high-school-el-musical\/#primaryimage"},"image":{"@id":"https:\/\/www.eldiario.net\/portal\/2023\/05\/08\/mas-de-100-artistas-llevaran-a-escena-high-school-el-musical\/#primaryimage"},"thumbnailUrl":"","datePublished":"2023-05-08T09:28:00+00:00","breadcrumb":{"@id":"https:\/\/www.eldiario.net\/portal\/2023\/05\/08\/mas-de-100-artistas-llevaran-a-escena-high-school-el-musical\/#breadcrumb"},"inLanguage":"es","potentialAction":[{"@type":"ReadAction","target":["https:\/\/www.eldiario.net\/portal\/2023\/05\/08\/mas-de-100-artistas-llevaran-a-escena-high-school-el-musical\/"]}]},{"@type":"ImageObject","inLanguage":"es","@id":"https:\/\/www.eldiario.net\/portal\/2023\/05\/08\/mas-de-100-artistas-llevaran-a-escena-high-school-el-musical\/#primaryimage","url":"","contentUrl":""},{"@type":"BreadcrumbList","@id":"https:\/\/www.eldiario.net\/portal\/2023\/05\/08\/mas-de-100-artistas-llevaran-a-escena-high-school-el-musical\/#breadcrumb","itemListElement":[{"@type":"ListItem","position":1,"name":"Portada","item":"https:\/\/www.eldiario.net\/portal\/"},{"@type":"ListItem","position":2,"name":"M\u00e1s de 100 artistas llevar\u00e1n a escena \u201cHigh School El Musical\u201d"}]},{"@type":"WebSite","@id":"https:\/\/www.eldiario.net\/portal\/#website","url":"https:\/\/www.eldiario.net\/portal\/","name":"El Diario - Decano de la prensa nacional","description":"El Diario - Decano de la prensa nacional","publisher":{"@id":"https:\/\/www.eldiario.net\/portal\/#organization"},"potentialAction":[{"@type":"SearchAction","target":{"@type":"EntryPoint","urlTemplate":"https:\/\/www.eldiario.net\/portal\/?s={search_term_string}"},"query-input":{"@type":"PropertyValueSpecification","valueRequired":true,"valueName":"search_term_string"}}],"inLanguage":"es"},{"@type":"Organization","@id":"https:\/\/www.eldiario.net\/portal\/#organization","name":"El Diario - Decano de la prensa nacional","url":"https:\/\/www.eldiario.net\/portal\/","logo":{"@type":"ImageObject","inLanguage":"es","@id":"https:\/\/www.eldiario.net\/portal\/#\/schema\/logo\/image\/","url":"https:\/\/www.eldiario.net\/portal\/wp-content\/uploads\/2023\/07\/logo_ED.jpg","contentUrl":"https:\/\/www.eldiario.net\/portal\/wp-content\/uploads\/2023\/07\/logo_ED.jpg","width":272,"height":52,"caption":"El Diario - Decano de la prensa nacional"},"image":{"@id":"https:\/\/www.eldiario.net\/portal\/#\/schema\/logo\/image\/"},"sameAs":["https:\/\/www.facebook.com\/eldiario.bolivia\/","https:\/\/x.com\/eldiario_net"]},{"@type":"Person","@id":"https:\/\/www.eldiario.net\/portal\/#\/schema\/person\/2c57cf2b7a7ae032e449e4c9b1019eac","name":"Jeanette","image":{"@type":"ImageObject","inLanguage":"es","@id":"https:\/\/secure.gravatar.com\/avatar\/3ea2118a5f7dad2b7138b1187a6b7ee55f160b9968b66013c3a3ef39dd7e5798?s=96&d=mm&r=g","url":"https:\/\/secure.gravatar.com\/avatar\/3ea2118a5f7dad2b7138b1187a6b7ee55f160b9968b66013c3a3ef39dd7e5798?s=96&d=mm&r=g","contentUrl":"https:\/\/secure.gravatar.com\/avatar\/3ea2118a5f7dad2b7138b1187a6b7ee55f160b9968b66013c3a3ef39dd7e5798?s=96&d=mm&r=g","caption":"Jeanette"},"sameAs":["https:\/\/www.eldiario.net\/portal"],"url":"https:\/\/www.eldiario.net\/portal\/author\/jeanette\/"}]}},"_links":{"self":[{"href":"https:\/\/www.eldiario.net\/portal\/wp-json\/wp\/v2\/posts\/153067","targetHints":{"allow":["GET"]}}],"collection":[{"href":"https:\/\/www.eldiario.net\/portal\/wp-json\/wp\/v2\/posts"}],"about":[{"href":"https:\/\/www.eldiario.net\/portal\/wp-json\/wp\/v2\/types\/post"}],"author":[{"embeddable":true,"href":"https:\/\/www.eldiario.net\/portal\/wp-json\/wp\/v2\/users\/1"}],"replies":[{"embeddable":true,"href":"https:\/\/www.eldiario.net\/portal\/wp-json\/wp\/v2\/comments?post=153067"}],"version-history":[{"count":0,"href":"https:\/\/www.eldiario.net\/portal\/wp-json\/wp\/v2\/posts\/153067\/revisions"}],"wp:attachment":[{"href":"https:\/\/www.eldiario.net\/portal\/wp-json\/wp\/v2\/media?parent=153067"}],"wp:term":[{"taxonomy":"category","embeddable":true,"href":"https:\/\/www.eldiario.net\/portal\/wp-json\/wp\/v2\/categories?post=153067"},{"taxonomy":"post_tag","embeddable":true,"href":"https:\/\/www.eldiario.net\/portal\/wp-json\/wp\/v2\/tags?post=153067"}],"curies":[{"name":"wp","href":"https:\/\/api.w.org\/{rel}","templated":true}]}}