{"id":152722,"date":"2023-05-06T05:42:11","date_gmt":"2023-05-06T09:42:11","guid":{"rendered":"https:\/\/www.eldiario.net\/portal\/?p=152722"},"modified":"2023-05-06T05:42:11","modified_gmt":"2023-05-06T09:42:11","slug":"acnur-insta-a-paises-del-mundo-a-aceptar-refugiados-de-sudan","status":"publish","type":"post","link":"https:\/\/www.eldiario.net\/portal\/2023\/05\/06\/acnur-insta-a-paises-del-mundo-a-aceptar-refugiados-de-sudan\/","title":{"rendered":"Acnur insta a pa\u00edses del mundo  a aceptar refugiados de Sud\u00e1n"},"content":{"rendered":"<p>El Alto Comisionado de la ONU para los Refugiados (ACNUR) inst\u00f3 a los pa\u00edses de todo el mundo a autorizar la entrada y permanencia de las personas que huyen de la escalada de combates en Sud\u00e1n, lo que pasar\u00eda tambi\u00e9n por cancelar las deportaciones de los solicitantes de asilo cuyas peticiones fueron rechazadas.<br \/>\nNaciones Unidas estima que ya salieron de Sud\u00e1n m\u00e1s de 100.000 personas y estima que la cifra puede ascender a 860.000 por el conflicto desatado a mediados de abril entre el Ej\u00e9rcito y las fuerzas paramilitares, principalmente hacia otros puntos cercanos. La directora de protecci\u00f3n internacional de ACNUR, Elizabeth Tan, agradeci\u00f3 la solidaridad de los pa\u00edses vecinos y subray\u00f3 que quienes huyeron o ya estaban fuera de Sud\u00e1n \u00abno pueden volver\u00bb por el momento.<br \/>\nRequieren por tanto de protecci\u00f3n internacional, lo que pasa por garantizar su acceso \u00absin discriminaci\u00f3n\u00bb a cualquier territorio, independientemente de que tengan o no documentos acreditativos o de que incluso sean ap\u00e1tridas.<br \/>\nACNUR expres\u00f3 tambi\u00e9n su preocupaci\u00f3n por la situaci\u00f3n de 1,1 millones de refugiados y solicitantes de asilo de otras nacionalidades que viv\u00edan antes del conflicto en el pa\u00eds africano, principalmente originarios de Sud\u00e1n del Sur.<br \/>\nNaciones Unidas solicit\u00f3 445 millones de d\u00f3lares (alrededor de 403 millones de euros) para dar ayuda humanitaria a la poblaci\u00f3n desplazada por los combates entre el Ej\u00e9rcito y las paramilitares Fuerzas de Apoyo R\u00e1pido (RSF). (Europa Press).<\/p>\n","protected":false},"excerpt":{"rendered":"<p>El Alto Comisionado de la ONU para los Refugiados (ACNUR) inst\u00f3 a los pa\u00edses de todo el mundo a autorizar la entrada y permanencia de las personas que huyen de la escalada de combates en Sud\u00e1n, lo que pasar\u00eda tambi\u00e9n por cancelar las deportaciones de los solicitantes de asilo cuyas peticiones fueron rechazadas. Naciones Unidas [&hellip;]<\/p>\n","protected":false},"author":1,"featured_media":0,"comment_status":"closed","ping_status":"closed","sticky":false,"template":"","format":"standard","meta":{"_acf_changed":false,"footnotes":""},"categories":[3],"tags":[],"class_list":["post-152722","post","type-post","status-publish","format-standard","category-internacional"],"acf":{"antetitulo":""},"yoast_head":"<!-- This site is optimized with the Yoast SEO plugin v28.4 - https:\/\/yoast.com\/product\/yoast-seo-wordpress\/ -->\n<title>Acnur insta a pa\u00edses del mundo a aceptar refugiados de Sud\u00e1n - El Diario - Bolivia<\/title>\n<meta name=\"robots\" content=\"index, follow, max-snippet:-1, max-image-preview:large, max-video-preview:-1\" \/>\n<link rel=\"canonical\" href=\"https:\/\/www.eldiario.net\/portal\/2023\/05\/06\/acnur-insta-a-paises-del-mundo-a-aceptar-refugiados-de-sudan\/\" \/>\n<meta property=\"og:locale\" content=\"es_ES\" \/>\n<meta property=\"og:type\" content=\"article\" \/>\n<meta property=\"og:title\" content=\"Acnur insta a pa\u00edses del mundo a aceptar refugiados de Sud\u00e1n - El Diario - Bolivia\" \/>\n<meta property=\"og:description\" content=\"El Alto Comisionado de la ONU para los Refugiados (ACNUR) inst\u00f3 a los pa\u00edses de todo el mundo a autorizar la entrada y permanencia de las personas que huyen de la escalada de combates en Sud\u00e1n, lo que pasar\u00eda tambi\u00e9n por cancelar las deportaciones de los solicitantes de asilo cuyas peticiones fueron rechazadas. Naciones Unidas [&hellip;]\" \/>\n<meta property=\"og:url\" content=\"https:\/\/www.eldiario.net\/portal\/2023\/05\/06\/acnur-insta-a-paises-del-mundo-a-aceptar-refugiados-de-sudan\/\" \/>\n<meta property=\"og:site_name\" content=\"El Diario - Bolivia\" \/>\n<meta property=\"article:publisher\" content=\"https:\/\/www.facebook.com\/eldiario.bolivia\/\" \/>\n<meta property=\"article:published_time\" content=\"2023-05-06T09:42:11+00:00\" \/>\n<meta name=\"author\" content=\"Jeanette\" \/>\n<meta name=\"twitter:card\" content=\"summary_large_image\" \/>\n<meta name=\"twitter:creator\" content=\"@eldiario_net\" \/>\n<meta name=\"twitter:site\" content=\"@eldiario_net\" \/>\n<meta name=\"twitter:label1\" content=\"Escrito por\" \/>\n\t<meta name=\"twitter:data1\" content=\"Jeanette\" \/>\n\t<meta name=\"twitter:label2\" content=\"Tiempo de lectura\" \/>\n\t<meta name=\"twitter:data2\" content=\"2 minutos\" \/>\n<script type=\"application\/ld+json\" class=\"yoast-schema-graph\">{\"@context\":\"https:\\\/\\\/schema.org\",\"@graph\":[{\"@type\":\"Article\",\"@id\":\"https:\\\/\\\/www.eldiario.net\\\/portal\\\/2023\\\/05\\\/06\\\/acnur-insta-a-paises-del-mundo-a-aceptar-refugiados-de-sudan\\\/#article\",\"isPartOf\":{\"@id\":\"https:\\\/\\\/www.eldiario.net\\\/portal\\\/2023\\\/05\\\/06\\\/acnur-insta-a-paises-del-mundo-a-aceptar-refugiados-de-sudan\\\/\"},\"author\":{\"name\":\"Jeanette\",\"@id\":\"https:\\\/\\\/www.eldiario.net\\\/portal\\\/#\\\/schema\\\/person\\\/2c57cf2b7a7ae032e449e4c9b1019eac\"},\"headline\":\"Acnur insta a pa\u00edses del mundo a aceptar refugiados de Sud\u00e1n\",\"datePublished\":\"2023-05-06T09:42:11+00:00\",\"mainEntityOfPage\":{\"@id\":\"https:\\\/\\\/www.eldiario.net\\\/portal\\\/2023\\\/05\\\/06\\\/acnur-insta-a-paises-del-mundo-a-aceptar-refugiados-de-sudan\\\/\"},\"wordCount\":262,\"publisher\":{\"@id\":\"https:\\\/\\\/www.eldiario.net\\\/portal\\\/#organization\"},\"articleSection\":[\"Internacional\"],\"inLanguage\":\"es\"},{\"@type\":\"WebPage\",\"@id\":\"https:\\\/\\\/www.eldiario.net\\\/portal\\\/2023\\\/05\\\/06\\\/acnur-insta-a-paises-del-mundo-a-aceptar-refugiados-de-sudan\\\/\",\"url\":\"https:\\\/\\\/www.eldiario.net\\\/portal\\\/2023\\\/05\\\/06\\\/acnur-insta-a-paises-del-mundo-a-aceptar-refugiados-de-sudan\\\/\",\"name\":\"Acnur insta a pa\u00edses del mundo a aceptar refugiados de Sud\u00e1n - El Diario - Bolivia\",\"isPartOf\":{\"@id\":\"https:\\\/\\\/www.eldiario.net\\\/portal\\\/#website\"},\"datePublished\":\"2023-05-06T09:42:11+00:00\",\"breadcrumb\":{\"@id\":\"https:\\\/\\\/www.eldiario.net\\\/portal\\\/2023\\\/05\\\/06\\\/acnur-insta-a-paises-del-mundo-a-aceptar-refugiados-de-sudan\\\/#breadcrumb\"},\"inLanguage\":\"es\",\"potentialAction\":[{\"@type\":\"ReadAction\",\"target\":[\"https:\\\/\\\/www.eldiario.net\\\/portal\\\/2023\\\/05\\\/06\\\/acnur-insta-a-paises-del-mundo-a-aceptar-refugiados-de-sudan\\\/\"]}]},{\"@type\":\"BreadcrumbList\",\"@id\":\"https:\\\/\\\/www.eldiario.net\\\/portal\\\/2023\\\/05\\\/06\\\/acnur-insta-a-paises-del-mundo-a-aceptar-refugiados-de-sudan\\\/#breadcrumb\",\"itemListElement\":[{\"@type\":\"ListItem\",\"position\":1,\"name\":\"Portada\",\"item\":\"https:\\\/\\\/www.eldiario.net\\\/portal\\\/\"},{\"@type\":\"ListItem\",\"position\":2,\"name\":\"Acnur insta a pa\u00edses del mundo a aceptar refugiados de Sud\u00e1n\"}]},{\"@type\":\"WebSite\",\"@id\":\"https:\\\/\\\/www.eldiario.net\\\/portal\\\/#website\",\"url\":\"https:\\\/\\\/www.eldiario.net\\\/portal\\\/\",\"name\":\"El Diario - Decano de la prensa nacional\",\"description\":\"El Diario - Decano de la prensa nacional\",\"publisher\":{\"@id\":\"https:\\\/\\\/www.eldiario.net\\\/portal\\\/#organization\"},\"potentialAction\":[{\"@type\":\"SearchAction\",\"target\":{\"@type\":\"EntryPoint\",\"urlTemplate\":\"https:\\\/\\\/www.eldiario.net\\\/portal\\\/?s={search_term_string}\"},\"query-input\":{\"@type\":\"PropertyValueSpecification\",\"valueRequired\":true,\"valueName\":\"search_term_string\"}}],\"inLanguage\":\"es\"},{\"@type\":\"Organization\",\"@id\":\"https:\\\/\\\/www.eldiario.net\\\/portal\\\/#organization\",\"name\":\"El Diario - Decano de la prensa nacional\",\"url\":\"https:\\\/\\\/www.eldiario.net\\\/portal\\\/\",\"logo\":{\"@type\":\"ImageObject\",\"inLanguage\":\"es\",\"@id\":\"https:\\\/\\\/www.eldiario.net\\\/portal\\\/#\\\/schema\\\/logo\\\/image\\\/\",\"url\":\"https:\\\/\\\/www.eldiario.net\\\/portal\\\/wp-content\\\/uploads\\\/2023\\\/07\\\/logo_ED.jpg\",\"contentUrl\":\"https:\\\/\\\/www.eldiario.net\\\/portal\\\/wp-content\\\/uploads\\\/2023\\\/07\\\/logo_ED.jpg\",\"width\":272,\"height\":52,\"caption\":\"El Diario - Decano de la prensa nacional\"},\"image\":{\"@id\":\"https:\\\/\\\/www.eldiario.net\\\/portal\\\/#\\\/schema\\\/logo\\\/image\\\/\"},\"sameAs\":[\"https:\\\/\\\/www.facebook.com\\\/eldiario.bolivia\\\/\",\"https:\\\/\\\/x.com\\\/eldiario_net\"]},{\"@type\":\"Person\",\"@id\":\"https:\\\/\\\/www.eldiario.net\\\/portal\\\/#\\\/schema\\\/person\\\/2c57cf2b7a7ae032e449e4c9b1019eac\",\"name\":\"Jeanette\",\"image\":{\"@type\":\"ImageObject\",\"inLanguage\":\"es\",\"@id\":\"https:\\\/\\\/secure.gravatar.com\\\/avatar\\\/3ea2118a5f7dad2b7138b1187a6b7ee55f160b9968b66013c3a3ef39dd7e5798?s=96&d=mm&r=g\",\"url\":\"https:\\\/\\\/secure.gravatar.com\\\/avatar\\\/3ea2118a5f7dad2b7138b1187a6b7ee55f160b9968b66013c3a3ef39dd7e5798?s=96&d=mm&r=g\",\"contentUrl\":\"https:\\\/\\\/secure.gravatar.com\\\/avatar\\\/3ea2118a5f7dad2b7138b1187a6b7ee55f160b9968b66013c3a3ef39dd7e5798?s=96&d=mm&r=g\",\"caption\":\"Jeanette\"},\"sameAs\":[\"https:\\\/\\\/www.eldiario.net\\\/portal\"],\"url\":\"https:\\\/\\\/www.eldiario.net\\\/portal\\\/author\\\/jeanette\\\/\"}]}<\/script>\n<!-- \/ Yoast SEO plugin. -->","yoast_head_json":{"title":"Acnur insta a pa\u00edses del mundo a aceptar refugiados de Sud\u00e1n - El Diario - Bolivia","robots":{"index":"index","follow":"follow","max-snippet":"max-snippet:-1","max-image-preview":"max-image-preview:large","max-video-preview":"max-video-preview:-1"},"canonical":"https:\/\/www.eldiario.net\/portal\/2023\/05\/06\/acnur-insta-a-paises-del-mundo-a-aceptar-refugiados-de-sudan\/","og_locale":"es_ES","og_type":"article","og_title":"Acnur insta a pa\u00edses del mundo a aceptar refugiados de Sud\u00e1n - El Diario - Bolivia","og_description":"El Alto Comisionado de la ONU para los Refugiados (ACNUR) inst\u00f3 a los pa\u00edses de todo el mundo a autorizar la entrada y permanencia de las personas que huyen de la escalada de combates en Sud\u00e1n, lo que pasar\u00eda tambi\u00e9n por cancelar las deportaciones de los solicitantes de asilo cuyas peticiones fueron rechazadas. Naciones Unidas [&hellip;]","og_url":"https:\/\/www.eldiario.net\/portal\/2023\/05\/06\/acnur-insta-a-paises-del-mundo-a-aceptar-refugiados-de-sudan\/","og_site_name":"El Diario - Bolivia","article_publisher":"https:\/\/www.facebook.com\/eldiario.bolivia\/","article_published_time":"2023-05-06T09:42:11+00:00","author":"Jeanette","twitter_card":"summary_large_image","twitter_creator":"@eldiario_net","twitter_site":"@eldiario_net","twitter_misc":{"Escrito por":"Jeanette","Tiempo de lectura":"2 minutos"},"schema":{"@context":"https:\/\/schema.org","@graph":[{"@type":"Article","@id":"https:\/\/www.eldiario.net\/portal\/2023\/05\/06\/acnur-insta-a-paises-del-mundo-a-aceptar-refugiados-de-sudan\/#article","isPartOf":{"@id":"https:\/\/www.eldiario.net\/portal\/2023\/05\/06\/acnur-insta-a-paises-del-mundo-a-aceptar-refugiados-de-sudan\/"},"author":{"name":"Jeanette","@id":"https:\/\/www.eldiario.net\/portal\/#\/schema\/person\/2c57cf2b7a7ae032e449e4c9b1019eac"},"headline":"Acnur insta a pa\u00edses del mundo a aceptar refugiados de Sud\u00e1n","datePublished":"2023-05-06T09:42:11+00:00","mainEntityOfPage":{"@id":"https:\/\/www.eldiario.net\/portal\/2023\/05\/06\/acnur-insta-a-paises-del-mundo-a-aceptar-refugiados-de-sudan\/"},"wordCount":262,"publisher":{"@id":"https:\/\/www.eldiario.net\/portal\/#organization"},"articleSection":["Internacional"],"inLanguage":"es"},{"@type":"WebPage","@id":"https:\/\/www.eldiario.net\/portal\/2023\/05\/06\/acnur-insta-a-paises-del-mundo-a-aceptar-refugiados-de-sudan\/","url":"https:\/\/www.eldiario.net\/portal\/2023\/05\/06\/acnur-insta-a-paises-del-mundo-a-aceptar-refugiados-de-sudan\/","name":"Acnur insta a pa\u00edses del mundo a aceptar refugiados de Sud\u00e1n - El Diario - Bolivia","isPartOf":{"@id":"https:\/\/www.eldiario.net\/portal\/#website"},"datePublished":"2023-05-06T09:42:11+00:00","breadcrumb":{"@id":"https:\/\/www.eldiario.net\/portal\/2023\/05\/06\/acnur-insta-a-paises-del-mundo-a-aceptar-refugiados-de-sudan\/#breadcrumb"},"inLanguage":"es","potentialAction":[{"@type":"ReadAction","target":["https:\/\/www.eldiario.net\/portal\/2023\/05\/06\/acnur-insta-a-paises-del-mundo-a-aceptar-refugiados-de-sudan\/"]}]},{"@type":"BreadcrumbList","@id":"https:\/\/www.eldiario.net\/portal\/2023\/05\/06\/acnur-insta-a-paises-del-mundo-a-aceptar-refugiados-de-sudan\/#breadcrumb","itemListElement":[{"@type":"ListItem","position":1,"name":"Portada","item":"https:\/\/www.eldiario.net\/portal\/"},{"@type":"ListItem","position":2,"name":"Acnur insta a pa\u00edses del mundo a aceptar refugiados de Sud\u00e1n"}]},{"@type":"WebSite","@id":"https:\/\/www.eldiario.net\/portal\/#website","url":"https:\/\/www.eldiario.net\/portal\/","name":"El Diario - Decano de la prensa nacional","description":"El Diario - Decano de la prensa nacional","publisher":{"@id":"https:\/\/www.eldiario.net\/portal\/#organization"},"potentialAction":[{"@type":"SearchAction","target":{"@type":"EntryPoint","urlTemplate":"https:\/\/www.eldiario.net\/portal\/?s={search_term_string}"},"query-input":{"@type":"PropertyValueSpecification","valueRequired":true,"valueName":"search_term_string"}}],"inLanguage":"es"},{"@type":"Organization","@id":"https:\/\/www.eldiario.net\/portal\/#organization","name":"El Diario - Decano de la prensa nacional","url":"https:\/\/www.eldiario.net\/portal\/","logo":{"@type":"ImageObject","inLanguage":"es","@id":"https:\/\/www.eldiario.net\/portal\/#\/schema\/logo\/image\/","url":"https:\/\/www.eldiario.net\/portal\/wp-content\/uploads\/2023\/07\/logo_ED.jpg","contentUrl":"https:\/\/www.eldiario.net\/portal\/wp-content\/uploads\/2023\/07\/logo_ED.jpg","width":272,"height":52,"caption":"El Diario - Decano de la prensa nacional"},"image":{"@id":"https:\/\/www.eldiario.net\/portal\/#\/schema\/logo\/image\/"},"sameAs":["https:\/\/www.facebook.com\/eldiario.bolivia\/","https:\/\/x.com\/eldiario_net"]},{"@type":"Person","@id":"https:\/\/www.eldiario.net\/portal\/#\/schema\/person\/2c57cf2b7a7ae032e449e4c9b1019eac","name":"Jeanette","image":{"@type":"ImageObject","inLanguage":"es","@id":"https:\/\/secure.gravatar.com\/avatar\/3ea2118a5f7dad2b7138b1187a6b7ee55f160b9968b66013c3a3ef39dd7e5798?s=96&d=mm&r=g","url":"https:\/\/secure.gravatar.com\/avatar\/3ea2118a5f7dad2b7138b1187a6b7ee55f160b9968b66013c3a3ef39dd7e5798?s=96&d=mm&r=g","contentUrl":"https:\/\/secure.gravatar.com\/avatar\/3ea2118a5f7dad2b7138b1187a6b7ee55f160b9968b66013c3a3ef39dd7e5798?s=96&d=mm&r=g","caption":"Jeanette"},"sameAs":["https:\/\/www.eldiario.net\/portal"],"url":"https:\/\/www.eldiario.net\/portal\/author\/jeanette\/"}]}},"_links":{"self":[{"href":"https:\/\/www.eldiario.net\/portal\/wp-json\/wp\/v2\/posts\/152722","targetHints":{"allow":["GET"]}}],"collection":[{"href":"https:\/\/www.eldiario.net\/portal\/wp-json\/wp\/v2\/posts"}],"about":[{"href":"https:\/\/www.eldiario.net\/portal\/wp-json\/wp\/v2\/types\/post"}],"author":[{"embeddable":true,"href":"https:\/\/www.eldiario.net\/portal\/wp-json\/wp\/v2\/users\/1"}],"replies":[{"embeddable":true,"href":"https:\/\/www.eldiario.net\/portal\/wp-json\/wp\/v2\/comments?post=152722"}],"version-history":[{"count":0,"href":"https:\/\/www.eldiario.net\/portal\/wp-json\/wp\/v2\/posts\/152722\/revisions"}],"wp:attachment":[{"href":"https:\/\/www.eldiario.net\/portal\/wp-json\/wp\/v2\/media?parent=152722"}],"wp:term":[{"taxonomy":"category","embeddable":true,"href":"https:\/\/www.eldiario.net\/portal\/wp-json\/wp\/v2\/categories?post=152722"},{"taxonomy":"post_tag","embeddable":true,"href":"https:\/\/www.eldiario.net\/portal\/wp-json\/wp\/v2\/tags?post=152722"}],"curies":[{"name":"wp","href":"https:\/\/api.w.org\/{rel}","templated":true}]}}