{"id":152716,"date":"2023-05-06T05:41:35","date_gmt":"2023-05-06T09:41:35","guid":{"rendered":"https:\/\/www.eldiario.net\/portal\/?p=152716"},"modified":"2023-05-06T05:41:35","modified_gmt":"2023-05-06T09:41:35","slug":"hoy-por-hoy-aplp-y-umsa-lanzan-nuevo-programa-radial","status":"publish","type":"post","link":"https:\/\/www.eldiario.net\/portal\/2023\/05\/06\/hoy-por-hoy-aplp-y-umsa-lanzan-nuevo-programa-radial\/","title":{"rendered":"Hoy por Hoy: APLP y UMSA lanzan nuevo programa radial"},"content":{"rendered":"<p>Este lunes 8 de mayo se lanza el programa radial \u201cHoy por Hoy\u201d, que ser\u00e1 producido por la Universidad Mayor de San Andr\u00e9s (UMSA) y la Asociaci\u00f3n de Periodistas de La Paz (APLP).<br \/>\nEl programa se difundir\u00e1 de lunes a viernes, de 09:00 a 11:45 horas, por la radio San Andr\u00e9s, 97.6 FM, que pertenece a la Universidad Mayor de San Andr\u00e9s, y la radio Libre Expresi\u00f3n, que se transmite v\u00eda online y que es de propiedad de la Asociaci\u00f3n de Periodistas de La Paz.<br \/>\nSus conductores ser\u00e1n Jos\u00e9 Luis Perales, Adriana Guti\u00e9rrez y Mariel Rivero.<br \/>\nDe esa manera la radio de la APLP reiniciar\u00e1 sus operaciones, interrumpidas hace algunos unos a\u00f1os.<br \/>\nEl presidente de la APLP, Ra\u00fal Pe\u00f1aranda, y el rector de la Universidad Mayor de San Andr\u00e9s, \u00d3scar Heredia, firmaron un acuerdo marco de cooperaci\u00f3n interinstitucional con el objetivo de desarrollar proyectos conjuntos relacionados con los \u00e1mbitos de competencias generales y espec\u00edficas, como el periodismo, la educaci\u00f3n superior, investigaci\u00f3n, ciencia y tecnolog\u00eda, entre otros, incluyendo en este caso la transmisi\u00f3n de programas que ser\u00e1n de realizaci\u00f3n conjunta por ambas radioemisoras.<br \/>\nLa radio Libre Expresi\u00f3n es dirigida por la periodista Adriana Guti\u00e9rrez, mientras la radio San Andr\u00e9s es dirigida por Jos\u00e9 Luis Perales, ambos con una gran experiencia en varios medios de comunicaci\u00f3n televisivos y radiales.<br \/>\n\u201cPara la APLP es un honor aliarse con la principal universidad de Bolivia\u201d, dijo Ra\u00fal Pe\u00f1aranda. \u201cEste es mutuamente conveniente, la APLP ofrece ayudar a los egresados a insertarse en el mundo laboral y la UMSA podr\u00e1 capacitar a los periodistas\u201d, agreg\u00f3.<br \/>\nPor su lado, el rector \u00d3scar Heredia expres\u00f3 que existe la necesidad de defender y fortalecer las libertades de expresi\u00f3n y de prensa. Dijo estar \u201ccomplacido\u201d por firmar un convenio con \u201cuna instituci\u00f3n tan respetable y tan cre\u00edble\u201d como es la APLP.<br \/>\nLa autoridad universitaria afirm\u00f3 que los programas de radio que se transmitan por ambas emisoras \u201cdeben ser portadoras de mensajes democr\u00e1ticos y que ayuden a garantizar la pluralidad de opiniones en la sociedad boliviana\u201d. A\u00f1adi\u00f3 que este programa y en general la alianza entre la Universidad y la Asociaci\u00f3n de Periodistas ayudar\u00e1 a defender el derecho a la libre informaci\u00f3n, libertad de prensa y libertad de expresi\u00f3n.<br \/>\n\u201cTenemos la certeza de que esta va a ser una nueva propuesta interesante, atractiva para los oyentes de la radio en las ma\u00f1anas. La revista va a incorporar informaci\u00f3n de actualidad, pero tambi\u00e9n va a tener temas de entretenimiento y otros para dar a los oyentes un abanico de opciones\u201d, explic\u00f3 Pe\u00f1aranda.<br \/>\nJos\u00e9 Luis Perales anunci\u00f3 que el programa ser\u00e1 una revista informativa, \u00e1gil y din\u00e1mica, con entrevistas, noticias de actualidad, contactos en vivo y otros segmentos.<br \/>\nAgreg\u00f3 que si bien existe una fuerte competencia en ese horario en otras radios locales, lo que pretende el programa \u201cHoy por Hoy\u201d es diferenciarse tambi\u00e9n mediante la difusi\u00f3n de microespacios previamente producidos, adem\u00e1s de incluir segmentos dedicados a generar conciencia sobre medioambiente, apoyo a los emprendedores, promover la solidaridad, etc.<br \/>\n\u201cYa se han realizado todos los aspectos previos al lanzamiento del programa y todo est\u00e1 listo para que empiece su difusi\u00f3n el pr\u00f3ximo lunes 8 de mayo. Estamos muy entusiasmados con lo que vamos a proponer a los oyentes\u201d, expres\u00f3 Perales.<br \/>\nLa otra conductora del programa, Adriana Guti\u00e9rrez, resalt\u00f3 que se realizar\u00e1n entrevistas \u201cen vivo\u201d y que tambi\u00e9n se incorporar\u00e1n c\u00e1psulas de temas musicales y otros rubros para hacer el programa m\u00e1s ligero e interesante.<br \/>\nDe los conductores, Adriana Guti\u00e9rrez es especializada en periodismo de investigaci\u00f3n. Tiene 19 a\u00f1os de experiencia y es ganadora de la medalla Hu\u00e1scar Caj\u00edas 2012 como periodista revelaci\u00f3n de las nuevas generaciones. Gan\u00f3 tambi\u00e9n varios premios nacionales de periodismo por las investigaciones realizadas. Entre las m\u00e1s importantes est\u00e1n: La ruta de los Chutos, una investigaci\u00f3n de m\u00e1s de 5 a\u00f1os; El pueblo de los Narcos; Corrupci\u00f3n en el comit\u00e9 ol\u00edmpico; Energ\u00edas renovables en Bolivia y uno de sus \u00faltimos trabajos de investigaci\u00f3n fue Agresiones a la Prensa. Mariel Rivero es una comunicadora joven con m\u00e1s de 10 a\u00f1os de experiencia en televisi\u00f3n en distintos medios y trabaj\u00f3 con grandes periodistas y l\u00edderes de opini\u00f3n. Sus fortalezas son el periodismo de investigaci\u00f3n y los documentales con investigaciones a fondo en diferentes tem\u00e1ticas.<br \/>\nJos\u00e9 Luis Perales Loza es un periodista y comunicador social con amplia trayectoria en medios radiales y televisivos. Experto orador y maestro de ceremonias, se especializ\u00f3 en la conducci\u00f3n y direcci\u00f3n de diferentes programas dedicados a la investigaci\u00f3n, an\u00e1lisis y opini\u00f3n. Ganador de premios, como el mejor programa nocturno \u201cSuavecito de Panamericana\u201d, mejor programa de an\u00e1lisis \u201cDi\u00e1logo\u201d, adem\u00e1s de reconocimientos a su labor period\u00edstica de parte del Gobierno Aut\u00f3nomo de La Paz y la Asamblea Legislativa.<br \/>\nRecordemos que Radio San Andr\u00e9s est\u00e1 renovando su programaci\u00f3n y presentando una nueva etapa mucho m\u00e1s profesional y con caracter\u00edsticas interesantes que permitir\u00e1n posicionar la marca dentro del mercado comunicacional pace\u00f1o.<\/p>\n\n","protected":false},"excerpt":{"rendered":"<p>Este lunes 8 de mayo se lanza el programa radial \u201cHoy por Hoy\u201d, que ser\u00e1 producido por la Universidad Mayor de San Andr\u00e9s (UMSA) y la Asociaci\u00f3n de Periodistas de La Paz (APLP). El programa se difundir\u00e1 de lunes a viernes, de 09:00 a 11:45 horas, por la radio San Andr\u00e9s, 97.6 FM, que pertenece [&hellip;]<\/p>\n","protected":false},"author":1,"featured_media":152720,"comment_status":"closed","ping_status":"closed","sticky":false,"template":"","format":"standard","meta":{"_acf_changed":false,"footnotes":""},"categories":[41],"tags":[],"class_list":["post-152716","post","type-post","status-publish","format-standard","has-post-thumbnail","category-la-guia"],"acf":{"antetitulo":""},"yoast_head":"<!-- This site is optimized with the Yoast SEO plugin v28.4 - https:\/\/yoast.com\/product\/yoast-seo-wordpress\/ -->\n<title>Hoy por Hoy: APLP y UMSA lanzan nuevo programa radial - El Diario - Bolivia<\/title>\n<meta name=\"robots\" content=\"index, follow, max-snippet:-1, max-image-preview:large, max-video-preview:-1\" \/>\n<link rel=\"canonical\" href=\"https:\/\/www.eldiario.net\/portal\/2023\/05\/06\/hoy-por-hoy-aplp-y-umsa-lanzan-nuevo-programa-radial\/\" \/>\n<meta property=\"og:locale\" content=\"es_ES\" \/>\n<meta property=\"og:type\" content=\"article\" \/>\n<meta property=\"og:title\" content=\"Hoy por Hoy: APLP y UMSA lanzan nuevo programa radial - El Diario - Bolivia\" \/>\n<meta property=\"og:description\" content=\"Este lunes 8 de mayo se lanza el programa radial \u201cHoy por Hoy\u201d, que ser\u00e1 producido por la Universidad Mayor de San Andr\u00e9s (UMSA) y la Asociaci\u00f3n de Periodistas de La Paz (APLP). El programa se difundir\u00e1 de lunes a viernes, de 09:00 a 11:45 horas, por la radio San Andr\u00e9s, 97.6 FM, que pertenece [&hellip;]\" \/>\n<meta property=\"og:url\" content=\"https:\/\/www.eldiario.net\/portal\/2023\/05\/06\/hoy-por-hoy-aplp-y-umsa-lanzan-nuevo-programa-radial\/\" \/>\n<meta property=\"og:site_name\" content=\"El Diario - Bolivia\" \/>\n<meta property=\"article:publisher\" content=\"https:\/\/www.facebook.com\/eldiario.bolivia\/\" \/>\n<meta property=\"article:published_time\" content=\"2023-05-06T09:41:35+00:00\" \/>\n<meta name=\"author\" content=\"Jeanette\" \/>\n<meta name=\"twitter:card\" content=\"summary_large_image\" \/>\n<meta name=\"twitter:creator\" content=\"@eldiario_net\" \/>\n<meta name=\"twitter:site\" content=\"@eldiario_net\" \/>\n<meta name=\"twitter:label1\" content=\"Escrito por\" \/>\n\t<meta name=\"twitter:data1\" content=\"Jeanette\" \/>\n\t<meta name=\"twitter:label2\" content=\"Tiempo de lectura\" \/>\n\t<meta name=\"twitter:data2\" content=\"4 minutos\" \/>\n<script type=\"application\/ld+json\" class=\"yoast-schema-graph\">{\"@context\":\"https:\\\/\\\/schema.org\",\"@graph\":[{\"@type\":\"Article\",\"@id\":\"https:\\\/\\\/www.eldiario.net\\\/portal\\\/2023\\\/05\\\/06\\\/hoy-por-hoy-aplp-y-umsa-lanzan-nuevo-programa-radial\\\/#article\",\"isPartOf\":{\"@id\":\"https:\\\/\\\/www.eldiario.net\\\/portal\\\/2023\\\/05\\\/06\\\/hoy-por-hoy-aplp-y-umsa-lanzan-nuevo-programa-radial\\\/\"},\"author\":{\"name\":\"Jeanette\",\"@id\":\"https:\\\/\\\/www.eldiario.net\\\/portal\\\/#\\\/schema\\\/person\\\/2c57cf2b7a7ae032e449e4c9b1019eac\"},\"headline\":\"Hoy por Hoy: APLP y UMSA lanzan nuevo programa radial\",\"datePublished\":\"2023-05-06T09:41:35+00:00\",\"mainEntityOfPage\":{\"@id\":\"https:\\\/\\\/www.eldiario.net\\\/portal\\\/2023\\\/05\\\/06\\\/hoy-por-hoy-aplp-y-umsa-lanzan-nuevo-programa-radial\\\/\"},\"wordCount\":904,\"publisher\":{\"@id\":\"https:\\\/\\\/www.eldiario.net\\\/portal\\\/#organization\"},\"image\":{\"@id\":\"https:\\\/\\\/www.eldiario.net\\\/portal\\\/2023\\\/05\\\/06\\\/hoy-por-hoy-aplp-y-umsa-lanzan-nuevo-programa-radial\\\/#primaryimage\"},\"thumbnailUrl\":\"\",\"articleSection\":[\"La Gu\u00eda\"],\"inLanguage\":\"es\"},{\"@type\":\"WebPage\",\"@id\":\"https:\\\/\\\/www.eldiario.net\\\/portal\\\/2023\\\/05\\\/06\\\/hoy-por-hoy-aplp-y-umsa-lanzan-nuevo-programa-radial\\\/\",\"url\":\"https:\\\/\\\/www.eldiario.net\\\/portal\\\/2023\\\/05\\\/06\\\/hoy-por-hoy-aplp-y-umsa-lanzan-nuevo-programa-radial\\\/\",\"name\":\"Hoy por Hoy: APLP y UMSA lanzan nuevo programa radial - El Diario - Bolivia\",\"isPartOf\":{\"@id\":\"https:\\\/\\\/www.eldiario.net\\\/portal\\\/#website\"},\"primaryImageOfPage\":{\"@id\":\"https:\\\/\\\/www.eldiario.net\\\/portal\\\/2023\\\/05\\\/06\\\/hoy-por-hoy-aplp-y-umsa-lanzan-nuevo-programa-radial\\\/#primaryimage\"},\"image\":{\"@id\":\"https:\\\/\\\/www.eldiario.net\\\/portal\\\/2023\\\/05\\\/06\\\/hoy-por-hoy-aplp-y-umsa-lanzan-nuevo-programa-radial\\\/#primaryimage\"},\"thumbnailUrl\":\"\",\"datePublished\":\"2023-05-06T09:41:35+00:00\",\"breadcrumb\":{\"@id\":\"https:\\\/\\\/www.eldiario.net\\\/portal\\\/2023\\\/05\\\/06\\\/hoy-por-hoy-aplp-y-umsa-lanzan-nuevo-programa-radial\\\/#breadcrumb\"},\"inLanguage\":\"es\",\"potentialAction\":[{\"@type\":\"ReadAction\",\"target\":[\"https:\\\/\\\/www.eldiario.net\\\/portal\\\/2023\\\/05\\\/06\\\/hoy-por-hoy-aplp-y-umsa-lanzan-nuevo-programa-radial\\\/\"]}]},{\"@type\":\"ImageObject\",\"inLanguage\":\"es\",\"@id\":\"https:\\\/\\\/www.eldiario.net\\\/portal\\\/2023\\\/05\\\/06\\\/hoy-por-hoy-aplp-y-umsa-lanzan-nuevo-programa-radial\\\/#primaryimage\",\"url\":\"\",\"contentUrl\":\"\"},{\"@type\":\"BreadcrumbList\",\"@id\":\"https:\\\/\\\/www.eldiario.net\\\/portal\\\/2023\\\/05\\\/06\\\/hoy-por-hoy-aplp-y-umsa-lanzan-nuevo-programa-radial\\\/#breadcrumb\",\"itemListElement\":[{\"@type\":\"ListItem\",\"position\":1,\"name\":\"Portada\",\"item\":\"https:\\\/\\\/www.eldiario.net\\\/portal\\\/\"},{\"@type\":\"ListItem\",\"position\":2,\"name\":\"Hoy por Hoy: APLP y UMSA lanzan nuevo programa radial\"}]},{\"@type\":\"WebSite\",\"@id\":\"https:\\\/\\\/www.eldiario.net\\\/portal\\\/#website\",\"url\":\"https:\\\/\\\/www.eldiario.net\\\/portal\\\/\",\"name\":\"El Diario - Decano de la prensa nacional\",\"description\":\"El Diario - Decano de la prensa nacional\",\"publisher\":{\"@id\":\"https:\\\/\\\/www.eldiario.net\\\/portal\\\/#organization\"},\"potentialAction\":[{\"@type\":\"SearchAction\",\"target\":{\"@type\":\"EntryPoint\",\"urlTemplate\":\"https:\\\/\\\/www.eldiario.net\\\/portal\\\/?s={search_term_string}\"},\"query-input\":{\"@type\":\"PropertyValueSpecification\",\"valueRequired\":true,\"valueName\":\"search_term_string\"}}],\"inLanguage\":\"es\"},{\"@type\":\"Organization\",\"@id\":\"https:\\\/\\\/www.eldiario.net\\\/portal\\\/#organization\",\"name\":\"El Diario - Decano de la prensa nacional\",\"url\":\"https:\\\/\\\/www.eldiario.net\\\/portal\\\/\",\"logo\":{\"@type\":\"ImageObject\",\"inLanguage\":\"es\",\"@id\":\"https:\\\/\\\/www.eldiario.net\\\/portal\\\/#\\\/schema\\\/logo\\\/image\\\/\",\"url\":\"https:\\\/\\\/www.eldiario.net\\\/portal\\\/wp-content\\\/uploads\\\/2023\\\/07\\\/logo_ED.jpg\",\"contentUrl\":\"https:\\\/\\\/www.eldiario.net\\\/portal\\\/wp-content\\\/uploads\\\/2023\\\/07\\\/logo_ED.jpg\",\"width\":272,\"height\":52,\"caption\":\"El Diario - Decano de la prensa nacional\"},\"image\":{\"@id\":\"https:\\\/\\\/www.eldiario.net\\\/portal\\\/#\\\/schema\\\/logo\\\/image\\\/\"},\"sameAs\":[\"https:\\\/\\\/www.facebook.com\\\/eldiario.bolivia\\\/\",\"https:\\\/\\\/x.com\\\/eldiario_net\"]},{\"@type\":\"Person\",\"@id\":\"https:\\\/\\\/www.eldiario.net\\\/portal\\\/#\\\/schema\\\/person\\\/2c57cf2b7a7ae032e449e4c9b1019eac\",\"name\":\"Jeanette\",\"image\":{\"@type\":\"ImageObject\",\"inLanguage\":\"es\",\"@id\":\"https:\\\/\\\/secure.gravatar.com\\\/avatar\\\/3ea2118a5f7dad2b7138b1187a6b7ee55f160b9968b66013c3a3ef39dd7e5798?s=96&d=mm&r=g\",\"url\":\"https:\\\/\\\/secure.gravatar.com\\\/avatar\\\/3ea2118a5f7dad2b7138b1187a6b7ee55f160b9968b66013c3a3ef39dd7e5798?s=96&d=mm&r=g\",\"contentUrl\":\"https:\\\/\\\/secure.gravatar.com\\\/avatar\\\/3ea2118a5f7dad2b7138b1187a6b7ee55f160b9968b66013c3a3ef39dd7e5798?s=96&d=mm&r=g\",\"caption\":\"Jeanette\"},\"sameAs\":[\"https:\\\/\\\/www.eldiario.net\\\/portal\"],\"url\":\"https:\\\/\\\/www.eldiario.net\\\/portal\\\/author\\\/jeanette\\\/\"}]}<\/script>\n<!-- \/ Yoast SEO plugin. -->","yoast_head_json":{"title":"Hoy por Hoy: APLP y UMSA lanzan nuevo programa radial - El Diario - Bolivia","robots":{"index":"index","follow":"follow","max-snippet":"max-snippet:-1","max-image-preview":"max-image-preview:large","max-video-preview":"max-video-preview:-1"},"canonical":"https:\/\/www.eldiario.net\/portal\/2023\/05\/06\/hoy-por-hoy-aplp-y-umsa-lanzan-nuevo-programa-radial\/","og_locale":"es_ES","og_type":"article","og_title":"Hoy por Hoy: APLP y UMSA lanzan nuevo programa radial - El Diario - Bolivia","og_description":"Este lunes 8 de mayo se lanza el programa radial \u201cHoy por Hoy\u201d, que ser\u00e1 producido por la Universidad Mayor de San Andr\u00e9s (UMSA) y la Asociaci\u00f3n de Periodistas de La Paz (APLP). El programa se difundir\u00e1 de lunes a viernes, de 09:00 a 11:45 horas, por la radio San Andr\u00e9s, 97.6 FM, que pertenece [&hellip;]","og_url":"https:\/\/www.eldiario.net\/portal\/2023\/05\/06\/hoy-por-hoy-aplp-y-umsa-lanzan-nuevo-programa-radial\/","og_site_name":"El Diario - Bolivia","article_publisher":"https:\/\/www.facebook.com\/eldiario.bolivia\/","article_published_time":"2023-05-06T09:41:35+00:00","author":"Jeanette","twitter_card":"summary_large_image","twitter_creator":"@eldiario_net","twitter_site":"@eldiario_net","twitter_misc":{"Escrito por":"Jeanette","Tiempo de lectura":"4 minutos"},"schema":{"@context":"https:\/\/schema.org","@graph":[{"@type":"Article","@id":"https:\/\/www.eldiario.net\/portal\/2023\/05\/06\/hoy-por-hoy-aplp-y-umsa-lanzan-nuevo-programa-radial\/#article","isPartOf":{"@id":"https:\/\/www.eldiario.net\/portal\/2023\/05\/06\/hoy-por-hoy-aplp-y-umsa-lanzan-nuevo-programa-radial\/"},"author":{"name":"Jeanette","@id":"https:\/\/www.eldiario.net\/portal\/#\/schema\/person\/2c57cf2b7a7ae032e449e4c9b1019eac"},"headline":"Hoy por Hoy: APLP y UMSA lanzan nuevo programa radial","datePublished":"2023-05-06T09:41:35+00:00","mainEntityOfPage":{"@id":"https:\/\/www.eldiario.net\/portal\/2023\/05\/06\/hoy-por-hoy-aplp-y-umsa-lanzan-nuevo-programa-radial\/"},"wordCount":904,"publisher":{"@id":"https:\/\/www.eldiario.net\/portal\/#organization"},"image":{"@id":"https:\/\/www.eldiario.net\/portal\/2023\/05\/06\/hoy-por-hoy-aplp-y-umsa-lanzan-nuevo-programa-radial\/#primaryimage"},"thumbnailUrl":"","articleSection":["La Gu\u00eda"],"inLanguage":"es"},{"@type":"WebPage","@id":"https:\/\/www.eldiario.net\/portal\/2023\/05\/06\/hoy-por-hoy-aplp-y-umsa-lanzan-nuevo-programa-radial\/","url":"https:\/\/www.eldiario.net\/portal\/2023\/05\/06\/hoy-por-hoy-aplp-y-umsa-lanzan-nuevo-programa-radial\/","name":"Hoy por Hoy: APLP y UMSA lanzan nuevo programa radial - El Diario - Bolivia","isPartOf":{"@id":"https:\/\/www.eldiario.net\/portal\/#website"},"primaryImageOfPage":{"@id":"https:\/\/www.eldiario.net\/portal\/2023\/05\/06\/hoy-por-hoy-aplp-y-umsa-lanzan-nuevo-programa-radial\/#primaryimage"},"image":{"@id":"https:\/\/www.eldiario.net\/portal\/2023\/05\/06\/hoy-por-hoy-aplp-y-umsa-lanzan-nuevo-programa-radial\/#primaryimage"},"thumbnailUrl":"","datePublished":"2023-05-06T09:41:35+00:00","breadcrumb":{"@id":"https:\/\/www.eldiario.net\/portal\/2023\/05\/06\/hoy-por-hoy-aplp-y-umsa-lanzan-nuevo-programa-radial\/#breadcrumb"},"inLanguage":"es","potentialAction":[{"@type":"ReadAction","target":["https:\/\/www.eldiario.net\/portal\/2023\/05\/06\/hoy-por-hoy-aplp-y-umsa-lanzan-nuevo-programa-radial\/"]}]},{"@type":"ImageObject","inLanguage":"es","@id":"https:\/\/www.eldiario.net\/portal\/2023\/05\/06\/hoy-por-hoy-aplp-y-umsa-lanzan-nuevo-programa-radial\/#primaryimage","url":"","contentUrl":""},{"@type":"BreadcrumbList","@id":"https:\/\/www.eldiario.net\/portal\/2023\/05\/06\/hoy-por-hoy-aplp-y-umsa-lanzan-nuevo-programa-radial\/#breadcrumb","itemListElement":[{"@type":"ListItem","position":1,"name":"Portada","item":"https:\/\/www.eldiario.net\/portal\/"},{"@type":"ListItem","position":2,"name":"Hoy por Hoy: APLP y UMSA lanzan nuevo programa radial"}]},{"@type":"WebSite","@id":"https:\/\/www.eldiario.net\/portal\/#website","url":"https:\/\/www.eldiario.net\/portal\/","name":"El Diario - Decano de la prensa nacional","description":"El Diario - Decano de la prensa nacional","publisher":{"@id":"https:\/\/www.eldiario.net\/portal\/#organization"},"potentialAction":[{"@type":"SearchAction","target":{"@type":"EntryPoint","urlTemplate":"https:\/\/www.eldiario.net\/portal\/?s={search_term_string}"},"query-input":{"@type":"PropertyValueSpecification","valueRequired":true,"valueName":"search_term_string"}}],"inLanguage":"es"},{"@type":"Organization","@id":"https:\/\/www.eldiario.net\/portal\/#organization","name":"El Diario - Decano de la prensa nacional","url":"https:\/\/www.eldiario.net\/portal\/","logo":{"@type":"ImageObject","inLanguage":"es","@id":"https:\/\/www.eldiario.net\/portal\/#\/schema\/logo\/image\/","url":"https:\/\/www.eldiario.net\/portal\/wp-content\/uploads\/2023\/07\/logo_ED.jpg","contentUrl":"https:\/\/www.eldiario.net\/portal\/wp-content\/uploads\/2023\/07\/logo_ED.jpg","width":272,"height":52,"caption":"El Diario - Decano de la prensa nacional"},"image":{"@id":"https:\/\/www.eldiario.net\/portal\/#\/schema\/logo\/image\/"},"sameAs":["https:\/\/www.facebook.com\/eldiario.bolivia\/","https:\/\/x.com\/eldiario_net"]},{"@type":"Person","@id":"https:\/\/www.eldiario.net\/portal\/#\/schema\/person\/2c57cf2b7a7ae032e449e4c9b1019eac","name":"Jeanette","image":{"@type":"ImageObject","inLanguage":"es","@id":"https:\/\/secure.gravatar.com\/avatar\/3ea2118a5f7dad2b7138b1187a6b7ee55f160b9968b66013c3a3ef39dd7e5798?s=96&d=mm&r=g","url":"https:\/\/secure.gravatar.com\/avatar\/3ea2118a5f7dad2b7138b1187a6b7ee55f160b9968b66013c3a3ef39dd7e5798?s=96&d=mm&r=g","contentUrl":"https:\/\/secure.gravatar.com\/avatar\/3ea2118a5f7dad2b7138b1187a6b7ee55f160b9968b66013c3a3ef39dd7e5798?s=96&d=mm&r=g","caption":"Jeanette"},"sameAs":["https:\/\/www.eldiario.net\/portal"],"url":"https:\/\/www.eldiario.net\/portal\/author\/jeanette\/"}]}},"_links":{"self":[{"href":"https:\/\/www.eldiario.net\/portal\/wp-json\/wp\/v2\/posts\/152716","targetHints":{"allow":["GET"]}}],"collection":[{"href":"https:\/\/www.eldiario.net\/portal\/wp-json\/wp\/v2\/posts"}],"about":[{"href":"https:\/\/www.eldiario.net\/portal\/wp-json\/wp\/v2\/types\/post"}],"author":[{"embeddable":true,"href":"https:\/\/www.eldiario.net\/portal\/wp-json\/wp\/v2\/users\/1"}],"replies":[{"embeddable":true,"href":"https:\/\/www.eldiario.net\/portal\/wp-json\/wp\/v2\/comments?post=152716"}],"version-history":[{"count":0,"href":"https:\/\/www.eldiario.net\/portal\/wp-json\/wp\/v2\/posts\/152716\/revisions"}],"wp:attachment":[{"href":"https:\/\/www.eldiario.net\/portal\/wp-json\/wp\/v2\/media?parent=152716"}],"wp:term":[{"taxonomy":"category","embeddable":true,"href":"https:\/\/www.eldiario.net\/portal\/wp-json\/wp\/v2\/categories?post=152716"},{"taxonomy":"post_tag","embeddable":true,"href":"https:\/\/www.eldiario.net\/portal\/wp-json\/wp\/v2\/tags?post=152716"}],"curies":[{"name":"wp","href":"https:\/\/api.w.org\/{rel}","templated":true}]}}