{"id":152713,"date":"2023-05-06T05:38:40","date_gmt":"2023-05-06T09:38:40","guid":{"rendered":"https:\/\/www.eldiario.net\/portal\/?p=152713"},"modified":"2023-05-06T05:38:40","modified_gmt":"2023-05-06T09:38:40","slug":"ninos-y-jovenes-reciben-formacion-orquestal","status":"publish","type":"post","link":"https:\/\/www.eldiario.net\/portal\/2023\/05\/06\/ninos-y-jovenes-reciben-formacion-orquestal\/","title":{"rendered":"Ni\u00f1os y j\u00f3venes reciben formaci\u00f3n orquestal"},"content":{"rendered":"<p>La Fundaci\u00f3n Bolivia Cl\u00e1sica y la Empresa Estatal de Transporte por Cable &#8211; Mi Telef\u00e9rico, suscribieron un convenio para la formaci\u00f3n orquestal de ni\u00f1os y j\u00f3venes de La Paz y El Alto<br \/>\nEl convenio de cooperaci\u00f3n fue firmado por Armando Vera, director de la Orquesta de C\u00e1mara Juvenil y representante legal de la Fundaci\u00f3n, y Sergio Choque, gerente Ejecutivo de Mi Telef\u00e9rico.<br \/>\nSeg\u00fan el acuerdo institucional, la capacitaci\u00f3n se desarrollar\u00e1 en los espacios culturales de Mi Telef\u00e9rico, a trav\u00e9s del programa \u201cm\u00fasica para todos\u201d que lleva adelante la Fundaci\u00f3n Bolivia Cl\u00e1sica, brindando acceso gratuito a la formaci\u00f3n musical a ni\u00f1os y j\u00f3venes de condiciones econ\u00f3micas limitadas.<br \/>\nMi telef\u00e9rico, en el marco de su compromiso social y en el desarrollo de actividades de \u00edndole cultural, ofrece la infraestructura para el desarrollo de clases a trav\u00e9s de las Zonas T ubicadas en el edificio patrimonial de la Estaci\u00f3n Central en La Paz y en la Estaci\u00f3n 16 de Julio de la L\u00ednea Roja en El Alto. La Fundaci\u00f3n Bolivia Cl\u00e1sica se encarga de la organizaci\u00f3n acad\u00e9mica y la ejecuci\u00f3n de la formaci\u00f3n orquestal a trav\u00e9s de sus profesores y personal. La realizaci\u00f3n del programa se completa con el patrocinio que brinda Banco Sol, que en el marco de su labor de responsabilidad social se suma a trav\u00e9s de su proyecto Clave Sol, se\u00f1ala el comunicado.<br \/>\nEl principal ejecutivo de la estatal de transporte por cable expres\u00f3 su satisfacci\u00f3n por coadyuvar a la formaci\u00f3n musical de ni\u00f1os y j\u00f3venes. \u201cLas Zonas T son espacios gratuitos que brinda Mi Telef\u00e9rico para todas las entidades que quieran desarrollar actividades culturales, gastron\u00f3micas, art\u00edsticas, teatro, danza&#8230;\u201d, dijo a tiempo de ratificar su compromiso de apoyar estas iniciativas de car\u00e1cter socio \u2013 cultural.<br \/>\n\u201cPara la Fundaci\u00f3n Bolivia Cl\u00e1sica, la sinergia que se genera con convenios de este tipo, son de gran importancia porque benefician a los j\u00f3venes talentos y les permite formarse musicalmente y hasta encontrar oportunidades de transformaci\u00f3n de sus vidas. Agradecemos la confianza y respaldo de la empresa Mi Telef\u00e9rico y Banco Sol que comparten los objetivos sociales del programa \u201cM\u00fasica para todos\u201d, manifest\u00f3 Eduardo Quintanilla, miembro del Directorio de la Fundaci\u00f3n.<br \/>\nLas clases en la ciudad de La Paz se iniciaron con 50 ni\u00f1os que se formar\u00e1n en los pr\u00f3ximos seis meses con la metodolog\u00eda de formaci\u00f3n orquestal en un periodo inicial de educaci\u00f3n. \u201cEn los pr\u00f3ximos d\u00edas, se lanzar\u00e1 la convocatoria para las clases que se desarrollar\u00e1n en la Zona T de la Estaci\u00f3n de la 16 de Julio de la L\u00ednea Roja en ciudad de El Alto\u201d, finaliz\u00f3 Quintanilla.<br \/>\nEn el marco del convenio, se inform\u00f3 que se tiene planificado tambi\u00e9n la presentaci\u00f3n de conciertos en el Teatro Galp\u00f3n del Parque de las Culturas y de la Madre Tierra.<\/p>\n","protected":false},"excerpt":{"rendered":"<p>La Fundaci\u00f3n Bolivia Cl\u00e1sica y la Empresa Estatal de Transporte por Cable &#8211; Mi Telef\u00e9rico, suscribieron un convenio para la formaci\u00f3n orquestal de ni\u00f1os y j\u00f3venes de La Paz y El Alto El convenio de cooperaci\u00f3n fue firmado por Armando Vera, director de la Orquesta de C\u00e1mara Juvenil y representante legal de la Fundaci\u00f3n, y [&hellip;]<\/p>\n","protected":false},"author":1,"featured_media":152714,"comment_status":"closed","ping_status":"closed","sticky":false,"template":"","format":"standard","meta":{"_acf_changed":false,"footnotes":""},"categories":[8],"tags":[],"class_list":["post-152713","post","type-post","status-publish","format-standard","has-post-thumbnail","category-cultural"],"acf":{"antetitulo":""},"yoast_head":"<!-- This site is optimized with the Yoast SEO plugin v28.4 - https:\/\/yoast.com\/product\/yoast-seo-wordpress\/ -->\n<title>Ni\u00f1os y j\u00f3venes reciben formaci\u00f3n orquestal - El Diario - Bolivia<\/title>\n<meta name=\"robots\" content=\"index, follow, max-snippet:-1, max-image-preview:large, max-video-preview:-1\" \/>\n<link rel=\"canonical\" href=\"https:\/\/www.eldiario.net\/portal\/2023\/05\/06\/ninos-y-jovenes-reciben-formacion-orquestal\/\" \/>\n<meta property=\"og:locale\" content=\"es_ES\" \/>\n<meta property=\"og:type\" content=\"article\" \/>\n<meta property=\"og:title\" content=\"Ni\u00f1os y j\u00f3venes reciben formaci\u00f3n orquestal - El Diario - Bolivia\" \/>\n<meta property=\"og:description\" content=\"La Fundaci\u00f3n Bolivia Cl\u00e1sica y la Empresa Estatal de Transporte por Cable &#8211; Mi Telef\u00e9rico, suscribieron un convenio para la formaci\u00f3n orquestal de ni\u00f1os y j\u00f3venes de La Paz y El Alto El convenio de cooperaci\u00f3n fue firmado por Armando Vera, director de la Orquesta de C\u00e1mara Juvenil y representante legal de la Fundaci\u00f3n, y [&hellip;]\" \/>\n<meta property=\"og:url\" content=\"https:\/\/www.eldiario.net\/portal\/2023\/05\/06\/ninos-y-jovenes-reciben-formacion-orquestal\/\" \/>\n<meta property=\"og:site_name\" content=\"El Diario - Bolivia\" \/>\n<meta property=\"article:publisher\" content=\"https:\/\/www.facebook.com\/eldiario.bolivia\/\" \/>\n<meta property=\"article:published_time\" content=\"2023-05-06T09:38:40+00:00\" \/>\n<meta name=\"author\" content=\"Jeanette\" \/>\n<meta name=\"twitter:card\" content=\"summary_large_image\" \/>\n<meta name=\"twitter:creator\" content=\"@eldiario_net\" \/>\n<meta name=\"twitter:site\" content=\"@eldiario_net\" \/>\n<meta name=\"twitter:label1\" content=\"Escrito por\" \/>\n\t<meta name=\"twitter:data1\" content=\"Jeanette\" \/>\n\t<meta name=\"twitter:label2\" content=\"Tiempo de lectura\" \/>\n\t<meta name=\"twitter:data2\" content=\"3 minutos\" \/>\n<script type=\"application\/ld+json\" class=\"yoast-schema-graph\">{\"@context\":\"https:\\\/\\\/schema.org\",\"@graph\":[{\"@type\":\"Article\",\"@id\":\"https:\\\/\\\/www.eldiario.net\\\/portal\\\/2023\\\/05\\\/06\\\/ninos-y-jovenes-reciben-formacion-orquestal\\\/#article\",\"isPartOf\":{\"@id\":\"https:\\\/\\\/www.eldiario.net\\\/portal\\\/2023\\\/05\\\/06\\\/ninos-y-jovenes-reciben-formacion-orquestal\\\/\"},\"author\":{\"name\":\"Jeanette\",\"@id\":\"https:\\\/\\\/www.eldiario.net\\\/portal\\\/#\\\/schema\\\/person\\\/2c57cf2b7a7ae032e449e4c9b1019eac\"},\"headline\":\"Ni\u00f1os y j\u00f3venes reciben formaci\u00f3n orquestal\",\"datePublished\":\"2023-05-06T09:38:40+00:00\",\"mainEntityOfPage\":{\"@id\":\"https:\\\/\\\/www.eldiario.net\\\/portal\\\/2023\\\/05\\\/06\\\/ninos-y-jovenes-reciben-formacion-orquestal\\\/\"},\"wordCount\":526,\"publisher\":{\"@id\":\"https:\\\/\\\/www.eldiario.net\\\/portal\\\/#organization\"},\"image\":{\"@id\":\"https:\\\/\\\/www.eldiario.net\\\/portal\\\/2023\\\/05\\\/06\\\/ninos-y-jovenes-reciben-formacion-orquestal\\\/#primaryimage\"},\"thumbnailUrl\":\"\",\"articleSection\":[\"Cultural\"],\"inLanguage\":\"es\"},{\"@type\":\"WebPage\",\"@id\":\"https:\\\/\\\/www.eldiario.net\\\/portal\\\/2023\\\/05\\\/06\\\/ninos-y-jovenes-reciben-formacion-orquestal\\\/\",\"url\":\"https:\\\/\\\/www.eldiario.net\\\/portal\\\/2023\\\/05\\\/06\\\/ninos-y-jovenes-reciben-formacion-orquestal\\\/\",\"name\":\"Ni\u00f1os y j\u00f3venes reciben formaci\u00f3n orquestal - El Diario - Bolivia\",\"isPartOf\":{\"@id\":\"https:\\\/\\\/www.eldiario.net\\\/portal\\\/#website\"},\"primaryImageOfPage\":{\"@id\":\"https:\\\/\\\/www.eldiario.net\\\/portal\\\/2023\\\/05\\\/06\\\/ninos-y-jovenes-reciben-formacion-orquestal\\\/#primaryimage\"},\"image\":{\"@id\":\"https:\\\/\\\/www.eldiario.net\\\/portal\\\/2023\\\/05\\\/06\\\/ninos-y-jovenes-reciben-formacion-orquestal\\\/#primaryimage\"},\"thumbnailUrl\":\"\",\"datePublished\":\"2023-05-06T09:38:40+00:00\",\"breadcrumb\":{\"@id\":\"https:\\\/\\\/www.eldiario.net\\\/portal\\\/2023\\\/05\\\/06\\\/ninos-y-jovenes-reciben-formacion-orquestal\\\/#breadcrumb\"},\"inLanguage\":\"es\",\"potentialAction\":[{\"@type\":\"ReadAction\",\"target\":[\"https:\\\/\\\/www.eldiario.net\\\/portal\\\/2023\\\/05\\\/06\\\/ninos-y-jovenes-reciben-formacion-orquestal\\\/\"]}]},{\"@type\":\"ImageObject\",\"inLanguage\":\"es\",\"@id\":\"https:\\\/\\\/www.eldiario.net\\\/portal\\\/2023\\\/05\\\/06\\\/ninos-y-jovenes-reciben-formacion-orquestal\\\/#primaryimage\",\"url\":\"\",\"contentUrl\":\"\"},{\"@type\":\"BreadcrumbList\",\"@id\":\"https:\\\/\\\/www.eldiario.net\\\/portal\\\/2023\\\/05\\\/06\\\/ninos-y-jovenes-reciben-formacion-orquestal\\\/#breadcrumb\",\"itemListElement\":[{\"@type\":\"ListItem\",\"position\":1,\"name\":\"Portada\",\"item\":\"https:\\\/\\\/www.eldiario.net\\\/portal\\\/\"},{\"@type\":\"ListItem\",\"position\":2,\"name\":\"Ni\u00f1os y j\u00f3venes reciben formaci\u00f3n orquestal\"}]},{\"@type\":\"WebSite\",\"@id\":\"https:\\\/\\\/www.eldiario.net\\\/portal\\\/#website\",\"url\":\"https:\\\/\\\/www.eldiario.net\\\/portal\\\/\",\"name\":\"El Diario - Decano de la prensa nacional\",\"description\":\"El Diario - Decano de la prensa nacional\",\"publisher\":{\"@id\":\"https:\\\/\\\/www.eldiario.net\\\/portal\\\/#organization\"},\"potentialAction\":[{\"@type\":\"SearchAction\",\"target\":{\"@type\":\"EntryPoint\",\"urlTemplate\":\"https:\\\/\\\/www.eldiario.net\\\/portal\\\/?s={search_term_string}\"},\"query-input\":{\"@type\":\"PropertyValueSpecification\",\"valueRequired\":true,\"valueName\":\"search_term_string\"}}],\"inLanguage\":\"es\"},{\"@type\":\"Organization\",\"@id\":\"https:\\\/\\\/www.eldiario.net\\\/portal\\\/#organization\",\"name\":\"El Diario - Decano de la prensa nacional\",\"url\":\"https:\\\/\\\/www.eldiario.net\\\/portal\\\/\",\"logo\":{\"@type\":\"ImageObject\",\"inLanguage\":\"es\",\"@id\":\"https:\\\/\\\/www.eldiario.net\\\/portal\\\/#\\\/schema\\\/logo\\\/image\\\/\",\"url\":\"https:\\\/\\\/www.eldiario.net\\\/portal\\\/wp-content\\\/uploads\\\/2023\\\/07\\\/logo_ED.jpg\",\"contentUrl\":\"https:\\\/\\\/www.eldiario.net\\\/portal\\\/wp-content\\\/uploads\\\/2023\\\/07\\\/logo_ED.jpg\",\"width\":272,\"height\":52,\"caption\":\"El Diario - Decano de la prensa nacional\"},\"image\":{\"@id\":\"https:\\\/\\\/www.eldiario.net\\\/portal\\\/#\\\/schema\\\/logo\\\/image\\\/\"},\"sameAs\":[\"https:\\\/\\\/www.facebook.com\\\/eldiario.bolivia\\\/\",\"https:\\\/\\\/x.com\\\/eldiario_net\"]},{\"@type\":\"Person\",\"@id\":\"https:\\\/\\\/www.eldiario.net\\\/portal\\\/#\\\/schema\\\/person\\\/2c57cf2b7a7ae032e449e4c9b1019eac\",\"name\":\"Jeanette\",\"image\":{\"@type\":\"ImageObject\",\"inLanguage\":\"es\",\"@id\":\"https:\\\/\\\/secure.gravatar.com\\\/avatar\\\/3ea2118a5f7dad2b7138b1187a6b7ee55f160b9968b66013c3a3ef39dd7e5798?s=96&d=mm&r=g\",\"url\":\"https:\\\/\\\/secure.gravatar.com\\\/avatar\\\/3ea2118a5f7dad2b7138b1187a6b7ee55f160b9968b66013c3a3ef39dd7e5798?s=96&d=mm&r=g\",\"contentUrl\":\"https:\\\/\\\/secure.gravatar.com\\\/avatar\\\/3ea2118a5f7dad2b7138b1187a6b7ee55f160b9968b66013c3a3ef39dd7e5798?s=96&d=mm&r=g\",\"caption\":\"Jeanette\"},\"sameAs\":[\"https:\\\/\\\/www.eldiario.net\\\/portal\"],\"url\":\"https:\\\/\\\/www.eldiario.net\\\/portal\\\/author\\\/jeanette\\\/\"}]}<\/script>\n<!-- \/ Yoast SEO plugin. -->","yoast_head_json":{"title":"Ni\u00f1os y j\u00f3venes reciben formaci\u00f3n orquestal - El Diario - Bolivia","robots":{"index":"index","follow":"follow","max-snippet":"max-snippet:-1","max-image-preview":"max-image-preview:large","max-video-preview":"max-video-preview:-1"},"canonical":"https:\/\/www.eldiario.net\/portal\/2023\/05\/06\/ninos-y-jovenes-reciben-formacion-orquestal\/","og_locale":"es_ES","og_type":"article","og_title":"Ni\u00f1os y j\u00f3venes reciben formaci\u00f3n orquestal - El Diario - Bolivia","og_description":"La Fundaci\u00f3n Bolivia Cl\u00e1sica y la Empresa Estatal de Transporte por Cable &#8211; Mi Telef\u00e9rico, suscribieron un convenio para la formaci\u00f3n orquestal de ni\u00f1os y j\u00f3venes de La Paz y El Alto El convenio de cooperaci\u00f3n fue firmado por Armando Vera, director de la Orquesta de C\u00e1mara Juvenil y representante legal de la Fundaci\u00f3n, y [&hellip;]","og_url":"https:\/\/www.eldiario.net\/portal\/2023\/05\/06\/ninos-y-jovenes-reciben-formacion-orquestal\/","og_site_name":"El Diario - Bolivia","article_publisher":"https:\/\/www.facebook.com\/eldiario.bolivia\/","article_published_time":"2023-05-06T09:38:40+00:00","author":"Jeanette","twitter_card":"summary_large_image","twitter_creator":"@eldiario_net","twitter_site":"@eldiario_net","twitter_misc":{"Escrito por":"Jeanette","Tiempo de lectura":"3 minutos"},"schema":{"@context":"https:\/\/schema.org","@graph":[{"@type":"Article","@id":"https:\/\/www.eldiario.net\/portal\/2023\/05\/06\/ninos-y-jovenes-reciben-formacion-orquestal\/#article","isPartOf":{"@id":"https:\/\/www.eldiario.net\/portal\/2023\/05\/06\/ninos-y-jovenes-reciben-formacion-orquestal\/"},"author":{"name":"Jeanette","@id":"https:\/\/www.eldiario.net\/portal\/#\/schema\/person\/2c57cf2b7a7ae032e449e4c9b1019eac"},"headline":"Ni\u00f1os y j\u00f3venes reciben formaci\u00f3n orquestal","datePublished":"2023-05-06T09:38:40+00:00","mainEntityOfPage":{"@id":"https:\/\/www.eldiario.net\/portal\/2023\/05\/06\/ninos-y-jovenes-reciben-formacion-orquestal\/"},"wordCount":526,"publisher":{"@id":"https:\/\/www.eldiario.net\/portal\/#organization"},"image":{"@id":"https:\/\/www.eldiario.net\/portal\/2023\/05\/06\/ninos-y-jovenes-reciben-formacion-orquestal\/#primaryimage"},"thumbnailUrl":"","articleSection":["Cultural"],"inLanguage":"es"},{"@type":"WebPage","@id":"https:\/\/www.eldiario.net\/portal\/2023\/05\/06\/ninos-y-jovenes-reciben-formacion-orquestal\/","url":"https:\/\/www.eldiario.net\/portal\/2023\/05\/06\/ninos-y-jovenes-reciben-formacion-orquestal\/","name":"Ni\u00f1os y j\u00f3venes reciben formaci\u00f3n orquestal - El Diario - Bolivia","isPartOf":{"@id":"https:\/\/www.eldiario.net\/portal\/#website"},"primaryImageOfPage":{"@id":"https:\/\/www.eldiario.net\/portal\/2023\/05\/06\/ninos-y-jovenes-reciben-formacion-orquestal\/#primaryimage"},"image":{"@id":"https:\/\/www.eldiario.net\/portal\/2023\/05\/06\/ninos-y-jovenes-reciben-formacion-orquestal\/#primaryimage"},"thumbnailUrl":"","datePublished":"2023-05-06T09:38:40+00:00","breadcrumb":{"@id":"https:\/\/www.eldiario.net\/portal\/2023\/05\/06\/ninos-y-jovenes-reciben-formacion-orquestal\/#breadcrumb"},"inLanguage":"es","potentialAction":[{"@type":"ReadAction","target":["https:\/\/www.eldiario.net\/portal\/2023\/05\/06\/ninos-y-jovenes-reciben-formacion-orquestal\/"]}]},{"@type":"ImageObject","inLanguage":"es","@id":"https:\/\/www.eldiario.net\/portal\/2023\/05\/06\/ninos-y-jovenes-reciben-formacion-orquestal\/#primaryimage","url":"","contentUrl":""},{"@type":"BreadcrumbList","@id":"https:\/\/www.eldiario.net\/portal\/2023\/05\/06\/ninos-y-jovenes-reciben-formacion-orquestal\/#breadcrumb","itemListElement":[{"@type":"ListItem","position":1,"name":"Portada","item":"https:\/\/www.eldiario.net\/portal\/"},{"@type":"ListItem","position":2,"name":"Ni\u00f1os y j\u00f3venes reciben formaci\u00f3n orquestal"}]},{"@type":"WebSite","@id":"https:\/\/www.eldiario.net\/portal\/#website","url":"https:\/\/www.eldiario.net\/portal\/","name":"El Diario - Decano de la prensa nacional","description":"El Diario - Decano de la prensa nacional","publisher":{"@id":"https:\/\/www.eldiario.net\/portal\/#organization"},"potentialAction":[{"@type":"SearchAction","target":{"@type":"EntryPoint","urlTemplate":"https:\/\/www.eldiario.net\/portal\/?s={search_term_string}"},"query-input":{"@type":"PropertyValueSpecification","valueRequired":true,"valueName":"search_term_string"}}],"inLanguage":"es"},{"@type":"Organization","@id":"https:\/\/www.eldiario.net\/portal\/#organization","name":"El Diario - Decano de la prensa nacional","url":"https:\/\/www.eldiario.net\/portal\/","logo":{"@type":"ImageObject","inLanguage":"es","@id":"https:\/\/www.eldiario.net\/portal\/#\/schema\/logo\/image\/","url":"https:\/\/www.eldiario.net\/portal\/wp-content\/uploads\/2023\/07\/logo_ED.jpg","contentUrl":"https:\/\/www.eldiario.net\/portal\/wp-content\/uploads\/2023\/07\/logo_ED.jpg","width":272,"height":52,"caption":"El Diario - Decano de la prensa nacional"},"image":{"@id":"https:\/\/www.eldiario.net\/portal\/#\/schema\/logo\/image\/"},"sameAs":["https:\/\/www.facebook.com\/eldiario.bolivia\/","https:\/\/x.com\/eldiario_net"]},{"@type":"Person","@id":"https:\/\/www.eldiario.net\/portal\/#\/schema\/person\/2c57cf2b7a7ae032e449e4c9b1019eac","name":"Jeanette","image":{"@type":"ImageObject","inLanguage":"es","@id":"https:\/\/secure.gravatar.com\/avatar\/3ea2118a5f7dad2b7138b1187a6b7ee55f160b9968b66013c3a3ef39dd7e5798?s=96&d=mm&r=g","url":"https:\/\/secure.gravatar.com\/avatar\/3ea2118a5f7dad2b7138b1187a6b7ee55f160b9968b66013c3a3ef39dd7e5798?s=96&d=mm&r=g","contentUrl":"https:\/\/secure.gravatar.com\/avatar\/3ea2118a5f7dad2b7138b1187a6b7ee55f160b9968b66013c3a3ef39dd7e5798?s=96&d=mm&r=g","caption":"Jeanette"},"sameAs":["https:\/\/www.eldiario.net\/portal"],"url":"https:\/\/www.eldiario.net\/portal\/author\/jeanette\/"}]}},"_links":{"self":[{"href":"https:\/\/www.eldiario.net\/portal\/wp-json\/wp\/v2\/posts\/152713","targetHints":{"allow":["GET"]}}],"collection":[{"href":"https:\/\/www.eldiario.net\/portal\/wp-json\/wp\/v2\/posts"}],"about":[{"href":"https:\/\/www.eldiario.net\/portal\/wp-json\/wp\/v2\/types\/post"}],"author":[{"embeddable":true,"href":"https:\/\/www.eldiario.net\/portal\/wp-json\/wp\/v2\/users\/1"}],"replies":[{"embeddable":true,"href":"https:\/\/www.eldiario.net\/portal\/wp-json\/wp\/v2\/comments?post=152713"}],"version-history":[{"count":0,"href":"https:\/\/www.eldiario.net\/portal\/wp-json\/wp\/v2\/posts\/152713\/revisions"}],"wp:attachment":[{"href":"https:\/\/www.eldiario.net\/portal\/wp-json\/wp\/v2\/media?parent=152713"}],"wp:term":[{"taxonomy":"category","embeddable":true,"href":"https:\/\/www.eldiario.net\/portal\/wp-json\/wp\/v2\/categories?post=152713"},{"taxonomy":"post_tag","embeddable":true,"href":"https:\/\/www.eldiario.net\/portal\/wp-json\/wp\/v2\/tags?post=152713"}],"curies":[{"name":"wp","href":"https:\/\/api.w.org\/{rel}","templated":true}]}}