{"id":152512,"date":"2023-05-05T05:37:42","date_gmt":"2023-05-05T09:37:42","guid":{"rendered":"https:\/\/www.eldiario.net\/portal\/?p=152512"},"modified":"2023-05-05T05:37:42","modified_gmt":"2023-05-05T09:37:42","slug":"policia-reprime-a-trabajadores-en-protesta-por-salarios-dignos","status":"publish","type":"post","link":"https:\/\/www.eldiario.net\/portal\/2023\/05\/05\/policia-reprime-a-trabajadores-en-protesta-por-salarios-dignos\/","title":{"rendered":"Polic\u00eda reprime a trabajadores  en protesta por salarios dignos"},"content":{"rendered":"<p>El descontento de la poblaci\u00f3n se hace cada vez m\u00e1s evidente y son m\u00faltiples las protestas que se dan d\u00eda a d\u00eda en las calles de las distintas ciudades de Venezuela. Ayer una marcha por salarios dignos termin\u00f3 en violencia.<br \/>\nLa Polic\u00eda del r\u00e9gimen de Nicol\u00e1s Maduro choc\u00f3 con los manifestantes que exig\u00edan en Caracas mejoras salariales, como lo vienen haciendo desde hace largas semanas. El accionar de las fuerzas gener\u00f3 a\u00fan m\u00e1s malestar entre las personas que se manifestaban pac\u00edficamente.<br \/>\nSolo en el primer trimeste del a\u00f1o, hubo 2.814 manifestaciones en el pa\u00eds caribe\u00f1o, lo que equivale a 31 acciones diarias en promedio.<br \/>\nHace unos d\u00edas, el Observatorio Venezolano de Conflictividad Social (OVCS) present\u00f3 un informe en el que dio cuenta del n\u00famero de protestas en el pa\u00eds y su crecimiento. \u00abEsta cifra representa un aumento del 47% en comparaci\u00f3n con el mismo per\u00edodo del a\u00f1o pasado\u00bb, manifest\u00f3 la ONG<br \/>\nEn su reporte, la ONG hab\u00eda indicado que se mantiene la tendencia sobre exigencias ciudadanas, \u00abmayoritariamente por derechos econ\u00f3micos, sociales, culturales y ambientales los llamados \u00abDesca\u00bb. Durante este primer trimestre de 2023, se registraron 2.486 protestas por estos derechos, representando el 88% del total general registrado\u00bb, destac\u00f3.<br \/>\nOtro \u00edtem que destac\u00f3 el reporte es que se registr\u00f3 la participaci\u00f3n activa de mujeres en al menos 2.473 de protestas de este primer trimestre del a\u00f1o, lo que representa el 88% de todas las acciones documentadas. (Infobae).<\/p>\n","protected":false},"excerpt":{"rendered":"<p>El descontento de la poblaci\u00f3n se hace cada vez m\u00e1s evidente y son m\u00faltiples las protestas que se dan d\u00eda a d\u00eda en las calles de las distintas ciudades de Venezuela. Ayer una marcha por salarios dignos termin\u00f3 en violencia. La Polic\u00eda del r\u00e9gimen de Nicol\u00e1s Maduro choc\u00f3 con los manifestantes que exig\u00edan en Caracas [&hellip;]<\/p>\n","protected":false},"author":1,"featured_media":0,"comment_status":"closed","ping_status":"closed","sticky":false,"template":"","format":"standard","meta":{"_acf_changed":false,"footnotes":""},"categories":[3],"tags":[],"class_list":["post-152512","post","type-post","status-publish","format-standard","category-internacional"],"acf":{"antetitulo":""},"yoast_head":"<!-- This site is optimized with the Yoast SEO plugin v28.4 - https:\/\/yoast.com\/product\/yoast-seo-wordpress\/ -->\n<title>Polic\u00eda reprime a trabajadores en protesta por salarios dignos - El Diario - Bolivia<\/title>\n<meta name=\"robots\" content=\"index, follow, max-snippet:-1, max-image-preview:large, max-video-preview:-1\" \/>\n<link rel=\"canonical\" href=\"https:\/\/www.eldiario.net\/portal\/2023\/05\/05\/policia-reprime-a-trabajadores-en-protesta-por-salarios-dignos\/\" \/>\n<meta property=\"og:locale\" content=\"es_ES\" \/>\n<meta property=\"og:type\" content=\"article\" \/>\n<meta property=\"og:title\" content=\"Polic\u00eda reprime a trabajadores en protesta por salarios dignos - El Diario - Bolivia\" \/>\n<meta property=\"og:description\" content=\"El descontento de la poblaci\u00f3n se hace cada vez m\u00e1s evidente y son m\u00faltiples las protestas que se dan d\u00eda a d\u00eda en las calles de las distintas ciudades de Venezuela. Ayer una marcha por salarios dignos termin\u00f3 en violencia. La Polic\u00eda del r\u00e9gimen de Nicol\u00e1s Maduro choc\u00f3 con los manifestantes que exig\u00edan en Caracas [&hellip;]\" \/>\n<meta property=\"og:url\" content=\"https:\/\/www.eldiario.net\/portal\/2023\/05\/05\/policia-reprime-a-trabajadores-en-protesta-por-salarios-dignos\/\" \/>\n<meta property=\"og:site_name\" content=\"El Diario - Bolivia\" \/>\n<meta property=\"article:publisher\" content=\"https:\/\/www.facebook.com\/eldiario.bolivia\/\" \/>\n<meta property=\"article:published_time\" content=\"2023-05-05T09:37:42+00:00\" \/>\n<meta name=\"author\" content=\"Jeanette\" \/>\n<meta name=\"twitter:card\" content=\"summary_large_image\" \/>\n<meta name=\"twitter:creator\" content=\"@eldiario_net\" \/>\n<meta name=\"twitter:site\" content=\"@eldiario_net\" \/>\n<meta name=\"twitter:label1\" content=\"Escrito por\" \/>\n\t<meta name=\"twitter:data1\" content=\"Jeanette\" \/>\n\t<meta name=\"twitter:label2\" content=\"Tiempo de lectura\" \/>\n\t<meta name=\"twitter:data2\" content=\"2 minutos\" \/>\n<script type=\"application\/ld+json\" class=\"yoast-schema-graph\">{\"@context\":\"https:\\\/\\\/schema.org\",\"@graph\":[{\"@type\":\"Article\",\"@id\":\"https:\\\/\\\/www.eldiario.net\\\/portal\\\/2023\\\/05\\\/05\\\/policia-reprime-a-trabajadores-en-protesta-por-salarios-dignos\\\/#article\",\"isPartOf\":{\"@id\":\"https:\\\/\\\/www.eldiario.net\\\/portal\\\/2023\\\/05\\\/05\\\/policia-reprime-a-trabajadores-en-protesta-por-salarios-dignos\\\/\"},\"author\":{\"name\":\"Jeanette\",\"@id\":\"https:\\\/\\\/www.eldiario.net\\\/portal\\\/#\\\/schema\\\/person\\\/2c57cf2b7a7ae032e449e4c9b1019eac\"},\"headline\":\"Polic\u00eda reprime a trabajadores en protesta por salarios dignos\",\"datePublished\":\"2023-05-05T09:37:42+00:00\",\"mainEntityOfPage\":{\"@id\":\"https:\\\/\\\/www.eldiario.net\\\/portal\\\/2023\\\/05\\\/05\\\/policia-reprime-a-trabajadores-en-protesta-por-salarios-dignos\\\/\"},\"wordCount\":263,\"publisher\":{\"@id\":\"https:\\\/\\\/www.eldiario.net\\\/portal\\\/#organization\"},\"articleSection\":[\"Internacional\"],\"inLanguage\":\"es\"},{\"@type\":\"WebPage\",\"@id\":\"https:\\\/\\\/www.eldiario.net\\\/portal\\\/2023\\\/05\\\/05\\\/policia-reprime-a-trabajadores-en-protesta-por-salarios-dignos\\\/\",\"url\":\"https:\\\/\\\/www.eldiario.net\\\/portal\\\/2023\\\/05\\\/05\\\/policia-reprime-a-trabajadores-en-protesta-por-salarios-dignos\\\/\",\"name\":\"Polic\u00eda reprime a trabajadores en protesta por salarios dignos - El Diario - Bolivia\",\"isPartOf\":{\"@id\":\"https:\\\/\\\/www.eldiario.net\\\/portal\\\/#website\"},\"datePublished\":\"2023-05-05T09:37:42+00:00\",\"breadcrumb\":{\"@id\":\"https:\\\/\\\/www.eldiario.net\\\/portal\\\/2023\\\/05\\\/05\\\/policia-reprime-a-trabajadores-en-protesta-por-salarios-dignos\\\/#breadcrumb\"},\"inLanguage\":\"es\",\"potentialAction\":[{\"@type\":\"ReadAction\",\"target\":[\"https:\\\/\\\/www.eldiario.net\\\/portal\\\/2023\\\/05\\\/05\\\/policia-reprime-a-trabajadores-en-protesta-por-salarios-dignos\\\/\"]}]},{\"@type\":\"BreadcrumbList\",\"@id\":\"https:\\\/\\\/www.eldiario.net\\\/portal\\\/2023\\\/05\\\/05\\\/policia-reprime-a-trabajadores-en-protesta-por-salarios-dignos\\\/#breadcrumb\",\"itemListElement\":[{\"@type\":\"ListItem\",\"position\":1,\"name\":\"Portada\",\"item\":\"https:\\\/\\\/www.eldiario.net\\\/portal\\\/\"},{\"@type\":\"ListItem\",\"position\":2,\"name\":\"Polic\u00eda reprime a trabajadores en protesta por salarios dignos\"}]},{\"@type\":\"WebSite\",\"@id\":\"https:\\\/\\\/www.eldiario.net\\\/portal\\\/#website\",\"url\":\"https:\\\/\\\/www.eldiario.net\\\/portal\\\/\",\"name\":\"El Diario - Decano de la prensa nacional\",\"description\":\"El Diario - Decano de la prensa nacional\",\"publisher\":{\"@id\":\"https:\\\/\\\/www.eldiario.net\\\/portal\\\/#organization\"},\"potentialAction\":[{\"@type\":\"SearchAction\",\"target\":{\"@type\":\"EntryPoint\",\"urlTemplate\":\"https:\\\/\\\/www.eldiario.net\\\/portal\\\/?s={search_term_string}\"},\"query-input\":{\"@type\":\"PropertyValueSpecification\",\"valueRequired\":true,\"valueName\":\"search_term_string\"}}],\"inLanguage\":\"es\"},{\"@type\":\"Organization\",\"@id\":\"https:\\\/\\\/www.eldiario.net\\\/portal\\\/#organization\",\"name\":\"El Diario - Decano de la prensa nacional\",\"url\":\"https:\\\/\\\/www.eldiario.net\\\/portal\\\/\",\"logo\":{\"@type\":\"ImageObject\",\"inLanguage\":\"es\",\"@id\":\"https:\\\/\\\/www.eldiario.net\\\/portal\\\/#\\\/schema\\\/logo\\\/image\\\/\",\"url\":\"https:\\\/\\\/www.eldiario.net\\\/portal\\\/wp-content\\\/uploads\\\/2023\\\/07\\\/logo_ED.jpg\",\"contentUrl\":\"https:\\\/\\\/www.eldiario.net\\\/portal\\\/wp-content\\\/uploads\\\/2023\\\/07\\\/logo_ED.jpg\",\"width\":272,\"height\":52,\"caption\":\"El Diario - Decano de la prensa nacional\"},\"image\":{\"@id\":\"https:\\\/\\\/www.eldiario.net\\\/portal\\\/#\\\/schema\\\/logo\\\/image\\\/\"},\"sameAs\":[\"https:\\\/\\\/www.facebook.com\\\/eldiario.bolivia\\\/\",\"https:\\\/\\\/x.com\\\/eldiario_net\"]},{\"@type\":\"Person\",\"@id\":\"https:\\\/\\\/www.eldiario.net\\\/portal\\\/#\\\/schema\\\/person\\\/2c57cf2b7a7ae032e449e4c9b1019eac\",\"name\":\"Jeanette\",\"image\":{\"@type\":\"ImageObject\",\"inLanguage\":\"es\",\"@id\":\"https:\\\/\\\/secure.gravatar.com\\\/avatar\\\/3ea2118a5f7dad2b7138b1187a6b7ee55f160b9968b66013c3a3ef39dd7e5798?s=96&d=mm&r=g\",\"url\":\"https:\\\/\\\/secure.gravatar.com\\\/avatar\\\/3ea2118a5f7dad2b7138b1187a6b7ee55f160b9968b66013c3a3ef39dd7e5798?s=96&d=mm&r=g\",\"contentUrl\":\"https:\\\/\\\/secure.gravatar.com\\\/avatar\\\/3ea2118a5f7dad2b7138b1187a6b7ee55f160b9968b66013c3a3ef39dd7e5798?s=96&d=mm&r=g\",\"caption\":\"Jeanette\"},\"sameAs\":[\"https:\\\/\\\/www.eldiario.net\\\/portal\"],\"url\":\"https:\\\/\\\/www.eldiario.net\\\/portal\\\/author\\\/jeanette\\\/\"}]}<\/script>\n<!-- \/ Yoast SEO plugin. -->","yoast_head_json":{"title":"Polic\u00eda reprime a trabajadores en protesta por salarios dignos - El Diario - Bolivia","robots":{"index":"index","follow":"follow","max-snippet":"max-snippet:-1","max-image-preview":"max-image-preview:large","max-video-preview":"max-video-preview:-1"},"canonical":"https:\/\/www.eldiario.net\/portal\/2023\/05\/05\/policia-reprime-a-trabajadores-en-protesta-por-salarios-dignos\/","og_locale":"es_ES","og_type":"article","og_title":"Polic\u00eda reprime a trabajadores en protesta por salarios dignos - El Diario - Bolivia","og_description":"El descontento de la poblaci\u00f3n se hace cada vez m\u00e1s evidente y son m\u00faltiples las protestas que se dan d\u00eda a d\u00eda en las calles de las distintas ciudades de Venezuela. Ayer una marcha por salarios dignos termin\u00f3 en violencia. La Polic\u00eda del r\u00e9gimen de Nicol\u00e1s Maduro choc\u00f3 con los manifestantes que exig\u00edan en Caracas [&hellip;]","og_url":"https:\/\/www.eldiario.net\/portal\/2023\/05\/05\/policia-reprime-a-trabajadores-en-protesta-por-salarios-dignos\/","og_site_name":"El Diario - Bolivia","article_publisher":"https:\/\/www.facebook.com\/eldiario.bolivia\/","article_published_time":"2023-05-05T09:37:42+00:00","author":"Jeanette","twitter_card":"summary_large_image","twitter_creator":"@eldiario_net","twitter_site":"@eldiario_net","twitter_misc":{"Escrito por":"Jeanette","Tiempo de lectura":"2 minutos"},"schema":{"@context":"https:\/\/schema.org","@graph":[{"@type":"Article","@id":"https:\/\/www.eldiario.net\/portal\/2023\/05\/05\/policia-reprime-a-trabajadores-en-protesta-por-salarios-dignos\/#article","isPartOf":{"@id":"https:\/\/www.eldiario.net\/portal\/2023\/05\/05\/policia-reprime-a-trabajadores-en-protesta-por-salarios-dignos\/"},"author":{"name":"Jeanette","@id":"https:\/\/www.eldiario.net\/portal\/#\/schema\/person\/2c57cf2b7a7ae032e449e4c9b1019eac"},"headline":"Polic\u00eda reprime a trabajadores en protesta por salarios dignos","datePublished":"2023-05-05T09:37:42+00:00","mainEntityOfPage":{"@id":"https:\/\/www.eldiario.net\/portal\/2023\/05\/05\/policia-reprime-a-trabajadores-en-protesta-por-salarios-dignos\/"},"wordCount":263,"publisher":{"@id":"https:\/\/www.eldiario.net\/portal\/#organization"},"articleSection":["Internacional"],"inLanguage":"es"},{"@type":"WebPage","@id":"https:\/\/www.eldiario.net\/portal\/2023\/05\/05\/policia-reprime-a-trabajadores-en-protesta-por-salarios-dignos\/","url":"https:\/\/www.eldiario.net\/portal\/2023\/05\/05\/policia-reprime-a-trabajadores-en-protesta-por-salarios-dignos\/","name":"Polic\u00eda reprime a trabajadores en protesta por salarios dignos - El Diario - Bolivia","isPartOf":{"@id":"https:\/\/www.eldiario.net\/portal\/#website"},"datePublished":"2023-05-05T09:37:42+00:00","breadcrumb":{"@id":"https:\/\/www.eldiario.net\/portal\/2023\/05\/05\/policia-reprime-a-trabajadores-en-protesta-por-salarios-dignos\/#breadcrumb"},"inLanguage":"es","potentialAction":[{"@type":"ReadAction","target":["https:\/\/www.eldiario.net\/portal\/2023\/05\/05\/policia-reprime-a-trabajadores-en-protesta-por-salarios-dignos\/"]}]},{"@type":"BreadcrumbList","@id":"https:\/\/www.eldiario.net\/portal\/2023\/05\/05\/policia-reprime-a-trabajadores-en-protesta-por-salarios-dignos\/#breadcrumb","itemListElement":[{"@type":"ListItem","position":1,"name":"Portada","item":"https:\/\/www.eldiario.net\/portal\/"},{"@type":"ListItem","position":2,"name":"Polic\u00eda reprime a trabajadores en protesta por salarios dignos"}]},{"@type":"WebSite","@id":"https:\/\/www.eldiario.net\/portal\/#website","url":"https:\/\/www.eldiario.net\/portal\/","name":"El Diario - Decano de la prensa nacional","description":"El Diario - Decano de la prensa nacional","publisher":{"@id":"https:\/\/www.eldiario.net\/portal\/#organization"},"potentialAction":[{"@type":"SearchAction","target":{"@type":"EntryPoint","urlTemplate":"https:\/\/www.eldiario.net\/portal\/?s={search_term_string}"},"query-input":{"@type":"PropertyValueSpecification","valueRequired":true,"valueName":"search_term_string"}}],"inLanguage":"es"},{"@type":"Organization","@id":"https:\/\/www.eldiario.net\/portal\/#organization","name":"El Diario - Decano de la prensa nacional","url":"https:\/\/www.eldiario.net\/portal\/","logo":{"@type":"ImageObject","inLanguage":"es","@id":"https:\/\/www.eldiario.net\/portal\/#\/schema\/logo\/image\/","url":"https:\/\/www.eldiario.net\/portal\/wp-content\/uploads\/2023\/07\/logo_ED.jpg","contentUrl":"https:\/\/www.eldiario.net\/portal\/wp-content\/uploads\/2023\/07\/logo_ED.jpg","width":272,"height":52,"caption":"El Diario - Decano de la prensa nacional"},"image":{"@id":"https:\/\/www.eldiario.net\/portal\/#\/schema\/logo\/image\/"},"sameAs":["https:\/\/www.facebook.com\/eldiario.bolivia\/","https:\/\/x.com\/eldiario_net"]},{"@type":"Person","@id":"https:\/\/www.eldiario.net\/portal\/#\/schema\/person\/2c57cf2b7a7ae032e449e4c9b1019eac","name":"Jeanette","image":{"@type":"ImageObject","inLanguage":"es","@id":"https:\/\/secure.gravatar.com\/avatar\/3ea2118a5f7dad2b7138b1187a6b7ee55f160b9968b66013c3a3ef39dd7e5798?s=96&d=mm&r=g","url":"https:\/\/secure.gravatar.com\/avatar\/3ea2118a5f7dad2b7138b1187a6b7ee55f160b9968b66013c3a3ef39dd7e5798?s=96&d=mm&r=g","contentUrl":"https:\/\/secure.gravatar.com\/avatar\/3ea2118a5f7dad2b7138b1187a6b7ee55f160b9968b66013c3a3ef39dd7e5798?s=96&d=mm&r=g","caption":"Jeanette"},"sameAs":["https:\/\/www.eldiario.net\/portal"],"url":"https:\/\/www.eldiario.net\/portal\/author\/jeanette\/"}]}},"_links":{"self":[{"href":"https:\/\/www.eldiario.net\/portal\/wp-json\/wp\/v2\/posts\/152512","targetHints":{"allow":["GET"]}}],"collection":[{"href":"https:\/\/www.eldiario.net\/portal\/wp-json\/wp\/v2\/posts"}],"about":[{"href":"https:\/\/www.eldiario.net\/portal\/wp-json\/wp\/v2\/types\/post"}],"author":[{"embeddable":true,"href":"https:\/\/www.eldiario.net\/portal\/wp-json\/wp\/v2\/users\/1"}],"replies":[{"embeddable":true,"href":"https:\/\/www.eldiario.net\/portal\/wp-json\/wp\/v2\/comments?post=152512"}],"version-history":[{"count":0,"href":"https:\/\/www.eldiario.net\/portal\/wp-json\/wp\/v2\/posts\/152512\/revisions"}],"wp:attachment":[{"href":"https:\/\/www.eldiario.net\/portal\/wp-json\/wp\/v2\/media?parent=152512"}],"wp:term":[{"taxonomy":"category","embeddable":true,"href":"https:\/\/www.eldiario.net\/portal\/wp-json\/wp\/v2\/categories?post=152512"},{"taxonomy":"post_tag","embeddable":true,"href":"https:\/\/www.eldiario.net\/portal\/wp-json\/wp\/v2\/tags?post=152512"}],"curies":[{"name":"wp","href":"https:\/\/api.w.org\/{rel}","templated":true}]}}