{"id":152504,"date":"2023-05-05T05:34:00","date_gmt":"2023-05-05T09:34:00","guid":{"rendered":"https:\/\/www.eldiario.net\/portal\/?p=152504"},"modified":"2023-05-05T05:34:00","modified_gmt":"2023-05-05T09:34:00","slug":"fernando-montes-indaga-sobre-su-obra-perdida","status":"publish","type":"post","link":"https:\/\/www.eldiario.net\/portal\/2023\/05\/05\/fernando-montes-indaga-sobre-su-obra-perdida\/","title":{"rendered":"Fernando Montes indaga sobre su obra perdida"},"content":{"rendered":"<p>El libro DETR\u00c1S DE LOS ANDES: Diario de viaje de un artista, recupera las vivencias de Fernando Montes en su traves\u00eda desde La Paz hasta Rurrenabaque, con el objetivo de descubrir el enigma que rodeaba las inmensas monta\u00f1as de la zona occidental de Am\u00e9rica del Sur.<br \/>\nEl diario escrito por el propio artista describe la inmensidad de las monta\u00f1as como una alegor\u00eda a la Madre Tierra y tambi\u00e9n relata c\u00f3mo detr\u00e1s de la inmensa cordillera se manifiesta una planicie, donde abunda la vegetaci\u00f3n y la presencia de animales salvajes. El texto fue escrito por su hijo Fernando Montes Pe\u00f1aranda, quien cont\u00f3 que en el diario de su padre tambi\u00e9n hace referencia a la cultura Moxet\u00e9n.<br \/>\n\u201cCuando mi padre ten\u00eda 26 a\u00f1os tuvo su primera presentaci\u00f3n art\u00edstica en la ciudad de La Paz y con esos fondos decidi\u00f3 hacer este viaje, hab\u00eda acariciado la idea hace mucho tiempo de ir desde La Paz hasta Rurrenabaque, pero a pie. \u00c9l como pace\u00f1o, siempre se preguntaba qu\u00e9 queda detr\u00e1s de los Andes y le parec\u00eda el viaje m\u00e1s interesante que podr\u00eda hacer en Sudam\u00e9rica\u201d, explic\u00f3 su hijo.<br \/>\nEn el texto tambi\u00e9n se incluyen las reflexiones de su viaje, una descripci\u00f3n geogr\u00e1fica de los lugares que visit\u00f3, pero tambi\u00e9n menciona a las personas que conoce en el transcurso de su expedici\u00f3n. En ese contexto, inspirado por los colores que ve\u00eda en los cuadros de Paul Gauguin (pintor post-impresionista), us\u00f3 una paleta con tonos llamativos y se dispuso a retratar lo que sus sentidos apreciaban.<br \/>\nMontes explic\u00f3 que, producto de ese viaje, su padre elabor\u00f3 una colecci\u00f3n de obras art\u00edsticas, sin embargo, s\u00f3lo lograron recuperar alrededor de siete dibujos que muestran a las mujeres moxetenes.<br \/>\n\u201cTenemos la esperanza que a trav\u00e9s de este libro tambi\u00e9n podamos encontrar los trabajos que nos faltan. En una entrevista que mi padre ofreci\u00f3, hace mucho tiempo, dijo que hab\u00eda elaborado obras suficientes como para una exposici\u00f3n\u201d, agreg\u00f3.<br \/>\nLa presentaci\u00f3n de la obra se realiz\u00f3 en el Museo Fernando Montes, dependiente de la Fundaci\u00f3n Cultural del Banco Central de Bolivia.<\/p>\n","protected":false},"excerpt":{"rendered":"<p>El libro DETR\u00c1S DE LOS ANDES: Diario de viaje de un artista, recupera las vivencias de Fernando Montes en su traves\u00eda desde La Paz hasta Rurrenabaque, con el objetivo de descubrir el enigma que rodeaba las inmensas monta\u00f1as de la zona occidental de Am\u00e9rica del Sur. El diario escrito por el propio artista describe la [&hellip;]<\/p>\n","protected":false},"author":1,"featured_media":152505,"comment_status":"closed","ping_status":"closed","sticky":false,"template":"","format":"standard","meta":{"_acf_changed":false,"footnotes":""},"categories":[8],"tags":[],"class_list":["post-152504","post","type-post","status-publish","format-standard","has-post-thumbnail","category-cultural"],"acf":{"antetitulo":""},"yoast_head":"<!-- This site is optimized with the Yoast SEO plugin v28.4 - https:\/\/yoast.com\/product\/yoast-seo-wordpress\/ -->\n<title>Fernando Montes indaga sobre su obra perdida - El Diario - Bolivia<\/title>\n<meta name=\"robots\" content=\"index, follow, max-snippet:-1, max-image-preview:large, max-video-preview:-1\" \/>\n<link rel=\"canonical\" href=\"https:\/\/www.eldiario.net\/portal\/2023\/05\/05\/fernando-montes-indaga-sobre-su-obra-perdida\/\" \/>\n<meta property=\"og:locale\" content=\"es_ES\" \/>\n<meta property=\"og:type\" content=\"article\" \/>\n<meta property=\"og:title\" content=\"Fernando Montes indaga sobre su obra perdida - El Diario - Bolivia\" \/>\n<meta property=\"og:description\" content=\"El libro DETR\u00c1S DE LOS ANDES: Diario de viaje de un artista, recupera las vivencias de Fernando Montes en su traves\u00eda desde La Paz hasta Rurrenabaque, con el objetivo de descubrir el enigma que rodeaba las inmensas monta\u00f1as de la zona occidental de Am\u00e9rica del Sur. El diario escrito por el propio artista describe la [&hellip;]\" \/>\n<meta property=\"og:url\" content=\"https:\/\/www.eldiario.net\/portal\/2023\/05\/05\/fernando-montes-indaga-sobre-su-obra-perdida\/\" \/>\n<meta property=\"og:site_name\" content=\"El Diario - Bolivia\" \/>\n<meta property=\"article:publisher\" content=\"https:\/\/www.facebook.com\/eldiario.bolivia\/\" \/>\n<meta property=\"article:published_time\" content=\"2023-05-05T09:34:00+00:00\" \/>\n<meta name=\"author\" content=\"Jeanette\" \/>\n<meta name=\"twitter:card\" content=\"summary_large_image\" \/>\n<meta name=\"twitter:creator\" content=\"@eldiario_net\" \/>\n<meta name=\"twitter:site\" content=\"@eldiario_net\" \/>\n<meta name=\"twitter:label1\" content=\"Escrito por\" \/>\n\t<meta name=\"twitter:data1\" content=\"Jeanette\" \/>\n\t<meta name=\"twitter:label2\" content=\"Tiempo de lectura\" \/>\n\t<meta name=\"twitter:data2\" content=\"2 minutos\" \/>\n<script type=\"application\/ld+json\" class=\"yoast-schema-graph\">{\"@context\":\"https:\\\/\\\/schema.org\",\"@graph\":[{\"@type\":\"Article\",\"@id\":\"https:\\\/\\\/www.eldiario.net\\\/portal\\\/2023\\\/05\\\/05\\\/fernando-montes-indaga-sobre-su-obra-perdida\\\/#article\",\"isPartOf\":{\"@id\":\"https:\\\/\\\/www.eldiario.net\\\/portal\\\/2023\\\/05\\\/05\\\/fernando-montes-indaga-sobre-su-obra-perdida\\\/\"},\"author\":{\"name\":\"Jeanette\",\"@id\":\"https:\\\/\\\/www.eldiario.net\\\/portal\\\/#\\\/schema\\\/person\\\/2c57cf2b7a7ae032e449e4c9b1019eac\"},\"headline\":\"Fernando Montes indaga sobre su obra perdida\",\"datePublished\":\"2023-05-05T09:34:00+00:00\",\"mainEntityOfPage\":{\"@id\":\"https:\\\/\\\/www.eldiario.net\\\/portal\\\/2023\\\/05\\\/05\\\/fernando-montes-indaga-sobre-su-obra-perdida\\\/\"},\"wordCount\":385,\"publisher\":{\"@id\":\"https:\\\/\\\/www.eldiario.net\\\/portal\\\/#organization\"},\"image\":{\"@id\":\"https:\\\/\\\/www.eldiario.net\\\/portal\\\/2023\\\/05\\\/05\\\/fernando-montes-indaga-sobre-su-obra-perdida\\\/#primaryimage\"},\"thumbnailUrl\":\"\",\"articleSection\":[\"Cultural\"],\"inLanguage\":\"es\"},{\"@type\":\"WebPage\",\"@id\":\"https:\\\/\\\/www.eldiario.net\\\/portal\\\/2023\\\/05\\\/05\\\/fernando-montes-indaga-sobre-su-obra-perdida\\\/\",\"url\":\"https:\\\/\\\/www.eldiario.net\\\/portal\\\/2023\\\/05\\\/05\\\/fernando-montes-indaga-sobre-su-obra-perdida\\\/\",\"name\":\"Fernando Montes indaga sobre su obra perdida - El Diario - Bolivia\",\"isPartOf\":{\"@id\":\"https:\\\/\\\/www.eldiario.net\\\/portal\\\/#website\"},\"primaryImageOfPage\":{\"@id\":\"https:\\\/\\\/www.eldiario.net\\\/portal\\\/2023\\\/05\\\/05\\\/fernando-montes-indaga-sobre-su-obra-perdida\\\/#primaryimage\"},\"image\":{\"@id\":\"https:\\\/\\\/www.eldiario.net\\\/portal\\\/2023\\\/05\\\/05\\\/fernando-montes-indaga-sobre-su-obra-perdida\\\/#primaryimage\"},\"thumbnailUrl\":\"\",\"datePublished\":\"2023-05-05T09:34:00+00:00\",\"breadcrumb\":{\"@id\":\"https:\\\/\\\/www.eldiario.net\\\/portal\\\/2023\\\/05\\\/05\\\/fernando-montes-indaga-sobre-su-obra-perdida\\\/#breadcrumb\"},\"inLanguage\":\"es\",\"potentialAction\":[{\"@type\":\"ReadAction\",\"target\":[\"https:\\\/\\\/www.eldiario.net\\\/portal\\\/2023\\\/05\\\/05\\\/fernando-montes-indaga-sobre-su-obra-perdida\\\/\"]}]},{\"@type\":\"ImageObject\",\"inLanguage\":\"es\",\"@id\":\"https:\\\/\\\/www.eldiario.net\\\/portal\\\/2023\\\/05\\\/05\\\/fernando-montes-indaga-sobre-su-obra-perdida\\\/#primaryimage\",\"url\":\"\",\"contentUrl\":\"\"},{\"@type\":\"BreadcrumbList\",\"@id\":\"https:\\\/\\\/www.eldiario.net\\\/portal\\\/2023\\\/05\\\/05\\\/fernando-montes-indaga-sobre-su-obra-perdida\\\/#breadcrumb\",\"itemListElement\":[{\"@type\":\"ListItem\",\"position\":1,\"name\":\"Portada\",\"item\":\"https:\\\/\\\/www.eldiario.net\\\/portal\\\/\"},{\"@type\":\"ListItem\",\"position\":2,\"name\":\"Fernando Montes indaga sobre su obra perdida\"}]},{\"@type\":\"WebSite\",\"@id\":\"https:\\\/\\\/www.eldiario.net\\\/portal\\\/#website\",\"url\":\"https:\\\/\\\/www.eldiario.net\\\/portal\\\/\",\"name\":\"El Diario - Decano de la prensa nacional\",\"description\":\"El Diario - Decano de la prensa nacional\",\"publisher\":{\"@id\":\"https:\\\/\\\/www.eldiario.net\\\/portal\\\/#organization\"},\"potentialAction\":[{\"@type\":\"SearchAction\",\"target\":{\"@type\":\"EntryPoint\",\"urlTemplate\":\"https:\\\/\\\/www.eldiario.net\\\/portal\\\/?s={search_term_string}\"},\"query-input\":{\"@type\":\"PropertyValueSpecification\",\"valueRequired\":true,\"valueName\":\"search_term_string\"}}],\"inLanguage\":\"es\"},{\"@type\":\"Organization\",\"@id\":\"https:\\\/\\\/www.eldiario.net\\\/portal\\\/#organization\",\"name\":\"El Diario - Decano de la prensa nacional\",\"url\":\"https:\\\/\\\/www.eldiario.net\\\/portal\\\/\",\"logo\":{\"@type\":\"ImageObject\",\"inLanguage\":\"es\",\"@id\":\"https:\\\/\\\/www.eldiario.net\\\/portal\\\/#\\\/schema\\\/logo\\\/image\\\/\",\"url\":\"https:\\\/\\\/www.eldiario.net\\\/portal\\\/wp-content\\\/uploads\\\/2023\\\/07\\\/logo_ED.jpg\",\"contentUrl\":\"https:\\\/\\\/www.eldiario.net\\\/portal\\\/wp-content\\\/uploads\\\/2023\\\/07\\\/logo_ED.jpg\",\"width\":272,\"height\":52,\"caption\":\"El Diario - Decano de la prensa nacional\"},\"image\":{\"@id\":\"https:\\\/\\\/www.eldiario.net\\\/portal\\\/#\\\/schema\\\/logo\\\/image\\\/\"},\"sameAs\":[\"https:\\\/\\\/www.facebook.com\\\/eldiario.bolivia\\\/\",\"https:\\\/\\\/x.com\\\/eldiario_net\"]},{\"@type\":\"Person\",\"@id\":\"https:\\\/\\\/www.eldiario.net\\\/portal\\\/#\\\/schema\\\/person\\\/2c57cf2b7a7ae032e449e4c9b1019eac\",\"name\":\"Jeanette\",\"image\":{\"@type\":\"ImageObject\",\"inLanguage\":\"es\",\"@id\":\"https:\\\/\\\/secure.gravatar.com\\\/avatar\\\/3ea2118a5f7dad2b7138b1187a6b7ee55f160b9968b66013c3a3ef39dd7e5798?s=96&d=mm&r=g\",\"url\":\"https:\\\/\\\/secure.gravatar.com\\\/avatar\\\/3ea2118a5f7dad2b7138b1187a6b7ee55f160b9968b66013c3a3ef39dd7e5798?s=96&d=mm&r=g\",\"contentUrl\":\"https:\\\/\\\/secure.gravatar.com\\\/avatar\\\/3ea2118a5f7dad2b7138b1187a6b7ee55f160b9968b66013c3a3ef39dd7e5798?s=96&d=mm&r=g\",\"caption\":\"Jeanette\"},\"sameAs\":[\"https:\\\/\\\/www.eldiario.net\\\/portal\"],\"url\":\"https:\\\/\\\/www.eldiario.net\\\/portal\\\/author\\\/jeanette\\\/\"}]}<\/script>\n<!-- \/ Yoast SEO plugin. -->","yoast_head_json":{"title":"Fernando Montes indaga sobre su obra perdida - El Diario - Bolivia","robots":{"index":"index","follow":"follow","max-snippet":"max-snippet:-1","max-image-preview":"max-image-preview:large","max-video-preview":"max-video-preview:-1"},"canonical":"https:\/\/www.eldiario.net\/portal\/2023\/05\/05\/fernando-montes-indaga-sobre-su-obra-perdida\/","og_locale":"es_ES","og_type":"article","og_title":"Fernando Montes indaga sobre su obra perdida - El Diario - Bolivia","og_description":"El libro DETR\u00c1S DE LOS ANDES: Diario de viaje de un artista, recupera las vivencias de Fernando Montes en su traves\u00eda desde La Paz hasta Rurrenabaque, con el objetivo de descubrir el enigma que rodeaba las inmensas monta\u00f1as de la zona occidental de Am\u00e9rica del Sur. El diario escrito por el propio artista describe la [&hellip;]","og_url":"https:\/\/www.eldiario.net\/portal\/2023\/05\/05\/fernando-montes-indaga-sobre-su-obra-perdida\/","og_site_name":"El Diario - Bolivia","article_publisher":"https:\/\/www.facebook.com\/eldiario.bolivia\/","article_published_time":"2023-05-05T09:34:00+00:00","author":"Jeanette","twitter_card":"summary_large_image","twitter_creator":"@eldiario_net","twitter_site":"@eldiario_net","twitter_misc":{"Escrito por":"Jeanette","Tiempo de lectura":"2 minutos"},"schema":{"@context":"https:\/\/schema.org","@graph":[{"@type":"Article","@id":"https:\/\/www.eldiario.net\/portal\/2023\/05\/05\/fernando-montes-indaga-sobre-su-obra-perdida\/#article","isPartOf":{"@id":"https:\/\/www.eldiario.net\/portal\/2023\/05\/05\/fernando-montes-indaga-sobre-su-obra-perdida\/"},"author":{"name":"Jeanette","@id":"https:\/\/www.eldiario.net\/portal\/#\/schema\/person\/2c57cf2b7a7ae032e449e4c9b1019eac"},"headline":"Fernando Montes indaga sobre su obra perdida","datePublished":"2023-05-05T09:34:00+00:00","mainEntityOfPage":{"@id":"https:\/\/www.eldiario.net\/portal\/2023\/05\/05\/fernando-montes-indaga-sobre-su-obra-perdida\/"},"wordCount":385,"publisher":{"@id":"https:\/\/www.eldiario.net\/portal\/#organization"},"image":{"@id":"https:\/\/www.eldiario.net\/portal\/2023\/05\/05\/fernando-montes-indaga-sobre-su-obra-perdida\/#primaryimage"},"thumbnailUrl":"","articleSection":["Cultural"],"inLanguage":"es"},{"@type":"WebPage","@id":"https:\/\/www.eldiario.net\/portal\/2023\/05\/05\/fernando-montes-indaga-sobre-su-obra-perdida\/","url":"https:\/\/www.eldiario.net\/portal\/2023\/05\/05\/fernando-montes-indaga-sobre-su-obra-perdida\/","name":"Fernando Montes indaga sobre su obra perdida - El Diario - Bolivia","isPartOf":{"@id":"https:\/\/www.eldiario.net\/portal\/#website"},"primaryImageOfPage":{"@id":"https:\/\/www.eldiario.net\/portal\/2023\/05\/05\/fernando-montes-indaga-sobre-su-obra-perdida\/#primaryimage"},"image":{"@id":"https:\/\/www.eldiario.net\/portal\/2023\/05\/05\/fernando-montes-indaga-sobre-su-obra-perdida\/#primaryimage"},"thumbnailUrl":"","datePublished":"2023-05-05T09:34:00+00:00","breadcrumb":{"@id":"https:\/\/www.eldiario.net\/portal\/2023\/05\/05\/fernando-montes-indaga-sobre-su-obra-perdida\/#breadcrumb"},"inLanguage":"es","potentialAction":[{"@type":"ReadAction","target":["https:\/\/www.eldiario.net\/portal\/2023\/05\/05\/fernando-montes-indaga-sobre-su-obra-perdida\/"]}]},{"@type":"ImageObject","inLanguage":"es","@id":"https:\/\/www.eldiario.net\/portal\/2023\/05\/05\/fernando-montes-indaga-sobre-su-obra-perdida\/#primaryimage","url":"","contentUrl":""},{"@type":"BreadcrumbList","@id":"https:\/\/www.eldiario.net\/portal\/2023\/05\/05\/fernando-montes-indaga-sobre-su-obra-perdida\/#breadcrumb","itemListElement":[{"@type":"ListItem","position":1,"name":"Portada","item":"https:\/\/www.eldiario.net\/portal\/"},{"@type":"ListItem","position":2,"name":"Fernando Montes indaga sobre su obra perdida"}]},{"@type":"WebSite","@id":"https:\/\/www.eldiario.net\/portal\/#website","url":"https:\/\/www.eldiario.net\/portal\/","name":"El Diario - Decano de la prensa nacional","description":"El Diario - Decano de la prensa nacional","publisher":{"@id":"https:\/\/www.eldiario.net\/portal\/#organization"},"potentialAction":[{"@type":"SearchAction","target":{"@type":"EntryPoint","urlTemplate":"https:\/\/www.eldiario.net\/portal\/?s={search_term_string}"},"query-input":{"@type":"PropertyValueSpecification","valueRequired":true,"valueName":"search_term_string"}}],"inLanguage":"es"},{"@type":"Organization","@id":"https:\/\/www.eldiario.net\/portal\/#organization","name":"El Diario - Decano de la prensa nacional","url":"https:\/\/www.eldiario.net\/portal\/","logo":{"@type":"ImageObject","inLanguage":"es","@id":"https:\/\/www.eldiario.net\/portal\/#\/schema\/logo\/image\/","url":"https:\/\/www.eldiario.net\/portal\/wp-content\/uploads\/2023\/07\/logo_ED.jpg","contentUrl":"https:\/\/www.eldiario.net\/portal\/wp-content\/uploads\/2023\/07\/logo_ED.jpg","width":272,"height":52,"caption":"El Diario - Decano de la prensa nacional"},"image":{"@id":"https:\/\/www.eldiario.net\/portal\/#\/schema\/logo\/image\/"},"sameAs":["https:\/\/www.facebook.com\/eldiario.bolivia\/","https:\/\/x.com\/eldiario_net"]},{"@type":"Person","@id":"https:\/\/www.eldiario.net\/portal\/#\/schema\/person\/2c57cf2b7a7ae032e449e4c9b1019eac","name":"Jeanette","image":{"@type":"ImageObject","inLanguage":"es","@id":"https:\/\/secure.gravatar.com\/avatar\/3ea2118a5f7dad2b7138b1187a6b7ee55f160b9968b66013c3a3ef39dd7e5798?s=96&d=mm&r=g","url":"https:\/\/secure.gravatar.com\/avatar\/3ea2118a5f7dad2b7138b1187a6b7ee55f160b9968b66013c3a3ef39dd7e5798?s=96&d=mm&r=g","contentUrl":"https:\/\/secure.gravatar.com\/avatar\/3ea2118a5f7dad2b7138b1187a6b7ee55f160b9968b66013c3a3ef39dd7e5798?s=96&d=mm&r=g","caption":"Jeanette"},"sameAs":["https:\/\/www.eldiario.net\/portal"],"url":"https:\/\/www.eldiario.net\/portal\/author\/jeanette\/"}]}},"_links":{"self":[{"href":"https:\/\/www.eldiario.net\/portal\/wp-json\/wp\/v2\/posts\/152504","targetHints":{"allow":["GET"]}}],"collection":[{"href":"https:\/\/www.eldiario.net\/portal\/wp-json\/wp\/v2\/posts"}],"about":[{"href":"https:\/\/www.eldiario.net\/portal\/wp-json\/wp\/v2\/types\/post"}],"author":[{"embeddable":true,"href":"https:\/\/www.eldiario.net\/portal\/wp-json\/wp\/v2\/users\/1"}],"replies":[{"embeddable":true,"href":"https:\/\/www.eldiario.net\/portal\/wp-json\/wp\/v2\/comments?post=152504"}],"version-history":[{"count":0,"href":"https:\/\/www.eldiario.net\/portal\/wp-json\/wp\/v2\/posts\/152504\/revisions"}],"wp:attachment":[{"href":"https:\/\/www.eldiario.net\/portal\/wp-json\/wp\/v2\/media?parent=152504"}],"wp:term":[{"taxonomy":"category","embeddable":true,"href":"https:\/\/www.eldiario.net\/portal\/wp-json\/wp\/v2\/categories?post=152504"},{"taxonomy":"post_tag","embeddable":true,"href":"https:\/\/www.eldiario.net\/portal\/wp-json\/wp\/v2\/tags?post=152504"}],"curies":[{"name":"wp","href":"https:\/\/api.w.org\/{rel}","templated":true}]}}