{"id":152135,"date":"2023-05-03T05:44:09","date_gmt":"2023-05-03T09:44:09","guid":{"rendered":"https:\/\/www.eldiario.net\/portal\/?p=152135"},"modified":"2023-05-03T05:44:09","modified_gmt":"2023-05-03T09:44:09","slug":"nosotras-somos-matilde-casazola-en-concierto","status":"publish","type":"post","link":"https:\/\/www.eldiario.net\/portal\/2023\/05\/03\/nosotras-somos-matilde-casazola-en-concierto\/","title":{"rendered":"\u201cNosotras Somos Matilde Casazola\u201d  en concierto"},"content":{"rendered":"<p>\u201cNosotras Somos Matilde Casazola\u201d es el nombre del concierto en el que se celebrar\u00e1 los 80 a\u00f1os de vida de la destacada compositora y poeta boliviana que es inspiraci\u00f3n de muchas generaciones en el pa\u00eds y referente a nivel internacional.<br \/>\nEl evento se efectuar\u00e1 el jueves 11 de mayo, a horas 19:00, en el Cine Teatro Municipal 6 de Agosto, y contar\u00e1 con actuaci\u00f3n de Emma Junaro, Marisol D\u00edaz, Sibah, Tere Morales, Alejandra Pareja e Imilla\/Valeria Milligan.<br \/>\nCon este concierto, \u201cNosotras Somos, que cumple 11 a\u00f1os, haremos un re-lanzamiento celebrando nuestra actividad art\u00edstica como mujeres. Por ello nos planteamos nuevos retos y la visi\u00f3n de ampliar las perspectivas para la visibilizaci\u00f3n de la labor de las mujeres artistas, principalmente en la m\u00fasica\u201d, menciona la nota de prensa enviada a La Gu\u00eda.<br \/>\nEl movimiento \u201cNosotras Somos\u201d comenz\u00f3 cuando la cantante Sibah decide convocar a cantantes mujeres para un concierto de colaboraci\u00f3n mutua. Le comenta esta idea a Capel\u00fa, otra artista, con quien organiz\u00f3 un primer evento en 2012. Hoy como parte de la organizaci\u00f3n adem\u00e1s est\u00e1n Melanie Lagos, Iris<br \/>\nMirabal y mucha m\u00e1s gente que apoya en la parte de dise\u00f1o, escenograf\u00eda, iluminaci\u00f3n y, por supuesto, todas las cantantes que cada a\u00f1o participan.<br \/>\nEl nombre \u201cNosotras Somos\u201d viene del t\u00e9rmino \u201cUbuntu\u201d, que en la cultura africana Xhosa significa \u201cYo soy porque nosotros somos\u201d. Se describe tambi\u00e9n como \u201c\u2026mi felicidad se complementa con la tuya\u2026\u201d.<br \/>\n\u201cCreemos en un mundo distinto en el que la solidaridad y la complementariedad son la conexi\u00f3n de nuestro accionar. Es as\u00ed que la motivaci\u00f3n mutua, complicidad y fuerza que van tomando las diferentes cantantes desde un lugar com\u00fan de encuentro, es una caracter\u00edstica que celebramos en cada nuevo encuentro y quienes cantaron en a\u00f1os pasados de igual forma est\u00e1n ah\u00ed con toda su bella energ\u00eda de impulso. Todos estos aspectos el p\u00fablico logra percibirlos durante el concierto y en las diferentes oportunidades en las que el movimiento se visibiliza\u201d, destaca la nota de prensa.<br \/>\nEn esta ocasi\u00f3n, para el movimiento Nosotras Somos ser\u00e1 un privilegio rendir un sentido homenaje a la maestra Matilde Casazola.<br \/>\nGran expositora de la tradici\u00f3n musical de Bolivia, Casazola recibi\u00f3 numerosos galardones, como el Premio Nacional de Cultura de Bolivia, Premio al Pensamiento y la Cultura \u201cAntonio Jos\u00e9 de Sucre\u201d, Premio Orfeo M\u00fasico Latinoamericano, de Espa\u00f1a, Escudo de las Armas de Sucre y el C\u00f3ndor de los Andes, en reconocimiento a sus m\u00e1s de 50 a\u00f1os de trayectoria y aporte art\u00edstico.<br \/>\nEl concierto del jueves 11 contar\u00e1 con la presencia de Matilde Casazola, a quien se le rendir\u00e1 homenaje no solo en vida sino en persona. Ser\u00e1 una oportunidad \u00fanica.<br \/>\nEl evento tendr\u00e1 la actuaci\u00f3n de reconocidas cantantes que lo enriquecer\u00e1n con la diversidad de sus estilos propios, desde lo l\u00edrico, rockero, blusero, jazz, hasta el electro- folk y popular. Como invitada especial estar\u00e1 Emma Junaro.<\/p>\n<p><strong>LAS CANTANTES<\/strong><\/p>\n<p>EMMA JUNARO<br \/>\nDotada de una hermosa y privilegiada voz, Emma Junaro, crece y se educa manifestando su talento por las artes y su preferencia por el canto. Su profunda sensibilidad ha definido su estilo. Es una cantante tierna, emotiva y profunda. Su amor por la m\u00fasica popular fue el motor para crecer permanentemente, con una visi\u00f3n profesional de continua formaci\u00f3n.<br \/>\nSu participaci\u00f3n en varias disciplinas del arte ha enriquecido su canto y su experiencia: El cine, el teatro, la danza contempor\u00e1nea y su interacci\u00f3n con m\u00fasicos de diversos g\u00e9neros como el rock, el jazz, el folklore y la m\u00fasica popular del mundo.<br \/>\nHa cantado dirigida por David Hendel (EEUU), Weimar Arancibia (Bolivia) junto a la Orquesta Sinf\u00f3nica de Bolivia, Nicol\u00e1s Suarez (Bolivia) y Cergio Prudencio (Bolivia). Es docente de canto moderno en el Conservatorio Plurinacional de M\u00fasica de Bolivia, \u00e1rea Moderna (2009 a la fecha). Tiene 4 discos publicados.<\/p>\n<p>MARISOL D\u00cdAZ<br \/>\nCanticultora de la vida, nacida en el Centro Minero Kami, provincia Ayopaya, departamento de Cochabamba, el trabajo de Marisol D\u00edaz es una muestra tangible de los amplios recursos de la creatividad femenina.<br \/>\nSu arte, inspirado en sus ra\u00edces quechuas, es pasado y futuro. Es ancestro, mujer, viento y agua dulce de los Andes. Es vida.<br \/>\nSu lenguaje musical, que trasciende g\u00e9neros, estilos, idiomas, fue plasmado en un disco denominado \u201cRuna Blues\u201d, junto a Jack Herrannen y Tony Lee Parker; otro llamado \u201cYapuna, labrar el canto\u201d, dirigido por el maestro \u00c1lvaro Montenegro; y el disco Aylli, cantos de mujeres, junto a la comunidad Sagrada Coca, Sibah y Nina Uma. Trabaja en un di\u00e1logo musical con sus compa\u00f1eros de Aymuray, grupo en el cual canta y compone y cuyo disco es visto desde su ser mujer, como un plenilunio de sus aprendizajes musicales.<\/p>\n<p>SIBAH<br \/>\nEs cantante, compositora con seis discos producidos con composiciones propias. Adem\u00e1s, ha participado en otros nueve discos, tres de otro de sus grupos: Vozabierta, que es un quinteto de mujeres que cantan a capella desde el a\u00f1o 2006. Adem\u00e1s, ha participado en otros siete discos adicionales.<br \/>\nTambi\u00e9n es Coach Vocal desde hace m\u00e1s de 15 a\u00f1os, entrenada en el Voice Master de M\u00e9xico, en el CVT en Holanda y, recientemente, en el Congreso de Vocal Coaches en Nueva York, Estados Unidos\u00a8.<br \/>\nGan\u00f3 el Premio Plurinacional Eduardo Abaroa de Bolivia por \u201cMejor Composici\u00f3n en M\u00fasica Rock 2012\u201d. Tambi\u00e9n gan\u00f3 el tercer premio en 1998 en la Campa\u00f1a de Prevenci\u00f3n del SIDA y en el 2010 la Red Cultural Mercosur selecciona por Bolivia, la canci\u00f3n \u201cAl Amanecer\u201d de Sibah.<br \/>\nEs la principal impulsora del movimiento de mujeres cantantes \u201cNosotras Somos\u201d.<br \/>\nTERE MORALES<br \/>\nHa transitado por un repertorio que va desde los solos en \u00f3peras y grandes obras sinf\u00f3nico corales y musicales, como Les Miserables, We Will Rock You, Dr\u00e1cula, hasta la Misa Criolla y Navidad Nuestra, de Ariel Ram\u00edrez. Actualmente se dedica a la m\u00fasica popular latinoamericana y nacional, siendo concertista, con proyectos en Bolivia y fuera de nuestras fronteras.<\/p>\n<p>ALEJANDRA PAREJA<br \/>\nAlejandra Pareja Fleitas es mezzosoprano. Con estudios desde 2009, fue part\u00edcipe de distintos talleres de clases magistrales con maestros nacionales e internacionales, como Enrique Folger. Tambi\u00e9n particip\u00f3 como solista en galas l\u00edricas, conciertos de c\u00e1mara, conciertos corales, zarzuelas, \u00f3peras y en producciones de teatro como actriz y cantante.<br \/>\nActualmente es profesora de canto en la Escuela de M\u00fasica Contempor\u00e1nea y es miembro activo del ensamble Sariri y de \u201cLa Paz EnCanto\u201d.<\/p>\n<p>IMILLA\/ VALERIA MILLIGAN<br \/>\nComenz\u00f3 en el mundo de la m\u00fasica desde que era una ni\u00f1a autodidacta. Poeta desde sus 10 a\u00f1os, a sus 15 conoce el mundo del grafiti y el mundo del hip hop, a sus 16 a\u00f1os graba sus primeras canciones, a sus 18 viaj\u00f3 a Quito, Ecuador, mochileando, a sus 19 a\u00f1os lanza su primer sencillo Katalicis katarsis katarys kannabis. En 2017 produce su disco Mixtape sudaka, donde colabora tambi\u00e9n con varios artistas internacionales y recopila las canciones que fue grabando en el camino. Luego se encuentra con un equipo de Netflix en Uyuni y le invitan a participar de la serie documental The Kindnees of diries, la cual subvenciona a Valeria durante un a\u00f1o. Actualmente prepara su cuarto disco, el cual no tendr\u00e1 como enfoque principal el hip hop, sino m\u00e1s bien sonidos andinos y la poes\u00eda que caracteriza su m\u00fasica.<\/p>\n<p>LOS M\u00daSICOS<br \/>\nLa banda que acompa\u00f1ar\u00e1 el concierto estar\u00e1 dirigida por Melanie Lagos, pianista, compositora e investigadora musical y docente, con una gran trayectoria que incluye participaci\u00f3n en diferentes discos, propuestas innovadoras dentro del tango y su principal proyecto musical: Silencio Crom\u00e1tico. Trabaj\u00f3 junto a Sibah, Suyana, Revival band y varios otros proyectos musicales.<br \/>\nLa banda estar\u00e1 conformada por:<\/p>\n<p>Melanie Lagos: Piano<br \/>\nTefa Mariscal: Bater\u00eda<br \/>\nAndr\u00e9s Herrera: Bajo y Guitarra<br \/>\n\u00c1lvaro Quisbert: Charango<br \/>\nJocelyn Alarc\u00f3n: Fagot<br \/>\nV\u00edctor Aliaga: Saxof\u00f3n<br \/>\nEinar Guill\u00e9n: Piano<\/p>\n<p>Reservas y venta de entradas<br \/>\nmediante el celular 75259210.<\/p>\n\n","protected":false},"excerpt":{"rendered":"<p>\u201cNosotras Somos Matilde Casazola\u201d es el nombre del concierto en el que se celebrar\u00e1 los 80 a\u00f1os de vida de la destacada compositora y poeta boliviana que es inspiraci\u00f3n de muchas generaciones en el pa\u00eds y referente a nivel internacional. El evento se efectuar\u00e1 el jueves 11 de mayo, a horas 19:00, en el Cine [&hellip;]<\/p>\n","protected":false},"author":1,"featured_media":152142,"comment_status":"closed","ping_status":"closed","sticky":false,"template":"","format":"standard","meta":{"_acf_changed":false,"footnotes":""},"categories":[41],"tags":[],"class_list":["post-152135","post","type-post","status-publish","format-standard","has-post-thumbnail","category-la-guia"],"acf":{"antetitulo":""},"yoast_head":"<!-- This site is optimized with the Yoast SEO plugin v28.4 - https:\/\/yoast.com\/product\/yoast-seo-wordpress\/ -->\n<title>\u201cNosotras Somos Matilde Casazola\u201d en concierto - El Diario - Bolivia<\/title>\n<meta name=\"robots\" content=\"index, follow, max-snippet:-1, max-image-preview:large, max-video-preview:-1\" \/>\n<link rel=\"canonical\" href=\"https:\/\/www.eldiario.net\/portal\/2023\/05\/03\/nosotras-somos-matilde-casazola-en-concierto\/\" \/>\n<meta property=\"og:locale\" content=\"es_ES\" \/>\n<meta property=\"og:type\" content=\"article\" \/>\n<meta property=\"og:title\" content=\"\u201cNosotras Somos Matilde Casazola\u201d en concierto - El Diario - Bolivia\" \/>\n<meta property=\"og:description\" content=\"\u201cNosotras Somos Matilde Casazola\u201d es el nombre del concierto en el que se celebrar\u00e1 los 80 a\u00f1os de vida de la destacada compositora y poeta boliviana que es inspiraci\u00f3n de muchas generaciones en el pa\u00eds y referente a nivel internacional. El evento se efectuar\u00e1 el jueves 11 de mayo, a horas 19:00, en el Cine [&hellip;]\" \/>\n<meta property=\"og:url\" content=\"https:\/\/www.eldiario.net\/portal\/2023\/05\/03\/nosotras-somos-matilde-casazola-en-concierto\/\" \/>\n<meta property=\"og:site_name\" content=\"El Diario - Bolivia\" \/>\n<meta property=\"article:publisher\" content=\"https:\/\/www.facebook.com\/eldiario.bolivia\/\" \/>\n<meta property=\"article:published_time\" content=\"2023-05-03T09:44:09+00:00\" \/>\n<meta name=\"author\" content=\"Jeanette\" \/>\n<meta name=\"twitter:card\" content=\"summary_large_image\" \/>\n<meta name=\"twitter:creator\" content=\"@eldiario_net\" \/>\n<meta name=\"twitter:site\" content=\"@eldiario_net\" \/>\n<meta name=\"twitter:label1\" content=\"Escrito por\" \/>\n\t<meta name=\"twitter:data1\" content=\"Jeanette\" \/>\n\t<meta name=\"twitter:label2\" content=\"Tiempo de lectura\" \/>\n\t<meta name=\"twitter:data2\" content=\"6 minutos\" \/>\n<script type=\"application\/ld+json\" class=\"yoast-schema-graph\">{\"@context\":\"https:\\\/\\\/schema.org\",\"@graph\":[{\"@type\":\"Article\",\"@id\":\"https:\\\/\\\/www.eldiario.net\\\/portal\\\/2023\\\/05\\\/03\\\/nosotras-somos-matilde-casazola-en-concierto\\\/#article\",\"isPartOf\":{\"@id\":\"https:\\\/\\\/www.eldiario.net\\\/portal\\\/2023\\\/05\\\/03\\\/nosotras-somos-matilde-casazola-en-concierto\\\/\"},\"author\":{\"name\":\"Jeanette\",\"@id\":\"https:\\\/\\\/www.eldiario.net\\\/portal\\\/#\\\/schema\\\/person\\\/2c57cf2b7a7ae032e449e4c9b1019eac\"},\"headline\":\"\u201cNosotras Somos Matilde Casazola\u201d en concierto\",\"datePublished\":\"2023-05-03T09:44:09+00:00\",\"mainEntityOfPage\":{\"@id\":\"https:\\\/\\\/www.eldiario.net\\\/portal\\\/2023\\\/05\\\/03\\\/nosotras-somos-matilde-casazola-en-concierto\\\/\"},\"wordCount\":1365,\"publisher\":{\"@id\":\"https:\\\/\\\/www.eldiario.net\\\/portal\\\/#organization\"},\"image\":{\"@id\":\"https:\\\/\\\/www.eldiario.net\\\/portal\\\/2023\\\/05\\\/03\\\/nosotras-somos-matilde-casazola-en-concierto\\\/#primaryimage\"},\"thumbnailUrl\":\"\",\"articleSection\":[\"La Gu\u00eda\"],\"inLanguage\":\"es\"},{\"@type\":\"WebPage\",\"@id\":\"https:\\\/\\\/www.eldiario.net\\\/portal\\\/2023\\\/05\\\/03\\\/nosotras-somos-matilde-casazola-en-concierto\\\/\",\"url\":\"https:\\\/\\\/www.eldiario.net\\\/portal\\\/2023\\\/05\\\/03\\\/nosotras-somos-matilde-casazola-en-concierto\\\/\",\"name\":\"\u201cNosotras Somos Matilde Casazola\u201d en concierto - El Diario - Bolivia\",\"isPartOf\":{\"@id\":\"https:\\\/\\\/www.eldiario.net\\\/portal\\\/#website\"},\"primaryImageOfPage\":{\"@id\":\"https:\\\/\\\/www.eldiario.net\\\/portal\\\/2023\\\/05\\\/03\\\/nosotras-somos-matilde-casazola-en-concierto\\\/#primaryimage\"},\"image\":{\"@id\":\"https:\\\/\\\/www.eldiario.net\\\/portal\\\/2023\\\/05\\\/03\\\/nosotras-somos-matilde-casazola-en-concierto\\\/#primaryimage\"},\"thumbnailUrl\":\"\",\"datePublished\":\"2023-05-03T09:44:09+00:00\",\"breadcrumb\":{\"@id\":\"https:\\\/\\\/www.eldiario.net\\\/portal\\\/2023\\\/05\\\/03\\\/nosotras-somos-matilde-casazola-en-concierto\\\/#breadcrumb\"},\"inLanguage\":\"es\",\"potentialAction\":[{\"@type\":\"ReadAction\",\"target\":[\"https:\\\/\\\/www.eldiario.net\\\/portal\\\/2023\\\/05\\\/03\\\/nosotras-somos-matilde-casazola-en-concierto\\\/\"]}]},{\"@type\":\"ImageObject\",\"inLanguage\":\"es\",\"@id\":\"https:\\\/\\\/www.eldiario.net\\\/portal\\\/2023\\\/05\\\/03\\\/nosotras-somos-matilde-casazola-en-concierto\\\/#primaryimage\",\"url\":\"\",\"contentUrl\":\"\"},{\"@type\":\"BreadcrumbList\",\"@id\":\"https:\\\/\\\/www.eldiario.net\\\/portal\\\/2023\\\/05\\\/03\\\/nosotras-somos-matilde-casazola-en-concierto\\\/#breadcrumb\",\"itemListElement\":[{\"@type\":\"ListItem\",\"position\":1,\"name\":\"Portada\",\"item\":\"https:\\\/\\\/www.eldiario.net\\\/portal\\\/\"},{\"@type\":\"ListItem\",\"position\":2,\"name\":\"\u201cNosotras Somos Matilde Casazola\u201d en concierto\"}]},{\"@type\":\"WebSite\",\"@id\":\"https:\\\/\\\/www.eldiario.net\\\/portal\\\/#website\",\"url\":\"https:\\\/\\\/www.eldiario.net\\\/portal\\\/\",\"name\":\"El Diario - Decano de la prensa nacional\",\"description\":\"El Diario - Decano de la prensa nacional\",\"publisher\":{\"@id\":\"https:\\\/\\\/www.eldiario.net\\\/portal\\\/#organization\"},\"potentialAction\":[{\"@type\":\"SearchAction\",\"target\":{\"@type\":\"EntryPoint\",\"urlTemplate\":\"https:\\\/\\\/www.eldiario.net\\\/portal\\\/?s={search_term_string}\"},\"query-input\":{\"@type\":\"PropertyValueSpecification\",\"valueRequired\":true,\"valueName\":\"search_term_string\"}}],\"inLanguage\":\"es\"},{\"@type\":\"Organization\",\"@id\":\"https:\\\/\\\/www.eldiario.net\\\/portal\\\/#organization\",\"name\":\"El Diario - Decano de la prensa nacional\",\"url\":\"https:\\\/\\\/www.eldiario.net\\\/portal\\\/\",\"logo\":{\"@type\":\"ImageObject\",\"inLanguage\":\"es\",\"@id\":\"https:\\\/\\\/www.eldiario.net\\\/portal\\\/#\\\/schema\\\/logo\\\/image\\\/\",\"url\":\"https:\\\/\\\/www.eldiario.net\\\/portal\\\/wp-content\\\/uploads\\\/2023\\\/07\\\/logo_ED.jpg\",\"contentUrl\":\"https:\\\/\\\/www.eldiario.net\\\/portal\\\/wp-content\\\/uploads\\\/2023\\\/07\\\/logo_ED.jpg\",\"width\":272,\"height\":52,\"caption\":\"El Diario - Decano de la prensa nacional\"},\"image\":{\"@id\":\"https:\\\/\\\/www.eldiario.net\\\/portal\\\/#\\\/schema\\\/logo\\\/image\\\/\"},\"sameAs\":[\"https:\\\/\\\/www.facebook.com\\\/eldiario.bolivia\\\/\",\"https:\\\/\\\/x.com\\\/eldiario_net\"]},{\"@type\":\"Person\",\"@id\":\"https:\\\/\\\/www.eldiario.net\\\/portal\\\/#\\\/schema\\\/person\\\/2c57cf2b7a7ae032e449e4c9b1019eac\",\"name\":\"Jeanette\",\"image\":{\"@type\":\"ImageObject\",\"inLanguage\":\"es\",\"@id\":\"https:\\\/\\\/secure.gravatar.com\\\/avatar\\\/3ea2118a5f7dad2b7138b1187a6b7ee55f160b9968b66013c3a3ef39dd7e5798?s=96&d=mm&r=g\",\"url\":\"https:\\\/\\\/secure.gravatar.com\\\/avatar\\\/3ea2118a5f7dad2b7138b1187a6b7ee55f160b9968b66013c3a3ef39dd7e5798?s=96&d=mm&r=g\",\"contentUrl\":\"https:\\\/\\\/secure.gravatar.com\\\/avatar\\\/3ea2118a5f7dad2b7138b1187a6b7ee55f160b9968b66013c3a3ef39dd7e5798?s=96&d=mm&r=g\",\"caption\":\"Jeanette\"},\"sameAs\":[\"https:\\\/\\\/www.eldiario.net\\\/portal\"],\"url\":\"https:\\\/\\\/www.eldiario.net\\\/portal\\\/author\\\/jeanette\\\/\"}]}<\/script>\n<!-- \/ Yoast SEO plugin. -->","yoast_head_json":{"title":"\u201cNosotras Somos Matilde Casazola\u201d en concierto - El Diario - Bolivia","robots":{"index":"index","follow":"follow","max-snippet":"max-snippet:-1","max-image-preview":"max-image-preview:large","max-video-preview":"max-video-preview:-1"},"canonical":"https:\/\/www.eldiario.net\/portal\/2023\/05\/03\/nosotras-somos-matilde-casazola-en-concierto\/","og_locale":"es_ES","og_type":"article","og_title":"\u201cNosotras Somos Matilde Casazola\u201d en concierto - El Diario - Bolivia","og_description":"\u201cNosotras Somos Matilde Casazola\u201d es el nombre del concierto en el que se celebrar\u00e1 los 80 a\u00f1os de vida de la destacada compositora y poeta boliviana que es inspiraci\u00f3n de muchas generaciones en el pa\u00eds y referente a nivel internacional. El evento se efectuar\u00e1 el jueves 11 de mayo, a horas 19:00, en el Cine [&hellip;]","og_url":"https:\/\/www.eldiario.net\/portal\/2023\/05\/03\/nosotras-somos-matilde-casazola-en-concierto\/","og_site_name":"El Diario - Bolivia","article_publisher":"https:\/\/www.facebook.com\/eldiario.bolivia\/","article_published_time":"2023-05-03T09:44:09+00:00","author":"Jeanette","twitter_card":"summary_large_image","twitter_creator":"@eldiario_net","twitter_site":"@eldiario_net","twitter_misc":{"Escrito por":"Jeanette","Tiempo de lectura":"6 minutos"},"schema":{"@context":"https:\/\/schema.org","@graph":[{"@type":"Article","@id":"https:\/\/www.eldiario.net\/portal\/2023\/05\/03\/nosotras-somos-matilde-casazola-en-concierto\/#article","isPartOf":{"@id":"https:\/\/www.eldiario.net\/portal\/2023\/05\/03\/nosotras-somos-matilde-casazola-en-concierto\/"},"author":{"name":"Jeanette","@id":"https:\/\/www.eldiario.net\/portal\/#\/schema\/person\/2c57cf2b7a7ae032e449e4c9b1019eac"},"headline":"\u201cNosotras Somos Matilde Casazola\u201d en concierto","datePublished":"2023-05-03T09:44:09+00:00","mainEntityOfPage":{"@id":"https:\/\/www.eldiario.net\/portal\/2023\/05\/03\/nosotras-somos-matilde-casazola-en-concierto\/"},"wordCount":1365,"publisher":{"@id":"https:\/\/www.eldiario.net\/portal\/#organization"},"image":{"@id":"https:\/\/www.eldiario.net\/portal\/2023\/05\/03\/nosotras-somos-matilde-casazola-en-concierto\/#primaryimage"},"thumbnailUrl":"","articleSection":["La Gu\u00eda"],"inLanguage":"es"},{"@type":"WebPage","@id":"https:\/\/www.eldiario.net\/portal\/2023\/05\/03\/nosotras-somos-matilde-casazola-en-concierto\/","url":"https:\/\/www.eldiario.net\/portal\/2023\/05\/03\/nosotras-somos-matilde-casazola-en-concierto\/","name":"\u201cNosotras Somos Matilde Casazola\u201d en concierto - El Diario - Bolivia","isPartOf":{"@id":"https:\/\/www.eldiario.net\/portal\/#website"},"primaryImageOfPage":{"@id":"https:\/\/www.eldiario.net\/portal\/2023\/05\/03\/nosotras-somos-matilde-casazola-en-concierto\/#primaryimage"},"image":{"@id":"https:\/\/www.eldiario.net\/portal\/2023\/05\/03\/nosotras-somos-matilde-casazola-en-concierto\/#primaryimage"},"thumbnailUrl":"","datePublished":"2023-05-03T09:44:09+00:00","breadcrumb":{"@id":"https:\/\/www.eldiario.net\/portal\/2023\/05\/03\/nosotras-somos-matilde-casazola-en-concierto\/#breadcrumb"},"inLanguage":"es","potentialAction":[{"@type":"ReadAction","target":["https:\/\/www.eldiario.net\/portal\/2023\/05\/03\/nosotras-somos-matilde-casazola-en-concierto\/"]}]},{"@type":"ImageObject","inLanguage":"es","@id":"https:\/\/www.eldiario.net\/portal\/2023\/05\/03\/nosotras-somos-matilde-casazola-en-concierto\/#primaryimage","url":"","contentUrl":""},{"@type":"BreadcrumbList","@id":"https:\/\/www.eldiario.net\/portal\/2023\/05\/03\/nosotras-somos-matilde-casazola-en-concierto\/#breadcrumb","itemListElement":[{"@type":"ListItem","position":1,"name":"Portada","item":"https:\/\/www.eldiario.net\/portal\/"},{"@type":"ListItem","position":2,"name":"\u201cNosotras Somos Matilde Casazola\u201d en concierto"}]},{"@type":"WebSite","@id":"https:\/\/www.eldiario.net\/portal\/#website","url":"https:\/\/www.eldiario.net\/portal\/","name":"El Diario - Decano de la prensa nacional","description":"El Diario - Decano de la prensa nacional","publisher":{"@id":"https:\/\/www.eldiario.net\/portal\/#organization"},"potentialAction":[{"@type":"SearchAction","target":{"@type":"EntryPoint","urlTemplate":"https:\/\/www.eldiario.net\/portal\/?s={search_term_string}"},"query-input":{"@type":"PropertyValueSpecification","valueRequired":true,"valueName":"search_term_string"}}],"inLanguage":"es"},{"@type":"Organization","@id":"https:\/\/www.eldiario.net\/portal\/#organization","name":"El Diario - Decano de la prensa nacional","url":"https:\/\/www.eldiario.net\/portal\/","logo":{"@type":"ImageObject","inLanguage":"es","@id":"https:\/\/www.eldiario.net\/portal\/#\/schema\/logo\/image\/","url":"https:\/\/www.eldiario.net\/portal\/wp-content\/uploads\/2023\/07\/logo_ED.jpg","contentUrl":"https:\/\/www.eldiario.net\/portal\/wp-content\/uploads\/2023\/07\/logo_ED.jpg","width":272,"height":52,"caption":"El Diario - Decano de la prensa nacional"},"image":{"@id":"https:\/\/www.eldiario.net\/portal\/#\/schema\/logo\/image\/"},"sameAs":["https:\/\/www.facebook.com\/eldiario.bolivia\/","https:\/\/x.com\/eldiario_net"]},{"@type":"Person","@id":"https:\/\/www.eldiario.net\/portal\/#\/schema\/person\/2c57cf2b7a7ae032e449e4c9b1019eac","name":"Jeanette","image":{"@type":"ImageObject","inLanguage":"es","@id":"https:\/\/secure.gravatar.com\/avatar\/3ea2118a5f7dad2b7138b1187a6b7ee55f160b9968b66013c3a3ef39dd7e5798?s=96&d=mm&r=g","url":"https:\/\/secure.gravatar.com\/avatar\/3ea2118a5f7dad2b7138b1187a6b7ee55f160b9968b66013c3a3ef39dd7e5798?s=96&d=mm&r=g","contentUrl":"https:\/\/secure.gravatar.com\/avatar\/3ea2118a5f7dad2b7138b1187a6b7ee55f160b9968b66013c3a3ef39dd7e5798?s=96&d=mm&r=g","caption":"Jeanette"},"sameAs":["https:\/\/www.eldiario.net\/portal"],"url":"https:\/\/www.eldiario.net\/portal\/author\/jeanette\/"}]}},"_links":{"self":[{"href":"https:\/\/www.eldiario.net\/portal\/wp-json\/wp\/v2\/posts\/152135","targetHints":{"allow":["GET"]}}],"collection":[{"href":"https:\/\/www.eldiario.net\/portal\/wp-json\/wp\/v2\/posts"}],"about":[{"href":"https:\/\/www.eldiario.net\/portal\/wp-json\/wp\/v2\/types\/post"}],"author":[{"embeddable":true,"href":"https:\/\/www.eldiario.net\/portal\/wp-json\/wp\/v2\/users\/1"}],"replies":[{"embeddable":true,"href":"https:\/\/www.eldiario.net\/portal\/wp-json\/wp\/v2\/comments?post=152135"}],"version-history":[{"count":0,"href":"https:\/\/www.eldiario.net\/portal\/wp-json\/wp\/v2\/posts\/152135\/revisions"}],"wp:attachment":[{"href":"https:\/\/www.eldiario.net\/portal\/wp-json\/wp\/v2\/media?parent=152135"}],"wp:term":[{"taxonomy":"category","embeddable":true,"href":"https:\/\/www.eldiario.net\/portal\/wp-json\/wp\/v2\/categories?post=152135"},{"taxonomy":"post_tag","embeddable":true,"href":"https:\/\/www.eldiario.net\/portal\/wp-json\/wp\/v2\/tags?post=152135"}],"curies":[{"name":"wp","href":"https:\/\/api.w.org\/{rel}","templated":true}]}}