{"id":152070,"date":"2023-05-02T08:31:45","date_gmt":"2023-05-02T12:31:45","guid":{"rendered":"https:\/\/www.eldiario.net\/portal\/?p=152070"},"modified":"2023-05-02T08:31:45","modified_gmt":"2023-05-02T12:31:45","slug":"monedas-de-america-latina-operan-con-perdidas-en-medio-de-avance-del-dolar","status":"publish","type":"post","link":"https:\/\/www.eldiario.net\/portal\/2023\/05\/02\/monedas-de-america-latina-operan-con-perdidas-en-medio-de-avance-del-dolar\/","title":{"rendered":"Monedas de Am\u00e9rica Latina operan con  p\u00e9rdidas en medio de avance del d\u00f3lar"},"content":{"rendered":"<p class=\"v1MsoNormal\">La mayor\u00eda de las monedas de Am\u00e9rica Latina ca\u00edan el pasado viernes, en medio de un avance global del d\u00f3lar y expectativas de un aumento en las tasas de inter\u00e9s de Estados Unidos en la reuni\u00f3n de pol\u00edtica monetaria de la Reserva Federal la semana pr\u00f3xima, a la luz de los \u00faltimos datos de la mayor econom\u00eda del mundo.<\/p>\n<p class=\"v1MsoNormal\">El gasto de los consumidores estadounidenses se mantuvo sin cambios en marzo y las presiones inflacionarias subyacentes siguieron siendo fuertes, lo que podr\u00eda hacer que la Fed vuelva a subir las tasas de inter\u00e9s en mayo.<\/p>\n<p class=\"v1MsoNormal\">El Departamento de Comercio inform\u00f3 el viernes que el gasto de los consumidores se mantuvo sin cambios el mes pasado, tras un aumento revisado a la baja del 0,1% en febrero.<\/p>\n<p class=\"v1MsoNormal\">El \u00edndice d\u00f3lar, que mide a la divisa estadounidense frente a una canasta de seis monedas de primer orden, ganaba poco m\u00e1s de un 0,2%.<\/p>\n<p class=\"v1MsoNormal\">El peso mexicano cotizaba en 18,0050 por d\u00f3lar, con una ganancia del 0,12% frente a las 18,0260 unidades del precio de referencia de Reuters del jueves, despu\u00e9s de conocer que la econom\u00eda local creci\u00f3 en el primer trimestre del a\u00f1o por encima de lo anticipado.<\/p>\n<p class=\"v1MsoNormal\">\u00abLa apreciaci\u00f3n del peso se debe al dato de crecimiento del PIB mejor a lo esperado\u00bb, dijo la firma local Banco Base, en una nota de an\u00e1lisis.<\/p>\n<p class=\"v1MsoNormal\">La econom\u00eda mexicana aceler\u00f3 su ritmo de crecimiento en el primer trimestre, superando las expectativas de los analistas, impulsada principalmente por un s\u00f3lido desempe\u00f1o de su enorme sector servicios y de la producci\u00f3n industrial, que compensan una contracci\u00f3n de las actividades agropecuarias.<\/p>\n<p class=\"v1MsoNormal\">El principal \u00edndice accionario S&amp;P\/BMV IPC, que integran las 35 empresas m\u00e1s l\u00edquidas del mercado mexicano, sub\u00eda un 0,76%, a 54.855,05 unidades.<\/p>\n<p class=\"v1MsoNormal\">El real brasile\u00f1o se depreciaba un 0,48%, a 5,5007 unidades por d\u00f3lar, mientras que el \u00edndice Bovespa de la bolsa B3 de Sao Paulo avanzaba un 0,93%, a 103.878,20 puntos.<\/p>\n<p class=\"v1MsoNormal\">La actividad econ\u00f3mica de Brasil creci\u00f3 en febrero respecto del mes anterior, mostraron el viernes datos del Banco Central. El \u00edndice de actividad econ\u00f3mica IBC-BR, un bar\u00f3metro del Producto Interno Bruto, subi\u00f3 un 3,32% desestacionalizado respecto de enero.<\/p>\n<p class=\"v1MsoNormal\">En Argentina, el peso bajaba un 0,27%, a 222,57 por d\u00f3lar en depreciaci\u00f3n regulada por el banco central, al tiempo que el \u00edndice burs\u00e1til Merval perd\u00eda un 1,12%, a 293.499,07 unidades, por toma de ganancias, luego de marcar en la rueda previa m\u00e1ximos hist\u00f3ricos ante coberturas sobre papeles de buena liquidez y cotizaci\u00f3n externa.<\/p>\n<p class=\"v1MsoNormal\">\u00abLas dudas de los inversores sobre la marcha de la econom\u00eda (local) a poco de las elecciones (presidenciales de octubre) provocaron movimientos especulativos del mercado y tomas de ganancias cortas\u00bb, dijo un operador burs\u00e1til.<\/p>\n<p class=\"v1MsoNormal\">El peso chileno retroced\u00eda un 0,21% a 802,20\/802,50 por d\u00f3lar. En tanto, el \u00edndice l\u00edder de la Bolsa de Santiago, el IPSA, bajaba un 0,17%, a 5.402,42 unidades.<\/p>\n<p class=\"v1MsoNormal\">El peso colombiano sub\u00eda un moderado 0,13% a 4.650 unidades por d\u00f3lar, en una correcci\u00f3n de la fuerte ca\u00edda del d\u00eda previo en medio de la turbulencia pol\u00edtica local tras el reemplazo de varios ministros del gobierno del presidente Gustavo Petro, incluyendo el jefe de la cartera de Hacienda.<\/p>\n<p class=\"v1MsoNormal\">En la bolsa, el \u00edndice accionario MSCI COLCAP escalaba un 0,24% a 1.170,33 puntos.<\/p>\n<p class=\"v1MsoNormal\">El directorio del Banco Central de Colombia inici\u00f3 el viernes su reuni\u00f3n mensual, en la que debatir\u00e1 si sube su tasa de inter\u00e9s por una \u00faltima vez o si decide detener el ciclo y la mantiene estable, en medio del balance de riesgos entre la inflaci\u00f3n y el crecimiento de la econom\u00eda.<\/p>\n<p class=\"v1MsoNormal\">El sol peruano ced\u00eda un 0,19%, a 3,7138 unidades por d\u00f3lar. En tanto, el referencial de la Bolsa de Lima bajaba un 0,49%, a 558,65 puntos. (Reuters)<\/p>\n","protected":false},"excerpt":{"rendered":"<p>La mayor\u00eda de las monedas de Am\u00e9rica Latina ca\u00edan el pasado viernes, en medio de un avance global del d\u00f3lar y expectativas de un aumento en las tasas de inter\u00e9s de Estados Unidos en la reuni\u00f3n de pol\u00edtica monetaria de la Reserva Federal la semana pr\u00f3xima, a la luz de los \u00faltimos datos de la [&hellip;]<\/p>\n","protected":false},"author":1,"featured_media":0,"comment_status":"closed","ping_status":"closed","sticky":false,"template":"","format":"standard","meta":{"_acf_changed":false,"footnotes":""},"categories":[7],"tags":[],"class_list":["post-152070","post","type-post","status-publish","format-standard","category-economia"],"acf":{"antetitulo":""},"yoast_head":"<!-- This site is optimized with the Yoast SEO plugin v28.3 - https:\/\/yoast.com\/product\/yoast-seo-wordpress\/ -->\n<title>Monedas de Am\u00e9rica Latina operan con p\u00e9rdidas en medio de avance del d\u00f3lar - El Diario - Bolivia<\/title>\n<meta name=\"robots\" content=\"index, follow, max-snippet:-1, max-image-preview:large, max-video-preview:-1\" \/>\n<link rel=\"canonical\" href=\"https:\/\/www.eldiario.net\/portal\/2023\/05\/02\/monedas-de-america-latina-operan-con-perdidas-en-medio-de-avance-del-dolar\/\" \/>\n<meta property=\"og:locale\" content=\"es_ES\" \/>\n<meta property=\"og:type\" content=\"article\" \/>\n<meta property=\"og:title\" content=\"Monedas de Am\u00e9rica Latina operan con p\u00e9rdidas en medio de avance del d\u00f3lar - El Diario - Bolivia\" \/>\n<meta property=\"og:description\" content=\"La mayor\u00eda de las monedas de Am\u00e9rica Latina ca\u00edan el pasado viernes, en medio de un avance global del d\u00f3lar y expectativas de un aumento en las tasas de inter\u00e9s de Estados Unidos en la reuni\u00f3n de pol\u00edtica monetaria de la Reserva Federal la semana pr\u00f3xima, a la luz de los \u00faltimos datos de la [&hellip;]\" \/>\n<meta property=\"og:url\" content=\"https:\/\/www.eldiario.net\/portal\/2023\/05\/02\/monedas-de-america-latina-operan-con-perdidas-en-medio-de-avance-del-dolar\/\" \/>\n<meta property=\"og:site_name\" content=\"El Diario - Bolivia\" \/>\n<meta property=\"article:publisher\" content=\"https:\/\/www.facebook.com\/eldiario.bolivia\/\" \/>\n<meta property=\"article:published_time\" content=\"2023-05-02T12:31:45+00:00\" \/>\n<meta name=\"author\" content=\"Jeanette\" \/>\n<meta name=\"twitter:card\" content=\"summary_large_image\" \/>\n<meta name=\"twitter:creator\" content=\"@eldiario_net\" \/>\n<meta name=\"twitter:site\" content=\"@eldiario_net\" \/>\n<meta name=\"twitter:label1\" content=\"Escrito por\" \/>\n\t<meta name=\"twitter:data1\" content=\"Jeanette\" \/>\n\t<meta name=\"twitter:label2\" content=\"Tiempo de lectura\" \/>\n\t<meta name=\"twitter:data2\" content=\"3 minutos\" \/>\n<script type=\"application\/ld+json\" class=\"yoast-schema-graph\">{\"@context\":\"https:\\\/\\\/schema.org\",\"@graph\":[{\"@type\":\"Article\",\"@id\":\"https:\\\/\\\/www.eldiario.net\\\/portal\\\/2023\\\/05\\\/02\\\/monedas-de-america-latina-operan-con-perdidas-en-medio-de-avance-del-dolar\\\/#article\",\"isPartOf\":{\"@id\":\"https:\\\/\\\/www.eldiario.net\\\/portal\\\/2023\\\/05\\\/02\\\/monedas-de-america-latina-operan-con-perdidas-en-medio-de-avance-del-dolar\\\/\"},\"author\":{\"name\":\"Jeanette\",\"@id\":\"https:\\\/\\\/www.eldiario.net\\\/portal\\\/#\\\/schema\\\/person\\\/f46445640444750d7d753ccd04ae01b7\"},\"headline\":\"Monedas de Am\u00e9rica Latina operan con p\u00e9rdidas en medio de avance del d\u00f3lar\",\"datePublished\":\"2023-05-02T12:31:45+00:00\",\"mainEntityOfPage\":{\"@id\":\"https:\\\/\\\/www.eldiario.net\\\/portal\\\/2023\\\/05\\\/02\\\/monedas-de-america-latina-operan-con-perdidas-en-medio-de-avance-del-dolar\\\/\"},\"wordCount\":659,\"publisher\":{\"@id\":\"https:\\\/\\\/www.eldiario.net\\\/portal\\\/#organization\"},\"articleSection\":[\"Econom\u00eda\"],\"inLanguage\":\"es\"},{\"@type\":\"WebPage\",\"@id\":\"https:\\\/\\\/www.eldiario.net\\\/portal\\\/2023\\\/05\\\/02\\\/monedas-de-america-latina-operan-con-perdidas-en-medio-de-avance-del-dolar\\\/\",\"url\":\"https:\\\/\\\/www.eldiario.net\\\/portal\\\/2023\\\/05\\\/02\\\/monedas-de-america-latina-operan-con-perdidas-en-medio-de-avance-del-dolar\\\/\",\"name\":\"Monedas de Am\u00e9rica Latina operan con p\u00e9rdidas en medio de avance del d\u00f3lar - El Diario - Bolivia\",\"isPartOf\":{\"@id\":\"https:\\\/\\\/www.eldiario.net\\\/portal\\\/#website\"},\"datePublished\":\"2023-05-02T12:31:45+00:00\",\"breadcrumb\":{\"@id\":\"https:\\\/\\\/www.eldiario.net\\\/portal\\\/2023\\\/05\\\/02\\\/monedas-de-america-latina-operan-con-perdidas-en-medio-de-avance-del-dolar\\\/#breadcrumb\"},\"inLanguage\":\"es\",\"potentialAction\":[{\"@type\":\"ReadAction\",\"target\":[\"https:\\\/\\\/www.eldiario.net\\\/portal\\\/2023\\\/05\\\/02\\\/monedas-de-america-latina-operan-con-perdidas-en-medio-de-avance-del-dolar\\\/\"]}]},{\"@type\":\"BreadcrumbList\",\"@id\":\"https:\\\/\\\/www.eldiario.net\\\/portal\\\/2023\\\/05\\\/02\\\/monedas-de-america-latina-operan-con-perdidas-en-medio-de-avance-del-dolar\\\/#breadcrumb\",\"itemListElement\":[{\"@type\":\"ListItem\",\"position\":1,\"name\":\"Portada\",\"item\":\"https:\\\/\\\/www.eldiario.net\\\/portal\\\/\"},{\"@type\":\"ListItem\",\"position\":2,\"name\":\"Monedas de Am\u00e9rica Latina operan con p\u00e9rdidas en medio de avance del d\u00f3lar\"}]},{\"@type\":\"WebSite\",\"@id\":\"https:\\\/\\\/www.eldiario.net\\\/portal\\\/#website\",\"url\":\"https:\\\/\\\/www.eldiario.net\\\/portal\\\/\",\"name\":\"El Diario - Decano de la prensa nacional\",\"description\":\"El Diario - Decano de la prensa nacional\",\"publisher\":{\"@id\":\"https:\\\/\\\/www.eldiario.net\\\/portal\\\/#organization\"},\"potentialAction\":[{\"@type\":\"SearchAction\",\"target\":{\"@type\":\"EntryPoint\",\"urlTemplate\":\"https:\\\/\\\/www.eldiario.net\\\/portal\\\/?s={search_term_string}\"},\"query-input\":{\"@type\":\"PropertyValueSpecification\",\"valueRequired\":true,\"valueName\":\"search_term_string\"}}],\"inLanguage\":\"es\"},{\"@type\":\"Organization\",\"@id\":\"https:\\\/\\\/www.eldiario.net\\\/portal\\\/#organization\",\"name\":\"El Diario - Decano de la prensa nacional\",\"url\":\"https:\\\/\\\/www.eldiario.net\\\/portal\\\/\",\"logo\":{\"@type\":\"ImageObject\",\"inLanguage\":\"es\",\"@id\":\"https:\\\/\\\/www.eldiario.net\\\/portal\\\/#\\\/schema\\\/logo\\\/image\\\/\",\"url\":\"https:\\\/\\\/www.eldiario.net\\\/portal\\\/wp-content\\\/uploads\\\/2023\\\/07\\\/logo_ED.jpg\",\"contentUrl\":\"https:\\\/\\\/www.eldiario.net\\\/portal\\\/wp-content\\\/uploads\\\/2023\\\/07\\\/logo_ED.jpg\",\"width\":272,\"height\":52,\"caption\":\"El Diario - Decano de la prensa nacional\"},\"image\":{\"@id\":\"https:\\\/\\\/www.eldiario.net\\\/portal\\\/#\\\/schema\\\/logo\\\/image\\\/\"},\"sameAs\":[\"https:\\\/\\\/www.facebook.com\\\/eldiario.bolivia\\\/\",\"https:\\\/\\\/x.com\\\/eldiario_net\"]},{\"@type\":\"Person\",\"@id\":\"https:\\\/\\\/www.eldiario.net\\\/portal\\\/#\\\/schema\\\/person\\\/f46445640444750d7d753ccd04ae01b7\",\"name\":\"Jeanette\",\"image\":{\"@type\":\"ImageObject\",\"inLanguage\":\"es\",\"@id\":\"https:\\\/\\\/secure.gravatar.com\\\/avatar\\\/3ea2118a5f7dad2b7138b1187a6b7ee55f160b9968b66013c3a3ef39dd7e5798?s=96&d=mm&r=g\",\"url\":\"https:\\\/\\\/secure.gravatar.com\\\/avatar\\\/3ea2118a5f7dad2b7138b1187a6b7ee55f160b9968b66013c3a3ef39dd7e5798?s=96&d=mm&r=g\",\"contentUrl\":\"https:\\\/\\\/secure.gravatar.com\\\/avatar\\\/3ea2118a5f7dad2b7138b1187a6b7ee55f160b9968b66013c3a3ef39dd7e5798?s=96&d=mm&r=g\",\"caption\":\"Jeanette\"},\"sameAs\":[\"https:\\\/\\\/www.eldiario.net\\\/portal\"],\"url\":\"https:\\\/\\\/www.eldiario.net\\\/portal\\\/author\\\/jeanette\\\/\"}]}<\/script>\n<!-- \/ Yoast SEO plugin. -->","yoast_head_json":{"title":"Monedas de Am\u00e9rica Latina operan con p\u00e9rdidas en medio de avance del d\u00f3lar - El Diario - Bolivia","robots":{"index":"index","follow":"follow","max-snippet":"max-snippet:-1","max-image-preview":"max-image-preview:large","max-video-preview":"max-video-preview:-1"},"canonical":"https:\/\/www.eldiario.net\/portal\/2023\/05\/02\/monedas-de-america-latina-operan-con-perdidas-en-medio-de-avance-del-dolar\/","og_locale":"es_ES","og_type":"article","og_title":"Monedas de Am\u00e9rica Latina operan con p\u00e9rdidas en medio de avance del d\u00f3lar - El Diario - Bolivia","og_description":"La mayor\u00eda de las monedas de Am\u00e9rica Latina ca\u00edan el pasado viernes, en medio de un avance global del d\u00f3lar y expectativas de un aumento en las tasas de inter\u00e9s de Estados Unidos en la reuni\u00f3n de pol\u00edtica monetaria de la Reserva Federal la semana pr\u00f3xima, a la luz de los \u00faltimos datos de la [&hellip;]","og_url":"https:\/\/www.eldiario.net\/portal\/2023\/05\/02\/monedas-de-america-latina-operan-con-perdidas-en-medio-de-avance-del-dolar\/","og_site_name":"El Diario - Bolivia","article_publisher":"https:\/\/www.facebook.com\/eldiario.bolivia\/","article_published_time":"2023-05-02T12:31:45+00:00","author":"Jeanette","twitter_card":"summary_large_image","twitter_creator":"@eldiario_net","twitter_site":"@eldiario_net","twitter_misc":{"Escrito por":"Jeanette","Tiempo de lectura":"3 minutos"},"schema":{"@context":"https:\/\/schema.org","@graph":[{"@type":"Article","@id":"https:\/\/www.eldiario.net\/portal\/2023\/05\/02\/monedas-de-america-latina-operan-con-perdidas-en-medio-de-avance-del-dolar\/#article","isPartOf":{"@id":"https:\/\/www.eldiario.net\/portal\/2023\/05\/02\/monedas-de-america-latina-operan-con-perdidas-en-medio-de-avance-del-dolar\/"},"author":{"name":"Jeanette","@id":"https:\/\/www.eldiario.net\/portal\/#\/schema\/person\/f46445640444750d7d753ccd04ae01b7"},"headline":"Monedas de Am\u00e9rica Latina operan con p\u00e9rdidas en medio de avance del d\u00f3lar","datePublished":"2023-05-02T12:31:45+00:00","mainEntityOfPage":{"@id":"https:\/\/www.eldiario.net\/portal\/2023\/05\/02\/monedas-de-america-latina-operan-con-perdidas-en-medio-de-avance-del-dolar\/"},"wordCount":659,"publisher":{"@id":"https:\/\/www.eldiario.net\/portal\/#organization"},"articleSection":["Econom\u00eda"],"inLanguage":"es"},{"@type":"WebPage","@id":"https:\/\/www.eldiario.net\/portal\/2023\/05\/02\/monedas-de-america-latina-operan-con-perdidas-en-medio-de-avance-del-dolar\/","url":"https:\/\/www.eldiario.net\/portal\/2023\/05\/02\/monedas-de-america-latina-operan-con-perdidas-en-medio-de-avance-del-dolar\/","name":"Monedas de Am\u00e9rica Latina operan con p\u00e9rdidas en medio de avance del d\u00f3lar - El Diario - Bolivia","isPartOf":{"@id":"https:\/\/www.eldiario.net\/portal\/#website"},"datePublished":"2023-05-02T12:31:45+00:00","breadcrumb":{"@id":"https:\/\/www.eldiario.net\/portal\/2023\/05\/02\/monedas-de-america-latina-operan-con-perdidas-en-medio-de-avance-del-dolar\/#breadcrumb"},"inLanguage":"es","potentialAction":[{"@type":"ReadAction","target":["https:\/\/www.eldiario.net\/portal\/2023\/05\/02\/monedas-de-america-latina-operan-con-perdidas-en-medio-de-avance-del-dolar\/"]}]},{"@type":"BreadcrumbList","@id":"https:\/\/www.eldiario.net\/portal\/2023\/05\/02\/monedas-de-america-latina-operan-con-perdidas-en-medio-de-avance-del-dolar\/#breadcrumb","itemListElement":[{"@type":"ListItem","position":1,"name":"Portada","item":"https:\/\/www.eldiario.net\/portal\/"},{"@type":"ListItem","position":2,"name":"Monedas de Am\u00e9rica Latina operan con p\u00e9rdidas en medio de avance del d\u00f3lar"}]},{"@type":"WebSite","@id":"https:\/\/www.eldiario.net\/portal\/#website","url":"https:\/\/www.eldiario.net\/portal\/","name":"El Diario - Decano de la prensa nacional","description":"El Diario - Decano de la prensa nacional","publisher":{"@id":"https:\/\/www.eldiario.net\/portal\/#organization"},"potentialAction":[{"@type":"SearchAction","target":{"@type":"EntryPoint","urlTemplate":"https:\/\/www.eldiario.net\/portal\/?s={search_term_string}"},"query-input":{"@type":"PropertyValueSpecification","valueRequired":true,"valueName":"search_term_string"}}],"inLanguage":"es"},{"@type":"Organization","@id":"https:\/\/www.eldiario.net\/portal\/#organization","name":"El Diario - Decano de la prensa nacional","url":"https:\/\/www.eldiario.net\/portal\/","logo":{"@type":"ImageObject","inLanguage":"es","@id":"https:\/\/www.eldiario.net\/portal\/#\/schema\/logo\/image\/","url":"https:\/\/www.eldiario.net\/portal\/wp-content\/uploads\/2023\/07\/logo_ED.jpg","contentUrl":"https:\/\/www.eldiario.net\/portal\/wp-content\/uploads\/2023\/07\/logo_ED.jpg","width":272,"height":52,"caption":"El Diario - Decano de la prensa nacional"},"image":{"@id":"https:\/\/www.eldiario.net\/portal\/#\/schema\/logo\/image\/"},"sameAs":["https:\/\/www.facebook.com\/eldiario.bolivia\/","https:\/\/x.com\/eldiario_net"]},{"@type":"Person","@id":"https:\/\/www.eldiario.net\/portal\/#\/schema\/person\/f46445640444750d7d753ccd04ae01b7","name":"Jeanette","image":{"@type":"ImageObject","inLanguage":"es","@id":"https:\/\/secure.gravatar.com\/avatar\/3ea2118a5f7dad2b7138b1187a6b7ee55f160b9968b66013c3a3ef39dd7e5798?s=96&d=mm&r=g","url":"https:\/\/secure.gravatar.com\/avatar\/3ea2118a5f7dad2b7138b1187a6b7ee55f160b9968b66013c3a3ef39dd7e5798?s=96&d=mm&r=g","contentUrl":"https:\/\/secure.gravatar.com\/avatar\/3ea2118a5f7dad2b7138b1187a6b7ee55f160b9968b66013c3a3ef39dd7e5798?s=96&d=mm&r=g","caption":"Jeanette"},"sameAs":["https:\/\/www.eldiario.net\/portal"],"url":"https:\/\/www.eldiario.net\/portal\/author\/jeanette\/"}]}},"_links":{"self":[{"href":"https:\/\/www.eldiario.net\/portal\/wp-json\/wp\/v2\/posts\/152070","targetHints":{"allow":["GET"]}}],"collection":[{"href":"https:\/\/www.eldiario.net\/portal\/wp-json\/wp\/v2\/posts"}],"about":[{"href":"https:\/\/www.eldiario.net\/portal\/wp-json\/wp\/v2\/types\/post"}],"author":[{"embeddable":true,"href":"https:\/\/www.eldiario.net\/portal\/wp-json\/wp\/v2\/users\/1"}],"replies":[{"embeddable":true,"href":"https:\/\/www.eldiario.net\/portal\/wp-json\/wp\/v2\/comments?post=152070"}],"version-history":[{"count":0,"href":"https:\/\/www.eldiario.net\/portal\/wp-json\/wp\/v2\/posts\/152070\/revisions"}],"wp:attachment":[{"href":"https:\/\/www.eldiario.net\/portal\/wp-json\/wp\/v2\/media?parent=152070"}],"wp:term":[{"taxonomy":"category","embeddable":true,"href":"https:\/\/www.eldiario.net\/portal\/wp-json\/wp\/v2\/categories?post=152070"},{"taxonomy":"post_tag","embeddable":true,"href":"https:\/\/www.eldiario.net\/portal\/wp-json\/wp\/v2\/tags?post=152070"}],"curies":[{"name":"wp","href":"https:\/\/api.w.org\/{rel}","templated":true}]}}