{"id":152061,"date":"2023-05-02T08:29:09","date_gmt":"2023-05-02T12:29:09","guid":{"rendered":"https:\/\/www.eldiario.net\/portal\/?p=152061"},"modified":"2023-05-02T08:29:09","modified_gmt":"2023-05-02T12:29:09","slug":"aramayo-se-convierte-en-el-primer-boliviano-en-ganar-la-clasica-1-de-mayo","status":"publish","type":"post","link":"https:\/\/www.eldiario.net\/portal\/2023\/05\/02\/aramayo-se-convierte-en-el-primer-boliviano-en-ganar-la-clasica-1-de-mayo\/","title":{"rendered":"Aramayo se convierte en el primer boliviano en ganar La Cl\u00e1sica 1\u00b0 de Mayo"},"content":{"rendered":"<div dir=\"auto\">Con tan solo 20 a\u00f1os el ciclista tarije\u00f1o Jos\u00e9 Manuel Aramayo (del P\u00edo Rico Cycling Team) se convirti\u00f3 en el primer boliviano en ganar La Cl\u00e1sica 1\u00b0 de Mayo, en Salta, Argentina, al ser el mejor de entre los m\u00e1s de 200 pedalistas que fueron parte de la tradicional prueba que se realiz\u00f3 este lunes.<\/div>\n<div dir=\"auto\">No es una carrera cualquiera en la que estuvo el boliviano, pues cumpli\u00f3 con su 91\u00b0 edici\u00f3n desde su inicio en 1931 en homenaje al D\u00eda del Trabajador.<\/div>\n<div dir=\"auto\">Es una de las m\u00e1s importantes del norte argentino y la m\u00e1s antigua del vecino pa\u00eds.<\/div>\n<div dir=\"auto\">Aramayo acudi\u00f3 a la carrera con otros cuatro ciclistas de P\u00edo Rico: Freddy Gonz\u00e1lez, Marco Flores, Juan Pablo Castro y el colombiano Juan Felipe Rodr\u00edguez.<\/div>\n<div dir=\"auto\">La prueba<\/div>\n<div dir=\"auto\">Solo fue un d\u00eda de competencia, pero bastante exigente con 100 kil\u00f3metros de distancia en un circuito de 25 km, es decir, los participantes de \u00c9lite y Sub-23 dieron cuatro giros, mientras que los de Junior y Damas cumplieron con dos.<\/div>\n<div dir=\"auto\">El apoyo del equipo fue fundamental, seg\u00fan explic\u00f3 Marco Antonio Torrico, m\u00e1nager del \u00fanico team nacional con el grado Continental y avalado por la Uni\u00f3n Ciclista Internacional (UCI) desde 2021.<\/div>\n<div dir=\"auto\">\u00abPara que gane Aramayo se tuvo la ayuda de todo el equipo, pues Gonz\u00e1lez hizo una gran carrera, se escap\u00f3 una vuelta entera y eso oblig\u00f3 a los otros equipos a trabajar y Aramayo siempre estuvo resguard\u00e1ndose. Hicieron un trabajo excelente, fue un esfuerzo de equipo el que se hizo en las fugas, han controlado la carrera, hicieron escapadas y al final Aramayo dio la estocada final\u00bb, apunt\u00f3 Torrico.<\/div>\n<div dir=\"auto\">En los \u00faltimos metros tres pedalistas luchaban por cruzar la meta en primer lugar y fue Aramayo el que se impuso en el sprint final para convertirse en el primer boliviano en ganar esta carrera, en la que el a\u00f1o pasado gan\u00f3 en Sub-23.<\/div>\n<div dir=\"auto\">Acab\u00f3 con un tiempo de 2 horas, 24 minutos, 1 segundo y 5 d\u00e9cimas. Lo escoltaron en el podio los locales Daniel Ju\u00e1rez (02h24&#8217;02&#8243;1) y Enrique Est\u00e9vez (02h24&#8217;02&#8243;8).<\/div>\n<div dir=\"auto\">Los dem\u00e1s miembros del P\u00edo Rico se situaron de la siguiente manera: Flores fue 14\u00b0 (02h24&#8217;28&#8243;9); Gonz\u00e1lez, 33\u00b0 (02h27&#8217;40&#8243;6); y Rodr\u00edguez, 34\u00b0 (02h29&#8217;26&#8243;9). Castro no acab\u00f3 la prueba.<\/div>\n<div dir=\"auto\">&#8216;Me siento muy afortunado&#8217;<\/div>\n<div dir=\"auto\">Tras la competencia el joven boliviano se mostr\u00f3 muy contento por lo conseguido.<\/div>\n<div dir=\"auto\">\u00abMe siento muy afortunado por todo esto. Gan\u00e9 el a\u00f1o pasado en Sub-23 y ahora en \u00c9lite y vengo aqu\u00ed por el p\u00fablico; muy agradecido con la gente de Salta, me hacen sentir como en casa\u00bb, dijo acompa\u00f1ado de sus padres.<\/div>\n<div dir=\"auto\">\u00abMe vengo preparando desde hace a\u00f1os. Los \u00faltimos meses estuve viviendo en otra ciudad y todo el sacrificio vali\u00f3 la pena, me vengo preparando desde hace un a\u00f1o para esta carrera. Mi sue\u00f1o es llegar al ciclismo europeo, lucho por eso, estar en un grande de Europa, ser\u00eda lo m\u00e1s grande para m\u00ed\u00bb, agreg\u00f3.<\/div>\n<div dir=\"auto\">No es la primera vez que Aramayo destaca a nivel internacional, pues hace unos d\u00edas obtuvo el sexto lugar en Sub-23 del Panamericano de ruta en Panam\u00e1.<\/div>\n<div dir=\"auto\">Mientras que a mediados de marzo sali\u00f3 subcampe\u00f3n en Sub-23 de la Vuelta Cicl\u00edstica de Goi\u00e1s que se corri\u00f3 en Brasil.<\/div>\n<div dir=\"auto\"><\/div>\n","protected":false},"excerpt":{"rendered":"<p>Con tan solo 20 a\u00f1os el ciclista tarije\u00f1o Jos\u00e9 Manuel Aramayo (del P\u00edo Rico Cycling Team) se convirti\u00f3 en el primer boliviano en ganar La Cl\u00e1sica 1\u00b0 de Mayo, en Salta, Argentina, al ser el mejor de entre los m\u00e1s de 200 pedalistas que fueron parte de la tradicional prueba que se realiz\u00f3 este lunes. [&hellip;]<\/p>\n","protected":false},"author":1,"featured_media":152062,"comment_status":"closed","ping_status":"closed","sticky":false,"template":"","format":"standard","meta":{"_acf_changed":false,"footnotes":""},"categories":[6],"tags":[],"class_list":["post-152061","post","type-post","status-publish","format-standard","has-post-thumbnail","category-deportes"],"acf":{"antetitulo":""},"yoast_head":"<!-- This site is optimized with the Yoast SEO plugin v28.4 - https:\/\/yoast.com\/product\/yoast-seo-wordpress\/ -->\n<title>Aramayo se convierte en el primer boliviano en ganar La Cl\u00e1sica 1\u00b0 de Mayo - El Diario - Bolivia<\/title>\n<meta name=\"robots\" content=\"index, follow, max-snippet:-1, max-image-preview:large, max-video-preview:-1\" \/>\n<link rel=\"canonical\" href=\"https:\/\/www.eldiario.net\/portal\/2023\/05\/02\/aramayo-se-convierte-en-el-primer-boliviano-en-ganar-la-clasica-1-de-mayo\/\" \/>\n<meta property=\"og:locale\" content=\"es_ES\" \/>\n<meta property=\"og:type\" content=\"article\" \/>\n<meta property=\"og:title\" content=\"Aramayo se convierte en el primer boliviano en ganar La Cl\u00e1sica 1\u00b0 de Mayo - El Diario - Bolivia\" \/>\n<meta property=\"og:description\" content=\"Con tan solo 20 a\u00f1os el ciclista tarije\u00f1o Jos\u00e9 Manuel Aramayo (del P\u00edo Rico Cycling Team) se convirti\u00f3 en el primer boliviano en ganar La Cl\u00e1sica 1\u00b0 de Mayo, en Salta, Argentina, al ser el mejor de entre los m\u00e1s de 200 pedalistas que fueron parte de la tradicional prueba que se realiz\u00f3 este lunes. [&hellip;]\" \/>\n<meta property=\"og:url\" content=\"https:\/\/www.eldiario.net\/portal\/2023\/05\/02\/aramayo-se-convierte-en-el-primer-boliviano-en-ganar-la-clasica-1-de-mayo\/\" \/>\n<meta property=\"og:site_name\" content=\"El Diario - Bolivia\" \/>\n<meta property=\"article:publisher\" content=\"https:\/\/www.facebook.com\/eldiario.bolivia\/\" \/>\n<meta property=\"article:published_time\" content=\"2023-05-02T12:29:09+00:00\" \/>\n<meta name=\"author\" content=\"Jeanette\" \/>\n<meta name=\"twitter:card\" content=\"summary_large_image\" \/>\n<meta name=\"twitter:creator\" content=\"@eldiario_net\" \/>\n<meta name=\"twitter:site\" content=\"@eldiario_net\" \/>\n<meta name=\"twitter:label1\" content=\"Escrito por\" \/>\n\t<meta name=\"twitter:data1\" content=\"Jeanette\" \/>\n\t<meta name=\"twitter:label2\" content=\"Tiempo de lectura\" \/>\n\t<meta name=\"twitter:data2\" content=\"3 minutos\" \/>\n<script type=\"application\/ld+json\" class=\"yoast-schema-graph\">{\"@context\":\"https:\\\/\\\/schema.org\",\"@graph\":[{\"@type\":\"Article\",\"@id\":\"https:\\\/\\\/www.eldiario.net\\\/portal\\\/2023\\\/05\\\/02\\\/aramayo-se-convierte-en-el-primer-boliviano-en-ganar-la-clasica-1-de-mayo\\\/#article\",\"isPartOf\":{\"@id\":\"https:\\\/\\\/www.eldiario.net\\\/portal\\\/2023\\\/05\\\/02\\\/aramayo-se-convierte-en-el-primer-boliviano-en-ganar-la-clasica-1-de-mayo\\\/\"},\"author\":{\"name\":\"Jeanette\",\"@id\":\"https:\\\/\\\/www.eldiario.net\\\/portal\\\/#\\\/schema\\\/person\\\/f46445640444750d7d753ccd04ae01b7\"},\"headline\":\"Aramayo se convierte en el primer boliviano en ganar La Cl\u00e1sica 1\u00b0 de Mayo\",\"datePublished\":\"2023-05-02T12:29:09+00:00\",\"mainEntityOfPage\":{\"@id\":\"https:\\\/\\\/www.eldiario.net\\\/portal\\\/2023\\\/05\\\/02\\\/aramayo-se-convierte-en-el-primer-boliviano-en-ganar-la-clasica-1-de-mayo\\\/\"},\"wordCount\":565,\"publisher\":{\"@id\":\"https:\\\/\\\/www.eldiario.net\\\/portal\\\/#organization\"},\"image\":{\"@id\":\"https:\\\/\\\/www.eldiario.net\\\/portal\\\/2023\\\/05\\\/02\\\/aramayo-se-convierte-en-el-primer-boliviano-en-ganar-la-clasica-1-de-mayo\\\/#primaryimage\"},\"thumbnailUrl\":\"\",\"articleSection\":[\"Deportes\"],\"inLanguage\":\"es\"},{\"@type\":\"WebPage\",\"@id\":\"https:\\\/\\\/www.eldiario.net\\\/portal\\\/2023\\\/05\\\/02\\\/aramayo-se-convierte-en-el-primer-boliviano-en-ganar-la-clasica-1-de-mayo\\\/\",\"url\":\"https:\\\/\\\/www.eldiario.net\\\/portal\\\/2023\\\/05\\\/02\\\/aramayo-se-convierte-en-el-primer-boliviano-en-ganar-la-clasica-1-de-mayo\\\/\",\"name\":\"Aramayo se convierte en el primer boliviano en ganar La Cl\u00e1sica 1\u00b0 de Mayo - El Diario - Bolivia\",\"isPartOf\":{\"@id\":\"https:\\\/\\\/www.eldiario.net\\\/portal\\\/#website\"},\"primaryImageOfPage\":{\"@id\":\"https:\\\/\\\/www.eldiario.net\\\/portal\\\/2023\\\/05\\\/02\\\/aramayo-se-convierte-en-el-primer-boliviano-en-ganar-la-clasica-1-de-mayo\\\/#primaryimage\"},\"image\":{\"@id\":\"https:\\\/\\\/www.eldiario.net\\\/portal\\\/2023\\\/05\\\/02\\\/aramayo-se-convierte-en-el-primer-boliviano-en-ganar-la-clasica-1-de-mayo\\\/#primaryimage\"},\"thumbnailUrl\":\"\",\"datePublished\":\"2023-05-02T12:29:09+00:00\",\"breadcrumb\":{\"@id\":\"https:\\\/\\\/www.eldiario.net\\\/portal\\\/2023\\\/05\\\/02\\\/aramayo-se-convierte-en-el-primer-boliviano-en-ganar-la-clasica-1-de-mayo\\\/#breadcrumb\"},\"inLanguage\":\"es\",\"potentialAction\":[{\"@type\":\"ReadAction\",\"target\":[\"https:\\\/\\\/www.eldiario.net\\\/portal\\\/2023\\\/05\\\/02\\\/aramayo-se-convierte-en-el-primer-boliviano-en-ganar-la-clasica-1-de-mayo\\\/\"]}]},{\"@type\":\"ImageObject\",\"inLanguage\":\"es\",\"@id\":\"https:\\\/\\\/www.eldiario.net\\\/portal\\\/2023\\\/05\\\/02\\\/aramayo-se-convierte-en-el-primer-boliviano-en-ganar-la-clasica-1-de-mayo\\\/#primaryimage\",\"url\":\"\",\"contentUrl\":\"\"},{\"@type\":\"BreadcrumbList\",\"@id\":\"https:\\\/\\\/www.eldiario.net\\\/portal\\\/2023\\\/05\\\/02\\\/aramayo-se-convierte-en-el-primer-boliviano-en-ganar-la-clasica-1-de-mayo\\\/#breadcrumb\",\"itemListElement\":[{\"@type\":\"ListItem\",\"position\":1,\"name\":\"Portada\",\"item\":\"https:\\\/\\\/www.eldiario.net\\\/portal\\\/\"},{\"@type\":\"ListItem\",\"position\":2,\"name\":\"Aramayo se convierte en el primer boliviano en ganar La Cl\u00e1sica 1\u00b0 de Mayo\"}]},{\"@type\":\"WebSite\",\"@id\":\"https:\\\/\\\/www.eldiario.net\\\/portal\\\/#website\",\"url\":\"https:\\\/\\\/www.eldiario.net\\\/portal\\\/\",\"name\":\"El Diario - Decano de la prensa nacional\",\"description\":\"El Diario - Decano de la prensa nacional\",\"publisher\":{\"@id\":\"https:\\\/\\\/www.eldiario.net\\\/portal\\\/#organization\"},\"potentialAction\":[{\"@type\":\"SearchAction\",\"target\":{\"@type\":\"EntryPoint\",\"urlTemplate\":\"https:\\\/\\\/www.eldiario.net\\\/portal\\\/?s={search_term_string}\"},\"query-input\":{\"@type\":\"PropertyValueSpecification\",\"valueRequired\":true,\"valueName\":\"search_term_string\"}}],\"inLanguage\":\"es\"},{\"@type\":\"Organization\",\"@id\":\"https:\\\/\\\/www.eldiario.net\\\/portal\\\/#organization\",\"name\":\"El Diario - Decano de la prensa nacional\",\"url\":\"https:\\\/\\\/www.eldiario.net\\\/portal\\\/\",\"logo\":{\"@type\":\"ImageObject\",\"inLanguage\":\"es\",\"@id\":\"https:\\\/\\\/www.eldiario.net\\\/portal\\\/#\\\/schema\\\/logo\\\/image\\\/\",\"url\":\"https:\\\/\\\/www.eldiario.net\\\/portal\\\/wp-content\\\/uploads\\\/2023\\\/07\\\/logo_ED.jpg\",\"contentUrl\":\"https:\\\/\\\/www.eldiario.net\\\/portal\\\/wp-content\\\/uploads\\\/2023\\\/07\\\/logo_ED.jpg\",\"width\":272,\"height\":52,\"caption\":\"El Diario - Decano de la prensa nacional\"},\"image\":{\"@id\":\"https:\\\/\\\/www.eldiario.net\\\/portal\\\/#\\\/schema\\\/logo\\\/image\\\/\"},\"sameAs\":[\"https:\\\/\\\/www.facebook.com\\\/eldiario.bolivia\\\/\",\"https:\\\/\\\/x.com\\\/eldiario_net\"]},{\"@type\":\"Person\",\"@id\":\"https:\\\/\\\/www.eldiario.net\\\/portal\\\/#\\\/schema\\\/person\\\/f46445640444750d7d753ccd04ae01b7\",\"name\":\"Jeanette\",\"image\":{\"@type\":\"ImageObject\",\"inLanguage\":\"es\",\"@id\":\"https:\\\/\\\/secure.gravatar.com\\\/avatar\\\/3ea2118a5f7dad2b7138b1187a6b7ee55f160b9968b66013c3a3ef39dd7e5798?s=96&d=mm&r=g\",\"url\":\"https:\\\/\\\/secure.gravatar.com\\\/avatar\\\/3ea2118a5f7dad2b7138b1187a6b7ee55f160b9968b66013c3a3ef39dd7e5798?s=96&d=mm&r=g\",\"contentUrl\":\"https:\\\/\\\/secure.gravatar.com\\\/avatar\\\/3ea2118a5f7dad2b7138b1187a6b7ee55f160b9968b66013c3a3ef39dd7e5798?s=96&d=mm&r=g\",\"caption\":\"Jeanette\"},\"sameAs\":[\"https:\\\/\\\/www.eldiario.net\\\/portal\"],\"url\":\"https:\\\/\\\/www.eldiario.net\\\/portal\\\/author\\\/jeanette\\\/\"}]}<\/script>\n<!-- \/ Yoast SEO plugin. -->","yoast_head_json":{"title":"Aramayo se convierte en el primer boliviano en ganar La Cl\u00e1sica 1\u00b0 de Mayo - El Diario - Bolivia","robots":{"index":"index","follow":"follow","max-snippet":"max-snippet:-1","max-image-preview":"max-image-preview:large","max-video-preview":"max-video-preview:-1"},"canonical":"https:\/\/www.eldiario.net\/portal\/2023\/05\/02\/aramayo-se-convierte-en-el-primer-boliviano-en-ganar-la-clasica-1-de-mayo\/","og_locale":"es_ES","og_type":"article","og_title":"Aramayo se convierte en el primer boliviano en ganar La Cl\u00e1sica 1\u00b0 de Mayo - El Diario - Bolivia","og_description":"Con tan solo 20 a\u00f1os el ciclista tarije\u00f1o Jos\u00e9 Manuel Aramayo (del P\u00edo Rico Cycling Team) se convirti\u00f3 en el primer boliviano en ganar La Cl\u00e1sica 1\u00b0 de Mayo, en Salta, Argentina, al ser el mejor de entre los m\u00e1s de 200 pedalistas que fueron parte de la tradicional prueba que se realiz\u00f3 este lunes. [&hellip;]","og_url":"https:\/\/www.eldiario.net\/portal\/2023\/05\/02\/aramayo-se-convierte-en-el-primer-boliviano-en-ganar-la-clasica-1-de-mayo\/","og_site_name":"El Diario - Bolivia","article_publisher":"https:\/\/www.facebook.com\/eldiario.bolivia\/","article_published_time":"2023-05-02T12:29:09+00:00","author":"Jeanette","twitter_card":"summary_large_image","twitter_creator":"@eldiario_net","twitter_site":"@eldiario_net","twitter_misc":{"Escrito por":"Jeanette","Tiempo de lectura":"3 minutos"},"schema":{"@context":"https:\/\/schema.org","@graph":[{"@type":"Article","@id":"https:\/\/www.eldiario.net\/portal\/2023\/05\/02\/aramayo-se-convierte-en-el-primer-boliviano-en-ganar-la-clasica-1-de-mayo\/#article","isPartOf":{"@id":"https:\/\/www.eldiario.net\/portal\/2023\/05\/02\/aramayo-se-convierte-en-el-primer-boliviano-en-ganar-la-clasica-1-de-mayo\/"},"author":{"name":"Jeanette","@id":"https:\/\/www.eldiario.net\/portal\/#\/schema\/person\/f46445640444750d7d753ccd04ae01b7"},"headline":"Aramayo se convierte en el primer boliviano en ganar La Cl\u00e1sica 1\u00b0 de Mayo","datePublished":"2023-05-02T12:29:09+00:00","mainEntityOfPage":{"@id":"https:\/\/www.eldiario.net\/portal\/2023\/05\/02\/aramayo-se-convierte-en-el-primer-boliviano-en-ganar-la-clasica-1-de-mayo\/"},"wordCount":565,"publisher":{"@id":"https:\/\/www.eldiario.net\/portal\/#organization"},"image":{"@id":"https:\/\/www.eldiario.net\/portal\/2023\/05\/02\/aramayo-se-convierte-en-el-primer-boliviano-en-ganar-la-clasica-1-de-mayo\/#primaryimage"},"thumbnailUrl":"","articleSection":["Deportes"],"inLanguage":"es"},{"@type":"WebPage","@id":"https:\/\/www.eldiario.net\/portal\/2023\/05\/02\/aramayo-se-convierte-en-el-primer-boliviano-en-ganar-la-clasica-1-de-mayo\/","url":"https:\/\/www.eldiario.net\/portal\/2023\/05\/02\/aramayo-se-convierte-en-el-primer-boliviano-en-ganar-la-clasica-1-de-mayo\/","name":"Aramayo se convierte en el primer boliviano en ganar La Cl\u00e1sica 1\u00b0 de Mayo - El Diario - Bolivia","isPartOf":{"@id":"https:\/\/www.eldiario.net\/portal\/#website"},"primaryImageOfPage":{"@id":"https:\/\/www.eldiario.net\/portal\/2023\/05\/02\/aramayo-se-convierte-en-el-primer-boliviano-en-ganar-la-clasica-1-de-mayo\/#primaryimage"},"image":{"@id":"https:\/\/www.eldiario.net\/portal\/2023\/05\/02\/aramayo-se-convierte-en-el-primer-boliviano-en-ganar-la-clasica-1-de-mayo\/#primaryimage"},"thumbnailUrl":"","datePublished":"2023-05-02T12:29:09+00:00","breadcrumb":{"@id":"https:\/\/www.eldiario.net\/portal\/2023\/05\/02\/aramayo-se-convierte-en-el-primer-boliviano-en-ganar-la-clasica-1-de-mayo\/#breadcrumb"},"inLanguage":"es","potentialAction":[{"@type":"ReadAction","target":["https:\/\/www.eldiario.net\/portal\/2023\/05\/02\/aramayo-se-convierte-en-el-primer-boliviano-en-ganar-la-clasica-1-de-mayo\/"]}]},{"@type":"ImageObject","inLanguage":"es","@id":"https:\/\/www.eldiario.net\/portal\/2023\/05\/02\/aramayo-se-convierte-en-el-primer-boliviano-en-ganar-la-clasica-1-de-mayo\/#primaryimage","url":"","contentUrl":""},{"@type":"BreadcrumbList","@id":"https:\/\/www.eldiario.net\/portal\/2023\/05\/02\/aramayo-se-convierte-en-el-primer-boliviano-en-ganar-la-clasica-1-de-mayo\/#breadcrumb","itemListElement":[{"@type":"ListItem","position":1,"name":"Portada","item":"https:\/\/www.eldiario.net\/portal\/"},{"@type":"ListItem","position":2,"name":"Aramayo se convierte en el primer boliviano en ganar La Cl\u00e1sica 1\u00b0 de Mayo"}]},{"@type":"WebSite","@id":"https:\/\/www.eldiario.net\/portal\/#website","url":"https:\/\/www.eldiario.net\/portal\/","name":"El Diario - Decano de la prensa nacional","description":"El Diario - Decano de la prensa nacional","publisher":{"@id":"https:\/\/www.eldiario.net\/portal\/#organization"},"potentialAction":[{"@type":"SearchAction","target":{"@type":"EntryPoint","urlTemplate":"https:\/\/www.eldiario.net\/portal\/?s={search_term_string}"},"query-input":{"@type":"PropertyValueSpecification","valueRequired":true,"valueName":"search_term_string"}}],"inLanguage":"es"},{"@type":"Organization","@id":"https:\/\/www.eldiario.net\/portal\/#organization","name":"El Diario - Decano de la prensa nacional","url":"https:\/\/www.eldiario.net\/portal\/","logo":{"@type":"ImageObject","inLanguage":"es","@id":"https:\/\/www.eldiario.net\/portal\/#\/schema\/logo\/image\/","url":"https:\/\/www.eldiario.net\/portal\/wp-content\/uploads\/2023\/07\/logo_ED.jpg","contentUrl":"https:\/\/www.eldiario.net\/portal\/wp-content\/uploads\/2023\/07\/logo_ED.jpg","width":272,"height":52,"caption":"El Diario - Decano de la prensa nacional"},"image":{"@id":"https:\/\/www.eldiario.net\/portal\/#\/schema\/logo\/image\/"},"sameAs":["https:\/\/www.facebook.com\/eldiario.bolivia\/","https:\/\/x.com\/eldiario_net"]},{"@type":"Person","@id":"https:\/\/www.eldiario.net\/portal\/#\/schema\/person\/f46445640444750d7d753ccd04ae01b7","name":"Jeanette","image":{"@type":"ImageObject","inLanguage":"es","@id":"https:\/\/secure.gravatar.com\/avatar\/3ea2118a5f7dad2b7138b1187a6b7ee55f160b9968b66013c3a3ef39dd7e5798?s=96&d=mm&r=g","url":"https:\/\/secure.gravatar.com\/avatar\/3ea2118a5f7dad2b7138b1187a6b7ee55f160b9968b66013c3a3ef39dd7e5798?s=96&d=mm&r=g","contentUrl":"https:\/\/secure.gravatar.com\/avatar\/3ea2118a5f7dad2b7138b1187a6b7ee55f160b9968b66013c3a3ef39dd7e5798?s=96&d=mm&r=g","caption":"Jeanette"},"sameAs":["https:\/\/www.eldiario.net\/portal"],"url":"https:\/\/www.eldiario.net\/portal\/author\/jeanette\/"}]}},"_links":{"self":[{"href":"https:\/\/www.eldiario.net\/portal\/wp-json\/wp\/v2\/posts\/152061","targetHints":{"allow":["GET"]}}],"collection":[{"href":"https:\/\/www.eldiario.net\/portal\/wp-json\/wp\/v2\/posts"}],"about":[{"href":"https:\/\/www.eldiario.net\/portal\/wp-json\/wp\/v2\/types\/post"}],"author":[{"embeddable":true,"href":"https:\/\/www.eldiario.net\/portal\/wp-json\/wp\/v2\/users\/1"}],"replies":[{"embeddable":true,"href":"https:\/\/www.eldiario.net\/portal\/wp-json\/wp\/v2\/comments?post=152061"}],"version-history":[{"count":0,"href":"https:\/\/www.eldiario.net\/portal\/wp-json\/wp\/v2\/posts\/152061\/revisions"}],"wp:attachment":[{"href":"https:\/\/www.eldiario.net\/portal\/wp-json\/wp\/v2\/media?parent=152061"}],"wp:term":[{"taxonomy":"category","embeddable":true,"href":"https:\/\/www.eldiario.net\/portal\/wp-json\/wp\/v2\/categories?post=152061"},{"taxonomy":"post_tag","embeddable":true,"href":"https:\/\/www.eldiario.net\/portal\/wp-json\/wp\/v2\/tags?post=152061"}],"curies":[{"name":"wp","href":"https:\/\/api.w.org\/{rel}","templated":true}]}}