{"id":152058,"date":"2023-05-02T08:27:32","date_gmt":"2023-05-02T12:27:32","guid":{"rendered":"https:\/\/www.eldiario.net\/portal\/?p=152058"},"modified":"2023-05-02T08:27:32","modified_gmt":"2023-05-02T12:27:32","slug":"de-la-mano-cob-y-gobierno-pese-a-protestas-y-descontento","status":"publish","type":"post","link":"https:\/\/www.eldiario.net\/portal\/2023\/05\/02\/de-la-mano-cob-y-gobierno-pese-a-protestas-y-descontento\/","title":{"rendered":"De la \u00abmano\u00bb COB y Gobierno  pese a protestas y descontento"},"content":{"rendered":"<p>El ejecutivo de la Central Obrera Boliviana (COB), Juan Carlos Huarachi, anunci\u00f3 ayer su total respaldo al Gobierno\u00a0 e indic\u00f3 que est\u00e1n \u00abjuntos\u00bb de la \u201cmano\u201d. Situaci\u00f3n que sectores como el de los maestros criticaron, debido a que la poblaci\u00f3n siente el alza de precio en algunos productos y el insuficiente incremento salarial.<\/p>\n<p>\u201cSi garantizamos la estabilidad pol\u00edtica el Gobierno est\u00e1 en la obligaci\u00f3n de garantizar la estabilidad de la econom\u00eda para atender la demanda social. Por eso estamos aqu\u00ed juntos de la mano y esa es la diferencia hoy con el nuevo proceso de cambio\u201d, declar\u00f3 Huarachi durante el acto en conmemoraci\u00f3n por el D\u00eda del Trabajo realizado la pasada jornada en La Paz.<\/p>\n<p>Mientras maestros se movilizaban a pocos pasos del lugar en el que se encontraban las autoridades de Gobierno y de la COB, pidiendo atenci\u00f3n a sus demandas.<\/p>\n<p>\u201cHoy nos estamos movilizando, supuestamente deber\u00edamos de festejar, si vale el termino, el d\u00eda del trabajador, pero con total claridad decimos: los trabajadores en educaci\u00f3n no tenemos nada que festejar\u201d, asegur\u00f3 el dirigente de maestros urbanos de El Alto, Felipe Loza.<\/p>\n<p>Los maestros de Sucre, tampoco compart\u00edan la idea de celebrar nada, al contrario, realizaron una marcha de protesta en la que acusaron de traici\u00f3n a la COB y a Huarachi. En un acto simb\u00f3lico, quemaron un ata\u00fad que representaba la falta de consulta a las bases obreras sobre el acuerdo del incremento al salario nacional.<\/p>\n<p>Esta movilizaci\u00f3n estuvo a la cabeza de la Central Obrera Departamental de Chuquisaca (COD) y el Comit\u00e9 C\u00edvico, desde donde rechazaron la nivelaci\u00f3n salarial del 5% al salario m\u00ednimo y del 3% al salario b\u00e1sico.<\/p>\n<p>El gobernador de Santa Cruz, Luis Fernando Camacho, mediante una carta escrita desde su celda en el penal de Chonchocoro, a tiempo de saludar y felicitar a la tierra cruce\u00f1a por el D\u00eda del Trabajo, se expres\u00f3 contra el Gobierno actual al que calific\u00f3 de \u201cinsensible y antidemocr\u00e1tico\u201d.<\/p>\n<p>\u201cLos cruce\u00f1os hoy tenemos m\u00e1s de una raz\u00f3n para celebrar este 1 de mayo. Somos un pueblo trabajador y pujante, pero tambi\u00e9n somos un departamento que desde sus barrios, desde sus instituciones, desde sus provincias est\u00e1 resistiendo el abuso y la arbitrariedad de un gobierno insensible y antidemocr\u00e1tico\u201d, se lee en el escrito.<\/p>\n<p>Por su parte, el diputado por Comunidad Ciudadana (CC), Alejandro Reyes, sostuvo que \u201clos aumentos salariales propuestos por la COB y aceptados por el Gobierno son irresponsables, van a generar una mayor crisis e inflaci\u00f3n, por lo tanto est\u00e1 marchando al despe\u00f1adero la econom\u00eda\u201d, advirti\u00f3.<\/p>\n<p>Acot\u00f3 que debido al modelo econ\u00f3mico que tiene el pa\u00eds, est\u00e1 creciendo la inseguridad laboral, la informalidad, el desempleo y la falta de oportunidades.<\/p>\n<p>El dirigente del magisterio urbano de Guayaramer\u00edn, Mario Emar, tambi\u00e9n se\u00f1al\u00f3 que la lucha de su sector no solo es para ellos, sino va en beneficio de todos los bolivianos.<\/p>\n<p>\u201cLa lucha que tenemos no es una lucha sectorial es una lucha por el bien de nuestra sociedad (\u2026) este primero de mayo, nosotros los trabajadores qu\u00e9 vamos a festejar \u00bfun tres por ciento de aumento salarial?, \u00bfun cinco por ciento al haber m\u00ednimo nacional? es una preocupaci\u00f3n grande que tenemos\u201d, sostuvo.<\/p>\n<p>Apunt\u00f3 que ahora se debe hacer una lucha multisectorial, porque \u201chemos destapado lo que en realidad vive hoy el pa\u00eds a trav\u00e9s de este Gobierno de que nos ha venido mintiendo con una falsa nacionalizaci\u00f3n, con un falso programa comunitario socioproductivo que en realidad no existi\u00f3, hoy en d\u00eda cuando el pa\u00eds comienza a echar mano de sus reservas es como echar mano de tus ahorros quiere decir que pr\u00e1cticamente estas al borde, nosotros estamos preocupados queremos que nos hablen de una manera consiente, correcta y seria al pa\u00eds y le digan la realidad que estamos viviendo los bolivianos\u201d, manifest\u00f3.<\/p>\n<p>Durante el discurso del presidente del Estado, Luis Arce Catacora, por el Primero de Mayo, mencion\u00f3 el incremento salarial, tambi\u00e9n se entreg\u00f3 tres decretos a la COB y anunci\u00f3 el descubrimiento de un pozo hidrocarbur\u00edfero en Yapacan\u00ed.<\/p>\n","protected":false},"excerpt":{"rendered":"<p>El ejecutivo de la Central Obrera Boliviana (COB), Juan Carlos Huarachi, anunci\u00f3 ayer su total respaldo al Gobierno\u00a0 e indic\u00f3 que est\u00e1n \u00abjuntos\u00bb de la \u201cmano\u201d. Situaci\u00f3n que sectores como el de los maestros criticaron, debido a que la poblaci\u00f3n siente el alza de precio en algunos productos y el insuficiente incremento salarial. \u201cSi garantizamos [&hellip;]<\/p>\n","protected":false},"author":1,"featured_media":152059,"comment_status":"closed","ping_status":"closed","sticky":false,"template":"","format":"standard","meta":{"_acf_changed":false,"footnotes":""},"categories":[12],"tags":[],"class_list":["post-152058","post","type-post","status-publish","format-standard","has-post-thumbnail","category-nacional"],"acf":{"antetitulo":""},"yoast_head":"<!-- This site is optimized with the Yoast SEO plugin v28.4 - https:\/\/yoast.com\/product\/yoast-seo-wordpress\/ -->\n<title>De la &quot;mano&quot; COB y Gobierno pese a protestas y descontento - El Diario - Bolivia<\/title>\n<meta name=\"robots\" content=\"index, follow, max-snippet:-1, max-image-preview:large, max-video-preview:-1\" \/>\n<link rel=\"canonical\" href=\"https:\/\/www.eldiario.net\/portal\/2023\/05\/02\/de-la-mano-cob-y-gobierno-pese-a-protestas-y-descontento\/\" \/>\n<meta property=\"og:locale\" content=\"es_ES\" \/>\n<meta property=\"og:type\" content=\"article\" \/>\n<meta property=\"og:title\" content=\"De la &quot;mano&quot; COB y Gobierno pese a protestas y descontento - El Diario - Bolivia\" \/>\n<meta property=\"og:description\" content=\"El ejecutivo de la Central Obrera Boliviana (COB), Juan Carlos Huarachi, anunci\u00f3 ayer su total respaldo al Gobierno\u00a0 e indic\u00f3 que est\u00e1n \u00abjuntos\u00bb de la \u201cmano\u201d. Situaci\u00f3n que sectores como el de los maestros criticaron, debido a que la poblaci\u00f3n siente el alza de precio en algunos productos y el insuficiente incremento salarial. \u201cSi garantizamos [&hellip;]\" \/>\n<meta property=\"og:url\" content=\"https:\/\/www.eldiario.net\/portal\/2023\/05\/02\/de-la-mano-cob-y-gobierno-pese-a-protestas-y-descontento\/\" \/>\n<meta property=\"og:site_name\" content=\"El Diario - Bolivia\" \/>\n<meta property=\"article:publisher\" content=\"https:\/\/www.facebook.com\/eldiario.bolivia\/\" \/>\n<meta property=\"article:published_time\" content=\"2023-05-02T12:27:32+00:00\" \/>\n<meta name=\"author\" content=\"Jeanette\" \/>\n<meta name=\"twitter:card\" content=\"summary_large_image\" \/>\n<meta name=\"twitter:creator\" content=\"@eldiario_net\" \/>\n<meta name=\"twitter:site\" content=\"@eldiario_net\" \/>\n<meta name=\"twitter:label1\" content=\"Escrito por\" \/>\n\t<meta name=\"twitter:data1\" content=\"Jeanette\" \/>\n\t<meta name=\"twitter:label2\" content=\"Tiempo de lectura\" \/>\n\t<meta name=\"twitter:data2\" content=\"4 minutos\" \/>\n<script type=\"application\/ld+json\" class=\"yoast-schema-graph\">{\"@context\":\"https:\\\/\\\/schema.org\",\"@graph\":[{\"@type\":\"Article\",\"@id\":\"https:\\\/\\\/www.eldiario.net\\\/portal\\\/2023\\\/05\\\/02\\\/de-la-mano-cob-y-gobierno-pese-a-protestas-y-descontento\\\/#article\",\"isPartOf\":{\"@id\":\"https:\\\/\\\/www.eldiario.net\\\/portal\\\/2023\\\/05\\\/02\\\/de-la-mano-cob-y-gobierno-pese-a-protestas-y-descontento\\\/\"},\"author\":{\"name\":\"Jeanette\",\"@id\":\"https:\\\/\\\/www.eldiario.net\\\/portal\\\/#\\\/schema\\\/person\\\/f46445640444750d7d753ccd04ae01b7\"},\"headline\":\"De la \u00abmano\u00bb COB y Gobierno pese a protestas y descontento\",\"datePublished\":\"2023-05-02T12:27:32+00:00\",\"mainEntityOfPage\":{\"@id\":\"https:\\\/\\\/www.eldiario.net\\\/portal\\\/2023\\\/05\\\/02\\\/de-la-mano-cob-y-gobierno-pese-a-protestas-y-descontento\\\/\"},\"wordCount\":717,\"publisher\":{\"@id\":\"https:\\\/\\\/www.eldiario.net\\\/portal\\\/#organization\"},\"image\":{\"@id\":\"https:\\\/\\\/www.eldiario.net\\\/portal\\\/2023\\\/05\\\/02\\\/de-la-mano-cob-y-gobierno-pese-a-protestas-y-descontento\\\/#primaryimage\"},\"thumbnailUrl\":\"\",\"articleSection\":[\"Nacional\"],\"inLanguage\":\"es\"},{\"@type\":\"WebPage\",\"@id\":\"https:\\\/\\\/www.eldiario.net\\\/portal\\\/2023\\\/05\\\/02\\\/de-la-mano-cob-y-gobierno-pese-a-protestas-y-descontento\\\/\",\"url\":\"https:\\\/\\\/www.eldiario.net\\\/portal\\\/2023\\\/05\\\/02\\\/de-la-mano-cob-y-gobierno-pese-a-protestas-y-descontento\\\/\",\"name\":\"De la \\\"mano\\\" COB y Gobierno pese a protestas y descontento - El Diario - Bolivia\",\"isPartOf\":{\"@id\":\"https:\\\/\\\/www.eldiario.net\\\/portal\\\/#website\"},\"primaryImageOfPage\":{\"@id\":\"https:\\\/\\\/www.eldiario.net\\\/portal\\\/2023\\\/05\\\/02\\\/de-la-mano-cob-y-gobierno-pese-a-protestas-y-descontento\\\/#primaryimage\"},\"image\":{\"@id\":\"https:\\\/\\\/www.eldiario.net\\\/portal\\\/2023\\\/05\\\/02\\\/de-la-mano-cob-y-gobierno-pese-a-protestas-y-descontento\\\/#primaryimage\"},\"thumbnailUrl\":\"\",\"datePublished\":\"2023-05-02T12:27:32+00:00\",\"breadcrumb\":{\"@id\":\"https:\\\/\\\/www.eldiario.net\\\/portal\\\/2023\\\/05\\\/02\\\/de-la-mano-cob-y-gobierno-pese-a-protestas-y-descontento\\\/#breadcrumb\"},\"inLanguage\":\"es\",\"potentialAction\":[{\"@type\":\"ReadAction\",\"target\":[\"https:\\\/\\\/www.eldiario.net\\\/portal\\\/2023\\\/05\\\/02\\\/de-la-mano-cob-y-gobierno-pese-a-protestas-y-descontento\\\/\"]}]},{\"@type\":\"ImageObject\",\"inLanguage\":\"es\",\"@id\":\"https:\\\/\\\/www.eldiario.net\\\/portal\\\/2023\\\/05\\\/02\\\/de-la-mano-cob-y-gobierno-pese-a-protestas-y-descontento\\\/#primaryimage\",\"url\":\"\",\"contentUrl\":\"\"},{\"@type\":\"BreadcrumbList\",\"@id\":\"https:\\\/\\\/www.eldiario.net\\\/portal\\\/2023\\\/05\\\/02\\\/de-la-mano-cob-y-gobierno-pese-a-protestas-y-descontento\\\/#breadcrumb\",\"itemListElement\":[{\"@type\":\"ListItem\",\"position\":1,\"name\":\"Portada\",\"item\":\"https:\\\/\\\/www.eldiario.net\\\/portal\\\/\"},{\"@type\":\"ListItem\",\"position\":2,\"name\":\"De la \u00abmano\u00bb COB y Gobierno pese a protestas y descontento\"}]},{\"@type\":\"WebSite\",\"@id\":\"https:\\\/\\\/www.eldiario.net\\\/portal\\\/#website\",\"url\":\"https:\\\/\\\/www.eldiario.net\\\/portal\\\/\",\"name\":\"El Diario - Decano de la prensa nacional\",\"description\":\"El Diario - Decano de la prensa nacional\",\"publisher\":{\"@id\":\"https:\\\/\\\/www.eldiario.net\\\/portal\\\/#organization\"},\"potentialAction\":[{\"@type\":\"SearchAction\",\"target\":{\"@type\":\"EntryPoint\",\"urlTemplate\":\"https:\\\/\\\/www.eldiario.net\\\/portal\\\/?s={search_term_string}\"},\"query-input\":{\"@type\":\"PropertyValueSpecification\",\"valueRequired\":true,\"valueName\":\"search_term_string\"}}],\"inLanguage\":\"es\"},{\"@type\":\"Organization\",\"@id\":\"https:\\\/\\\/www.eldiario.net\\\/portal\\\/#organization\",\"name\":\"El Diario - Decano de la prensa nacional\",\"url\":\"https:\\\/\\\/www.eldiario.net\\\/portal\\\/\",\"logo\":{\"@type\":\"ImageObject\",\"inLanguage\":\"es\",\"@id\":\"https:\\\/\\\/www.eldiario.net\\\/portal\\\/#\\\/schema\\\/logo\\\/image\\\/\",\"url\":\"https:\\\/\\\/www.eldiario.net\\\/portal\\\/wp-content\\\/uploads\\\/2023\\\/07\\\/logo_ED.jpg\",\"contentUrl\":\"https:\\\/\\\/www.eldiario.net\\\/portal\\\/wp-content\\\/uploads\\\/2023\\\/07\\\/logo_ED.jpg\",\"width\":272,\"height\":52,\"caption\":\"El Diario - Decano de la prensa nacional\"},\"image\":{\"@id\":\"https:\\\/\\\/www.eldiario.net\\\/portal\\\/#\\\/schema\\\/logo\\\/image\\\/\"},\"sameAs\":[\"https:\\\/\\\/www.facebook.com\\\/eldiario.bolivia\\\/\",\"https:\\\/\\\/x.com\\\/eldiario_net\"]},{\"@type\":\"Person\",\"@id\":\"https:\\\/\\\/www.eldiario.net\\\/portal\\\/#\\\/schema\\\/person\\\/f46445640444750d7d753ccd04ae01b7\",\"name\":\"Jeanette\",\"image\":{\"@type\":\"ImageObject\",\"inLanguage\":\"es\",\"@id\":\"https:\\\/\\\/secure.gravatar.com\\\/avatar\\\/3ea2118a5f7dad2b7138b1187a6b7ee55f160b9968b66013c3a3ef39dd7e5798?s=96&d=mm&r=g\",\"url\":\"https:\\\/\\\/secure.gravatar.com\\\/avatar\\\/3ea2118a5f7dad2b7138b1187a6b7ee55f160b9968b66013c3a3ef39dd7e5798?s=96&d=mm&r=g\",\"contentUrl\":\"https:\\\/\\\/secure.gravatar.com\\\/avatar\\\/3ea2118a5f7dad2b7138b1187a6b7ee55f160b9968b66013c3a3ef39dd7e5798?s=96&d=mm&r=g\",\"caption\":\"Jeanette\"},\"sameAs\":[\"https:\\\/\\\/www.eldiario.net\\\/portal\"],\"url\":\"https:\\\/\\\/www.eldiario.net\\\/portal\\\/author\\\/jeanette\\\/\"}]}<\/script>\n<!-- \/ Yoast SEO plugin. -->","yoast_head_json":{"title":"De la \"mano\" COB y Gobierno pese a protestas y descontento - El Diario - Bolivia","robots":{"index":"index","follow":"follow","max-snippet":"max-snippet:-1","max-image-preview":"max-image-preview:large","max-video-preview":"max-video-preview:-1"},"canonical":"https:\/\/www.eldiario.net\/portal\/2023\/05\/02\/de-la-mano-cob-y-gobierno-pese-a-protestas-y-descontento\/","og_locale":"es_ES","og_type":"article","og_title":"De la \"mano\" COB y Gobierno pese a protestas y descontento - El Diario - Bolivia","og_description":"El ejecutivo de la Central Obrera Boliviana (COB), Juan Carlos Huarachi, anunci\u00f3 ayer su total respaldo al Gobierno\u00a0 e indic\u00f3 que est\u00e1n \u00abjuntos\u00bb de la \u201cmano\u201d. Situaci\u00f3n que sectores como el de los maestros criticaron, debido a que la poblaci\u00f3n siente el alza de precio en algunos productos y el insuficiente incremento salarial. \u201cSi garantizamos [&hellip;]","og_url":"https:\/\/www.eldiario.net\/portal\/2023\/05\/02\/de-la-mano-cob-y-gobierno-pese-a-protestas-y-descontento\/","og_site_name":"El Diario - Bolivia","article_publisher":"https:\/\/www.facebook.com\/eldiario.bolivia\/","article_published_time":"2023-05-02T12:27:32+00:00","author":"Jeanette","twitter_card":"summary_large_image","twitter_creator":"@eldiario_net","twitter_site":"@eldiario_net","twitter_misc":{"Escrito por":"Jeanette","Tiempo de lectura":"4 minutos"},"schema":{"@context":"https:\/\/schema.org","@graph":[{"@type":"Article","@id":"https:\/\/www.eldiario.net\/portal\/2023\/05\/02\/de-la-mano-cob-y-gobierno-pese-a-protestas-y-descontento\/#article","isPartOf":{"@id":"https:\/\/www.eldiario.net\/portal\/2023\/05\/02\/de-la-mano-cob-y-gobierno-pese-a-protestas-y-descontento\/"},"author":{"name":"Jeanette","@id":"https:\/\/www.eldiario.net\/portal\/#\/schema\/person\/f46445640444750d7d753ccd04ae01b7"},"headline":"De la \u00abmano\u00bb COB y Gobierno pese a protestas y descontento","datePublished":"2023-05-02T12:27:32+00:00","mainEntityOfPage":{"@id":"https:\/\/www.eldiario.net\/portal\/2023\/05\/02\/de-la-mano-cob-y-gobierno-pese-a-protestas-y-descontento\/"},"wordCount":717,"publisher":{"@id":"https:\/\/www.eldiario.net\/portal\/#organization"},"image":{"@id":"https:\/\/www.eldiario.net\/portal\/2023\/05\/02\/de-la-mano-cob-y-gobierno-pese-a-protestas-y-descontento\/#primaryimage"},"thumbnailUrl":"","articleSection":["Nacional"],"inLanguage":"es"},{"@type":"WebPage","@id":"https:\/\/www.eldiario.net\/portal\/2023\/05\/02\/de-la-mano-cob-y-gobierno-pese-a-protestas-y-descontento\/","url":"https:\/\/www.eldiario.net\/portal\/2023\/05\/02\/de-la-mano-cob-y-gobierno-pese-a-protestas-y-descontento\/","name":"De la \"mano\" COB y Gobierno pese a protestas y descontento - El Diario - Bolivia","isPartOf":{"@id":"https:\/\/www.eldiario.net\/portal\/#website"},"primaryImageOfPage":{"@id":"https:\/\/www.eldiario.net\/portal\/2023\/05\/02\/de-la-mano-cob-y-gobierno-pese-a-protestas-y-descontento\/#primaryimage"},"image":{"@id":"https:\/\/www.eldiario.net\/portal\/2023\/05\/02\/de-la-mano-cob-y-gobierno-pese-a-protestas-y-descontento\/#primaryimage"},"thumbnailUrl":"","datePublished":"2023-05-02T12:27:32+00:00","breadcrumb":{"@id":"https:\/\/www.eldiario.net\/portal\/2023\/05\/02\/de-la-mano-cob-y-gobierno-pese-a-protestas-y-descontento\/#breadcrumb"},"inLanguage":"es","potentialAction":[{"@type":"ReadAction","target":["https:\/\/www.eldiario.net\/portal\/2023\/05\/02\/de-la-mano-cob-y-gobierno-pese-a-protestas-y-descontento\/"]}]},{"@type":"ImageObject","inLanguage":"es","@id":"https:\/\/www.eldiario.net\/portal\/2023\/05\/02\/de-la-mano-cob-y-gobierno-pese-a-protestas-y-descontento\/#primaryimage","url":"","contentUrl":""},{"@type":"BreadcrumbList","@id":"https:\/\/www.eldiario.net\/portal\/2023\/05\/02\/de-la-mano-cob-y-gobierno-pese-a-protestas-y-descontento\/#breadcrumb","itemListElement":[{"@type":"ListItem","position":1,"name":"Portada","item":"https:\/\/www.eldiario.net\/portal\/"},{"@type":"ListItem","position":2,"name":"De la \u00abmano\u00bb COB y Gobierno pese a protestas y descontento"}]},{"@type":"WebSite","@id":"https:\/\/www.eldiario.net\/portal\/#website","url":"https:\/\/www.eldiario.net\/portal\/","name":"El Diario - Decano de la prensa nacional","description":"El Diario - Decano de la prensa nacional","publisher":{"@id":"https:\/\/www.eldiario.net\/portal\/#organization"},"potentialAction":[{"@type":"SearchAction","target":{"@type":"EntryPoint","urlTemplate":"https:\/\/www.eldiario.net\/portal\/?s={search_term_string}"},"query-input":{"@type":"PropertyValueSpecification","valueRequired":true,"valueName":"search_term_string"}}],"inLanguage":"es"},{"@type":"Organization","@id":"https:\/\/www.eldiario.net\/portal\/#organization","name":"El Diario - Decano de la prensa nacional","url":"https:\/\/www.eldiario.net\/portal\/","logo":{"@type":"ImageObject","inLanguage":"es","@id":"https:\/\/www.eldiario.net\/portal\/#\/schema\/logo\/image\/","url":"https:\/\/www.eldiario.net\/portal\/wp-content\/uploads\/2023\/07\/logo_ED.jpg","contentUrl":"https:\/\/www.eldiario.net\/portal\/wp-content\/uploads\/2023\/07\/logo_ED.jpg","width":272,"height":52,"caption":"El Diario - Decano de la prensa nacional"},"image":{"@id":"https:\/\/www.eldiario.net\/portal\/#\/schema\/logo\/image\/"},"sameAs":["https:\/\/www.facebook.com\/eldiario.bolivia\/","https:\/\/x.com\/eldiario_net"]},{"@type":"Person","@id":"https:\/\/www.eldiario.net\/portal\/#\/schema\/person\/f46445640444750d7d753ccd04ae01b7","name":"Jeanette","image":{"@type":"ImageObject","inLanguage":"es","@id":"https:\/\/secure.gravatar.com\/avatar\/3ea2118a5f7dad2b7138b1187a6b7ee55f160b9968b66013c3a3ef39dd7e5798?s=96&d=mm&r=g","url":"https:\/\/secure.gravatar.com\/avatar\/3ea2118a5f7dad2b7138b1187a6b7ee55f160b9968b66013c3a3ef39dd7e5798?s=96&d=mm&r=g","contentUrl":"https:\/\/secure.gravatar.com\/avatar\/3ea2118a5f7dad2b7138b1187a6b7ee55f160b9968b66013c3a3ef39dd7e5798?s=96&d=mm&r=g","caption":"Jeanette"},"sameAs":["https:\/\/www.eldiario.net\/portal"],"url":"https:\/\/www.eldiario.net\/portal\/author\/jeanette\/"}]}},"_links":{"self":[{"href":"https:\/\/www.eldiario.net\/portal\/wp-json\/wp\/v2\/posts\/152058","targetHints":{"allow":["GET"]}}],"collection":[{"href":"https:\/\/www.eldiario.net\/portal\/wp-json\/wp\/v2\/posts"}],"about":[{"href":"https:\/\/www.eldiario.net\/portal\/wp-json\/wp\/v2\/types\/post"}],"author":[{"embeddable":true,"href":"https:\/\/www.eldiario.net\/portal\/wp-json\/wp\/v2\/users\/1"}],"replies":[{"embeddable":true,"href":"https:\/\/www.eldiario.net\/portal\/wp-json\/wp\/v2\/comments?post=152058"}],"version-history":[{"count":0,"href":"https:\/\/www.eldiario.net\/portal\/wp-json\/wp\/v2\/posts\/152058\/revisions"}],"wp:attachment":[{"href":"https:\/\/www.eldiario.net\/portal\/wp-json\/wp\/v2\/media?parent=152058"}],"wp:term":[{"taxonomy":"category","embeddable":true,"href":"https:\/\/www.eldiario.net\/portal\/wp-json\/wp\/v2\/categories?post=152058"},{"taxonomy":"post_tag","embeddable":true,"href":"https:\/\/www.eldiario.net\/portal\/wp-json\/wp\/v2\/tags?post=152058"}],"curies":[{"name":"wp","href":"https:\/\/api.w.org\/{rel}","templated":true}]}}