{"id":152055,"date":"2023-05-02T08:26:24","date_gmt":"2023-05-02T12:26:24","guid":{"rendered":"https:\/\/www.eldiario.net\/portal\/?p=152055"},"modified":"2023-05-02T08:26:24","modified_gmt":"2023-05-02T12:26:24","slug":"en-protesta-maestros-urbanos-se-crucifican-y-tres-se-tapiaron","status":"publish","type":"post","link":"https:\/\/www.eldiario.net\/portal\/2023\/05\/02\/en-protesta-maestros-urbanos-se-crucifican-y-tres-se-tapiaron\/","title":{"rendered":"En protesta: maestros urbanos  se crucifican y tres se tapiaron"},"content":{"rendered":"<p>En horas de la ma\u00f1ana de ayer, 10 maestros urbanos del pa\u00eds decidieron crucificarse y, por la tarde, tres se tapiaron como medida de protesta ante la falta de atenci\u00f3n a sus demandas. El Magisterio Urbano del pa\u00eds lleva nueve semanas de movilizaci\u00f3n y pide di\u00e1logo al Gobierno, adem\u00e1s anuncia que no suspender\u00e1n las medidas determinadas.<\/p>\n<p>A poco m\u00e1s de las 16:00; Wilfredo Ajllahuanca, Ludbin Salazar y Patricio Molina, los tres m\u00e1ximos ejecutivos nacionales de la Confederaci\u00f3n de Trabajadores de Educaci\u00f3n Urbana en Bolivia (Cteub) asumieron la determinaci\u00f3n de ser tapiados y cumplir una huelga de hambre seca hasta que sean escuchados.<\/p>\n<p>\u201cNo nos queda otro camino, creo que como trabajadores tenemos la responsabilidad inherente de ponerle el pecho a todo. Esperemos que con estas medidas el Gobierno quiera resolver este conflicto, nosotros no nos vamos a cansar, es lo que nos toca hacer, a pesar que hemos estado al frente de las movilizaciones\u201d, se\u00f1al\u00f3 Molina al ingresar al peque\u00f1o espacio que fue construido para su permanencia.<\/p>\n<p>Su colega, Salazar apel\u00f3 a la sensibilidad de las autoridades a quienes reitero que los escuchen, de manera especial, al presidente del Estado, Luis Arce Catacora.<\/p>\n<p>\u201cEs una medida demasiado extrema, porque una huelga de hambre no ha logrado sensibilizar al Gobierno, hoy d\u00eda (por ayer) hay maestros crucificados y tampoco ha logrado sensibilizarlo, y creemos que nosotros tapi\u00e1ndonos de verdad logre sensibilizar al presidente y autoridades\u201d, indic\u00f3 el ejecutivo.<\/p>\n<p>Ajllahuanca, por su parte, asegur\u00f3 que los maestros no se vender\u00e1n y que se vieron forzados a llegar a esas medidas porque no recibieron atenci\u00f3n de las autoridades. Adem\u00e1s, responsabiliz\u00f3 al Gobierno por las consecuencias que se registren.<\/p>\n<p>A la postre, una vez dentro de cada espacio preparado para los representantes, el ingreso a esos lugares fue cerrado con ladrillos y cemento, solo se dej\u00f3 un peque\u00f1o orificio para la comunicaci\u00f3n y el paso de aire.<\/p>\n<p>\u201cEs uno de los principios que tenemos, a veces, como revolucionarios que cuando abrazamos las causas que son justas para luchar por la poblaci\u00f3n boliviana, por la educaci\u00f3n, las abrazamos por convicci\u00f3n y por principio, es por eso que hemos decidido asumir esta medida extrema que es tapiarnos\u201d, indic\u00f3 Salazar.<\/p>\n<p>Poco antes de iniciar una marcha, 10 maestros procedieron a crucificarse en demanda de que el Gobierno escuche sus demandas. Algunos, lo hicieron en puertas de la Casona del Magisterio y otra cantidad, al interior.<\/p>\n<p>Posteriormente, los dem\u00e1s colegas, a excepci\u00f3n de los que mantienen el piquete de huelga de hambre que hasta ayer estaba en su s\u00e9ptimo d\u00eda, salieron en marcha rumbo al centro pace\u00f1o y llegaron a la plaza Tejada Sorzano, donde realizaron un mitin.<\/p>\n<p>El recorrido lo realizaron con un ata\u00fad que representaba al Ministerio de Educaci\u00f3n y con el objeto llevado en hombros y varios de los educadores vestidos de negro marchan por las calles de La Paz. Al llegar a su destino, quemaron el ata\u00fad y se escucharon discursos.<\/p>\n<p>Por su parte, el ministro de Educaci\u00f3n, \u00c9dgar Pary, rechaz\u00f3 la radicalidad del magisterio urbano y reiter\u00f3 que se atienden sus demandas.<\/p>\n<p>\u201cHemos ofertado, pero la radicalidad lamentablemente no garantiza los acuerdos\u201d, sostuvo a tiempo de recordar que se ofreci\u00f3 ocho mil horas para cubrir el d\u00e9ficit hist\u00f3rico y que se lleg\u00f3 al 100%, en las materias F\u00edsica y Qu\u00edmica.<\/p>\n<p>Los maestros urbanos, explicaron que esa cantidad es insuficiente ya que el d\u00e9ficit es de unas 700 mil horas. Tambi\u00e9n ratificaron el rechazo a la nueva malla curricular para este 2023 y acusaron al Ministerio de Educaci\u00f3n de improvisar.<\/p>\n<p>Ante este panorama, el vocero del magisterio Rolando Alejo apunt\u00f3 que si las autoridades gubernamentales tienen la voluntad y sensibilidad para retomar el di\u00e1logo, el sector espera en la sede de los educadores.<\/p>\n","protected":false},"excerpt":{"rendered":"<p>En horas de la ma\u00f1ana de ayer, 10 maestros urbanos del pa\u00eds decidieron crucificarse y, por la tarde, tres se tapiaron como medida de protesta ante la falta de atenci\u00f3n a sus demandas. El Magisterio Urbano del pa\u00eds lleva nueve semanas de movilizaci\u00f3n y pide di\u00e1logo al Gobierno, adem\u00e1s anuncia que no suspender\u00e1n las medidas [&hellip;]<\/p>\n","protected":false},"author":1,"featured_media":152056,"comment_status":"closed","ping_status":"closed","sticky":false,"template":"","format":"standard","meta":{"_acf_changed":false,"footnotes":""},"categories":[12],"tags":[],"class_list":["post-152055","post","type-post","status-publish","format-standard","has-post-thumbnail","category-nacional"],"acf":{"antetitulo":""},"yoast_head":"<!-- This site is optimized with the Yoast SEO plugin v28.4 - https:\/\/yoast.com\/product\/yoast-seo-wordpress\/ -->\n<title>En protesta: maestros urbanos se crucifican y tres se tapiaron - El Diario - Bolivia<\/title>\n<meta name=\"robots\" content=\"index, follow, max-snippet:-1, max-image-preview:large, max-video-preview:-1\" \/>\n<link rel=\"canonical\" href=\"https:\/\/www.eldiario.net\/portal\/2023\/05\/02\/en-protesta-maestros-urbanos-se-crucifican-y-tres-se-tapiaron\/\" \/>\n<meta property=\"og:locale\" content=\"es_ES\" \/>\n<meta property=\"og:type\" content=\"article\" \/>\n<meta property=\"og:title\" content=\"En protesta: maestros urbanos se crucifican y tres se tapiaron - El Diario - Bolivia\" \/>\n<meta property=\"og:description\" content=\"En horas de la ma\u00f1ana de ayer, 10 maestros urbanos del pa\u00eds decidieron crucificarse y, por la tarde, tres se tapiaron como medida de protesta ante la falta de atenci\u00f3n a sus demandas. El Magisterio Urbano del pa\u00eds lleva nueve semanas de movilizaci\u00f3n y pide di\u00e1logo al Gobierno, adem\u00e1s anuncia que no suspender\u00e1n las medidas [&hellip;]\" \/>\n<meta property=\"og:url\" content=\"https:\/\/www.eldiario.net\/portal\/2023\/05\/02\/en-protesta-maestros-urbanos-se-crucifican-y-tres-se-tapiaron\/\" \/>\n<meta property=\"og:site_name\" content=\"El Diario - Bolivia\" \/>\n<meta property=\"article:publisher\" content=\"https:\/\/www.facebook.com\/eldiario.bolivia\/\" \/>\n<meta property=\"article:published_time\" content=\"2023-05-02T12:26:24+00:00\" \/>\n<meta name=\"author\" content=\"Jeanette\" \/>\n<meta name=\"twitter:card\" content=\"summary_large_image\" \/>\n<meta name=\"twitter:creator\" content=\"@eldiario_net\" \/>\n<meta name=\"twitter:site\" content=\"@eldiario_net\" \/>\n<meta name=\"twitter:label1\" content=\"Escrito por\" \/>\n\t<meta name=\"twitter:data1\" content=\"Jeanette\" \/>\n\t<meta name=\"twitter:label2\" content=\"Tiempo de lectura\" \/>\n\t<meta name=\"twitter:data2\" content=\"3 minutos\" \/>\n<script type=\"application\/ld+json\" class=\"yoast-schema-graph\">{\"@context\":\"https:\\\/\\\/schema.org\",\"@graph\":[{\"@type\":\"Article\",\"@id\":\"https:\\\/\\\/www.eldiario.net\\\/portal\\\/2023\\\/05\\\/02\\\/en-protesta-maestros-urbanos-se-crucifican-y-tres-se-tapiaron\\\/#article\",\"isPartOf\":{\"@id\":\"https:\\\/\\\/www.eldiario.net\\\/portal\\\/2023\\\/05\\\/02\\\/en-protesta-maestros-urbanos-se-crucifican-y-tres-se-tapiaron\\\/\"},\"author\":{\"name\":\"Jeanette\",\"@id\":\"https:\\\/\\\/www.eldiario.net\\\/portal\\\/#\\\/schema\\\/person\\\/f46445640444750d7d753ccd04ae01b7\"},\"headline\":\"En protesta: maestros urbanos se crucifican y tres se tapiaron\",\"datePublished\":\"2023-05-02T12:26:24+00:00\",\"mainEntityOfPage\":{\"@id\":\"https:\\\/\\\/www.eldiario.net\\\/portal\\\/2023\\\/05\\\/02\\\/en-protesta-maestros-urbanos-se-crucifican-y-tres-se-tapiaron\\\/\"},\"wordCount\":665,\"publisher\":{\"@id\":\"https:\\\/\\\/www.eldiario.net\\\/portal\\\/#organization\"},\"image\":{\"@id\":\"https:\\\/\\\/www.eldiario.net\\\/portal\\\/2023\\\/05\\\/02\\\/en-protesta-maestros-urbanos-se-crucifican-y-tres-se-tapiaron\\\/#primaryimage\"},\"thumbnailUrl\":\"\",\"articleSection\":[\"Nacional\"],\"inLanguage\":\"es\"},{\"@type\":\"WebPage\",\"@id\":\"https:\\\/\\\/www.eldiario.net\\\/portal\\\/2023\\\/05\\\/02\\\/en-protesta-maestros-urbanos-se-crucifican-y-tres-se-tapiaron\\\/\",\"url\":\"https:\\\/\\\/www.eldiario.net\\\/portal\\\/2023\\\/05\\\/02\\\/en-protesta-maestros-urbanos-se-crucifican-y-tres-se-tapiaron\\\/\",\"name\":\"En protesta: maestros urbanos se crucifican y tres se tapiaron - El Diario - Bolivia\",\"isPartOf\":{\"@id\":\"https:\\\/\\\/www.eldiario.net\\\/portal\\\/#website\"},\"primaryImageOfPage\":{\"@id\":\"https:\\\/\\\/www.eldiario.net\\\/portal\\\/2023\\\/05\\\/02\\\/en-protesta-maestros-urbanos-se-crucifican-y-tres-se-tapiaron\\\/#primaryimage\"},\"image\":{\"@id\":\"https:\\\/\\\/www.eldiario.net\\\/portal\\\/2023\\\/05\\\/02\\\/en-protesta-maestros-urbanos-se-crucifican-y-tres-se-tapiaron\\\/#primaryimage\"},\"thumbnailUrl\":\"\",\"datePublished\":\"2023-05-02T12:26:24+00:00\",\"breadcrumb\":{\"@id\":\"https:\\\/\\\/www.eldiario.net\\\/portal\\\/2023\\\/05\\\/02\\\/en-protesta-maestros-urbanos-se-crucifican-y-tres-se-tapiaron\\\/#breadcrumb\"},\"inLanguage\":\"es\",\"potentialAction\":[{\"@type\":\"ReadAction\",\"target\":[\"https:\\\/\\\/www.eldiario.net\\\/portal\\\/2023\\\/05\\\/02\\\/en-protesta-maestros-urbanos-se-crucifican-y-tres-se-tapiaron\\\/\"]}]},{\"@type\":\"ImageObject\",\"inLanguage\":\"es\",\"@id\":\"https:\\\/\\\/www.eldiario.net\\\/portal\\\/2023\\\/05\\\/02\\\/en-protesta-maestros-urbanos-se-crucifican-y-tres-se-tapiaron\\\/#primaryimage\",\"url\":\"\",\"contentUrl\":\"\"},{\"@type\":\"BreadcrumbList\",\"@id\":\"https:\\\/\\\/www.eldiario.net\\\/portal\\\/2023\\\/05\\\/02\\\/en-protesta-maestros-urbanos-se-crucifican-y-tres-se-tapiaron\\\/#breadcrumb\",\"itemListElement\":[{\"@type\":\"ListItem\",\"position\":1,\"name\":\"Portada\",\"item\":\"https:\\\/\\\/www.eldiario.net\\\/portal\\\/\"},{\"@type\":\"ListItem\",\"position\":2,\"name\":\"En protesta: maestros urbanos se crucifican y tres se tapiaron\"}]},{\"@type\":\"WebSite\",\"@id\":\"https:\\\/\\\/www.eldiario.net\\\/portal\\\/#website\",\"url\":\"https:\\\/\\\/www.eldiario.net\\\/portal\\\/\",\"name\":\"El Diario - Decano de la prensa nacional\",\"description\":\"El Diario - Decano de la prensa nacional\",\"publisher\":{\"@id\":\"https:\\\/\\\/www.eldiario.net\\\/portal\\\/#organization\"},\"potentialAction\":[{\"@type\":\"SearchAction\",\"target\":{\"@type\":\"EntryPoint\",\"urlTemplate\":\"https:\\\/\\\/www.eldiario.net\\\/portal\\\/?s={search_term_string}\"},\"query-input\":{\"@type\":\"PropertyValueSpecification\",\"valueRequired\":true,\"valueName\":\"search_term_string\"}}],\"inLanguage\":\"es\"},{\"@type\":\"Organization\",\"@id\":\"https:\\\/\\\/www.eldiario.net\\\/portal\\\/#organization\",\"name\":\"El Diario - Decano de la prensa nacional\",\"url\":\"https:\\\/\\\/www.eldiario.net\\\/portal\\\/\",\"logo\":{\"@type\":\"ImageObject\",\"inLanguage\":\"es\",\"@id\":\"https:\\\/\\\/www.eldiario.net\\\/portal\\\/#\\\/schema\\\/logo\\\/image\\\/\",\"url\":\"https:\\\/\\\/www.eldiario.net\\\/portal\\\/wp-content\\\/uploads\\\/2023\\\/07\\\/logo_ED.jpg\",\"contentUrl\":\"https:\\\/\\\/www.eldiario.net\\\/portal\\\/wp-content\\\/uploads\\\/2023\\\/07\\\/logo_ED.jpg\",\"width\":272,\"height\":52,\"caption\":\"El Diario - Decano de la prensa nacional\"},\"image\":{\"@id\":\"https:\\\/\\\/www.eldiario.net\\\/portal\\\/#\\\/schema\\\/logo\\\/image\\\/\"},\"sameAs\":[\"https:\\\/\\\/www.facebook.com\\\/eldiario.bolivia\\\/\",\"https:\\\/\\\/x.com\\\/eldiario_net\"]},{\"@type\":\"Person\",\"@id\":\"https:\\\/\\\/www.eldiario.net\\\/portal\\\/#\\\/schema\\\/person\\\/f46445640444750d7d753ccd04ae01b7\",\"name\":\"Jeanette\",\"image\":{\"@type\":\"ImageObject\",\"inLanguage\":\"es\",\"@id\":\"https:\\\/\\\/secure.gravatar.com\\\/avatar\\\/3ea2118a5f7dad2b7138b1187a6b7ee55f160b9968b66013c3a3ef39dd7e5798?s=96&d=mm&r=g\",\"url\":\"https:\\\/\\\/secure.gravatar.com\\\/avatar\\\/3ea2118a5f7dad2b7138b1187a6b7ee55f160b9968b66013c3a3ef39dd7e5798?s=96&d=mm&r=g\",\"contentUrl\":\"https:\\\/\\\/secure.gravatar.com\\\/avatar\\\/3ea2118a5f7dad2b7138b1187a6b7ee55f160b9968b66013c3a3ef39dd7e5798?s=96&d=mm&r=g\",\"caption\":\"Jeanette\"},\"sameAs\":[\"https:\\\/\\\/www.eldiario.net\\\/portal\"],\"url\":\"https:\\\/\\\/www.eldiario.net\\\/portal\\\/author\\\/jeanette\\\/\"}]}<\/script>\n<!-- \/ Yoast SEO plugin. -->","yoast_head_json":{"title":"En protesta: maestros urbanos se crucifican y tres se tapiaron - El Diario - Bolivia","robots":{"index":"index","follow":"follow","max-snippet":"max-snippet:-1","max-image-preview":"max-image-preview:large","max-video-preview":"max-video-preview:-1"},"canonical":"https:\/\/www.eldiario.net\/portal\/2023\/05\/02\/en-protesta-maestros-urbanos-se-crucifican-y-tres-se-tapiaron\/","og_locale":"es_ES","og_type":"article","og_title":"En protesta: maestros urbanos se crucifican y tres se tapiaron - El Diario - Bolivia","og_description":"En horas de la ma\u00f1ana de ayer, 10 maestros urbanos del pa\u00eds decidieron crucificarse y, por la tarde, tres se tapiaron como medida de protesta ante la falta de atenci\u00f3n a sus demandas. El Magisterio Urbano del pa\u00eds lleva nueve semanas de movilizaci\u00f3n y pide di\u00e1logo al Gobierno, adem\u00e1s anuncia que no suspender\u00e1n las medidas [&hellip;]","og_url":"https:\/\/www.eldiario.net\/portal\/2023\/05\/02\/en-protesta-maestros-urbanos-se-crucifican-y-tres-se-tapiaron\/","og_site_name":"El Diario - Bolivia","article_publisher":"https:\/\/www.facebook.com\/eldiario.bolivia\/","article_published_time":"2023-05-02T12:26:24+00:00","author":"Jeanette","twitter_card":"summary_large_image","twitter_creator":"@eldiario_net","twitter_site":"@eldiario_net","twitter_misc":{"Escrito por":"Jeanette","Tiempo de lectura":"3 minutos"},"schema":{"@context":"https:\/\/schema.org","@graph":[{"@type":"Article","@id":"https:\/\/www.eldiario.net\/portal\/2023\/05\/02\/en-protesta-maestros-urbanos-se-crucifican-y-tres-se-tapiaron\/#article","isPartOf":{"@id":"https:\/\/www.eldiario.net\/portal\/2023\/05\/02\/en-protesta-maestros-urbanos-se-crucifican-y-tres-se-tapiaron\/"},"author":{"name":"Jeanette","@id":"https:\/\/www.eldiario.net\/portal\/#\/schema\/person\/f46445640444750d7d753ccd04ae01b7"},"headline":"En protesta: maestros urbanos se crucifican y tres se tapiaron","datePublished":"2023-05-02T12:26:24+00:00","mainEntityOfPage":{"@id":"https:\/\/www.eldiario.net\/portal\/2023\/05\/02\/en-protesta-maestros-urbanos-se-crucifican-y-tres-se-tapiaron\/"},"wordCount":665,"publisher":{"@id":"https:\/\/www.eldiario.net\/portal\/#organization"},"image":{"@id":"https:\/\/www.eldiario.net\/portal\/2023\/05\/02\/en-protesta-maestros-urbanos-se-crucifican-y-tres-se-tapiaron\/#primaryimage"},"thumbnailUrl":"","articleSection":["Nacional"],"inLanguage":"es"},{"@type":"WebPage","@id":"https:\/\/www.eldiario.net\/portal\/2023\/05\/02\/en-protesta-maestros-urbanos-se-crucifican-y-tres-se-tapiaron\/","url":"https:\/\/www.eldiario.net\/portal\/2023\/05\/02\/en-protesta-maestros-urbanos-se-crucifican-y-tres-se-tapiaron\/","name":"En protesta: maestros urbanos se crucifican y tres se tapiaron - El Diario - Bolivia","isPartOf":{"@id":"https:\/\/www.eldiario.net\/portal\/#website"},"primaryImageOfPage":{"@id":"https:\/\/www.eldiario.net\/portal\/2023\/05\/02\/en-protesta-maestros-urbanos-se-crucifican-y-tres-se-tapiaron\/#primaryimage"},"image":{"@id":"https:\/\/www.eldiario.net\/portal\/2023\/05\/02\/en-protesta-maestros-urbanos-se-crucifican-y-tres-se-tapiaron\/#primaryimage"},"thumbnailUrl":"","datePublished":"2023-05-02T12:26:24+00:00","breadcrumb":{"@id":"https:\/\/www.eldiario.net\/portal\/2023\/05\/02\/en-protesta-maestros-urbanos-se-crucifican-y-tres-se-tapiaron\/#breadcrumb"},"inLanguage":"es","potentialAction":[{"@type":"ReadAction","target":["https:\/\/www.eldiario.net\/portal\/2023\/05\/02\/en-protesta-maestros-urbanos-se-crucifican-y-tres-se-tapiaron\/"]}]},{"@type":"ImageObject","inLanguage":"es","@id":"https:\/\/www.eldiario.net\/portal\/2023\/05\/02\/en-protesta-maestros-urbanos-se-crucifican-y-tres-se-tapiaron\/#primaryimage","url":"","contentUrl":""},{"@type":"BreadcrumbList","@id":"https:\/\/www.eldiario.net\/portal\/2023\/05\/02\/en-protesta-maestros-urbanos-se-crucifican-y-tres-se-tapiaron\/#breadcrumb","itemListElement":[{"@type":"ListItem","position":1,"name":"Portada","item":"https:\/\/www.eldiario.net\/portal\/"},{"@type":"ListItem","position":2,"name":"En protesta: maestros urbanos se crucifican y tres se tapiaron"}]},{"@type":"WebSite","@id":"https:\/\/www.eldiario.net\/portal\/#website","url":"https:\/\/www.eldiario.net\/portal\/","name":"El Diario - Decano de la prensa nacional","description":"El Diario - Decano de la prensa nacional","publisher":{"@id":"https:\/\/www.eldiario.net\/portal\/#organization"},"potentialAction":[{"@type":"SearchAction","target":{"@type":"EntryPoint","urlTemplate":"https:\/\/www.eldiario.net\/portal\/?s={search_term_string}"},"query-input":{"@type":"PropertyValueSpecification","valueRequired":true,"valueName":"search_term_string"}}],"inLanguage":"es"},{"@type":"Organization","@id":"https:\/\/www.eldiario.net\/portal\/#organization","name":"El Diario - Decano de la prensa nacional","url":"https:\/\/www.eldiario.net\/portal\/","logo":{"@type":"ImageObject","inLanguage":"es","@id":"https:\/\/www.eldiario.net\/portal\/#\/schema\/logo\/image\/","url":"https:\/\/www.eldiario.net\/portal\/wp-content\/uploads\/2023\/07\/logo_ED.jpg","contentUrl":"https:\/\/www.eldiario.net\/portal\/wp-content\/uploads\/2023\/07\/logo_ED.jpg","width":272,"height":52,"caption":"El Diario - Decano de la prensa nacional"},"image":{"@id":"https:\/\/www.eldiario.net\/portal\/#\/schema\/logo\/image\/"},"sameAs":["https:\/\/www.facebook.com\/eldiario.bolivia\/","https:\/\/x.com\/eldiario_net"]},{"@type":"Person","@id":"https:\/\/www.eldiario.net\/portal\/#\/schema\/person\/f46445640444750d7d753ccd04ae01b7","name":"Jeanette","image":{"@type":"ImageObject","inLanguage":"es","@id":"https:\/\/secure.gravatar.com\/avatar\/3ea2118a5f7dad2b7138b1187a6b7ee55f160b9968b66013c3a3ef39dd7e5798?s=96&d=mm&r=g","url":"https:\/\/secure.gravatar.com\/avatar\/3ea2118a5f7dad2b7138b1187a6b7ee55f160b9968b66013c3a3ef39dd7e5798?s=96&d=mm&r=g","contentUrl":"https:\/\/secure.gravatar.com\/avatar\/3ea2118a5f7dad2b7138b1187a6b7ee55f160b9968b66013c3a3ef39dd7e5798?s=96&d=mm&r=g","caption":"Jeanette"},"sameAs":["https:\/\/www.eldiario.net\/portal"],"url":"https:\/\/www.eldiario.net\/portal\/author\/jeanette\/"}]}},"_links":{"self":[{"href":"https:\/\/www.eldiario.net\/portal\/wp-json\/wp\/v2\/posts\/152055","targetHints":{"allow":["GET"]}}],"collection":[{"href":"https:\/\/www.eldiario.net\/portal\/wp-json\/wp\/v2\/posts"}],"about":[{"href":"https:\/\/www.eldiario.net\/portal\/wp-json\/wp\/v2\/types\/post"}],"author":[{"embeddable":true,"href":"https:\/\/www.eldiario.net\/portal\/wp-json\/wp\/v2\/users\/1"}],"replies":[{"embeddable":true,"href":"https:\/\/www.eldiario.net\/portal\/wp-json\/wp\/v2\/comments?post=152055"}],"version-history":[{"count":0,"href":"https:\/\/www.eldiario.net\/portal\/wp-json\/wp\/v2\/posts\/152055\/revisions"}],"wp:attachment":[{"href":"https:\/\/www.eldiario.net\/portal\/wp-json\/wp\/v2\/media?parent=152055"}],"wp:term":[{"taxonomy":"category","embeddable":true,"href":"https:\/\/www.eldiario.net\/portal\/wp-json\/wp\/v2\/categories?post=152055"},{"taxonomy":"post_tag","embeddable":true,"href":"https:\/\/www.eldiario.net\/portal\/wp-json\/wp\/v2\/tags?post=152055"}],"curies":[{"name":"wp","href":"https:\/\/api.w.org\/{rel}","templated":true}]}}