{"id":152052,"date":"2023-05-02T08:25:27","date_gmt":"2023-05-02T12:25:27","guid":{"rendered":"https:\/\/www.eldiario.net\/portal\/?p=152052"},"modified":"2023-05-02T08:25:27","modified_gmt":"2023-05-02T12:25:27","slug":"suben-casos-de-covid-19-y-continua-epidemia-por-iras","status":"publish","type":"post","link":"https:\/\/www.eldiario.net\/portal\/2023\/05\/02\/suben-casos-de-covid-19-y-continua-epidemia-por-iras\/","title":{"rendered":"Suben casos de covid-19 y contin\u00faa epidemia por IRAs"},"content":{"rendered":"<p>El ministro de Salud y Deportes, Jeyson Auza, report\u00f3 que por segunda semana consecutiva, en el pa\u00eds se registr\u00f3 un incremento de 30% de casos covid-19, sin embargo, asegur\u00f3 que la cantidad a\u00fan est\u00e1 \u201cen niveles bajos de contagio\u201d. Por otra parte, se\u00f1al\u00f3 que se mantiene el aumento sostenido de casos de Infecciones Respiratorias Agudas (IRAs) que presenta comportamiento epid\u00e9mico en seis departamentos.<\/p>\n<p>\u201cEn la semana epidemiol\u00f3gica 17 se presentaron 416 casos (de covid -19), esto representa 97 casos m\u00e1s que la semana anterior, un incremento del 30 por ciento. Son dos semanas consecutivas en las que se registra un leve incremento de la covid-19, pero, a pesar de estos incrementos, estamos en los niveles m\u00e1s bajos de la pandemia\u201d, asegur\u00f3.<\/p>\n<p>Acot\u00f3 que la tasa de mortalidad se redujo del 76%, en la primera ola, a 1,1 % en la sexta ola, en tanto que, la tasa de letalidad descendi\u00f3 de 6,2% en la primera ola hasta el 0,2% en la actualidad.<\/p>\n<p>Respecto a los casos de IRAs ratific\u00f3 el incremento de estos y que los departamentos de La Paz, Oruro, Potos\u00ed, Cochabamba, Pando y Beni, contin\u00faan con comportamiento epid\u00e9mico, pero apunt\u00f3 que en menores de cinco a\u00f1os, los datos se mantienen en m\u00e1rgenes de seguridad.<\/p>\n<p>Explic\u00f3 que se pone especial \u00e9nfasis en la situaci\u00f3n de los ni\u00f1os porque en ellos se podr\u00eda desarrollar complicaciones de salud a causa de las infecciones respiratorias.<\/p>\n<p>\u201cEn Bolivia hay un incremento sostenido (de IRAs) y para esta semana tambi\u00e9n se ha reportado un incremento de casos (\u2026) Desde la semana seis hemos ido reportando un aumento sostenido de casos de infecciones respiratorias agudas, entre la semana 15 y est\u00e1 \u00faltima, se han reportado 16.442 casos\u201d, precis\u00f3.<\/p>\n<p>En tanto, en la semana 17 se reportaron 128.071 casos, lo que supera el l\u00edmite establecido, y en el caso de los menores de cinco a\u00f1os, a\u00fan \u201cse mantiene con un comportamiento end\u00e9mico\u201d.<\/p>\n<p>Record\u00f3 que una de las medidas para evitar el aumento de casos en menores de cinco a\u00f1os, fue coordinada con los servicios de salud departamentales con los que se dise\u00f1\u00f3 una estrategia para promover la vacunaci\u00f3n, misma que consiste en aprovechar cualquier oportunidad en que los ni\u00f1os ingresen a centros m\u00e9dicos para aplicar las vacunas.<\/p>\n<p>&nbsp;<\/p>\n","protected":false},"excerpt":{"rendered":"<p>El ministro de Salud y Deportes, Jeyson Auza, report\u00f3 que por segunda semana consecutiva, en el pa\u00eds se registr\u00f3 un incremento de 30% de casos covid-19, sin embargo, asegur\u00f3 que la cantidad a\u00fan est\u00e1 \u201cen niveles bajos de contagio\u201d. Por otra parte, se\u00f1al\u00f3 que se mantiene el aumento sostenido de casos de Infecciones Respiratorias Agudas [&hellip;]<\/p>\n","protected":false},"author":1,"featured_media":152053,"comment_status":"closed","ping_status":"closed","sticky":false,"template":"","format":"standard","meta":{"_acf_changed":false,"footnotes":""},"categories":[12],"tags":[],"class_list":["post-152052","post","type-post","status-publish","format-standard","has-post-thumbnail","category-nacional"],"acf":{"antetitulo":""},"yoast_head":"<!-- This site is optimized with the Yoast SEO plugin v28.4 - https:\/\/yoast.com\/product\/yoast-seo-wordpress\/ -->\n<title>Suben casos de covid-19 y contin\u00faa epidemia por IRAs - El Diario - Bolivia<\/title>\n<meta name=\"robots\" content=\"index, follow, max-snippet:-1, max-image-preview:large, max-video-preview:-1\" \/>\n<link rel=\"canonical\" href=\"https:\/\/www.eldiario.net\/portal\/2023\/05\/02\/suben-casos-de-covid-19-y-continua-epidemia-por-iras\/\" \/>\n<meta property=\"og:locale\" content=\"es_ES\" \/>\n<meta property=\"og:type\" content=\"article\" \/>\n<meta property=\"og:title\" content=\"Suben casos de covid-19 y contin\u00faa epidemia por IRAs - El Diario - Bolivia\" \/>\n<meta property=\"og:description\" content=\"El ministro de Salud y Deportes, Jeyson Auza, report\u00f3 que por segunda semana consecutiva, en el pa\u00eds se registr\u00f3 un incremento de 30% de casos covid-19, sin embargo, asegur\u00f3 que la cantidad a\u00fan est\u00e1 \u201cen niveles bajos de contagio\u201d. Por otra parte, se\u00f1al\u00f3 que se mantiene el aumento sostenido de casos de Infecciones Respiratorias Agudas [&hellip;]\" \/>\n<meta property=\"og:url\" content=\"https:\/\/www.eldiario.net\/portal\/2023\/05\/02\/suben-casos-de-covid-19-y-continua-epidemia-por-iras\/\" \/>\n<meta property=\"og:site_name\" content=\"El Diario - Bolivia\" \/>\n<meta property=\"article:publisher\" content=\"https:\/\/www.facebook.com\/eldiario.bolivia\/\" \/>\n<meta property=\"article:published_time\" content=\"2023-05-02T12:25:27+00:00\" \/>\n<meta name=\"author\" content=\"Jeanette\" \/>\n<meta name=\"twitter:card\" content=\"summary_large_image\" \/>\n<meta name=\"twitter:creator\" content=\"@eldiario_net\" \/>\n<meta name=\"twitter:site\" content=\"@eldiario_net\" \/>\n<meta name=\"twitter:label1\" content=\"Escrito por\" \/>\n\t<meta name=\"twitter:data1\" content=\"Jeanette\" \/>\n\t<meta name=\"twitter:label2\" content=\"Tiempo de lectura\" \/>\n\t<meta name=\"twitter:data2\" content=\"2 minutos\" \/>\n<script type=\"application\/ld+json\" class=\"yoast-schema-graph\">{\"@context\":\"https:\\\/\\\/schema.org\",\"@graph\":[{\"@type\":\"Article\",\"@id\":\"https:\\\/\\\/www.eldiario.net\\\/portal\\\/2023\\\/05\\\/02\\\/suben-casos-de-covid-19-y-continua-epidemia-por-iras\\\/#article\",\"isPartOf\":{\"@id\":\"https:\\\/\\\/www.eldiario.net\\\/portal\\\/2023\\\/05\\\/02\\\/suben-casos-de-covid-19-y-continua-epidemia-por-iras\\\/\"},\"author\":{\"name\":\"Jeanette\",\"@id\":\"https:\\\/\\\/www.eldiario.net\\\/portal\\\/#\\\/schema\\\/person\\\/f46445640444750d7d753ccd04ae01b7\"},\"headline\":\"Suben casos de covid-19 y contin\u00faa epidemia por IRAs\",\"datePublished\":\"2023-05-02T12:25:27+00:00\",\"mainEntityOfPage\":{\"@id\":\"https:\\\/\\\/www.eldiario.net\\\/portal\\\/2023\\\/05\\\/02\\\/suben-casos-de-covid-19-y-continua-epidemia-por-iras\\\/\"},\"wordCount\":390,\"publisher\":{\"@id\":\"https:\\\/\\\/www.eldiario.net\\\/portal\\\/#organization\"},\"image\":{\"@id\":\"https:\\\/\\\/www.eldiario.net\\\/portal\\\/2023\\\/05\\\/02\\\/suben-casos-de-covid-19-y-continua-epidemia-por-iras\\\/#primaryimage\"},\"thumbnailUrl\":\"\",\"articleSection\":[\"Nacional\"],\"inLanguage\":\"es\"},{\"@type\":\"WebPage\",\"@id\":\"https:\\\/\\\/www.eldiario.net\\\/portal\\\/2023\\\/05\\\/02\\\/suben-casos-de-covid-19-y-continua-epidemia-por-iras\\\/\",\"url\":\"https:\\\/\\\/www.eldiario.net\\\/portal\\\/2023\\\/05\\\/02\\\/suben-casos-de-covid-19-y-continua-epidemia-por-iras\\\/\",\"name\":\"Suben casos de covid-19 y contin\u00faa epidemia por IRAs - El Diario - Bolivia\",\"isPartOf\":{\"@id\":\"https:\\\/\\\/www.eldiario.net\\\/portal\\\/#website\"},\"primaryImageOfPage\":{\"@id\":\"https:\\\/\\\/www.eldiario.net\\\/portal\\\/2023\\\/05\\\/02\\\/suben-casos-de-covid-19-y-continua-epidemia-por-iras\\\/#primaryimage\"},\"image\":{\"@id\":\"https:\\\/\\\/www.eldiario.net\\\/portal\\\/2023\\\/05\\\/02\\\/suben-casos-de-covid-19-y-continua-epidemia-por-iras\\\/#primaryimage\"},\"thumbnailUrl\":\"\",\"datePublished\":\"2023-05-02T12:25:27+00:00\",\"breadcrumb\":{\"@id\":\"https:\\\/\\\/www.eldiario.net\\\/portal\\\/2023\\\/05\\\/02\\\/suben-casos-de-covid-19-y-continua-epidemia-por-iras\\\/#breadcrumb\"},\"inLanguage\":\"es\",\"potentialAction\":[{\"@type\":\"ReadAction\",\"target\":[\"https:\\\/\\\/www.eldiario.net\\\/portal\\\/2023\\\/05\\\/02\\\/suben-casos-de-covid-19-y-continua-epidemia-por-iras\\\/\"]}]},{\"@type\":\"ImageObject\",\"inLanguage\":\"es\",\"@id\":\"https:\\\/\\\/www.eldiario.net\\\/portal\\\/2023\\\/05\\\/02\\\/suben-casos-de-covid-19-y-continua-epidemia-por-iras\\\/#primaryimage\",\"url\":\"\",\"contentUrl\":\"\"},{\"@type\":\"BreadcrumbList\",\"@id\":\"https:\\\/\\\/www.eldiario.net\\\/portal\\\/2023\\\/05\\\/02\\\/suben-casos-de-covid-19-y-continua-epidemia-por-iras\\\/#breadcrumb\",\"itemListElement\":[{\"@type\":\"ListItem\",\"position\":1,\"name\":\"Portada\",\"item\":\"https:\\\/\\\/www.eldiario.net\\\/portal\\\/\"},{\"@type\":\"ListItem\",\"position\":2,\"name\":\"Suben casos de covid-19 y contin\u00faa epidemia por IRAs\"}]},{\"@type\":\"WebSite\",\"@id\":\"https:\\\/\\\/www.eldiario.net\\\/portal\\\/#website\",\"url\":\"https:\\\/\\\/www.eldiario.net\\\/portal\\\/\",\"name\":\"El Diario - Decano de la prensa nacional\",\"description\":\"El Diario - Decano de la prensa nacional\",\"publisher\":{\"@id\":\"https:\\\/\\\/www.eldiario.net\\\/portal\\\/#organization\"},\"potentialAction\":[{\"@type\":\"SearchAction\",\"target\":{\"@type\":\"EntryPoint\",\"urlTemplate\":\"https:\\\/\\\/www.eldiario.net\\\/portal\\\/?s={search_term_string}\"},\"query-input\":{\"@type\":\"PropertyValueSpecification\",\"valueRequired\":true,\"valueName\":\"search_term_string\"}}],\"inLanguage\":\"es\"},{\"@type\":\"Organization\",\"@id\":\"https:\\\/\\\/www.eldiario.net\\\/portal\\\/#organization\",\"name\":\"El Diario - Decano de la prensa nacional\",\"url\":\"https:\\\/\\\/www.eldiario.net\\\/portal\\\/\",\"logo\":{\"@type\":\"ImageObject\",\"inLanguage\":\"es\",\"@id\":\"https:\\\/\\\/www.eldiario.net\\\/portal\\\/#\\\/schema\\\/logo\\\/image\\\/\",\"url\":\"https:\\\/\\\/www.eldiario.net\\\/portal\\\/wp-content\\\/uploads\\\/2023\\\/07\\\/logo_ED.jpg\",\"contentUrl\":\"https:\\\/\\\/www.eldiario.net\\\/portal\\\/wp-content\\\/uploads\\\/2023\\\/07\\\/logo_ED.jpg\",\"width\":272,\"height\":52,\"caption\":\"El Diario - Decano de la prensa nacional\"},\"image\":{\"@id\":\"https:\\\/\\\/www.eldiario.net\\\/portal\\\/#\\\/schema\\\/logo\\\/image\\\/\"},\"sameAs\":[\"https:\\\/\\\/www.facebook.com\\\/eldiario.bolivia\\\/\",\"https:\\\/\\\/x.com\\\/eldiario_net\"]},{\"@type\":\"Person\",\"@id\":\"https:\\\/\\\/www.eldiario.net\\\/portal\\\/#\\\/schema\\\/person\\\/f46445640444750d7d753ccd04ae01b7\",\"name\":\"Jeanette\",\"image\":{\"@type\":\"ImageObject\",\"inLanguage\":\"es\",\"@id\":\"https:\\\/\\\/secure.gravatar.com\\\/avatar\\\/3ea2118a5f7dad2b7138b1187a6b7ee55f160b9968b66013c3a3ef39dd7e5798?s=96&d=mm&r=g\",\"url\":\"https:\\\/\\\/secure.gravatar.com\\\/avatar\\\/3ea2118a5f7dad2b7138b1187a6b7ee55f160b9968b66013c3a3ef39dd7e5798?s=96&d=mm&r=g\",\"contentUrl\":\"https:\\\/\\\/secure.gravatar.com\\\/avatar\\\/3ea2118a5f7dad2b7138b1187a6b7ee55f160b9968b66013c3a3ef39dd7e5798?s=96&d=mm&r=g\",\"caption\":\"Jeanette\"},\"sameAs\":[\"https:\\\/\\\/www.eldiario.net\\\/portal\"],\"url\":\"https:\\\/\\\/www.eldiario.net\\\/portal\\\/author\\\/jeanette\\\/\"}]}<\/script>\n<!-- \/ Yoast SEO plugin. -->","yoast_head_json":{"title":"Suben casos de covid-19 y contin\u00faa epidemia por IRAs - El Diario - Bolivia","robots":{"index":"index","follow":"follow","max-snippet":"max-snippet:-1","max-image-preview":"max-image-preview:large","max-video-preview":"max-video-preview:-1"},"canonical":"https:\/\/www.eldiario.net\/portal\/2023\/05\/02\/suben-casos-de-covid-19-y-continua-epidemia-por-iras\/","og_locale":"es_ES","og_type":"article","og_title":"Suben casos de covid-19 y contin\u00faa epidemia por IRAs - El Diario - Bolivia","og_description":"El ministro de Salud y Deportes, Jeyson Auza, report\u00f3 que por segunda semana consecutiva, en el pa\u00eds se registr\u00f3 un incremento de 30% de casos covid-19, sin embargo, asegur\u00f3 que la cantidad a\u00fan est\u00e1 \u201cen niveles bajos de contagio\u201d. Por otra parte, se\u00f1al\u00f3 que se mantiene el aumento sostenido de casos de Infecciones Respiratorias Agudas [&hellip;]","og_url":"https:\/\/www.eldiario.net\/portal\/2023\/05\/02\/suben-casos-de-covid-19-y-continua-epidemia-por-iras\/","og_site_name":"El Diario - Bolivia","article_publisher":"https:\/\/www.facebook.com\/eldiario.bolivia\/","article_published_time":"2023-05-02T12:25:27+00:00","author":"Jeanette","twitter_card":"summary_large_image","twitter_creator":"@eldiario_net","twitter_site":"@eldiario_net","twitter_misc":{"Escrito por":"Jeanette","Tiempo de lectura":"2 minutos"},"schema":{"@context":"https:\/\/schema.org","@graph":[{"@type":"Article","@id":"https:\/\/www.eldiario.net\/portal\/2023\/05\/02\/suben-casos-de-covid-19-y-continua-epidemia-por-iras\/#article","isPartOf":{"@id":"https:\/\/www.eldiario.net\/portal\/2023\/05\/02\/suben-casos-de-covid-19-y-continua-epidemia-por-iras\/"},"author":{"name":"Jeanette","@id":"https:\/\/www.eldiario.net\/portal\/#\/schema\/person\/f46445640444750d7d753ccd04ae01b7"},"headline":"Suben casos de covid-19 y contin\u00faa epidemia por IRAs","datePublished":"2023-05-02T12:25:27+00:00","mainEntityOfPage":{"@id":"https:\/\/www.eldiario.net\/portal\/2023\/05\/02\/suben-casos-de-covid-19-y-continua-epidemia-por-iras\/"},"wordCount":390,"publisher":{"@id":"https:\/\/www.eldiario.net\/portal\/#organization"},"image":{"@id":"https:\/\/www.eldiario.net\/portal\/2023\/05\/02\/suben-casos-de-covid-19-y-continua-epidemia-por-iras\/#primaryimage"},"thumbnailUrl":"","articleSection":["Nacional"],"inLanguage":"es"},{"@type":"WebPage","@id":"https:\/\/www.eldiario.net\/portal\/2023\/05\/02\/suben-casos-de-covid-19-y-continua-epidemia-por-iras\/","url":"https:\/\/www.eldiario.net\/portal\/2023\/05\/02\/suben-casos-de-covid-19-y-continua-epidemia-por-iras\/","name":"Suben casos de covid-19 y contin\u00faa epidemia por IRAs - El Diario - Bolivia","isPartOf":{"@id":"https:\/\/www.eldiario.net\/portal\/#website"},"primaryImageOfPage":{"@id":"https:\/\/www.eldiario.net\/portal\/2023\/05\/02\/suben-casos-de-covid-19-y-continua-epidemia-por-iras\/#primaryimage"},"image":{"@id":"https:\/\/www.eldiario.net\/portal\/2023\/05\/02\/suben-casos-de-covid-19-y-continua-epidemia-por-iras\/#primaryimage"},"thumbnailUrl":"","datePublished":"2023-05-02T12:25:27+00:00","breadcrumb":{"@id":"https:\/\/www.eldiario.net\/portal\/2023\/05\/02\/suben-casos-de-covid-19-y-continua-epidemia-por-iras\/#breadcrumb"},"inLanguage":"es","potentialAction":[{"@type":"ReadAction","target":["https:\/\/www.eldiario.net\/portal\/2023\/05\/02\/suben-casos-de-covid-19-y-continua-epidemia-por-iras\/"]}]},{"@type":"ImageObject","inLanguage":"es","@id":"https:\/\/www.eldiario.net\/portal\/2023\/05\/02\/suben-casos-de-covid-19-y-continua-epidemia-por-iras\/#primaryimage","url":"","contentUrl":""},{"@type":"BreadcrumbList","@id":"https:\/\/www.eldiario.net\/portal\/2023\/05\/02\/suben-casos-de-covid-19-y-continua-epidemia-por-iras\/#breadcrumb","itemListElement":[{"@type":"ListItem","position":1,"name":"Portada","item":"https:\/\/www.eldiario.net\/portal\/"},{"@type":"ListItem","position":2,"name":"Suben casos de covid-19 y contin\u00faa epidemia por IRAs"}]},{"@type":"WebSite","@id":"https:\/\/www.eldiario.net\/portal\/#website","url":"https:\/\/www.eldiario.net\/portal\/","name":"El Diario - Decano de la prensa nacional","description":"El Diario - Decano de la prensa nacional","publisher":{"@id":"https:\/\/www.eldiario.net\/portal\/#organization"},"potentialAction":[{"@type":"SearchAction","target":{"@type":"EntryPoint","urlTemplate":"https:\/\/www.eldiario.net\/portal\/?s={search_term_string}"},"query-input":{"@type":"PropertyValueSpecification","valueRequired":true,"valueName":"search_term_string"}}],"inLanguage":"es"},{"@type":"Organization","@id":"https:\/\/www.eldiario.net\/portal\/#organization","name":"El Diario - Decano de la prensa nacional","url":"https:\/\/www.eldiario.net\/portal\/","logo":{"@type":"ImageObject","inLanguage":"es","@id":"https:\/\/www.eldiario.net\/portal\/#\/schema\/logo\/image\/","url":"https:\/\/www.eldiario.net\/portal\/wp-content\/uploads\/2023\/07\/logo_ED.jpg","contentUrl":"https:\/\/www.eldiario.net\/portal\/wp-content\/uploads\/2023\/07\/logo_ED.jpg","width":272,"height":52,"caption":"El Diario - Decano de la prensa nacional"},"image":{"@id":"https:\/\/www.eldiario.net\/portal\/#\/schema\/logo\/image\/"},"sameAs":["https:\/\/www.facebook.com\/eldiario.bolivia\/","https:\/\/x.com\/eldiario_net"]},{"@type":"Person","@id":"https:\/\/www.eldiario.net\/portal\/#\/schema\/person\/f46445640444750d7d753ccd04ae01b7","name":"Jeanette","image":{"@type":"ImageObject","inLanguage":"es","@id":"https:\/\/secure.gravatar.com\/avatar\/3ea2118a5f7dad2b7138b1187a6b7ee55f160b9968b66013c3a3ef39dd7e5798?s=96&d=mm&r=g","url":"https:\/\/secure.gravatar.com\/avatar\/3ea2118a5f7dad2b7138b1187a6b7ee55f160b9968b66013c3a3ef39dd7e5798?s=96&d=mm&r=g","contentUrl":"https:\/\/secure.gravatar.com\/avatar\/3ea2118a5f7dad2b7138b1187a6b7ee55f160b9968b66013c3a3ef39dd7e5798?s=96&d=mm&r=g","caption":"Jeanette"},"sameAs":["https:\/\/www.eldiario.net\/portal"],"url":"https:\/\/www.eldiario.net\/portal\/author\/jeanette\/"}]}},"_links":{"self":[{"href":"https:\/\/www.eldiario.net\/portal\/wp-json\/wp\/v2\/posts\/152052","targetHints":{"allow":["GET"]}}],"collection":[{"href":"https:\/\/www.eldiario.net\/portal\/wp-json\/wp\/v2\/posts"}],"about":[{"href":"https:\/\/www.eldiario.net\/portal\/wp-json\/wp\/v2\/types\/post"}],"author":[{"embeddable":true,"href":"https:\/\/www.eldiario.net\/portal\/wp-json\/wp\/v2\/users\/1"}],"replies":[{"embeddable":true,"href":"https:\/\/www.eldiario.net\/portal\/wp-json\/wp\/v2\/comments?post=152052"}],"version-history":[{"count":0,"href":"https:\/\/www.eldiario.net\/portal\/wp-json\/wp\/v2\/posts\/152052\/revisions"}],"wp:attachment":[{"href":"https:\/\/www.eldiario.net\/portal\/wp-json\/wp\/v2\/media?parent=152052"}],"wp:term":[{"taxonomy":"category","embeddable":true,"href":"https:\/\/www.eldiario.net\/portal\/wp-json\/wp\/v2\/categories?post=152052"},{"taxonomy":"post_tag","embeddable":true,"href":"https:\/\/www.eldiario.net\/portal\/wp-json\/wp\/v2\/tags?post=152052"}],"curies":[{"name":"wp","href":"https:\/\/api.w.org\/{rel}","templated":true}]}}