{"id":151903,"date":"2023-05-01T06:48:56","date_gmt":"2023-05-01T10:48:56","guid":{"rendered":"https:\/\/www.eldiario.net\/portal\/?p=151903"},"modified":"2023-05-01T06:48:56","modified_gmt":"2023-05-01T10:48:56","slug":"produccion-de-petroleo-no-convencional-en-vaca-muerta-sube-355-en-marzo","status":"publish","type":"post","link":"https:\/\/www.eldiario.net\/portal\/2023\/05\/01\/produccion-de-petroleo-no-convencional-en-vaca-muerta-sube-355-en-marzo\/","title":{"rendered":"Producci\u00f3n de petr\u00f3leo no convencional en Vaca Muerta sube 35,5% en marzo"},"content":{"rendered":"<p>La producci\u00f3n de petr\u00f3leo no convencional de Argentina en la gigantesca formaci\u00f3n Vaca Muerta aument\u00f3 en marzo un 35,5% respecto al mismo mes del 2022, mientras que el gas creci\u00f3 14,3% en el mismo per\u00edodo, inform\u00f3 la Secretar\u00eda de Energ\u00eda en un comunicado.<br \/>\nLa formaci\u00f3n de Vaca Muerta, del tama\u00f1o de B\u00e9lgica y que se ubica en la provincia de Neuqu\u00e9n, produjo 300.400 barriles por d\u00eda (bpd) de petr\u00f3leo en marzo, un 2,6% m\u00e1s que en el mes anterior.<br \/>\nPor el lado del gas no convencional, la producci\u00f3n en marzo totaliz\u00f3 52,3 millones de metros c\u00fabicos por d\u00eda, un 0,47% m\u00e1s que en el mes anterior.<br \/>\n\u201cLos datos indican que sus pozos (de Vaca Muerta) suministraron el 47% de la producci\u00f3n total de petr\u00f3leo y el 41% de la producci\u00f3n total del gas\u201d, se\u00f1al\u00f3 la secretaria de Energ\u00eda, Flavia Royon.<br \/>\nSeg\u00fan datos oficiales, el bombeo total de petr\u00f3leo aument\u00f3 un 12,1% respecto a marzo del a\u00f1o pasado a 640.900 bpd, mientras que la producci\u00f3n de gas creci\u00f3 un 2,7% en el mismo per\u00edodo a 128,8 millones de metros c\u00fabicos por d\u00eda.<br \/>\nEl desarrollo de Vaca Muerta, la segunda reserva de gas no convencional del mundo y la cuarta de petr\u00f3leo, permitir\u00e1 al pa\u00eds incrementar sus exportaciones de energ\u00eda y generar miles de millones de d\u00f3lares para fortalecer las escasas reservas de divisas que tiene el banco central.<br \/>\nSeg\u00fan Royon, el aumento de la producci\u00f3n dom\u00e9stica permitir\u00eda alcanzar un equilibrio en la balanza comercial energ\u00e9tica este a\u00f1o, despu\u00e9s de registrar un d\u00e9ficit de unos 5.000 millones de d\u00f3lares en 2022. (REUTERS)<\/p>\n<p>&nbsp;<\/p>\n","protected":false},"excerpt":{"rendered":"<p>La producci\u00f3n de petr\u00f3leo no convencional de Argentina en la gigantesca formaci\u00f3n Vaca Muerta aument\u00f3 en marzo un 35,5% respecto al mismo mes del 2022, mientras que el gas creci\u00f3 14,3% en el mismo per\u00edodo, inform\u00f3 la Secretar\u00eda de Energ\u00eda en un comunicado. La formaci\u00f3n de Vaca Muerta, del tama\u00f1o de B\u00e9lgica y que se [&hellip;]<\/p>\n","protected":false},"author":2,"featured_media":151832,"comment_status":"closed","ping_status":"closed","sticky":false,"template":"","format":"standard","meta":{"_acf_changed":false,"footnotes":""},"categories":[7],"tags":[],"class_list":["post-151903","post","type-post","status-publish","format-standard","has-post-thumbnail","category-economia"],"acf":{"antetitulo":""},"yoast_head":"<!-- This site is optimized with the Yoast SEO plugin v28.4 - https:\/\/yoast.com\/product\/yoast-seo-wordpress\/ -->\n<title>Producci\u00f3n de petr\u00f3leo no convencional en Vaca Muerta sube 35,5% en marzo - El Diario - Bolivia<\/title>\n<meta name=\"robots\" content=\"index, follow, max-snippet:-1, max-image-preview:large, max-video-preview:-1\" \/>\n<link rel=\"canonical\" href=\"https:\/\/www.eldiario.net\/portal\/2023\/05\/01\/produccion-de-petroleo-no-convencional-en-vaca-muerta-sube-355-en-marzo\/\" \/>\n<meta property=\"og:locale\" content=\"es_ES\" \/>\n<meta property=\"og:type\" content=\"article\" \/>\n<meta property=\"og:title\" content=\"Producci\u00f3n de petr\u00f3leo no convencional en Vaca Muerta sube 35,5% en marzo - El Diario - Bolivia\" \/>\n<meta property=\"og:description\" content=\"La producci\u00f3n de petr\u00f3leo no convencional de Argentina en la gigantesca formaci\u00f3n Vaca Muerta aument\u00f3 en marzo un 35,5% respecto al mismo mes del 2022, mientras que el gas creci\u00f3 14,3% en el mismo per\u00edodo, inform\u00f3 la Secretar\u00eda de Energ\u00eda en un comunicado. La formaci\u00f3n de Vaca Muerta, del tama\u00f1o de B\u00e9lgica y que se [&hellip;]\" \/>\n<meta property=\"og:url\" content=\"https:\/\/www.eldiario.net\/portal\/2023\/05\/01\/produccion-de-petroleo-no-convencional-en-vaca-muerta-sube-355-en-marzo\/\" \/>\n<meta property=\"og:site_name\" content=\"El Diario - Bolivia\" \/>\n<meta property=\"article:publisher\" content=\"https:\/\/www.facebook.com\/eldiario.bolivia\/\" \/>\n<meta property=\"article:published_time\" content=\"2023-05-01T10:48:56+00:00\" \/>\n<meta name=\"author\" content=\"luis Camacho\" \/>\n<meta name=\"twitter:card\" content=\"summary_large_image\" \/>\n<meta name=\"twitter:creator\" content=\"@eldiario_net\" \/>\n<meta name=\"twitter:site\" content=\"@eldiario_net\" \/>\n<meta name=\"twitter:label1\" content=\"Escrito por\" \/>\n\t<meta name=\"twitter:data1\" content=\"luis Camacho\" \/>\n\t<meta name=\"twitter:label2\" content=\"Tiempo de lectura\" \/>\n\t<meta name=\"twitter:data2\" content=\"2 minutos\" \/>\n<script type=\"application\/ld+json\" class=\"yoast-schema-graph\">{\"@context\":\"https:\\\/\\\/schema.org\",\"@graph\":[{\"@type\":\"Article\",\"@id\":\"https:\\\/\\\/www.eldiario.net\\\/portal\\\/2023\\\/05\\\/01\\\/produccion-de-petroleo-no-convencional-en-vaca-muerta-sube-355-en-marzo\\\/#article\",\"isPartOf\":{\"@id\":\"https:\\\/\\\/www.eldiario.net\\\/portal\\\/2023\\\/05\\\/01\\\/produccion-de-petroleo-no-convencional-en-vaca-muerta-sube-355-en-marzo\\\/\"},\"author\":{\"name\":\"luis Camacho\",\"@id\":\"https:\\\/\\\/www.eldiario.net\\\/portal\\\/#\\\/schema\\\/person\\\/c1a5d38e458b10c8ebd62f4189b82bbc\"},\"headline\":\"Producci\u00f3n de petr\u00f3leo no convencional en Vaca Muerta sube 35,5% en marzo\",\"datePublished\":\"2023-05-01T10:48:56+00:00\",\"mainEntityOfPage\":{\"@id\":\"https:\\\/\\\/www.eldiario.net\\\/portal\\\/2023\\\/05\\\/01\\\/produccion-de-petroleo-no-convencional-en-vaca-muerta-sube-355-en-marzo\\\/\"},\"wordCount\":301,\"publisher\":{\"@id\":\"https:\\\/\\\/www.eldiario.net\\\/portal\\\/#organization\"},\"image\":{\"@id\":\"https:\\\/\\\/www.eldiario.net\\\/portal\\\/2023\\\/05\\\/01\\\/produccion-de-petroleo-no-convencional-en-vaca-muerta-sube-355-en-marzo\\\/#primaryimage\"},\"thumbnailUrl\":\"\",\"articleSection\":[\"Econom\u00eda\"],\"inLanguage\":\"es\"},{\"@type\":\"WebPage\",\"@id\":\"https:\\\/\\\/www.eldiario.net\\\/portal\\\/2023\\\/05\\\/01\\\/produccion-de-petroleo-no-convencional-en-vaca-muerta-sube-355-en-marzo\\\/\",\"url\":\"https:\\\/\\\/www.eldiario.net\\\/portal\\\/2023\\\/05\\\/01\\\/produccion-de-petroleo-no-convencional-en-vaca-muerta-sube-355-en-marzo\\\/\",\"name\":\"Producci\u00f3n de petr\u00f3leo no convencional en Vaca Muerta sube 35,5% en marzo - El Diario - Bolivia\",\"isPartOf\":{\"@id\":\"https:\\\/\\\/www.eldiario.net\\\/portal\\\/#website\"},\"primaryImageOfPage\":{\"@id\":\"https:\\\/\\\/www.eldiario.net\\\/portal\\\/2023\\\/05\\\/01\\\/produccion-de-petroleo-no-convencional-en-vaca-muerta-sube-355-en-marzo\\\/#primaryimage\"},\"image\":{\"@id\":\"https:\\\/\\\/www.eldiario.net\\\/portal\\\/2023\\\/05\\\/01\\\/produccion-de-petroleo-no-convencional-en-vaca-muerta-sube-355-en-marzo\\\/#primaryimage\"},\"thumbnailUrl\":\"\",\"datePublished\":\"2023-05-01T10:48:56+00:00\",\"breadcrumb\":{\"@id\":\"https:\\\/\\\/www.eldiario.net\\\/portal\\\/2023\\\/05\\\/01\\\/produccion-de-petroleo-no-convencional-en-vaca-muerta-sube-355-en-marzo\\\/#breadcrumb\"},\"inLanguage\":\"es\",\"potentialAction\":[{\"@type\":\"ReadAction\",\"target\":[\"https:\\\/\\\/www.eldiario.net\\\/portal\\\/2023\\\/05\\\/01\\\/produccion-de-petroleo-no-convencional-en-vaca-muerta-sube-355-en-marzo\\\/\"]}]},{\"@type\":\"ImageObject\",\"inLanguage\":\"es\",\"@id\":\"https:\\\/\\\/www.eldiario.net\\\/portal\\\/2023\\\/05\\\/01\\\/produccion-de-petroleo-no-convencional-en-vaca-muerta-sube-355-en-marzo\\\/#primaryimage\",\"url\":\"\",\"contentUrl\":\"\"},{\"@type\":\"BreadcrumbList\",\"@id\":\"https:\\\/\\\/www.eldiario.net\\\/portal\\\/2023\\\/05\\\/01\\\/produccion-de-petroleo-no-convencional-en-vaca-muerta-sube-355-en-marzo\\\/#breadcrumb\",\"itemListElement\":[{\"@type\":\"ListItem\",\"position\":1,\"name\":\"Portada\",\"item\":\"https:\\\/\\\/www.eldiario.net\\\/portal\\\/\"},{\"@type\":\"ListItem\",\"position\":2,\"name\":\"Producci\u00f3n de petr\u00f3leo no convencional en Vaca Muerta sube 35,5% en marzo\"}]},{\"@type\":\"WebSite\",\"@id\":\"https:\\\/\\\/www.eldiario.net\\\/portal\\\/#website\",\"url\":\"https:\\\/\\\/www.eldiario.net\\\/portal\\\/\",\"name\":\"El Diario - Decano de la prensa nacional\",\"description\":\"El Diario - Decano de la prensa nacional\",\"publisher\":{\"@id\":\"https:\\\/\\\/www.eldiario.net\\\/portal\\\/#organization\"},\"potentialAction\":[{\"@type\":\"SearchAction\",\"target\":{\"@type\":\"EntryPoint\",\"urlTemplate\":\"https:\\\/\\\/www.eldiario.net\\\/portal\\\/?s={search_term_string}\"},\"query-input\":{\"@type\":\"PropertyValueSpecification\",\"valueRequired\":true,\"valueName\":\"search_term_string\"}}],\"inLanguage\":\"es\"},{\"@type\":\"Organization\",\"@id\":\"https:\\\/\\\/www.eldiario.net\\\/portal\\\/#organization\",\"name\":\"El Diario - Decano de la prensa nacional\",\"url\":\"https:\\\/\\\/www.eldiario.net\\\/portal\\\/\",\"logo\":{\"@type\":\"ImageObject\",\"inLanguage\":\"es\",\"@id\":\"https:\\\/\\\/www.eldiario.net\\\/portal\\\/#\\\/schema\\\/logo\\\/image\\\/\",\"url\":\"https:\\\/\\\/www.eldiario.net\\\/portal\\\/wp-content\\\/uploads\\\/2023\\\/07\\\/logo_ED.jpg\",\"contentUrl\":\"https:\\\/\\\/www.eldiario.net\\\/portal\\\/wp-content\\\/uploads\\\/2023\\\/07\\\/logo_ED.jpg\",\"width\":272,\"height\":52,\"caption\":\"El Diario - Decano de la prensa nacional\"},\"image\":{\"@id\":\"https:\\\/\\\/www.eldiario.net\\\/portal\\\/#\\\/schema\\\/logo\\\/image\\\/\"},\"sameAs\":[\"https:\\\/\\\/www.facebook.com\\\/eldiario.bolivia\\\/\",\"https:\\\/\\\/x.com\\\/eldiario_net\"]},{\"@type\":\"Person\",\"@id\":\"https:\\\/\\\/www.eldiario.net\\\/portal\\\/#\\\/schema\\\/person\\\/c1a5d38e458b10c8ebd62f4189b82bbc\",\"name\":\"luis Camacho\",\"image\":{\"@type\":\"ImageObject\",\"inLanguage\":\"es\",\"@id\":\"https:\\\/\\\/secure.gravatar.com\\\/avatar\\\/69ecb836b3826d5a2501bf06ab2a2f2c8ab211cc846758f395df21684cb38313?s=96&d=mm&r=g\",\"url\":\"https:\\\/\\\/secure.gravatar.com\\\/avatar\\\/69ecb836b3826d5a2501bf06ab2a2f2c8ab211cc846758f395df21684cb38313?s=96&d=mm&r=g\",\"contentUrl\":\"https:\\\/\\\/secure.gravatar.com\\\/avatar\\\/69ecb836b3826d5a2501bf06ab2a2f2c8ab211cc846758f395df21684cb38313?s=96&d=mm&r=g\",\"caption\":\"luis Camacho\"},\"url\":\"https:\\\/\\\/www.eldiario.net\\\/portal\\\/author\\\/luis\\\/\"}]}<\/script>\n<!-- \/ Yoast SEO plugin. -->","yoast_head_json":{"title":"Producci\u00f3n de petr\u00f3leo no convencional en Vaca Muerta sube 35,5% en marzo - El Diario - Bolivia","robots":{"index":"index","follow":"follow","max-snippet":"max-snippet:-1","max-image-preview":"max-image-preview:large","max-video-preview":"max-video-preview:-1"},"canonical":"https:\/\/www.eldiario.net\/portal\/2023\/05\/01\/produccion-de-petroleo-no-convencional-en-vaca-muerta-sube-355-en-marzo\/","og_locale":"es_ES","og_type":"article","og_title":"Producci\u00f3n de petr\u00f3leo no convencional en Vaca Muerta sube 35,5% en marzo - El Diario - Bolivia","og_description":"La producci\u00f3n de petr\u00f3leo no convencional de Argentina en la gigantesca formaci\u00f3n Vaca Muerta aument\u00f3 en marzo un 35,5% respecto al mismo mes del 2022, mientras que el gas creci\u00f3 14,3% en el mismo per\u00edodo, inform\u00f3 la Secretar\u00eda de Energ\u00eda en un comunicado. La formaci\u00f3n de Vaca Muerta, del tama\u00f1o de B\u00e9lgica y que se [&hellip;]","og_url":"https:\/\/www.eldiario.net\/portal\/2023\/05\/01\/produccion-de-petroleo-no-convencional-en-vaca-muerta-sube-355-en-marzo\/","og_site_name":"El Diario - Bolivia","article_publisher":"https:\/\/www.facebook.com\/eldiario.bolivia\/","article_published_time":"2023-05-01T10:48:56+00:00","author":"luis Camacho","twitter_card":"summary_large_image","twitter_creator":"@eldiario_net","twitter_site":"@eldiario_net","twitter_misc":{"Escrito por":"luis Camacho","Tiempo de lectura":"2 minutos"},"schema":{"@context":"https:\/\/schema.org","@graph":[{"@type":"Article","@id":"https:\/\/www.eldiario.net\/portal\/2023\/05\/01\/produccion-de-petroleo-no-convencional-en-vaca-muerta-sube-355-en-marzo\/#article","isPartOf":{"@id":"https:\/\/www.eldiario.net\/portal\/2023\/05\/01\/produccion-de-petroleo-no-convencional-en-vaca-muerta-sube-355-en-marzo\/"},"author":{"name":"luis Camacho","@id":"https:\/\/www.eldiario.net\/portal\/#\/schema\/person\/c1a5d38e458b10c8ebd62f4189b82bbc"},"headline":"Producci\u00f3n de petr\u00f3leo no convencional en Vaca Muerta sube 35,5% en marzo","datePublished":"2023-05-01T10:48:56+00:00","mainEntityOfPage":{"@id":"https:\/\/www.eldiario.net\/portal\/2023\/05\/01\/produccion-de-petroleo-no-convencional-en-vaca-muerta-sube-355-en-marzo\/"},"wordCount":301,"publisher":{"@id":"https:\/\/www.eldiario.net\/portal\/#organization"},"image":{"@id":"https:\/\/www.eldiario.net\/portal\/2023\/05\/01\/produccion-de-petroleo-no-convencional-en-vaca-muerta-sube-355-en-marzo\/#primaryimage"},"thumbnailUrl":"","articleSection":["Econom\u00eda"],"inLanguage":"es"},{"@type":"WebPage","@id":"https:\/\/www.eldiario.net\/portal\/2023\/05\/01\/produccion-de-petroleo-no-convencional-en-vaca-muerta-sube-355-en-marzo\/","url":"https:\/\/www.eldiario.net\/portal\/2023\/05\/01\/produccion-de-petroleo-no-convencional-en-vaca-muerta-sube-355-en-marzo\/","name":"Producci\u00f3n de petr\u00f3leo no convencional en Vaca Muerta sube 35,5% en marzo - El Diario - Bolivia","isPartOf":{"@id":"https:\/\/www.eldiario.net\/portal\/#website"},"primaryImageOfPage":{"@id":"https:\/\/www.eldiario.net\/portal\/2023\/05\/01\/produccion-de-petroleo-no-convencional-en-vaca-muerta-sube-355-en-marzo\/#primaryimage"},"image":{"@id":"https:\/\/www.eldiario.net\/portal\/2023\/05\/01\/produccion-de-petroleo-no-convencional-en-vaca-muerta-sube-355-en-marzo\/#primaryimage"},"thumbnailUrl":"","datePublished":"2023-05-01T10:48:56+00:00","breadcrumb":{"@id":"https:\/\/www.eldiario.net\/portal\/2023\/05\/01\/produccion-de-petroleo-no-convencional-en-vaca-muerta-sube-355-en-marzo\/#breadcrumb"},"inLanguage":"es","potentialAction":[{"@type":"ReadAction","target":["https:\/\/www.eldiario.net\/portal\/2023\/05\/01\/produccion-de-petroleo-no-convencional-en-vaca-muerta-sube-355-en-marzo\/"]}]},{"@type":"ImageObject","inLanguage":"es","@id":"https:\/\/www.eldiario.net\/portal\/2023\/05\/01\/produccion-de-petroleo-no-convencional-en-vaca-muerta-sube-355-en-marzo\/#primaryimage","url":"","contentUrl":""},{"@type":"BreadcrumbList","@id":"https:\/\/www.eldiario.net\/portal\/2023\/05\/01\/produccion-de-petroleo-no-convencional-en-vaca-muerta-sube-355-en-marzo\/#breadcrumb","itemListElement":[{"@type":"ListItem","position":1,"name":"Portada","item":"https:\/\/www.eldiario.net\/portal\/"},{"@type":"ListItem","position":2,"name":"Producci\u00f3n de petr\u00f3leo no convencional en Vaca Muerta sube 35,5% en marzo"}]},{"@type":"WebSite","@id":"https:\/\/www.eldiario.net\/portal\/#website","url":"https:\/\/www.eldiario.net\/portal\/","name":"El Diario - Decano de la prensa nacional","description":"El Diario - Decano de la prensa nacional","publisher":{"@id":"https:\/\/www.eldiario.net\/portal\/#organization"},"potentialAction":[{"@type":"SearchAction","target":{"@type":"EntryPoint","urlTemplate":"https:\/\/www.eldiario.net\/portal\/?s={search_term_string}"},"query-input":{"@type":"PropertyValueSpecification","valueRequired":true,"valueName":"search_term_string"}}],"inLanguage":"es"},{"@type":"Organization","@id":"https:\/\/www.eldiario.net\/portal\/#organization","name":"El Diario - Decano de la prensa nacional","url":"https:\/\/www.eldiario.net\/portal\/","logo":{"@type":"ImageObject","inLanguage":"es","@id":"https:\/\/www.eldiario.net\/portal\/#\/schema\/logo\/image\/","url":"https:\/\/www.eldiario.net\/portal\/wp-content\/uploads\/2023\/07\/logo_ED.jpg","contentUrl":"https:\/\/www.eldiario.net\/portal\/wp-content\/uploads\/2023\/07\/logo_ED.jpg","width":272,"height":52,"caption":"El Diario - Decano de la prensa nacional"},"image":{"@id":"https:\/\/www.eldiario.net\/portal\/#\/schema\/logo\/image\/"},"sameAs":["https:\/\/www.facebook.com\/eldiario.bolivia\/","https:\/\/x.com\/eldiario_net"]},{"@type":"Person","@id":"https:\/\/www.eldiario.net\/portal\/#\/schema\/person\/c1a5d38e458b10c8ebd62f4189b82bbc","name":"luis Camacho","image":{"@type":"ImageObject","inLanguage":"es","@id":"https:\/\/secure.gravatar.com\/avatar\/69ecb836b3826d5a2501bf06ab2a2f2c8ab211cc846758f395df21684cb38313?s=96&d=mm&r=g","url":"https:\/\/secure.gravatar.com\/avatar\/69ecb836b3826d5a2501bf06ab2a2f2c8ab211cc846758f395df21684cb38313?s=96&d=mm&r=g","contentUrl":"https:\/\/secure.gravatar.com\/avatar\/69ecb836b3826d5a2501bf06ab2a2f2c8ab211cc846758f395df21684cb38313?s=96&d=mm&r=g","caption":"luis Camacho"},"url":"https:\/\/www.eldiario.net\/portal\/author\/luis\/"}]}},"_links":{"self":[{"href":"https:\/\/www.eldiario.net\/portal\/wp-json\/wp\/v2\/posts\/151903","targetHints":{"allow":["GET"]}}],"collection":[{"href":"https:\/\/www.eldiario.net\/portal\/wp-json\/wp\/v2\/posts"}],"about":[{"href":"https:\/\/www.eldiario.net\/portal\/wp-json\/wp\/v2\/types\/post"}],"author":[{"embeddable":true,"href":"https:\/\/www.eldiario.net\/portal\/wp-json\/wp\/v2\/users\/2"}],"replies":[{"embeddable":true,"href":"https:\/\/www.eldiario.net\/portal\/wp-json\/wp\/v2\/comments?post=151903"}],"version-history":[{"count":0,"href":"https:\/\/www.eldiario.net\/portal\/wp-json\/wp\/v2\/posts\/151903\/revisions"}],"wp:attachment":[{"href":"https:\/\/www.eldiario.net\/portal\/wp-json\/wp\/v2\/media?parent=151903"}],"wp:term":[{"taxonomy":"category","embeddable":true,"href":"https:\/\/www.eldiario.net\/portal\/wp-json\/wp\/v2\/categories?post=151903"},{"taxonomy":"post_tag","embeddable":true,"href":"https:\/\/www.eldiario.net\/portal\/wp-json\/wp\/v2\/tags?post=151903"}],"curies":[{"name":"wp","href":"https:\/\/api.w.org\/{rel}","templated":true}]}}