{"id":151897,"date":"2023-05-01T06:46:43","date_gmt":"2023-05-01T10:46:43","guid":{"rendered":"https:\/\/www.eldiario.net\/portal\/?p=151897"},"modified":"2023-05-01T06:46:43","modified_gmt":"2023-05-01T10:46:43","slug":"cinerama-tv-apuesta-por-ser-un-canal-educativo-cultural-e-informativo","status":"publish","type":"post","link":"https:\/\/www.eldiario.net\/portal\/2023\/05\/01\/cinerama-tv-apuesta-por-ser-un-canal-educativo-cultural-e-informativo\/","title":{"rendered":"Cinerama TV apuesta por ser un canal educativo, cultural e informativo"},"content":{"rendered":"<p>Ser un canal de televisi\u00f3n educativo, cultural e informativo, con una mirada plural e inclusiva, sabiendo que entre las culturas y los medios de comunicaci\u00f3n hay una relaci\u00f3n dial\u00e9ctica, es una de las metas que se ha propuesto Cinerama TV.<\/p>\n<p>El canal, que dirige el m\u00fasico y comunicador Carlos Ponce, dio sus primeros pasos de manera oficial en noviembre de 2021 y actualmente emite su se\u00f1al por Cotel TV.<\/p>\n<p>Seg\u00fan Ponce, Cinerama Televisi\u00f3n ha comprendido la dimensi\u00f3n cultural de la TV y su enorme potencial para apoyar una educaci\u00f3n y formaci\u00f3n de calidad.<\/p>\n<p>Pero tambi\u00e9n apuesta por un periodismo con informaci\u00f3n veraz, no sesgada e improvisada, a la altura que el p\u00fablico espera de un medio de comunicaci\u00f3n serio y profesional.<\/p>\n<p>Cinerama est\u00e1 dirigido a un p\u00fablico infantil, juvenil y adulto contempor\u00e1neo, con contenidos adecuados para cada uno de estos segmentos, trabajando a diario de manera pujante para ser diferentes y singulares en este mundo de la comunicaci\u00f3n audiovisual, destac\u00f3 Ponce.<\/p>\n<p>La programaci\u00f3n est\u00e1 basada en la producci\u00f3n nacional, fortaleciendo el patrimonio cultural creado por intelectuales, artistas, cient\u00edficos y educadores bolivianos de todos los tiempos.<\/p>\n<p>El equipo profesional de Cinerama TV est\u00e1 conformado por j\u00f3venes profesionales con una perspectiva de crecer y ganarse un espacio en el mundo del periodismo y la comunicaci\u00f3n.<\/p>\n<p>\u201cLiberados de la presi\u00f3n comercial, los logros culturales y educativos que se quieren consolidar, no se medir\u00e1n con criterios de masividad tipo rating, sino a trav\u00e9s de estudios cualitativos de audiencia\u201d, resalt\u00f3 Carlos a La Gu\u00eda.<\/p>\n<p><strong>LG: \u00bfPor qu\u00e9 pusieron ese nombre el canal?<\/strong><\/p>\n<p>C: Primero porque es uno de los medios de comunicaci\u00f3n consolidados de nuestra empresa CINERAMA \u2013 MULTIMEDIA y, segundo, por el significado, que es la proyecci\u00f3n de tres c\u00e1maras de 35mm, simult\u00e1neamente dando ese efecto panor\u00e1mico en las pantallas cinematogr\u00e1ficas.<\/p>\n<p><strong>LG: \u00bfEn esta coyuntura qu\u00e9 les motiv\u00f3 a apostar por un canal educativo, cultural e informativo?<\/strong><\/p>\n<p>C: Nos motiv\u00f3 la necesidad de empezar a trabajar no solo en que los medios de comunicaci\u00f3n se basen en informaci\u00f3n y entretenimiento, sino tambi\u00e9n en el formativo cultural hacia las nuevas generaciones de bolivianos, que es lo fr\u00e1gil en estos tiempos contempor\u00e1neos.<\/p>\n<p><strong>LG: \u00bfQu\u00e9 balance haces de este tiempo de trabajo?, \u00bfc\u00f3mo les ha ido?<\/strong><\/p>\n<p>C: Fue muy sacrificado y positivo, ya que empezamos desde colocar las primeras piedras de este proyecto. No es f\u00e1cil consolidar un nuevo medio de comunicaci\u00f3n, hasta ya ahora ser un canal con se\u00f1al nacional, llegando a cada rinc\u00f3n de Bolivia.<\/p>\n<p><strong>LG: \u00bfQu\u00e9 fue lo m\u00e1s f\u00e1cil y qu\u00e9 lo m\u00e1s dif\u00edcil?<\/strong><\/p>\n<p>C: Bueno, lo m\u00e1s f\u00e1cil fue so\u00f1ar con que un d\u00eda pudi\u00e9ramos tener un medio de comunicaci\u00f3n, ya que dimos l\u00edneas e ideas para programas de televisi\u00f3n y canales, queriendo consolidar este formato.<\/p>\n<p>Lo dif\u00edcil fue abrirse espacio entre los medios consolidados, pero con ah\u00ednco, compromiso y trabajo pujante de todo el equipo profesional estamos logrando, en casi un a\u00f1o y medio, ese reto dif\u00edcil de ser, primero, uno de los canales bandera dentro de la grilla de COTEL TV y, ahora, dentro de la grilla del Sat\u00e9lite T\u00fapac Katari, al lado de canales consolidados y con la misma calidad, siendo todav\u00eda un canal joven.<\/p>\n<p><strong>LG: \u00bfCu\u00e1l es el plato fuerte de la programaci\u00f3n de Cinerama?, \u00bfhay alg\u00fan programa en especial?<\/strong><\/p>\n<p>C: Primero est\u00e1n nuestras series y nuestras pel\u00edculas sin cortes ni publicidades y, por otro lado, nuestro noticiero, nuestra revista \u201cPor la Ma\u00f1ana\u201d y nuestra revista de la noche \u201cAl comp\u00e1s de la noche\u201d.<\/p>\n<p><strong>LG: \u00bfC\u00f3mo quisieras ver de ac\u00e1 a un tiempo al canal?<\/strong><\/p>\n<p>C: Queremos consolidar las metas con las que naci\u00f3 Cinerama TV, ser un medio alternativo imparcial en las noticias, fortalecer el encanto de ver televisi\u00f3n y siendo parte fundamental de nuestras familias bolivianas.<\/p>\n<p><strong>La programaci\u00f3n<\/strong><\/p>\n<p>Cinerama TV tiene en su programaci\u00f3n la siguiente oferta:<\/p>\n<p>El Noticiero \u201cCN Noticias\u201d, Meridiano y Central, conducido por la joven periodista Gabriela Zeballos. La jefa de prensa es la tambi\u00e9n joven profesional Maribel Chalco.<\/p>\n<p>La revista miscel\u00e1nea \u201cPor la ma\u00f1ana\u201d, conducida por la joven periodista y Se\u00f1orita El Alto, Jiara L\u00f3pez Janco, bajo la direcci\u00f3n de la gerente de producci\u00f3n, la experimentada Brisa Lima Argando\u00f1a.<\/p>\n<p>La revista nocturna \u201cAl comp\u00e1s de la noche\u201d, conducida por Carlos Ponce y Gabriela Zeballos, que tiene como invitadas a personalidades pol\u00edticas, sociales y culturales.<\/p>\n<p>El programa juvenil de fin semana \u201cMashup tv\u201d con m\u00fasica del mundo y una din\u00e1mica intercultural con otras culturas del mundo.<\/p>\n<p>\u201cCoraz\u00f3n sure\u00f1o\u201d es un programa de m\u00fasica sure\u00f1a conducido por la comunicadora Carolina Huanca y la modelo y comunicadora Betsy Mita.<\/p>\n<p>Tambi\u00e9n forman parte de la programaci\u00f3n sus infaltables series cl\u00e1sicas llenas de nostalgias, adem\u00e1s de pel\u00edculas cl\u00e1sicas y contempor\u00e1neas en full HD.<\/p>\n<p>\u201cEs as\u00ed que Cinerama TV quiere consolidarse como un medio de comunicaci\u00f3n que sea el compa\u00f1ero cotidiano de los bolivianos en cada rinc\u00f3n de nuestro pa\u00eds, y ser portavoz de ese encuentro urgente de bolivianas y bolivianos. Cinerama TV, somos tu canal\u201d, resalt\u00f3 Carlos Ponce.<\/p>\n<p>Cinerama TV emite su se\u00f1al en la ciudad de La Paz por Cotel TV Cable en el: Plan A: 11.4 y Plan B: 48.6.<\/p>\n<p>Pero tambi\u00e9n llega a cada rinc\u00f3n del pa\u00eds en los nueve departamentos mediante la se\u00f1al satelital del T\u00daPAC KATARI, en la frecuencia 12544MHz y 30000Ksps, adem\u00e1s de la p\u00e1gina: www. cineramatv.com o la aplicaci\u00f3n en Play Store: Cinerama Tv Bolivia.<\/p>\n<figure id=\"attachment_151898\" aria-describedby=\"caption-attachment-151898\" style=\"width: 300px\" class=\"wp-caption aligncenter\"><img loading=\"lazy\" decoding=\"async\" class=\"wp-image-151898 size-medium\" src=\"https:\/\/www.eldiario.net\/portal\/wp-content\/uploads\/2023\/05\/4.-Gabriela-Zeballos-presentadora-de-CN-Noticias-300x169.jpg\" alt=\"\" width=\"300\" height=\"169\" \/><figcaption id=\"caption-attachment-151898\" class=\"wp-caption-text\">Gabriela Zeballos, presentadora de CN Noticias.<\/figcaption><\/figure>\n<figure id=\"attachment_151900\" aria-describedby=\"caption-attachment-151900\" style=\"width: 300px\" class=\"wp-caption aligncenter\"><img loading=\"lazy\" decoding=\"async\" class=\"wp-image-151900 size-medium\" src=\"https:\/\/www.eldiario.net\/portal\/wp-content\/uploads\/2023\/05\/3.-Jiara-Lopez-conductora-de-la-revista-Por-la-Manana-300x198.jpg\" alt=\"\" width=\"300\" height=\"198\" \/><figcaption id=\"caption-attachment-151900\" class=\"wp-caption-text\">Jiara L\u00f3pez, conductora de la revista Por la Ma\u00f1ana<\/figcaption><\/figure>\n<figure id=\"attachment_151901\" aria-describedby=\"caption-attachment-151901\" style=\"width: 300px\" class=\"wp-caption aligncenter\"><img loading=\"lazy\" decoding=\"async\" class=\"wp-image-151901 size-medium\" src=\"https:\/\/www.eldiario.net\/portal\/wp-content\/uploads\/2023\/05\/2.-El-equipo-periodistico-de-Cinerama-TV-300x200.jpg\" alt=\"\" width=\"300\" height=\"200\" \/><figcaption id=\"caption-attachment-151901\" class=\"wp-caption-text\">El equipo period\u00edstico de Cinerama TV.<\/figcaption><\/figure>\n<p>&nbsp;<\/p>\n","protected":false},"excerpt":{"rendered":"<p>Ser un canal de televisi\u00f3n educativo, cultural e informativo, con una mirada plural e inclusiva, sabiendo que entre las culturas y los medios de comunicaci\u00f3n hay una relaci\u00f3n dial\u00e9ctica, es una de las metas que se ha propuesto Cinerama TV. El canal, que dirige el m\u00fasico y comunicador Carlos Ponce, dio sus primeros pasos de [&hellip;]<\/p>\n","protected":false},"author":2,"featured_media":151899,"comment_status":"closed","ping_status":"closed","sticky":false,"template":"","format":"standard","meta":{"_acf_changed":false,"footnotes":""},"categories":[41],"tags":[],"class_list":["post-151897","post","type-post","status-publish","format-standard","has-post-thumbnail","category-la-guia"],"acf":{"antetitulo":""},"yoast_head":"<!-- This site is optimized with the Yoast SEO plugin v28.4 - https:\/\/yoast.com\/product\/yoast-seo-wordpress\/ -->\n<title>Cinerama TV apuesta por ser un canal educativo, cultural e informativo - El Diario - Bolivia<\/title>\n<meta name=\"robots\" content=\"index, follow, max-snippet:-1, max-image-preview:large, max-video-preview:-1\" \/>\n<link rel=\"canonical\" href=\"https:\/\/www.eldiario.net\/portal\/2023\/05\/01\/cinerama-tv-apuesta-por-ser-un-canal-educativo-cultural-e-informativo\/\" \/>\n<meta property=\"og:locale\" content=\"es_ES\" \/>\n<meta property=\"og:type\" content=\"article\" \/>\n<meta property=\"og:title\" content=\"Cinerama TV apuesta por ser un canal educativo, cultural e informativo - El Diario - Bolivia\" \/>\n<meta property=\"og:description\" content=\"Ser un canal de televisi\u00f3n educativo, cultural e informativo, con una mirada plural e inclusiva, sabiendo que entre las culturas y los medios de comunicaci\u00f3n hay una relaci\u00f3n dial\u00e9ctica, es una de las metas que se ha propuesto Cinerama TV. El canal, que dirige el m\u00fasico y comunicador Carlos Ponce, dio sus primeros pasos de [&hellip;]\" \/>\n<meta property=\"og:url\" content=\"https:\/\/www.eldiario.net\/portal\/2023\/05\/01\/cinerama-tv-apuesta-por-ser-un-canal-educativo-cultural-e-informativo\/\" \/>\n<meta property=\"og:site_name\" content=\"El Diario - Bolivia\" \/>\n<meta property=\"article:publisher\" content=\"https:\/\/www.facebook.com\/eldiario.bolivia\/\" \/>\n<meta property=\"article:published_time\" content=\"2023-05-01T10:46:43+00:00\" \/>\n<meta name=\"author\" content=\"luis Camacho\" \/>\n<meta name=\"twitter:card\" content=\"summary_large_image\" \/>\n<meta name=\"twitter:creator\" content=\"@eldiario_net\" \/>\n<meta name=\"twitter:site\" content=\"@eldiario_net\" \/>\n<meta name=\"twitter:label1\" content=\"Escrito por\" \/>\n\t<meta name=\"twitter:data1\" content=\"luis Camacho\" \/>\n\t<meta name=\"twitter:label2\" content=\"Tiempo de lectura\" \/>\n\t<meta name=\"twitter:data2\" content=\"5 minutos\" \/>\n<script type=\"application\/ld+json\" class=\"yoast-schema-graph\">{\"@context\":\"https:\\\/\\\/schema.org\",\"@graph\":[{\"@type\":\"Article\",\"@id\":\"https:\\\/\\\/www.eldiario.net\\\/portal\\\/2023\\\/05\\\/01\\\/cinerama-tv-apuesta-por-ser-un-canal-educativo-cultural-e-informativo\\\/#article\",\"isPartOf\":{\"@id\":\"https:\\\/\\\/www.eldiario.net\\\/portal\\\/2023\\\/05\\\/01\\\/cinerama-tv-apuesta-por-ser-un-canal-educativo-cultural-e-informativo\\\/\"},\"author\":{\"name\":\"luis Camacho\",\"@id\":\"https:\\\/\\\/www.eldiario.net\\\/portal\\\/#\\\/schema\\\/person\\\/c1a5d38e458b10c8ebd62f4189b82bbc\"},\"headline\":\"Cinerama TV apuesta por ser un canal educativo, cultural e informativo\",\"datePublished\":\"2023-05-01T10:46:43+00:00\",\"mainEntityOfPage\":{\"@id\":\"https:\\\/\\\/www.eldiario.net\\\/portal\\\/2023\\\/05\\\/01\\\/cinerama-tv-apuesta-por-ser-un-canal-educativo-cultural-e-informativo\\\/\"},\"wordCount\":1048,\"publisher\":{\"@id\":\"https:\\\/\\\/www.eldiario.net\\\/portal\\\/#organization\"},\"image\":{\"@id\":\"https:\\\/\\\/www.eldiario.net\\\/portal\\\/2023\\\/05\\\/01\\\/cinerama-tv-apuesta-por-ser-un-canal-educativo-cultural-e-informativo\\\/#primaryimage\"},\"thumbnailUrl\":\"\",\"articleSection\":[\"La Gu\u00eda\"],\"inLanguage\":\"es\"},{\"@type\":\"WebPage\",\"@id\":\"https:\\\/\\\/www.eldiario.net\\\/portal\\\/2023\\\/05\\\/01\\\/cinerama-tv-apuesta-por-ser-un-canal-educativo-cultural-e-informativo\\\/\",\"url\":\"https:\\\/\\\/www.eldiario.net\\\/portal\\\/2023\\\/05\\\/01\\\/cinerama-tv-apuesta-por-ser-un-canal-educativo-cultural-e-informativo\\\/\",\"name\":\"Cinerama TV apuesta por ser un canal educativo, cultural e informativo - El Diario - Bolivia\",\"isPartOf\":{\"@id\":\"https:\\\/\\\/www.eldiario.net\\\/portal\\\/#website\"},\"primaryImageOfPage\":{\"@id\":\"https:\\\/\\\/www.eldiario.net\\\/portal\\\/2023\\\/05\\\/01\\\/cinerama-tv-apuesta-por-ser-un-canal-educativo-cultural-e-informativo\\\/#primaryimage\"},\"image\":{\"@id\":\"https:\\\/\\\/www.eldiario.net\\\/portal\\\/2023\\\/05\\\/01\\\/cinerama-tv-apuesta-por-ser-un-canal-educativo-cultural-e-informativo\\\/#primaryimage\"},\"thumbnailUrl\":\"\",\"datePublished\":\"2023-05-01T10:46:43+00:00\",\"breadcrumb\":{\"@id\":\"https:\\\/\\\/www.eldiario.net\\\/portal\\\/2023\\\/05\\\/01\\\/cinerama-tv-apuesta-por-ser-un-canal-educativo-cultural-e-informativo\\\/#breadcrumb\"},\"inLanguage\":\"es\",\"potentialAction\":[{\"@type\":\"ReadAction\",\"target\":[\"https:\\\/\\\/www.eldiario.net\\\/portal\\\/2023\\\/05\\\/01\\\/cinerama-tv-apuesta-por-ser-un-canal-educativo-cultural-e-informativo\\\/\"]}]},{\"@type\":\"ImageObject\",\"inLanguage\":\"es\",\"@id\":\"https:\\\/\\\/www.eldiario.net\\\/portal\\\/2023\\\/05\\\/01\\\/cinerama-tv-apuesta-por-ser-un-canal-educativo-cultural-e-informativo\\\/#primaryimage\",\"url\":\"\",\"contentUrl\":\"\"},{\"@type\":\"BreadcrumbList\",\"@id\":\"https:\\\/\\\/www.eldiario.net\\\/portal\\\/2023\\\/05\\\/01\\\/cinerama-tv-apuesta-por-ser-un-canal-educativo-cultural-e-informativo\\\/#breadcrumb\",\"itemListElement\":[{\"@type\":\"ListItem\",\"position\":1,\"name\":\"Portada\",\"item\":\"https:\\\/\\\/www.eldiario.net\\\/portal\\\/\"},{\"@type\":\"ListItem\",\"position\":2,\"name\":\"Cinerama TV apuesta por ser un canal educativo, cultural e informativo\"}]},{\"@type\":\"WebSite\",\"@id\":\"https:\\\/\\\/www.eldiario.net\\\/portal\\\/#website\",\"url\":\"https:\\\/\\\/www.eldiario.net\\\/portal\\\/\",\"name\":\"El Diario - Decano de la prensa nacional\",\"description\":\"El Diario - Decano de la prensa nacional\",\"publisher\":{\"@id\":\"https:\\\/\\\/www.eldiario.net\\\/portal\\\/#organization\"},\"potentialAction\":[{\"@type\":\"SearchAction\",\"target\":{\"@type\":\"EntryPoint\",\"urlTemplate\":\"https:\\\/\\\/www.eldiario.net\\\/portal\\\/?s={search_term_string}\"},\"query-input\":{\"@type\":\"PropertyValueSpecification\",\"valueRequired\":true,\"valueName\":\"search_term_string\"}}],\"inLanguage\":\"es\"},{\"@type\":\"Organization\",\"@id\":\"https:\\\/\\\/www.eldiario.net\\\/portal\\\/#organization\",\"name\":\"El Diario - Decano de la prensa nacional\",\"url\":\"https:\\\/\\\/www.eldiario.net\\\/portal\\\/\",\"logo\":{\"@type\":\"ImageObject\",\"inLanguage\":\"es\",\"@id\":\"https:\\\/\\\/www.eldiario.net\\\/portal\\\/#\\\/schema\\\/logo\\\/image\\\/\",\"url\":\"https:\\\/\\\/www.eldiario.net\\\/portal\\\/wp-content\\\/uploads\\\/2023\\\/07\\\/logo_ED.jpg\",\"contentUrl\":\"https:\\\/\\\/www.eldiario.net\\\/portal\\\/wp-content\\\/uploads\\\/2023\\\/07\\\/logo_ED.jpg\",\"width\":272,\"height\":52,\"caption\":\"El Diario - Decano de la prensa nacional\"},\"image\":{\"@id\":\"https:\\\/\\\/www.eldiario.net\\\/portal\\\/#\\\/schema\\\/logo\\\/image\\\/\"},\"sameAs\":[\"https:\\\/\\\/www.facebook.com\\\/eldiario.bolivia\\\/\",\"https:\\\/\\\/x.com\\\/eldiario_net\"]},{\"@type\":\"Person\",\"@id\":\"https:\\\/\\\/www.eldiario.net\\\/portal\\\/#\\\/schema\\\/person\\\/c1a5d38e458b10c8ebd62f4189b82bbc\",\"name\":\"luis Camacho\",\"image\":{\"@type\":\"ImageObject\",\"inLanguage\":\"es\",\"@id\":\"https:\\\/\\\/secure.gravatar.com\\\/avatar\\\/69ecb836b3826d5a2501bf06ab2a2f2c8ab211cc846758f395df21684cb38313?s=96&d=mm&r=g\",\"url\":\"https:\\\/\\\/secure.gravatar.com\\\/avatar\\\/69ecb836b3826d5a2501bf06ab2a2f2c8ab211cc846758f395df21684cb38313?s=96&d=mm&r=g\",\"contentUrl\":\"https:\\\/\\\/secure.gravatar.com\\\/avatar\\\/69ecb836b3826d5a2501bf06ab2a2f2c8ab211cc846758f395df21684cb38313?s=96&d=mm&r=g\",\"caption\":\"luis Camacho\"},\"url\":\"https:\\\/\\\/www.eldiario.net\\\/portal\\\/author\\\/luis\\\/\"}]}<\/script>\n<!-- \/ Yoast SEO plugin. -->","yoast_head_json":{"title":"Cinerama TV apuesta por ser un canal educativo, cultural e informativo - El Diario - Bolivia","robots":{"index":"index","follow":"follow","max-snippet":"max-snippet:-1","max-image-preview":"max-image-preview:large","max-video-preview":"max-video-preview:-1"},"canonical":"https:\/\/www.eldiario.net\/portal\/2023\/05\/01\/cinerama-tv-apuesta-por-ser-un-canal-educativo-cultural-e-informativo\/","og_locale":"es_ES","og_type":"article","og_title":"Cinerama TV apuesta por ser un canal educativo, cultural e informativo - El Diario - Bolivia","og_description":"Ser un canal de televisi\u00f3n educativo, cultural e informativo, con una mirada plural e inclusiva, sabiendo que entre las culturas y los medios de comunicaci\u00f3n hay una relaci\u00f3n dial\u00e9ctica, es una de las metas que se ha propuesto Cinerama TV. El canal, que dirige el m\u00fasico y comunicador Carlos Ponce, dio sus primeros pasos de [&hellip;]","og_url":"https:\/\/www.eldiario.net\/portal\/2023\/05\/01\/cinerama-tv-apuesta-por-ser-un-canal-educativo-cultural-e-informativo\/","og_site_name":"El Diario - Bolivia","article_publisher":"https:\/\/www.facebook.com\/eldiario.bolivia\/","article_published_time":"2023-05-01T10:46:43+00:00","author":"luis Camacho","twitter_card":"summary_large_image","twitter_creator":"@eldiario_net","twitter_site":"@eldiario_net","twitter_misc":{"Escrito por":"luis Camacho","Tiempo de lectura":"5 minutos"},"schema":{"@context":"https:\/\/schema.org","@graph":[{"@type":"Article","@id":"https:\/\/www.eldiario.net\/portal\/2023\/05\/01\/cinerama-tv-apuesta-por-ser-un-canal-educativo-cultural-e-informativo\/#article","isPartOf":{"@id":"https:\/\/www.eldiario.net\/portal\/2023\/05\/01\/cinerama-tv-apuesta-por-ser-un-canal-educativo-cultural-e-informativo\/"},"author":{"name":"luis Camacho","@id":"https:\/\/www.eldiario.net\/portal\/#\/schema\/person\/c1a5d38e458b10c8ebd62f4189b82bbc"},"headline":"Cinerama TV apuesta por ser un canal educativo, cultural e informativo","datePublished":"2023-05-01T10:46:43+00:00","mainEntityOfPage":{"@id":"https:\/\/www.eldiario.net\/portal\/2023\/05\/01\/cinerama-tv-apuesta-por-ser-un-canal-educativo-cultural-e-informativo\/"},"wordCount":1048,"publisher":{"@id":"https:\/\/www.eldiario.net\/portal\/#organization"},"image":{"@id":"https:\/\/www.eldiario.net\/portal\/2023\/05\/01\/cinerama-tv-apuesta-por-ser-un-canal-educativo-cultural-e-informativo\/#primaryimage"},"thumbnailUrl":"","articleSection":["La Gu\u00eda"],"inLanguage":"es"},{"@type":"WebPage","@id":"https:\/\/www.eldiario.net\/portal\/2023\/05\/01\/cinerama-tv-apuesta-por-ser-un-canal-educativo-cultural-e-informativo\/","url":"https:\/\/www.eldiario.net\/portal\/2023\/05\/01\/cinerama-tv-apuesta-por-ser-un-canal-educativo-cultural-e-informativo\/","name":"Cinerama TV apuesta por ser un canal educativo, cultural e informativo - El Diario - Bolivia","isPartOf":{"@id":"https:\/\/www.eldiario.net\/portal\/#website"},"primaryImageOfPage":{"@id":"https:\/\/www.eldiario.net\/portal\/2023\/05\/01\/cinerama-tv-apuesta-por-ser-un-canal-educativo-cultural-e-informativo\/#primaryimage"},"image":{"@id":"https:\/\/www.eldiario.net\/portal\/2023\/05\/01\/cinerama-tv-apuesta-por-ser-un-canal-educativo-cultural-e-informativo\/#primaryimage"},"thumbnailUrl":"","datePublished":"2023-05-01T10:46:43+00:00","breadcrumb":{"@id":"https:\/\/www.eldiario.net\/portal\/2023\/05\/01\/cinerama-tv-apuesta-por-ser-un-canal-educativo-cultural-e-informativo\/#breadcrumb"},"inLanguage":"es","potentialAction":[{"@type":"ReadAction","target":["https:\/\/www.eldiario.net\/portal\/2023\/05\/01\/cinerama-tv-apuesta-por-ser-un-canal-educativo-cultural-e-informativo\/"]}]},{"@type":"ImageObject","inLanguage":"es","@id":"https:\/\/www.eldiario.net\/portal\/2023\/05\/01\/cinerama-tv-apuesta-por-ser-un-canal-educativo-cultural-e-informativo\/#primaryimage","url":"","contentUrl":""},{"@type":"BreadcrumbList","@id":"https:\/\/www.eldiario.net\/portal\/2023\/05\/01\/cinerama-tv-apuesta-por-ser-un-canal-educativo-cultural-e-informativo\/#breadcrumb","itemListElement":[{"@type":"ListItem","position":1,"name":"Portada","item":"https:\/\/www.eldiario.net\/portal\/"},{"@type":"ListItem","position":2,"name":"Cinerama TV apuesta por ser un canal educativo, cultural e informativo"}]},{"@type":"WebSite","@id":"https:\/\/www.eldiario.net\/portal\/#website","url":"https:\/\/www.eldiario.net\/portal\/","name":"El Diario - Decano de la prensa nacional","description":"El Diario - Decano de la prensa nacional","publisher":{"@id":"https:\/\/www.eldiario.net\/portal\/#organization"},"potentialAction":[{"@type":"SearchAction","target":{"@type":"EntryPoint","urlTemplate":"https:\/\/www.eldiario.net\/portal\/?s={search_term_string}"},"query-input":{"@type":"PropertyValueSpecification","valueRequired":true,"valueName":"search_term_string"}}],"inLanguage":"es"},{"@type":"Organization","@id":"https:\/\/www.eldiario.net\/portal\/#organization","name":"El Diario - Decano de la prensa nacional","url":"https:\/\/www.eldiario.net\/portal\/","logo":{"@type":"ImageObject","inLanguage":"es","@id":"https:\/\/www.eldiario.net\/portal\/#\/schema\/logo\/image\/","url":"https:\/\/www.eldiario.net\/portal\/wp-content\/uploads\/2023\/07\/logo_ED.jpg","contentUrl":"https:\/\/www.eldiario.net\/portal\/wp-content\/uploads\/2023\/07\/logo_ED.jpg","width":272,"height":52,"caption":"El Diario - Decano de la prensa nacional"},"image":{"@id":"https:\/\/www.eldiario.net\/portal\/#\/schema\/logo\/image\/"},"sameAs":["https:\/\/www.facebook.com\/eldiario.bolivia\/","https:\/\/x.com\/eldiario_net"]},{"@type":"Person","@id":"https:\/\/www.eldiario.net\/portal\/#\/schema\/person\/c1a5d38e458b10c8ebd62f4189b82bbc","name":"luis Camacho","image":{"@type":"ImageObject","inLanguage":"es","@id":"https:\/\/secure.gravatar.com\/avatar\/69ecb836b3826d5a2501bf06ab2a2f2c8ab211cc846758f395df21684cb38313?s=96&d=mm&r=g","url":"https:\/\/secure.gravatar.com\/avatar\/69ecb836b3826d5a2501bf06ab2a2f2c8ab211cc846758f395df21684cb38313?s=96&d=mm&r=g","contentUrl":"https:\/\/secure.gravatar.com\/avatar\/69ecb836b3826d5a2501bf06ab2a2f2c8ab211cc846758f395df21684cb38313?s=96&d=mm&r=g","caption":"luis Camacho"},"url":"https:\/\/www.eldiario.net\/portal\/author\/luis\/"}]}},"_links":{"self":[{"href":"https:\/\/www.eldiario.net\/portal\/wp-json\/wp\/v2\/posts\/151897","targetHints":{"allow":["GET"]}}],"collection":[{"href":"https:\/\/www.eldiario.net\/portal\/wp-json\/wp\/v2\/posts"}],"about":[{"href":"https:\/\/www.eldiario.net\/portal\/wp-json\/wp\/v2\/types\/post"}],"author":[{"embeddable":true,"href":"https:\/\/www.eldiario.net\/portal\/wp-json\/wp\/v2\/users\/2"}],"replies":[{"embeddable":true,"href":"https:\/\/www.eldiario.net\/portal\/wp-json\/wp\/v2\/comments?post=151897"}],"version-history":[{"count":0,"href":"https:\/\/www.eldiario.net\/portal\/wp-json\/wp\/v2\/posts\/151897\/revisions"}],"wp:attachment":[{"href":"https:\/\/www.eldiario.net\/portal\/wp-json\/wp\/v2\/media?parent=151897"}],"wp:term":[{"taxonomy":"category","embeddable":true,"href":"https:\/\/www.eldiario.net\/portal\/wp-json\/wp\/v2\/categories?post=151897"},{"taxonomy":"post_tag","embeddable":true,"href":"https:\/\/www.eldiario.net\/portal\/wp-json\/wp\/v2\/tags?post=151897"}],"curies":[{"name":"wp","href":"https:\/\/api.w.org\/{rel}","templated":true}]}}