{"id":151895,"date":"2023-05-01T06:37:17","date_gmt":"2023-05-01T10:37:17","guid":{"rendered":"https:\/\/www.eldiario.net\/portal\/?p=151895"},"modified":"2023-05-01T06:37:17","modified_gmt":"2023-05-01T10:37:17","slug":"mya-y-rusherking-presentan-mya-live-p1-chanel-de-coco","status":"publish","type":"post","link":"https:\/\/www.eldiario.net\/portal\/2023\/05\/01\/mya-y-rusherking-presentan-mya-live-p1-chanel-de-coco\/","title":{"rendered":"MYA y Rusherking presentan \u201cMYA LIVE P1: Chanel de Coco\u201d"},"content":{"rendered":"<p>MYA contin\u00faa sorprendiendo a todos con sus propuestas musicales. El d\u00fao conformado por Maxi Espindola y Agus Bernasconi da inicio a una nueva etapa en su carrera presentando MYA LIVE, un concepto audiovisual innovador que busca capturar la esencia de la interpretaci\u00f3n en vivo, con canciones in\u00e9ditas grabadas y cantadas en una sola toma, sin cortes, de principio a fin.<br \/>\nLa primera parada de este viaje se titula \u201cMYA LIVE P1: Chanel de Coco\u201d, junto a su colega Rusherking. Esta canci\u00f3n es una muestra de la creatividad y el talento de ambos artistas, que combinan ritmos pop\/urbanos con letras pegadizas en una \u00fanica toma en vivo, ofreciendo una experiencia musical aut\u00e9ntica y emocionante para quien la escuche.<br \/>\n\u201cChanel de Coco es el \u2018primer piso\u2019 de esta nueva experiencia: MYA LIVE. Un concepto que hace tiempo venimos pensando con nuestro equipo. Desde las primeras entrevistas que dimos como d\u00fao siempre contamos que la etapa que m\u00e1s disfrutamos es el momento de cantar las canciones en vivo. Es un poco el ADN de MYA y buscamos mostrar esta faceta, pero desde el nacimiento de las canciones, que no sea una versi\u00f3n en vivo, sino que la canci\u00f3n en s\u00ed sea en vivo, cantada y grabada en una sola toma: audio y video sin cortes de principio a fin. Nos parece interesante y desafiante. Sentimos que la gente conecta con nosotros bastante desde ese lado. \u201cChanel de Coco\u201d es la primera canci\u00f3n de esta nueva etapa y Rusherking el primer artista que confi\u00f3 y se sum\u00f3 al desaf\u00edo.\u201d, cuenta MYA.<br \/>\nEl video oficial fue dirigido por Lucas Emiliani, y en \u00e9l podemos ver a los artistas interpretando la canci\u00f3n desde un loft junto a su banda, generando un espacio \u00edntimo y relajado. Tanto MYA como Rusher participaron del proceso creativo de la letra y composici\u00f3n, acompa\u00f1ados por Marc Montserrat Ruiz, Pedro Elipe Navarro y Esteban Noguera.<br \/>\nEsta no es la primera vez que ambos artistas colaboran. Previamente hab\u00edan lanzado el exitoso single \u201cComo + nadie\u201d, que cont\u00f3 tambi\u00e9n con la participaci\u00f3n de Lit Killah, y que ya dejaba ver la explosiva qu\u00edmica musical entre los artistas.<br \/>\nMYA LIVE busca resaltar una virtud propia del d\u00fao, como lo es su talento interpretativo, el hecho art\u00edstico que siempre los ha destacado.<br \/>\nSobre MYA<br \/>\nEste a\u00f1o, luego de brillar con sus impactantes presentaciones en el Festival Internacional de Pe\u00f1as de Villa Mar\u00eda (C\u00f3rdoba) y el Festival de Vi\u00f1a del Mar 2023 (Chile), MYA dio comienzo a un 2023 lleno de m\u00fasica con el estreno de su single \u201cLegendaria\u201d junto a Cali Y El Dandee.<br \/>\nSobre RUSHERKING<br \/>\nRusherking viene de batir r\u00e9cords con Perfecta, en colaboraci\u00f3n con Dread Mar I, sencillo que ya lleva superados los 100 Millones de streams. Adem\u00e1s, el artista acaba de realizar su primer Movistar Arena el pasado 24 de marzo, con una puesta incre\u00edble e invitados de lujo.<\/p>\n<p>&nbsp;<\/p>\n","protected":false},"excerpt":{"rendered":"<p>MYA contin\u00faa sorprendiendo a todos con sus propuestas musicales. El d\u00fao conformado por Maxi Espindola y Agus Bernasconi da inicio a una nueva etapa en su carrera presentando MYA LIVE, un concepto audiovisual innovador que busca capturar la esencia de la interpretaci\u00f3n en vivo, con canciones in\u00e9ditas grabadas y cantadas en una sola toma, sin [&hellip;]<\/p>\n","protected":false},"author":2,"featured_media":151842,"comment_status":"closed","ping_status":"closed","sticky":false,"template":"","format":"standard","meta":{"_acf_changed":false,"footnotes":""},"categories":[8],"tags":[],"class_list":["post-151895","post","type-post","status-publish","format-standard","has-post-thumbnail","category-cultural"],"acf":{"antetitulo":""},"yoast_head":"<!-- This site is optimized with the Yoast SEO plugin v28.4 - https:\/\/yoast.com\/product\/yoast-seo-wordpress\/ -->\n<title>MYA y Rusherking presentan \u201cMYA LIVE P1: Chanel de Coco\u201d - El Diario - Bolivia<\/title>\n<meta name=\"robots\" content=\"index, follow, max-snippet:-1, max-image-preview:large, max-video-preview:-1\" \/>\n<link rel=\"canonical\" href=\"https:\/\/www.eldiario.net\/portal\/2023\/05\/01\/mya-y-rusherking-presentan-mya-live-p1-chanel-de-coco\/\" \/>\n<meta property=\"og:locale\" content=\"es_ES\" \/>\n<meta property=\"og:type\" content=\"article\" \/>\n<meta property=\"og:title\" content=\"MYA y Rusherking presentan \u201cMYA LIVE P1: Chanel de Coco\u201d - El Diario - Bolivia\" \/>\n<meta property=\"og:description\" content=\"MYA contin\u00faa sorprendiendo a todos con sus propuestas musicales. El d\u00fao conformado por Maxi Espindola y Agus Bernasconi da inicio a una nueva etapa en su carrera presentando MYA LIVE, un concepto audiovisual innovador que busca capturar la esencia de la interpretaci\u00f3n en vivo, con canciones in\u00e9ditas grabadas y cantadas en una sola toma, sin [&hellip;]\" \/>\n<meta property=\"og:url\" content=\"https:\/\/www.eldiario.net\/portal\/2023\/05\/01\/mya-y-rusherking-presentan-mya-live-p1-chanel-de-coco\/\" \/>\n<meta property=\"og:site_name\" content=\"El Diario - Bolivia\" \/>\n<meta property=\"article:publisher\" content=\"https:\/\/www.facebook.com\/eldiario.bolivia\/\" \/>\n<meta property=\"article:published_time\" content=\"2023-05-01T10:37:17+00:00\" \/>\n<meta name=\"author\" content=\"luis Camacho\" \/>\n<meta name=\"twitter:card\" content=\"summary_large_image\" \/>\n<meta name=\"twitter:creator\" content=\"@eldiario_net\" \/>\n<meta name=\"twitter:site\" content=\"@eldiario_net\" \/>\n<meta name=\"twitter:label1\" content=\"Escrito por\" \/>\n\t<meta name=\"twitter:data1\" content=\"luis Camacho\" \/>\n\t<meta name=\"twitter:label2\" content=\"Tiempo de lectura\" \/>\n\t<meta name=\"twitter:data2\" content=\"3 minutos\" \/>\n<script type=\"application\/ld+json\" class=\"yoast-schema-graph\">{\"@context\":\"https:\\\/\\\/schema.org\",\"@graph\":[{\"@type\":\"Article\",\"@id\":\"https:\\\/\\\/www.eldiario.net\\\/portal\\\/2023\\\/05\\\/01\\\/mya-y-rusherking-presentan-mya-live-p1-chanel-de-coco\\\/#article\",\"isPartOf\":{\"@id\":\"https:\\\/\\\/www.eldiario.net\\\/portal\\\/2023\\\/05\\\/01\\\/mya-y-rusherking-presentan-mya-live-p1-chanel-de-coco\\\/\"},\"author\":{\"name\":\"luis Camacho\",\"@id\":\"https:\\\/\\\/www.eldiario.net\\\/portal\\\/#\\\/schema\\\/person\\\/c1a5d38e458b10c8ebd62f4189b82bbc\"},\"headline\":\"MYA y Rusherking presentan \u201cMYA LIVE P1: Chanel de Coco\u201d\",\"datePublished\":\"2023-05-01T10:37:17+00:00\",\"mainEntityOfPage\":{\"@id\":\"https:\\\/\\\/www.eldiario.net\\\/portal\\\/2023\\\/05\\\/01\\\/mya-y-rusherking-presentan-mya-live-p1-chanel-de-coco\\\/\"},\"wordCount\":514,\"publisher\":{\"@id\":\"https:\\\/\\\/www.eldiario.net\\\/portal\\\/#organization\"},\"image\":{\"@id\":\"https:\\\/\\\/www.eldiario.net\\\/portal\\\/2023\\\/05\\\/01\\\/mya-y-rusherking-presentan-mya-live-p1-chanel-de-coco\\\/#primaryimage\"},\"thumbnailUrl\":\"\",\"articleSection\":[\"Cultural\"],\"inLanguage\":\"es\"},{\"@type\":\"WebPage\",\"@id\":\"https:\\\/\\\/www.eldiario.net\\\/portal\\\/2023\\\/05\\\/01\\\/mya-y-rusherking-presentan-mya-live-p1-chanel-de-coco\\\/\",\"url\":\"https:\\\/\\\/www.eldiario.net\\\/portal\\\/2023\\\/05\\\/01\\\/mya-y-rusherking-presentan-mya-live-p1-chanel-de-coco\\\/\",\"name\":\"MYA y Rusherking presentan \u201cMYA LIVE P1: Chanel de Coco\u201d - El Diario - Bolivia\",\"isPartOf\":{\"@id\":\"https:\\\/\\\/www.eldiario.net\\\/portal\\\/#website\"},\"primaryImageOfPage\":{\"@id\":\"https:\\\/\\\/www.eldiario.net\\\/portal\\\/2023\\\/05\\\/01\\\/mya-y-rusherking-presentan-mya-live-p1-chanel-de-coco\\\/#primaryimage\"},\"image\":{\"@id\":\"https:\\\/\\\/www.eldiario.net\\\/portal\\\/2023\\\/05\\\/01\\\/mya-y-rusherking-presentan-mya-live-p1-chanel-de-coco\\\/#primaryimage\"},\"thumbnailUrl\":\"\",\"datePublished\":\"2023-05-01T10:37:17+00:00\",\"breadcrumb\":{\"@id\":\"https:\\\/\\\/www.eldiario.net\\\/portal\\\/2023\\\/05\\\/01\\\/mya-y-rusherking-presentan-mya-live-p1-chanel-de-coco\\\/#breadcrumb\"},\"inLanguage\":\"es\",\"potentialAction\":[{\"@type\":\"ReadAction\",\"target\":[\"https:\\\/\\\/www.eldiario.net\\\/portal\\\/2023\\\/05\\\/01\\\/mya-y-rusherking-presentan-mya-live-p1-chanel-de-coco\\\/\"]}]},{\"@type\":\"ImageObject\",\"inLanguage\":\"es\",\"@id\":\"https:\\\/\\\/www.eldiario.net\\\/portal\\\/2023\\\/05\\\/01\\\/mya-y-rusherking-presentan-mya-live-p1-chanel-de-coco\\\/#primaryimage\",\"url\":\"\",\"contentUrl\":\"\"},{\"@type\":\"BreadcrumbList\",\"@id\":\"https:\\\/\\\/www.eldiario.net\\\/portal\\\/2023\\\/05\\\/01\\\/mya-y-rusherking-presentan-mya-live-p1-chanel-de-coco\\\/#breadcrumb\",\"itemListElement\":[{\"@type\":\"ListItem\",\"position\":1,\"name\":\"Portada\",\"item\":\"https:\\\/\\\/www.eldiario.net\\\/portal\\\/\"},{\"@type\":\"ListItem\",\"position\":2,\"name\":\"MYA y Rusherking presentan \u201cMYA LIVE P1: Chanel de Coco\u201d\"}]},{\"@type\":\"WebSite\",\"@id\":\"https:\\\/\\\/www.eldiario.net\\\/portal\\\/#website\",\"url\":\"https:\\\/\\\/www.eldiario.net\\\/portal\\\/\",\"name\":\"El Diario - Decano de la prensa nacional\",\"description\":\"El Diario - Decano de la prensa nacional\",\"publisher\":{\"@id\":\"https:\\\/\\\/www.eldiario.net\\\/portal\\\/#organization\"},\"potentialAction\":[{\"@type\":\"SearchAction\",\"target\":{\"@type\":\"EntryPoint\",\"urlTemplate\":\"https:\\\/\\\/www.eldiario.net\\\/portal\\\/?s={search_term_string}\"},\"query-input\":{\"@type\":\"PropertyValueSpecification\",\"valueRequired\":true,\"valueName\":\"search_term_string\"}}],\"inLanguage\":\"es\"},{\"@type\":\"Organization\",\"@id\":\"https:\\\/\\\/www.eldiario.net\\\/portal\\\/#organization\",\"name\":\"El Diario - Decano de la prensa nacional\",\"url\":\"https:\\\/\\\/www.eldiario.net\\\/portal\\\/\",\"logo\":{\"@type\":\"ImageObject\",\"inLanguage\":\"es\",\"@id\":\"https:\\\/\\\/www.eldiario.net\\\/portal\\\/#\\\/schema\\\/logo\\\/image\\\/\",\"url\":\"https:\\\/\\\/www.eldiario.net\\\/portal\\\/wp-content\\\/uploads\\\/2023\\\/07\\\/logo_ED.jpg\",\"contentUrl\":\"https:\\\/\\\/www.eldiario.net\\\/portal\\\/wp-content\\\/uploads\\\/2023\\\/07\\\/logo_ED.jpg\",\"width\":272,\"height\":52,\"caption\":\"El Diario - Decano de la prensa nacional\"},\"image\":{\"@id\":\"https:\\\/\\\/www.eldiario.net\\\/portal\\\/#\\\/schema\\\/logo\\\/image\\\/\"},\"sameAs\":[\"https:\\\/\\\/www.facebook.com\\\/eldiario.bolivia\\\/\",\"https:\\\/\\\/x.com\\\/eldiario_net\"]},{\"@type\":\"Person\",\"@id\":\"https:\\\/\\\/www.eldiario.net\\\/portal\\\/#\\\/schema\\\/person\\\/c1a5d38e458b10c8ebd62f4189b82bbc\",\"name\":\"luis Camacho\",\"image\":{\"@type\":\"ImageObject\",\"inLanguage\":\"es\",\"@id\":\"https:\\\/\\\/secure.gravatar.com\\\/avatar\\\/69ecb836b3826d5a2501bf06ab2a2f2c8ab211cc846758f395df21684cb38313?s=96&d=mm&r=g\",\"url\":\"https:\\\/\\\/secure.gravatar.com\\\/avatar\\\/69ecb836b3826d5a2501bf06ab2a2f2c8ab211cc846758f395df21684cb38313?s=96&d=mm&r=g\",\"contentUrl\":\"https:\\\/\\\/secure.gravatar.com\\\/avatar\\\/69ecb836b3826d5a2501bf06ab2a2f2c8ab211cc846758f395df21684cb38313?s=96&d=mm&r=g\",\"caption\":\"luis Camacho\"},\"url\":\"https:\\\/\\\/www.eldiario.net\\\/portal\\\/author\\\/luis\\\/\"}]}<\/script>\n<!-- \/ Yoast SEO plugin. -->","yoast_head_json":{"title":"MYA y Rusherking presentan \u201cMYA LIVE P1: Chanel de Coco\u201d - El Diario - Bolivia","robots":{"index":"index","follow":"follow","max-snippet":"max-snippet:-1","max-image-preview":"max-image-preview:large","max-video-preview":"max-video-preview:-1"},"canonical":"https:\/\/www.eldiario.net\/portal\/2023\/05\/01\/mya-y-rusherking-presentan-mya-live-p1-chanel-de-coco\/","og_locale":"es_ES","og_type":"article","og_title":"MYA y Rusherking presentan \u201cMYA LIVE P1: Chanel de Coco\u201d - El Diario - Bolivia","og_description":"MYA contin\u00faa sorprendiendo a todos con sus propuestas musicales. El d\u00fao conformado por Maxi Espindola y Agus Bernasconi da inicio a una nueva etapa en su carrera presentando MYA LIVE, un concepto audiovisual innovador que busca capturar la esencia de la interpretaci\u00f3n en vivo, con canciones in\u00e9ditas grabadas y cantadas en una sola toma, sin [&hellip;]","og_url":"https:\/\/www.eldiario.net\/portal\/2023\/05\/01\/mya-y-rusherking-presentan-mya-live-p1-chanel-de-coco\/","og_site_name":"El Diario - Bolivia","article_publisher":"https:\/\/www.facebook.com\/eldiario.bolivia\/","article_published_time":"2023-05-01T10:37:17+00:00","author":"luis Camacho","twitter_card":"summary_large_image","twitter_creator":"@eldiario_net","twitter_site":"@eldiario_net","twitter_misc":{"Escrito por":"luis Camacho","Tiempo de lectura":"3 minutos"},"schema":{"@context":"https:\/\/schema.org","@graph":[{"@type":"Article","@id":"https:\/\/www.eldiario.net\/portal\/2023\/05\/01\/mya-y-rusherking-presentan-mya-live-p1-chanel-de-coco\/#article","isPartOf":{"@id":"https:\/\/www.eldiario.net\/portal\/2023\/05\/01\/mya-y-rusherking-presentan-mya-live-p1-chanel-de-coco\/"},"author":{"name":"luis Camacho","@id":"https:\/\/www.eldiario.net\/portal\/#\/schema\/person\/c1a5d38e458b10c8ebd62f4189b82bbc"},"headline":"MYA y Rusherking presentan \u201cMYA LIVE P1: Chanel de Coco\u201d","datePublished":"2023-05-01T10:37:17+00:00","mainEntityOfPage":{"@id":"https:\/\/www.eldiario.net\/portal\/2023\/05\/01\/mya-y-rusherking-presentan-mya-live-p1-chanel-de-coco\/"},"wordCount":514,"publisher":{"@id":"https:\/\/www.eldiario.net\/portal\/#organization"},"image":{"@id":"https:\/\/www.eldiario.net\/portal\/2023\/05\/01\/mya-y-rusherking-presentan-mya-live-p1-chanel-de-coco\/#primaryimage"},"thumbnailUrl":"","articleSection":["Cultural"],"inLanguage":"es"},{"@type":"WebPage","@id":"https:\/\/www.eldiario.net\/portal\/2023\/05\/01\/mya-y-rusherking-presentan-mya-live-p1-chanel-de-coco\/","url":"https:\/\/www.eldiario.net\/portal\/2023\/05\/01\/mya-y-rusherking-presentan-mya-live-p1-chanel-de-coco\/","name":"MYA y Rusherking presentan \u201cMYA LIVE P1: Chanel de Coco\u201d - El Diario - Bolivia","isPartOf":{"@id":"https:\/\/www.eldiario.net\/portal\/#website"},"primaryImageOfPage":{"@id":"https:\/\/www.eldiario.net\/portal\/2023\/05\/01\/mya-y-rusherking-presentan-mya-live-p1-chanel-de-coco\/#primaryimage"},"image":{"@id":"https:\/\/www.eldiario.net\/portal\/2023\/05\/01\/mya-y-rusherking-presentan-mya-live-p1-chanel-de-coco\/#primaryimage"},"thumbnailUrl":"","datePublished":"2023-05-01T10:37:17+00:00","breadcrumb":{"@id":"https:\/\/www.eldiario.net\/portal\/2023\/05\/01\/mya-y-rusherking-presentan-mya-live-p1-chanel-de-coco\/#breadcrumb"},"inLanguage":"es","potentialAction":[{"@type":"ReadAction","target":["https:\/\/www.eldiario.net\/portal\/2023\/05\/01\/mya-y-rusherking-presentan-mya-live-p1-chanel-de-coco\/"]}]},{"@type":"ImageObject","inLanguage":"es","@id":"https:\/\/www.eldiario.net\/portal\/2023\/05\/01\/mya-y-rusherking-presentan-mya-live-p1-chanel-de-coco\/#primaryimage","url":"","contentUrl":""},{"@type":"BreadcrumbList","@id":"https:\/\/www.eldiario.net\/portal\/2023\/05\/01\/mya-y-rusherking-presentan-mya-live-p1-chanel-de-coco\/#breadcrumb","itemListElement":[{"@type":"ListItem","position":1,"name":"Portada","item":"https:\/\/www.eldiario.net\/portal\/"},{"@type":"ListItem","position":2,"name":"MYA y Rusherking presentan \u201cMYA LIVE P1: Chanel de Coco\u201d"}]},{"@type":"WebSite","@id":"https:\/\/www.eldiario.net\/portal\/#website","url":"https:\/\/www.eldiario.net\/portal\/","name":"El Diario - Decano de la prensa nacional","description":"El Diario - Decano de la prensa nacional","publisher":{"@id":"https:\/\/www.eldiario.net\/portal\/#organization"},"potentialAction":[{"@type":"SearchAction","target":{"@type":"EntryPoint","urlTemplate":"https:\/\/www.eldiario.net\/portal\/?s={search_term_string}"},"query-input":{"@type":"PropertyValueSpecification","valueRequired":true,"valueName":"search_term_string"}}],"inLanguage":"es"},{"@type":"Organization","@id":"https:\/\/www.eldiario.net\/portal\/#organization","name":"El Diario - Decano de la prensa nacional","url":"https:\/\/www.eldiario.net\/portal\/","logo":{"@type":"ImageObject","inLanguage":"es","@id":"https:\/\/www.eldiario.net\/portal\/#\/schema\/logo\/image\/","url":"https:\/\/www.eldiario.net\/portal\/wp-content\/uploads\/2023\/07\/logo_ED.jpg","contentUrl":"https:\/\/www.eldiario.net\/portal\/wp-content\/uploads\/2023\/07\/logo_ED.jpg","width":272,"height":52,"caption":"El Diario - Decano de la prensa nacional"},"image":{"@id":"https:\/\/www.eldiario.net\/portal\/#\/schema\/logo\/image\/"},"sameAs":["https:\/\/www.facebook.com\/eldiario.bolivia\/","https:\/\/x.com\/eldiario_net"]},{"@type":"Person","@id":"https:\/\/www.eldiario.net\/portal\/#\/schema\/person\/c1a5d38e458b10c8ebd62f4189b82bbc","name":"luis Camacho","image":{"@type":"ImageObject","inLanguage":"es","@id":"https:\/\/secure.gravatar.com\/avatar\/69ecb836b3826d5a2501bf06ab2a2f2c8ab211cc846758f395df21684cb38313?s=96&d=mm&r=g","url":"https:\/\/secure.gravatar.com\/avatar\/69ecb836b3826d5a2501bf06ab2a2f2c8ab211cc846758f395df21684cb38313?s=96&d=mm&r=g","contentUrl":"https:\/\/secure.gravatar.com\/avatar\/69ecb836b3826d5a2501bf06ab2a2f2c8ab211cc846758f395df21684cb38313?s=96&d=mm&r=g","caption":"luis Camacho"},"url":"https:\/\/www.eldiario.net\/portal\/author\/luis\/"}]}},"_links":{"self":[{"href":"https:\/\/www.eldiario.net\/portal\/wp-json\/wp\/v2\/posts\/151895","targetHints":{"allow":["GET"]}}],"collection":[{"href":"https:\/\/www.eldiario.net\/portal\/wp-json\/wp\/v2\/posts"}],"about":[{"href":"https:\/\/www.eldiario.net\/portal\/wp-json\/wp\/v2\/types\/post"}],"author":[{"embeddable":true,"href":"https:\/\/www.eldiario.net\/portal\/wp-json\/wp\/v2\/users\/2"}],"replies":[{"embeddable":true,"href":"https:\/\/www.eldiario.net\/portal\/wp-json\/wp\/v2\/comments?post=151895"}],"version-history":[{"count":0,"href":"https:\/\/www.eldiario.net\/portal\/wp-json\/wp\/v2\/posts\/151895\/revisions"}],"wp:attachment":[{"href":"https:\/\/www.eldiario.net\/portal\/wp-json\/wp\/v2\/media?parent=151895"}],"wp:term":[{"taxonomy":"category","embeddable":true,"href":"https:\/\/www.eldiario.net\/portal\/wp-json\/wp\/v2\/categories?post=151895"},{"taxonomy":"post_tag","embeddable":true,"href":"https:\/\/www.eldiario.net\/portal\/wp-json\/wp\/v2\/tags?post=151895"}],"curies":[{"name":"wp","href":"https:\/\/api.w.org\/{rel}","templated":true}]}}