{"id":151592,"date":"2023-04-30T04:14:51","date_gmt":"2023-04-30T08:14:51","guid":{"rendered":"https:\/\/www.eldiario.net\/portal\/?p=151592"},"modified":"2023-04-30T04:14:51","modified_gmt":"2023-04-30T08:14:51","slug":"ministro-insinua-investigar-a-mallku-y-abogado-advierte-amedrentamiento","status":"publish","type":"post","link":"https:\/\/www.eldiario.net\/portal\/2023\/04\/30\/ministro-insinua-investigar-a-mallku-y-abogado-advierte-amedrentamiento\/","title":{"rendered":"Ministro insin\u00faa investigar a Mallku  y abogado advierte amedrentamiento"},"content":{"rendered":"<p>El ministro de Medio Ambiente y Agua, Juan Santos Cruz, orden\u00f3 a la Autoridad de Fiscalizaci\u00f3n y Control Social de Agua Potable y Saneamiento (AAPS), Karina Ordo\u00f1ez, \u201cinvestigar\u201d al Marca Mallku del Ayllu Hampaturi, Ramiro Choque, quien asegura que, por medio de un abogado, el interventor de la Empresa P\u00fablica Social de Agua y Saneamiento (Epsas), Bladimir Iraizos, intent\u00f3 sobornarlo con 20.000 bolivianos. El abogado Marco Ramos manifest\u00f3 a EL DIARIO que esa no es atribuci\u00f3n de la autoridad, y que el extremo es s\u00f3lo para \u201camedrentarlo\u201d.<br \/>\n\u201cCursa en este despacho la nota AOP N\u00ba 015\/2023, de fecha 24 de abril, de 2023, a trav\u00e9s de la cual las autoridades y la base del Ayllu Palcoma Kupi \u2013 Lupacas, que presentan denuncia y hacen conocer los antecedentes de Ramiro Choque, adjuntando a tal efecto un disco compacto con informaci\u00f3n relevante. En este contexto, adjunto y remito a usted la fotocopia de la nota, m\u00e1s el disco compacto para su conocimiento, an\u00e1lisis y fines consiguientes de ley\u201d, se\u00f1ala la nota firmada por el ministro dirigida a Ordo\u00f1ez, el 25 de abril.<br \/>\nAl respecto, Ramos, que patrocina a la autoridad originaria, manifest\u00f3 que en casos de presunta corrupci\u00f3n la denuncia debe ser presentada al Ministerio P\u00fablico.<br \/>\n\u201cEl ministerio no tiene competencia para investigarle al Mallku, eso tiene que disolverse en la v\u00eda ordinaria porque es una persona particular que no tiene nada que ver con el \u00e1rea administrativa, ni siquiera las unidades de transparencia pueden hacer algo\u201d, dijo.<br \/>\nExplic\u00f3 que de acuerdo al art\u00edculo 10 de la Ley 974, las competencias de las unidades de transparencia y lucha contra la corrupci\u00f3n, cumplen sus funciones \u00fanicamente en la entidad o empresa p\u00fablica de las que son parte.<br \/>\n\u201cEl Mallku no es de su entidad, no es funcionario, ellos deber\u00edan responder y decir que no es su competencia, en cambio cuando el Mallku ha denunciado a un funcionario, \u00e9l (ministro) estaba obligado a remitir al Ministerio P\u00fablico o m\u00ednimamente a la unidad de transparencia para que investigue ese hecho de corrupci\u00f3n\u201d, dijo.<\/p>\n<p><strong>PRESUNTO SOBORNO<\/strong><br \/>\nEl mi\u00e9rcoles 26 de abril de 2023, el dirigente de Hampaturi, denunci\u00f3 que Iraizos pretendi\u00f3 sobornarlo con el pago de 20.000 bolivianos a cambio de frenar las protestas de los comunarios de ese sector que exigen su renuncia por varios compromisos incumplidos.<br \/>\nEl dirigente ind\u00edgena manifest\u00f3 adem\u00e1s que en una reuni\u00f3n efectuada el 23 de abril, en Hampaturi, con el ministro de Medio Ambiente y Agua, Juan Santos, funcionarios de diferentes dependencias de esa cartera de Estado y otras 20 autoridades originarias, denunci\u00f3 el hecho y mostr\u00f3 los billetes con los cuales se pretendi\u00f3 comprar su silencio.<br \/>\nEn la oportunidad, &#8211; seg\u00fan Choque &#8211; el ministro se comprometi\u00f3 a suspender a Iraizos, empero \u00e9ste retorn\u00f3 de sus vacaciones el 28 de abril de 2023, d\u00eda en el que ofreci\u00f3 una conferencia de prensa en la que anunci\u00f3 un proceso contra el Mallku, por calumnias.<br \/>\nAsimismo el Auto Administrativo AAPS\/AJ\/AAD\/41\/2023 se\u00f1ala que la ampliaci\u00f3n del suplente de Iraizos es hasta el 28 de abril 2023.<br \/>\n\u201cMis hijos han llegado llorando a la casa y me dijeron: \u2018papi, me han dicho que has dado plata\u2019. Los ni\u00f1os son inocentes, al final, he tenido que salir a dar una explicaci\u00f3n, estaba con mi baja m\u00e9dica. Hab\u00eda sacado vacaciones, pero voy a explicar (&#8230;) He presentado una denuncia por calumnias\u201d, dijo Ira\u00edzos el viernes.<br \/>\nLa autoridad de Epsas neg\u00f3 el pago de los 20.000 bolivianos que Choque asegura haber recibido de manos de un abogado que se present\u00f3 a nombre del interventor, hecho que se dio el 20 de abril en la zona Villa F\u00e1tima, cerca de las oficinas de la firma.<br \/>\nDesde la semana pasada, este medio de comunicaci\u00f3n busc\u00f3 la versi\u00f3n del ministro de Medio Ambiente y Agua, Juan Santos Cruz, pero vanos fueron los intentos, ya que no respondi\u00f3 las llamadas ni los mensajes de WhatsApp.<\/p>\n<figure id=\"attachment_151594\" aria-describedby=\"caption-attachment-151594\" style=\"width: 794px\" class=\"wp-caption aligncenter\"><img loading=\"lazy\" decoding=\"async\" class=\"wp-image-151594 size-full\" src=\"https:\/\/www.eldiario.net\/portal\/wp-content\/uploads\/2023\/04\/1-6.jpg\" alt=\"\" width=\"794\" height=\"1000\" \/><figcaption id=\"caption-attachment-151594\" class=\"wp-caption-text\">CARTA DEL MINISTRO DE MEDIO AMBIENTE Y AGUA REMITIENDO DENUNCIA CONTRA EL MALLKU A LA AAPS.<\/figcaption><\/figure>\n<figure id=\"attachment_151595\" aria-describedby=\"caption-attachment-151595\" style=\"width: 754px\" class=\"wp-caption aligncenter\"><img loading=\"lazy\" decoding=\"async\" class=\"wp-image-151595 size-full\" src=\"https:\/\/www.eldiario.net\/portal\/wp-content\/uploads\/2023\/04\/2-5.jpg\" alt=\"\" width=\"754\" height=\"957\" \/><figcaption id=\"caption-attachment-151595\" class=\"wp-caption-text\">AUTO DE LA AAPS QUE AMPL\u00cdA SUSTITUCI\u00d3N DE IRAIZOS HASTA EL 28 DE ABRIL DE 2023.<\/figcaption><\/figure>\n","protected":false},"excerpt":{"rendered":"<p>El ministro de Medio Ambiente y Agua, Juan Santos Cruz, orden\u00f3 a la Autoridad de Fiscalizaci\u00f3n y Control Social de Agua Potable y Saneamiento (AAPS), Karina Ordo\u00f1ez, \u201cinvestigar\u201d al Marca Mallku del Ayllu Hampaturi, Ramiro Choque, quien asegura que, por medio de un abogado, el interventor de la Empresa P\u00fablica Social de Agua y Saneamiento [&hellip;]<\/p>\n","protected":false},"author":2,"featured_media":151596,"comment_status":"closed","ping_status":"closed","sticky":false,"template":"","format":"standard","meta":{"_acf_changed":false,"footnotes":""},"categories":[39],"tags":[],"class_list":["post-151592","post","type-post","status-publish","format-standard","has-post-thumbnail","category-sociedad"],"acf":{"antetitulo":""},"yoast_head":"<!-- This site is optimized with the Yoast SEO plugin v28.3 - https:\/\/yoast.com\/product\/yoast-seo-wordpress\/ -->\n<title>Ministro insin\u00faa investigar a Mallku y abogado advierte amedrentamiento - El Diario - Bolivia<\/title>\n<meta name=\"robots\" content=\"index, follow, max-snippet:-1, max-image-preview:large, max-video-preview:-1\" \/>\n<link rel=\"canonical\" href=\"https:\/\/www.eldiario.net\/portal\/2023\/04\/30\/ministro-insinua-investigar-a-mallku-y-abogado-advierte-amedrentamiento\/\" \/>\n<meta property=\"og:locale\" content=\"es_ES\" \/>\n<meta property=\"og:type\" content=\"article\" \/>\n<meta property=\"og:title\" content=\"Ministro insin\u00faa investigar a Mallku y abogado advierte amedrentamiento - El Diario - Bolivia\" \/>\n<meta property=\"og:description\" content=\"El ministro de Medio Ambiente y Agua, Juan Santos Cruz, orden\u00f3 a la Autoridad de Fiscalizaci\u00f3n y Control Social de Agua Potable y Saneamiento (AAPS), Karina Ordo\u00f1ez, \u201cinvestigar\u201d al Marca Mallku del Ayllu Hampaturi, Ramiro Choque, quien asegura que, por medio de un abogado, el interventor de la Empresa P\u00fablica Social de Agua y Saneamiento [&hellip;]\" \/>\n<meta property=\"og:url\" content=\"https:\/\/www.eldiario.net\/portal\/2023\/04\/30\/ministro-insinua-investigar-a-mallku-y-abogado-advierte-amedrentamiento\/\" \/>\n<meta property=\"og:site_name\" content=\"El Diario - Bolivia\" \/>\n<meta property=\"article:publisher\" content=\"https:\/\/www.facebook.com\/eldiario.bolivia\/\" \/>\n<meta property=\"article:published_time\" content=\"2023-04-30T08:14:51+00:00\" \/>\n<meta name=\"author\" content=\"luis Camacho\" \/>\n<meta name=\"twitter:card\" content=\"summary_large_image\" \/>\n<meta name=\"twitter:creator\" content=\"@eldiario_net\" \/>\n<meta name=\"twitter:site\" content=\"@eldiario_net\" \/>\n<meta name=\"twitter:label1\" content=\"Escrito por\" \/>\n\t<meta name=\"twitter:data1\" content=\"luis Camacho\" \/>\n\t<meta name=\"twitter:label2\" content=\"Tiempo de lectura\" \/>\n\t<meta name=\"twitter:data2\" content=\"4 minutos\" \/>\n<script type=\"application\/ld+json\" class=\"yoast-schema-graph\">{\"@context\":\"https:\\\/\\\/schema.org\",\"@graph\":[{\"@type\":\"Article\",\"@id\":\"https:\\\/\\\/www.eldiario.net\\\/portal\\\/2023\\\/04\\\/30\\\/ministro-insinua-investigar-a-mallku-y-abogado-advierte-amedrentamiento\\\/#article\",\"isPartOf\":{\"@id\":\"https:\\\/\\\/www.eldiario.net\\\/portal\\\/2023\\\/04\\\/30\\\/ministro-insinua-investigar-a-mallku-y-abogado-advierte-amedrentamiento\\\/\"},\"author\":{\"name\":\"luis Camacho\",\"@id\":\"https:\\\/\\\/www.eldiario.net\\\/portal\\\/#\\\/schema\\\/person\\\/cab1ae4db27e5f008a62cbffb05fbfee\"},\"headline\":\"Ministro insin\u00faa investigar a Mallku y abogado advierte amedrentamiento\",\"datePublished\":\"2023-04-30T08:14:51+00:00\",\"mainEntityOfPage\":{\"@id\":\"https:\\\/\\\/www.eldiario.net\\\/portal\\\/2023\\\/04\\\/30\\\/ministro-insinua-investigar-a-mallku-y-abogado-advierte-amedrentamiento\\\/\"},\"wordCount\":720,\"publisher\":{\"@id\":\"https:\\\/\\\/www.eldiario.net\\\/portal\\\/#organization\"},\"image\":{\"@id\":\"https:\\\/\\\/www.eldiario.net\\\/portal\\\/2023\\\/04\\\/30\\\/ministro-insinua-investigar-a-mallku-y-abogado-advierte-amedrentamiento\\\/#primaryimage\"},\"thumbnailUrl\":\"\",\"articleSection\":[\"Sociedad - Seguridad\"],\"inLanguage\":\"es\"},{\"@type\":\"WebPage\",\"@id\":\"https:\\\/\\\/www.eldiario.net\\\/portal\\\/2023\\\/04\\\/30\\\/ministro-insinua-investigar-a-mallku-y-abogado-advierte-amedrentamiento\\\/\",\"url\":\"https:\\\/\\\/www.eldiario.net\\\/portal\\\/2023\\\/04\\\/30\\\/ministro-insinua-investigar-a-mallku-y-abogado-advierte-amedrentamiento\\\/\",\"name\":\"Ministro insin\u00faa investigar a Mallku y abogado advierte amedrentamiento - El Diario - Bolivia\",\"isPartOf\":{\"@id\":\"https:\\\/\\\/www.eldiario.net\\\/portal\\\/#website\"},\"primaryImageOfPage\":{\"@id\":\"https:\\\/\\\/www.eldiario.net\\\/portal\\\/2023\\\/04\\\/30\\\/ministro-insinua-investigar-a-mallku-y-abogado-advierte-amedrentamiento\\\/#primaryimage\"},\"image\":{\"@id\":\"https:\\\/\\\/www.eldiario.net\\\/portal\\\/2023\\\/04\\\/30\\\/ministro-insinua-investigar-a-mallku-y-abogado-advierte-amedrentamiento\\\/#primaryimage\"},\"thumbnailUrl\":\"\",\"datePublished\":\"2023-04-30T08:14:51+00:00\",\"breadcrumb\":{\"@id\":\"https:\\\/\\\/www.eldiario.net\\\/portal\\\/2023\\\/04\\\/30\\\/ministro-insinua-investigar-a-mallku-y-abogado-advierte-amedrentamiento\\\/#breadcrumb\"},\"inLanguage\":\"es\",\"potentialAction\":[{\"@type\":\"ReadAction\",\"target\":[\"https:\\\/\\\/www.eldiario.net\\\/portal\\\/2023\\\/04\\\/30\\\/ministro-insinua-investigar-a-mallku-y-abogado-advierte-amedrentamiento\\\/\"]}]},{\"@type\":\"ImageObject\",\"inLanguage\":\"es\",\"@id\":\"https:\\\/\\\/www.eldiario.net\\\/portal\\\/2023\\\/04\\\/30\\\/ministro-insinua-investigar-a-mallku-y-abogado-advierte-amedrentamiento\\\/#primaryimage\",\"url\":\"\",\"contentUrl\":\"\"},{\"@type\":\"BreadcrumbList\",\"@id\":\"https:\\\/\\\/www.eldiario.net\\\/portal\\\/2023\\\/04\\\/30\\\/ministro-insinua-investigar-a-mallku-y-abogado-advierte-amedrentamiento\\\/#breadcrumb\",\"itemListElement\":[{\"@type\":\"ListItem\",\"position\":1,\"name\":\"Portada\",\"item\":\"https:\\\/\\\/www.eldiario.net\\\/portal\\\/\"},{\"@type\":\"ListItem\",\"position\":2,\"name\":\"Ministro insin\u00faa investigar a Mallku y abogado advierte amedrentamiento\"}]},{\"@type\":\"WebSite\",\"@id\":\"https:\\\/\\\/www.eldiario.net\\\/portal\\\/#website\",\"url\":\"https:\\\/\\\/www.eldiario.net\\\/portal\\\/\",\"name\":\"El Diario - Decano de la prensa nacional\",\"description\":\"El Diario - Decano de la prensa nacional\",\"publisher\":{\"@id\":\"https:\\\/\\\/www.eldiario.net\\\/portal\\\/#organization\"},\"potentialAction\":[{\"@type\":\"SearchAction\",\"target\":{\"@type\":\"EntryPoint\",\"urlTemplate\":\"https:\\\/\\\/www.eldiario.net\\\/portal\\\/?s={search_term_string}\"},\"query-input\":{\"@type\":\"PropertyValueSpecification\",\"valueRequired\":true,\"valueName\":\"search_term_string\"}}],\"inLanguage\":\"es\"},{\"@type\":\"Organization\",\"@id\":\"https:\\\/\\\/www.eldiario.net\\\/portal\\\/#organization\",\"name\":\"El Diario - Decano de la prensa nacional\",\"url\":\"https:\\\/\\\/www.eldiario.net\\\/portal\\\/\",\"logo\":{\"@type\":\"ImageObject\",\"inLanguage\":\"es\",\"@id\":\"https:\\\/\\\/www.eldiario.net\\\/portal\\\/#\\\/schema\\\/logo\\\/image\\\/\",\"url\":\"https:\\\/\\\/www.eldiario.net\\\/portal\\\/wp-content\\\/uploads\\\/2023\\\/07\\\/logo_ED.jpg\",\"contentUrl\":\"https:\\\/\\\/www.eldiario.net\\\/portal\\\/wp-content\\\/uploads\\\/2023\\\/07\\\/logo_ED.jpg\",\"width\":272,\"height\":52,\"caption\":\"El Diario - Decano de la prensa nacional\"},\"image\":{\"@id\":\"https:\\\/\\\/www.eldiario.net\\\/portal\\\/#\\\/schema\\\/logo\\\/image\\\/\"},\"sameAs\":[\"https:\\\/\\\/www.facebook.com\\\/eldiario.bolivia\\\/\",\"https:\\\/\\\/x.com\\\/eldiario_net\"]},{\"@type\":\"Person\",\"@id\":\"https:\\\/\\\/www.eldiario.net\\\/portal\\\/#\\\/schema\\\/person\\\/cab1ae4db27e5f008a62cbffb05fbfee\",\"name\":\"luis Camacho\",\"image\":{\"@type\":\"ImageObject\",\"inLanguage\":\"es\",\"@id\":\"https:\\\/\\\/secure.gravatar.com\\\/avatar\\\/69ecb836b3826d5a2501bf06ab2a2f2c8ab211cc846758f395df21684cb38313?s=96&d=mm&r=g\",\"url\":\"https:\\\/\\\/secure.gravatar.com\\\/avatar\\\/69ecb836b3826d5a2501bf06ab2a2f2c8ab211cc846758f395df21684cb38313?s=96&d=mm&r=g\",\"contentUrl\":\"https:\\\/\\\/secure.gravatar.com\\\/avatar\\\/69ecb836b3826d5a2501bf06ab2a2f2c8ab211cc846758f395df21684cb38313?s=96&d=mm&r=g\",\"caption\":\"luis Camacho\"},\"url\":\"https:\\\/\\\/www.eldiario.net\\\/portal\\\/author\\\/luis\\\/\"}]}<\/script>\n<!-- \/ Yoast SEO plugin. -->","yoast_head_json":{"title":"Ministro insin\u00faa investigar a Mallku y abogado advierte amedrentamiento - El Diario - Bolivia","robots":{"index":"index","follow":"follow","max-snippet":"max-snippet:-1","max-image-preview":"max-image-preview:large","max-video-preview":"max-video-preview:-1"},"canonical":"https:\/\/www.eldiario.net\/portal\/2023\/04\/30\/ministro-insinua-investigar-a-mallku-y-abogado-advierte-amedrentamiento\/","og_locale":"es_ES","og_type":"article","og_title":"Ministro insin\u00faa investigar a Mallku y abogado advierte amedrentamiento - El Diario - Bolivia","og_description":"El ministro de Medio Ambiente y Agua, Juan Santos Cruz, orden\u00f3 a la Autoridad de Fiscalizaci\u00f3n y Control Social de Agua Potable y Saneamiento (AAPS), Karina Ordo\u00f1ez, \u201cinvestigar\u201d al Marca Mallku del Ayllu Hampaturi, Ramiro Choque, quien asegura que, por medio de un abogado, el interventor de la Empresa P\u00fablica Social de Agua y Saneamiento [&hellip;]","og_url":"https:\/\/www.eldiario.net\/portal\/2023\/04\/30\/ministro-insinua-investigar-a-mallku-y-abogado-advierte-amedrentamiento\/","og_site_name":"El Diario - Bolivia","article_publisher":"https:\/\/www.facebook.com\/eldiario.bolivia\/","article_published_time":"2023-04-30T08:14:51+00:00","author":"luis Camacho","twitter_card":"summary_large_image","twitter_creator":"@eldiario_net","twitter_site":"@eldiario_net","twitter_misc":{"Escrito por":"luis Camacho","Tiempo de lectura":"4 minutos"},"schema":{"@context":"https:\/\/schema.org","@graph":[{"@type":"Article","@id":"https:\/\/www.eldiario.net\/portal\/2023\/04\/30\/ministro-insinua-investigar-a-mallku-y-abogado-advierte-amedrentamiento\/#article","isPartOf":{"@id":"https:\/\/www.eldiario.net\/portal\/2023\/04\/30\/ministro-insinua-investigar-a-mallku-y-abogado-advierte-amedrentamiento\/"},"author":{"name":"luis Camacho","@id":"https:\/\/www.eldiario.net\/portal\/#\/schema\/person\/cab1ae4db27e5f008a62cbffb05fbfee"},"headline":"Ministro insin\u00faa investigar a Mallku y abogado advierte amedrentamiento","datePublished":"2023-04-30T08:14:51+00:00","mainEntityOfPage":{"@id":"https:\/\/www.eldiario.net\/portal\/2023\/04\/30\/ministro-insinua-investigar-a-mallku-y-abogado-advierte-amedrentamiento\/"},"wordCount":720,"publisher":{"@id":"https:\/\/www.eldiario.net\/portal\/#organization"},"image":{"@id":"https:\/\/www.eldiario.net\/portal\/2023\/04\/30\/ministro-insinua-investigar-a-mallku-y-abogado-advierte-amedrentamiento\/#primaryimage"},"thumbnailUrl":"","articleSection":["Sociedad - Seguridad"],"inLanguage":"es"},{"@type":"WebPage","@id":"https:\/\/www.eldiario.net\/portal\/2023\/04\/30\/ministro-insinua-investigar-a-mallku-y-abogado-advierte-amedrentamiento\/","url":"https:\/\/www.eldiario.net\/portal\/2023\/04\/30\/ministro-insinua-investigar-a-mallku-y-abogado-advierte-amedrentamiento\/","name":"Ministro insin\u00faa investigar a Mallku y abogado advierte amedrentamiento - El Diario - Bolivia","isPartOf":{"@id":"https:\/\/www.eldiario.net\/portal\/#website"},"primaryImageOfPage":{"@id":"https:\/\/www.eldiario.net\/portal\/2023\/04\/30\/ministro-insinua-investigar-a-mallku-y-abogado-advierte-amedrentamiento\/#primaryimage"},"image":{"@id":"https:\/\/www.eldiario.net\/portal\/2023\/04\/30\/ministro-insinua-investigar-a-mallku-y-abogado-advierte-amedrentamiento\/#primaryimage"},"thumbnailUrl":"","datePublished":"2023-04-30T08:14:51+00:00","breadcrumb":{"@id":"https:\/\/www.eldiario.net\/portal\/2023\/04\/30\/ministro-insinua-investigar-a-mallku-y-abogado-advierte-amedrentamiento\/#breadcrumb"},"inLanguage":"es","potentialAction":[{"@type":"ReadAction","target":["https:\/\/www.eldiario.net\/portal\/2023\/04\/30\/ministro-insinua-investigar-a-mallku-y-abogado-advierte-amedrentamiento\/"]}]},{"@type":"ImageObject","inLanguage":"es","@id":"https:\/\/www.eldiario.net\/portal\/2023\/04\/30\/ministro-insinua-investigar-a-mallku-y-abogado-advierte-amedrentamiento\/#primaryimage","url":"","contentUrl":""},{"@type":"BreadcrumbList","@id":"https:\/\/www.eldiario.net\/portal\/2023\/04\/30\/ministro-insinua-investigar-a-mallku-y-abogado-advierte-amedrentamiento\/#breadcrumb","itemListElement":[{"@type":"ListItem","position":1,"name":"Portada","item":"https:\/\/www.eldiario.net\/portal\/"},{"@type":"ListItem","position":2,"name":"Ministro insin\u00faa investigar a Mallku y abogado advierte amedrentamiento"}]},{"@type":"WebSite","@id":"https:\/\/www.eldiario.net\/portal\/#website","url":"https:\/\/www.eldiario.net\/portal\/","name":"El Diario - Decano de la prensa nacional","description":"El Diario - Decano de la prensa nacional","publisher":{"@id":"https:\/\/www.eldiario.net\/portal\/#organization"},"potentialAction":[{"@type":"SearchAction","target":{"@type":"EntryPoint","urlTemplate":"https:\/\/www.eldiario.net\/portal\/?s={search_term_string}"},"query-input":{"@type":"PropertyValueSpecification","valueRequired":true,"valueName":"search_term_string"}}],"inLanguage":"es"},{"@type":"Organization","@id":"https:\/\/www.eldiario.net\/portal\/#organization","name":"El Diario - Decano de la prensa nacional","url":"https:\/\/www.eldiario.net\/portal\/","logo":{"@type":"ImageObject","inLanguage":"es","@id":"https:\/\/www.eldiario.net\/portal\/#\/schema\/logo\/image\/","url":"https:\/\/www.eldiario.net\/portal\/wp-content\/uploads\/2023\/07\/logo_ED.jpg","contentUrl":"https:\/\/www.eldiario.net\/portal\/wp-content\/uploads\/2023\/07\/logo_ED.jpg","width":272,"height":52,"caption":"El Diario - Decano de la prensa nacional"},"image":{"@id":"https:\/\/www.eldiario.net\/portal\/#\/schema\/logo\/image\/"},"sameAs":["https:\/\/www.facebook.com\/eldiario.bolivia\/","https:\/\/x.com\/eldiario_net"]},{"@type":"Person","@id":"https:\/\/www.eldiario.net\/portal\/#\/schema\/person\/cab1ae4db27e5f008a62cbffb05fbfee","name":"luis Camacho","image":{"@type":"ImageObject","inLanguage":"es","@id":"https:\/\/secure.gravatar.com\/avatar\/69ecb836b3826d5a2501bf06ab2a2f2c8ab211cc846758f395df21684cb38313?s=96&d=mm&r=g","url":"https:\/\/secure.gravatar.com\/avatar\/69ecb836b3826d5a2501bf06ab2a2f2c8ab211cc846758f395df21684cb38313?s=96&d=mm&r=g","contentUrl":"https:\/\/secure.gravatar.com\/avatar\/69ecb836b3826d5a2501bf06ab2a2f2c8ab211cc846758f395df21684cb38313?s=96&d=mm&r=g","caption":"luis Camacho"},"url":"https:\/\/www.eldiario.net\/portal\/author\/luis\/"}]}},"_links":{"self":[{"href":"https:\/\/www.eldiario.net\/portal\/wp-json\/wp\/v2\/posts\/151592","targetHints":{"allow":["GET"]}}],"collection":[{"href":"https:\/\/www.eldiario.net\/portal\/wp-json\/wp\/v2\/posts"}],"about":[{"href":"https:\/\/www.eldiario.net\/portal\/wp-json\/wp\/v2\/types\/post"}],"author":[{"embeddable":true,"href":"https:\/\/www.eldiario.net\/portal\/wp-json\/wp\/v2\/users\/2"}],"replies":[{"embeddable":true,"href":"https:\/\/www.eldiario.net\/portal\/wp-json\/wp\/v2\/comments?post=151592"}],"version-history":[{"count":0,"href":"https:\/\/www.eldiario.net\/portal\/wp-json\/wp\/v2\/posts\/151592\/revisions"}],"wp:attachment":[{"href":"https:\/\/www.eldiario.net\/portal\/wp-json\/wp\/v2\/media?parent=151592"}],"wp:term":[{"taxonomy":"category","embeddable":true,"href":"https:\/\/www.eldiario.net\/portal\/wp-json\/wp\/v2\/categories?post=151592"},{"taxonomy":"post_tag","embeddable":true,"href":"https:\/\/www.eldiario.net\/portal\/wp-json\/wp\/v2\/tags?post=151592"}],"curies":[{"name":"wp","href":"https:\/\/api.w.org\/{rel}","templated":true}]}}