{"id":151523,"date":"2023-04-29T00:45:32","date_gmt":"2023-04-29T04:45:32","guid":{"rendered":"https:\/\/www.eldiario.net\/portal\/?p=151523"},"modified":"2023-04-29T00:45:32","modified_gmt":"2023-04-29T04:45:32","slug":"claudia-arce","status":"publish","type":"post","link":"https:\/\/www.eldiario.net\/portal\/2023\/04\/29\/claudia-arce\/","title":{"rendered":"CLAUDIA ARCE   \u00abSer cursi est\u00e1 bien\u00bb"},"content":{"rendered":"<p>El nuevo sencillo de Claudia Arce es \u201cCursi coraz\u00f3n\u201d, una canci\u00f3n con un sonido mucho m\u00e1s pop, en la que la talentosa cantante, actriz y conductora boliviana le habla a ese amor que nos hace vulnerables y cursis. El video fue estrenado ayer y puede ser apreciado en todas las plataformas digitales.<br \/>\n\u201cEs una canci\u00f3n que busca un poco las letras cursis, una m\u00fasica en un mundo en el que estamos acostumbrados \u00faltimamente a dejar de lado lo cursi o decirle a la gente \u201ccamote\u201d o que solo es de changos y que est\u00e1 mal ser cursi. Esta canci\u00f3n habla mucho de las canciones de antes, de las cosas que se dec\u00edan antes, por ejemplo, de aquellas en las que en lugar de decir: Quiero dormir contigo, se diga \u201cQuiero de tus ma\u00f1anas ser testigo\u201d. En realidad, esta canci\u00f3n es para ponernos cursis. Creo que es importante poder mostrar que ser cursi est\u00e1 bien y que se vale\u201d, coment\u00f3 Claudia en la charla que entabl\u00f3, v\u00eda telef\u00f3nica, desde M\u00e9xico, con La Gu\u00eda del peri\u00f3dico EL DIARIO.<\/p>\n<p><strong>LG: \u00bfDe qui\u00e9n es la letra?, \u00bfes tu composici\u00f3n?<\/strong><br \/>\nC: S\u00ed, esta canci\u00f3n la escrib\u00ed en 2021 con un amigo llamado Kevin Rogers, \u00e9l es un youtuber, \u00e9l la sac\u00f3 para su proyecto, para su EP. En realidad, escrib\u00ed con \u00e9l otras cinco canciones y \u00e9l sac\u00f3 el EP que se llama \u201cCinco Pa\u00b4 Una\u201d, que son cinco canciones dedicadas a una chica. Para este proyecto yo puse las letras de las cinco canciones, pero la verdad es que me sent\u00eda muy bien identificada con \u201cCursi coraz\u00f3n\u201d (\u2026).<br \/>\nEntonces decid\u00ed, como compositora de la canci\u00f3n, grabarla y grabarla sola, porque ya hay una versi\u00f3n en la que la cantamos juntos.<\/p>\n<p><strong>LG: Entonces \u00bfesta canci\u00f3n forma parte del trabajo de Kevin Rogers?<\/strong><br \/>\nC: S\u00ed, forma parte de ese EP, y tambi\u00e9n ahora el lanzamiento es una canci\u00f3n en la que canto sola. En la versi\u00f3n del EP es un d\u00fao.<br \/>\nEsta nueva versi\u00f3n es cantada sola y tiene el video clip que se estren\u00f3 este viernes. Ya est\u00e1 en todas las plataformas.<\/p>\n<p><strong>LG: \u00bfQu\u00e9 fue lo que m\u00e1s te motiv\u00f3 a escribir \u201cCursi coraz\u00f3n\u201d?<\/strong><br \/>\nC: El enamoramiento como tal, sentir a trav\u00e9s de la canci\u00f3n. La m\u00fasica realmente nos hace vibrar con emociones diferentes y esta canci\u00f3n trata de hacerte vibrar en ese momento, como cuando est\u00e1s enamorado en la prepa, en la escuela, ese sentimiento de\u2026 muy cursi, de querer hacer una cartita, de querer hacer un detalle para la persona que amas, por m\u00e1s que te digan lo que te digan: Camote, pocholo y lo que sea. Entonces siento que la inspiraci\u00f3n se dio tambi\u00e9n porque estaba surgiendo una situaci\u00f3n as\u00ed. La persona con la que yo escrib\u00ed esta canci\u00f3n es una persona con la que vivimos ese momento en 2021\u2026 compusimos la canci\u00f3n y nos sent\u00edamos as\u00ed. Es una canci\u00f3n que nos dedicamos mutuamente (&#8230;). Ahora los tiempos han cambiado y una tambi\u00e9n como artista sigue su camino, y la vida sigue y ya es una historia que form\u00f3 parte del pasado y una historia que tiene una gran canci\u00f3n.<\/p>\n<p><em><strong>LG: \u00bfEs tu mejor canci\u00f3n, como siempre afirman los artistas acerca de su nuevo lanzamiento?<\/strong><\/em><br \/>\nC: Siempre se puede hacer una mejor. Por eso dicen que la \u00faltima que hice es la mejor, pero creo que eso es arriesgado. Yo no la calificar\u00eda como la mejor, sino nada m\u00e1s la calificar\u00eda como de mis favoritas, te podr\u00eda decir cu\u00e1l es mi favorita. Y estoy segura de que, para cada persona, su favorita ser\u00e1 diferente por la historia con la que se identifica. Eso es lo m\u00e1gico de las canciones, que cada uno puede identificarse con alguna de las historias.<\/p>\n<p><strong>LG: \u00bfTienes registradas las canciones que compusiste hasta el momento?<\/strong><br \/>\nC: S\u00ed, bueno, de las compuestas y registradas, o sea que haya decidido sacar, porque igual, cuando vas componiendo, no todo lo que compones va a salir (\u2026). Entonces de las que s\u00ed van como registradas y firmadas como compositora hasta ahorita, hay 28 canciones m\u00edas en Warner Chappell, sin contar las que vienen ahorita de estreno. Por si acaso, para el pr\u00f3ximo mes se estrena una canci\u00f3n y el siguiente \u201cCu\u00e9ntame\u201d, o sea que vamos a tener estrenos el viernes, el siguiente mes e igualmente vamos a estrenar canci\u00f3n y video el siguiente mes tambi\u00e9n\u2026 Entonces, por si quieren estar atentos, vamos a estar compartiendo m\u00fasica que ya se ha estado haciendo el a\u00f1o pasado y, obviamente, va a salir este 2023.<br \/>\n<strong>LG: \u00bfQu\u00e9 m\u00e1s puedes resaltar de \u201cCursi coraz\u00f3n\u201d?<\/strong><br \/>\nC: \u201cCursi coraz\u00f3n\u201d es una canci\u00f3n pop. M\u00e1s o menos como el pop que ya les present\u00e9\u2026 Y lo que espero con esta canci\u00f3n es una misi\u00f3n para poder conectar con aquellas personas que sienten que estar cursi, ser cursi, es malo. Entonces es un llamado a mi gente cursi para decirles que ser cursi est\u00e1 bien y que necesitamos m\u00e1s gente cursi en el mundo y que valore el sentir. Creo que a veces decimos no, no, est\u00e1 cursi, qu\u00e9 rom\u00e1ntico. A veces la vida te ense\u00f1a que las cosas no duran para siempre y por qu\u00e9 no poner el 100 por ciento cuando la est\u00e1s pasando bien.<\/p>\n<p><strong>LG: \u00bfY qu\u00e9 m\u00e1s est\u00e1s haciendo en este momento en M\u00e9xico?<\/strong><br \/>\nC: Pues, ah\u00ed andamos con el tema de todas estas canciones que se van a estrenar en mayo, junio, julio y agosto. Y tambi\u00e9n hemos estado trabajando en Mones, un programa infantil para ni\u00f1os y que ya est\u00e1 disponible en Televisa Digital, o sea YouTube. Pueden buscar como Mones, es un programa que grab\u00e9 el a\u00f1o pasado, es un programa infantil, que obviamente tiene sus videoclips, sus diferentes cap\u00edtulos con los personajes. Actoralmente creo que es muy divertido poder actuar para ni\u00f1os y poder estar en ese ambiente. Ahora estoy planeando ir a Bolivia a mediados de a\u00f1o, a ver qu\u00e9 hacemos por all\u00e1, y al retornar, qui\u00e9n sabe ya tenemos una (nueva tele) novela.<\/p>\n<p><strong>LG: \u00bfDeseas agregar algo?<\/strong><br \/>\nC: Much\u00edsimas gracias, pues, por el tiempo y por compartir \u201cCursi coraz\u00f3n\u201d. Si hoy pueden salvar a un coraz\u00f3n cursi en el mundo, vean esta canci\u00f3n para que podamos compartir que ser cursi est\u00e1 bien.<\/p>\n<p>* La actriz y cantante boliviana nos platica sobre su nuevo sencillo, \u201cCursi coraz\u00f3n\u201d. \u201cLa m\u00fasica realmente nos hace vibrar emociones diferentes y esta canci\u00f3n trata de hacerte vibrar en ese momento, como cuando est\u00e1s enamorado\u201d, cont\u00f3 a La Gu\u00eda.<\/p>\n\n","protected":false},"excerpt":{"rendered":"<p>El nuevo sencillo de Claudia Arce es \u201cCursi coraz\u00f3n\u201d, una canci\u00f3n con un sonido mucho m\u00e1s pop, en la que la talentosa cantante, actriz y conductora boliviana le habla a ese amor que nos hace vulnerables y cursis. El video fue estrenado ayer y puede ser apreciado en todas las plataformas digitales. \u201cEs una canci\u00f3n [&hellip;]<\/p>\n","protected":false},"author":1,"featured_media":151526,"comment_status":"closed","ping_status":"closed","sticky":false,"template":"","format":"standard","meta":{"_acf_changed":false,"footnotes":""},"categories":[41],"tags":[],"class_list":["post-151523","post","type-post","status-publish","format-standard","has-post-thumbnail","category-la-guia"],"acf":{"antetitulo":""},"yoast_head":"<!-- This site is optimized with the Yoast SEO plugin v28.4 - https:\/\/yoast.com\/product\/yoast-seo-wordpress\/ -->\n<title>CLAUDIA ARCE  &quot;Ser cursi est\u00e1 bien&quot; - El Diario - Bolivia<\/title>\n<meta name=\"robots\" content=\"index, follow, max-snippet:-1, max-image-preview:large, max-video-preview:-1\" \/>\n<link rel=\"canonical\" href=\"https:\/\/www.eldiario.net\/portal\/2023\/04\/29\/claudia-arce\/\" \/>\n<meta property=\"og:locale\" content=\"es_ES\" \/>\n<meta property=\"og:type\" content=\"article\" \/>\n<meta property=\"og:title\" content=\"CLAUDIA ARCE  &quot;Ser cursi est\u00e1 bien&quot; - El Diario - Bolivia\" \/>\n<meta property=\"og:description\" content=\"El nuevo sencillo de Claudia Arce es \u201cCursi coraz\u00f3n\u201d, una canci\u00f3n con un sonido mucho m\u00e1s pop, en la que la talentosa cantante, actriz y conductora boliviana le habla a ese amor que nos hace vulnerables y cursis. El video fue estrenado ayer y puede ser apreciado en todas las plataformas digitales. \u201cEs una canci\u00f3n [&hellip;]\" \/>\n<meta property=\"og:url\" content=\"https:\/\/www.eldiario.net\/portal\/2023\/04\/29\/claudia-arce\/\" \/>\n<meta property=\"og:site_name\" content=\"El Diario - Bolivia\" \/>\n<meta property=\"article:publisher\" content=\"https:\/\/www.facebook.com\/eldiario.bolivia\/\" \/>\n<meta property=\"article:published_time\" content=\"2023-04-29T04:45:32+00:00\" \/>\n<meta name=\"author\" content=\"Jeanette\" \/>\n<meta name=\"twitter:card\" content=\"summary_large_image\" \/>\n<meta name=\"twitter:creator\" content=\"@eldiario_net\" \/>\n<meta name=\"twitter:site\" content=\"@eldiario_net\" \/>\n<meta name=\"twitter:label1\" content=\"Escrito por\" \/>\n\t<meta name=\"twitter:data1\" content=\"Jeanette\" \/>\n\t<meta name=\"twitter:label2\" content=\"Tiempo de lectura\" \/>\n\t<meta name=\"twitter:data2\" content=\"5 minutos\" \/>\n<script type=\"application\/ld+json\" class=\"yoast-schema-graph\">{\"@context\":\"https:\\\/\\\/schema.org\",\"@graph\":[{\"@type\":\"Article\",\"@id\":\"https:\\\/\\\/www.eldiario.net\\\/portal\\\/2023\\\/04\\\/29\\\/claudia-arce\\\/#article\",\"isPartOf\":{\"@id\":\"https:\\\/\\\/www.eldiario.net\\\/portal\\\/2023\\\/04\\\/29\\\/claudia-arce\\\/\"},\"author\":{\"name\":\"Jeanette\",\"@id\":\"https:\\\/\\\/www.eldiario.net\\\/portal\\\/#\\\/schema\\\/person\\\/2c57cf2b7a7ae032e449e4c9b1019eac\"},\"headline\":\"CLAUDIA ARCE \u00abSer cursi est\u00e1 bien\u00bb\",\"datePublished\":\"2023-04-29T04:45:32+00:00\",\"mainEntityOfPage\":{\"@id\":\"https:\\\/\\\/www.eldiario.net\\\/portal\\\/2023\\\/04\\\/29\\\/claudia-arce\\\/\"},\"wordCount\":1162,\"publisher\":{\"@id\":\"https:\\\/\\\/www.eldiario.net\\\/portal\\\/#organization\"},\"image\":{\"@id\":\"https:\\\/\\\/www.eldiario.net\\\/portal\\\/2023\\\/04\\\/29\\\/claudia-arce\\\/#primaryimage\"},\"thumbnailUrl\":\"\",\"articleSection\":[\"La Gu\u00eda\"],\"inLanguage\":\"es\"},{\"@type\":\"WebPage\",\"@id\":\"https:\\\/\\\/www.eldiario.net\\\/portal\\\/2023\\\/04\\\/29\\\/claudia-arce\\\/\",\"url\":\"https:\\\/\\\/www.eldiario.net\\\/portal\\\/2023\\\/04\\\/29\\\/claudia-arce\\\/\",\"name\":\"CLAUDIA ARCE \\\"Ser cursi est\u00e1 bien\\\" - El Diario - Bolivia\",\"isPartOf\":{\"@id\":\"https:\\\/\\\/www.eldiario.net\\\/portal\\\/#website\"},\"primaryImageOfPage\":{\"@id\":\"https:\\\/\\\/www.eldiario.net\\\/portal\\\/2023\\\/04\\\/29\\\/claudia-arce\\\/#primaryimage\"},\"image\":{\"@id\":\"https:\\\/\\\/www.eldiario.net\\\/portal\\\/2023\\\/04\\\/29\\\/claudia-arce\\\/#primaryimage\"},\"thumbnailUrl\":\"\",\"datePublished\":\"2023-04-29T04:45:32+00:00\",\"breadcrumb\":{\"@id\":\"https:\\\/\\\/www.eldiario.net\\\/portal\\\/2023\\\/04\\\/29\\\/claudia-arce\\\/#breadcrumb\"},\"inLanguage\":\"es\",\"potentialAction\":[{\"@type\":\"ReadAction\",\"target\":[\"https:\\\/\\\/www.eldiario.net\\\/portal\\\/2023\\\/04\\\/29\\\/claudia-arce\\\/\"]}]},{\"@type\":\"ImageObject\",\"inLanguage\":\"es\",\"@id\":\"https:\\\/\\\/www.eldiario.net\\\/portal\\\/2023\\\/04\\\/29\\\/claudia-arce\\\/#primaryimage\",\"url\":\"\",\"contentUrl\":\"\"},{\"@type\":\"BreadcrumbList\",\"@id\":\"https:\\\/\\\/www.eldiario.net\\\/portal\\\/2023\\\/04\\\/29\\\/claudia-arce\\\/#breadcrumb\",\"itemListElement\":[{\"@type\":\"ListItem\",\"position\":1,\"name\":\"Portada\",\"item\":\"https:\\\/\\\/www.eldiario.net\\\/portal\\\/\"},{\"@type\":\"ListItem\",\"position\":2,\"name\":\"CLAUDIA ARCE \u00abSer cursi est\u00e1 bien\u00bb\"}]},{\"@type\":\"WebSite\",\"@id\":\"https:\\\/\\\/www.eldiario.net\\\/portal\\\/#website\",\"url\":\"https:\\\/\\\/www.eldiario.net\\\/portal\\\/\",\"name\":\"El Diario - Decano de la prensa nacional\",\"description\":\"El Diario - Decano de la prensa nacional\",\"publisher\":{\"@id\":\"https:\\\/\\\/www.eldiario.net\\\/portal\\\/#organization\"},\"potentialAction\":[{\"@type\":\"SearchAction\",\"target\":{\"@type\":\"EntryPoint\",\"urlTemplate\":\"https:\\\/\\\/www.eldiario.net\\\/portal\\\/?s={search_term_string}\"},\"query-input\":{\"@type\":\"PropertyValueSpecification\",\"valueRequired\":true,\"valueName\":\"search_term_string\"}}],\"inLanguage\":\"es\"},{\"@type\":\"Organization\",\"@id\":\"https:\\\/\\\/www.eldiario.net\\\/portal\\\/#organization\",\"name\":\"El Diario - Decano de la prensa nacional\",\"url\":\"https:\\\/\\\/www.eldiario.net\\\/portal\\\/\",\"logo\":{\"@type\":\"ImageObject\",\"inLanguage\":\"es\",\"@id\":\"https:\\\/\\\/www.eldiario.net\\\/portal\\\/#\\\/schema\\\/logo\\\/image\\\/\",\"url\":\"https:\\\/\\\/www.eldiario.net\\\/portal\\\/wp-content\\\/uploads\\\/2023\\\/07\\\/logo_ED.jpg\",\"contentUrl\":\"https:\\\/\\\/www.eldiario.net\\\/portal\\\/wp-content\\\/uploads\\\/2023\\\/07\\\/logo_ED.jpg\",\"width\":272,\"height\":52,\"caption\":\"El Diario - Decano de la prensa nacional\"},\"image\":{\"@id\":\"https:\\\/\\\/www.eldiario.net\\\/portal\\\/#\\\/schema\\\/logo\\\/image\\\/\"},\"sameAs\":[\"https:\\\/\\\/www.facebook.com\\\/eldiario.bolivia\\\/\",\"https:\\\/\\\/x.com\\\/eldiario_net\"]},{\"@type\":\"Person\",\"@id\":\"https:\\\/\\\/www.eldiario.net\\\/portal\\\/#\\\/schema\\\/person\\\/2c57cf2b7a7ae032e449e4c9b1019eac\",\"name\":\"Jeanette\",\"image\":{\"@type\":\"ImageObject\",\"inLanguage\":\"es\",\"@id\":\"https:\\\/\\\/secure.gravatar.com\\\/avatar\\\/3ea2118a5f7dad2b7138b1187a6b7ee55f160b9968b66013c3a3ef39dd7e5798?s=96&d=mm&r=g\",\"url\":\"https:\\\/\\\/secure.gravatar.com\\\/avatar\\\/3ea2118a5f7dad2b7138b1187a6b7ee55f160b9968b66013c3a3ef39dd7e5798?s=96&d=mm&r=g\",\"contentUrl\":\"https:\\\/\\\/secure.gravatar.com\\\/avatar\\\/3ea2118a5f7dad2b7138b1187a6b7ee55f160b9968b66013c3a3ef39dd7e5798?s=96&d=mm&r=g\",\"caption\":\"Jeanette\"},\"sameAs\":[\"https:\\\/\\\/www.eldiario.net\\\/portal\"],\"url\":\"https:\\\/\\\/www.eldiario.net\\\/portal\\\/author\\\/jeanette\\\/\"}]}<\/script>\n<!-- \/ Yoast SEO plugin. -->","yoast_head_json":{"title":"CLAUDIA ARCE  \"Ser cursi est\u00e1 bien\" - El Diario - Bolivia","robots":{"index":"index","follow":"follow","max-snippet":"max-snippet:-1","max-image-preview":"max-image-preview:large","max-video-preview":"max-video-preview:-1"},"canonical":"https:\/\/www.eldiario.net\/portal\/2023\/04\/29\/claudia-arce\/","og_locale":"es_ES","og_type":"article","og_title":"CLAUDIA ARCE  \"Ser cursi est\u00e1 bien\" - El Diario - Bolivia","og_description":"El nuevo sencillo de Claudia Arce es \u201cCursi coraz\u00f3n\u201d, una canci\u00f3n con un sonido mucho m\u00e1s pop, en la que la talentosa cantante, actriz y conductora boliviana le habla a ese amor que nos hace vulnerables y cursis. El video fue estrenado ayer y puede ser apreciado en todas las plataformas digitales. \u201cEs una canci\u00f3n [&hellip;]","og_url":"https:\/\/www.eldiario.net\/portal\/2023\/04\/29\/claudia-arce\/","og_site_name":"El Diario - Bolivia","article_publisher":"https:\/\/www.facebook.com\/eldiario.bolivia\/","article_published_time":"2023-04-29T04:45:32+00:00","author":"Jeanette","twitter_card":"summary_large_image","twitter_creator":"@eldiario_net","twitter_site":"@eldiario_net","twitter_misc":{"Escrito por":"Jeanette","Tiempo de lectura":"5 minutos"},"schema":{"@context":"https:\/\/schema.org","@graph":[{"@type":"Article","@id":"https:\/\/www.eldiario.net\/portal\/2023\/04\/29\/claudia-arce\/#article","isPartOf":{"@id":"https:\/\/www.eldiario.net\/portal\/2023\/04\/29\/claudia-arce\/"},"author":{"name":"Jeanette","@id":"https:\/\/www.eldiario.net\/portal\/#\/schema\/person\/2c57cf2b7a7ae032e449e4c9b1019eac"},"headline":"CLAUDIA ARCE \u00abSer cursi est\u00e1 bien\u00bb","datePublished":"2023-04-29T04:45:32+00:00","mainEntityOfPage":{"@id":"https:\/\/www.eldiario.net\/portal\/2023\/04\/29\/claudia-arce\/"},"wordCount":1162,"publisher":{"@id":"https:\/\/www.eldiario.net\/portal\/#organization"},"image":{"@id":"https:\/\/www.eldiario.net\/portal\/2023\/04\/29\/claudia-arce\/#primaryimage"},"thumbnailUrl":"","articleSection":["La Gu\u00eda"],"inLanguage":"es"},{"@type":"WebPage","@id":"https:\/\/www.eldiario.net\/portal\/2023\/04\/29\/claudia-arce\/","url":"https:\/\/www.eldiario.net\/portal\/2023\/04\/29\/claudia-arce\/","name":"CLAUDIA ARCE \"Ser cursi est\u00e1 bien\" - El Diario - Bolivia","isPartOf":{"@id":"https:\/\/www.eldiario.net\/portal\/#website"},"primaryImageOfPage":{"@id":"https:\/\/www.eldiario.net\/portal\/2023\/04\/29\/claudia-arce\/#primaryimage"},"image":{"@id":"https:\/\/www.eldiario.net\/portal\/2023\/04\/29\/claudia-arce\/#primaryimage"},"thumbnailUrl":"","datePublished":"2023-04-29T04:45:32+00:00","breadcrumb":{"@id":"https:\/\/www.eldiario.net\/portal\/2023\/04\/29\/claudia-arce\/#breadcrumb"},"inLanguage":"es","potentialAction":[{"@type":"ReadAction","target":["https:\/\/www.eldiario.net\/portal\/2023\/04\/29\/claudia-arce\/"]}]},{"@type":"ImageObject","inLanguage":"es","@id":"https:\/\/www.eldiario.net\/portal\/2023\/04\/29\/claudia-arce\/#primaryimage","url":"","contentUrl":""},{"@type":"BreadcrumbList","@id":"https:\/\/www.eldiario.net\/portal\/2023\/04\/29\/claudia-arce\/#breadcrumb","itemListElement":[{"@type":"ListItem","position":1,"name":"Portada","item":"https:\/\/www.eldiario.net\/portal\/"},{"@type":"ListItem","position":2,"name":"CLAUDIA ARCE \u00abSer cursi est\u00e1 bien\u00bb"}]},{"@type":"WebSite","@id":"https:\/\/www.eldiario.net\/portal\/#website","url":"https:\/\/www.eldiario.net\/portal\/","name":"El Diario - Decano de la prensa nacional","description":"El Diario - Decano de la prensa nacional","publisher":{"@id":"https:\/\/www.eldiario.net\/portal\/#organization"},"potentialAction":[{"@type":"SearchAction","target":{"@type":"EntryPoint","urlTemplate":"https:\/\/www.eldiario.net\/portal\/?s={search_term_string}"},"query-input":{"@type":"PropertyValueSpecification","valueRequired":true,"valueName":"search_term_string"}}],"inLanguage":"es"},{"@type":"Organization","@id":"https:\/\/www.eldiario.net\/portal\/#organization","name":"El Diario - Decano de la prensa nacional","url":"https:\/\/www.eldiario.net\/portal\/","logo":{"@type":"ImageObject","inLanguage":"es","@id":"https:\/\/www.eldiario.net\/portal\/#\/schema\/logo\/image\/","url":"https:\/\/www.eldiario.net\/portal\/wp-content\/uploads\/2023\/07\/logo_ED.jpg","contentUrl":"https:\/\/www.eldiario.net\/portal\/wp-content\/uploads\/2023\/07\/logo_ED.jpg","width":272,"height":52,"caption":"El Diario - Decano de la prensa nacional"},"image":{"@id":"https:\/\/www.eldiario.net\/portal\/#\/schema\/logo\/image\/"},"sameAs":["https:\/\/www.facebook.com\/eldiario.bolivia\/","https:\/\/x.com\/eldiario_net"]},{"@type":"Person","@id":"https:\/\/www.eldiario.net\/portal\/#\/schema\/person\/2c57cf2b7a7ae032e449e4c9b1019eac","name":"Jeanette","image":{"@type":"ImageObject","inLanguage":"es","@id":"https:\/\/secure.gravatar.com\/avatar\/3ea2118a5f7dad2b7138b1187a6b7ee55f160b9968b66013c3a3ef39dd7e5798?s=96&d=mm&r=g","url":"https:\/\/secure.gravatar.com\/avatar\/3ea2118a5f7dad2b7138b1187a6b7ee55f160b9968b66013c3a3ef39dd7e5798?s=96&d=mm&r=g","contentUrl":"https:\/\/secure.gravatar.com\/avatar\/3ea2118a5f7dad2b7138b1187a6b7ee55f160b9968b66013c3a3ef39dd7e5798?s=96&d=mm&r=g","caption":"Jeanette"},"sameAs":["https:\/\/www.eldiario.net\/portal"],"url":"https:\/\/www.eldiario.net\/portal\/author\/jeanette\/"}]}},"_links":{"self":[{"href":"https:\/\/www.eldiario.net\/portal\/wp-json\/wp\/v2\/posts\/151523","targetHints":{"allow":["GET"]}}],"collection":[{"href":"https:\/\/www.eldiario.net\/portal\/wp-json\/wp\/v2\/posts"}],"about":[{"href":"https:\/\/www.eldiario.net\/portal\/wp-json\/wp\/v2\/types\/post"}],"author":[{"embeddable":true,"href":"https:\/\/www.eldiario.net\/portal\/wp-json\/wp\/v2\/users\/1"}],"replies":[{"embeddable":true,"href":"https:\/\/www.eldiario.net\/portal\/wp-json\/wp\/v2\/comments?post=151523"}],"version-history":[{"count":0,"href":"https:\/\/www.eldiario.net\/portal\/wp-json\/wp\/v2\/posts\/151523\/revisions"}],"wp:attachment":[{"href":"https:\/\/www.eldiario.net\/portal\/wp-json\/wp\/v2\/media?parent=151523"}],"wp:term":[{"taxonomy":"category","embeddable":true,"href":"https:\/\/www.eldiario.net\/portal\/wp-json\/wp\/v2\/categories?post=151523"},{"taxonomy":"post_tag","embeddable":true,"href":"https:\/\/www.eldiario.net\/portal\/wp-json\/wp\/v2\/tags?post=151523"}],"curies":[{"name":"wp","href":"https:\/\/api.w.org\/{rel}","templated":true}]}}