{"id":151429,"date":"2023-04-29T00:45:47","date_gmt":"2023-04-29T04:45:47","guid":{"rendered":"https:\/\/www.eldiario.net\/portal\/?p=151429"},"modified":"2023-04-29T00:45:47","modified_gmt":"2023-04-29T04:45:47","slug":"cuatro-escolares-con-sintomas-de-intoxicacion-llegan-al-hospital","status":"publish","type":"post","link":"https:\/\/www.eldiario.net\/portal\/2023\/04\/29\/cuatro-escolares-con-sintomas-de-intoxicacion-llegan-al-hospital\/","title":{"rendered":"Cuatro escolares con s\u00edntomas de  intoxicaci\u00f3n llegan al hospital"},"content":{"rendered":"<p>Cuatro estudiantes de un colegio de la zona El Recreo, en el Plan 3.000 de la capital cruce\u00f1a, fueron llevados de emergencia ayer desde el establecimiento educativo hasta un centro de salud luego de presentar problemas estomacales.<br \/>\nLa denuncia de los padres de familia es que los menores habr\u00edan consumido el jugo que se entrega en el desayuno escolar que est\u00e1 a cargo de la Alcald\u00eda municipal, un extremo que ser\u00e1 sometido a investigaci\u00f3n para esclarecerse el hecho.<br \/>\n\u201cYo prob\u00e9 el jugo, me fij\u00e9 en la fecha de caducidad y no est\u00e1 vencido, pero esto (mostrando la bolsa) no se puede tomar\u201d, dijo la madre de uno de los estudiantes afectados.<br \/>\nEsta es la segunda situaci\u00f3n que se registra en colegios de Santa Cruz de la Sierra en s\u00f3lo dos d\u00edas, pues este jueves, 27 de abril, tambi\u00e9n hubo con caracter\u00edsticas similares en donde seis estudiantes de un establecimiento educativo de la zona sur fueron llevados de emergencia al hospital El Baj\u00edo del Oriente.<br \/>\nEn el informe de la Secretar\u00eda de Salud municipal sobre lo ocurrido ayer, jueves, los seis pacientes ingresaron presentando un posible cuadro de intoxicaci\u00f3n y deshidrataci\u00f3n leve; con n\u00e1useas, malestar en general, v\u00f3mito y dolor de cabeza. Una vez conocido el caso, fueron atendidas oportunamente en el Hospital El Baj\u00edo y su evoluci\u00f3n fue favorable, posteriormente fueron derivadas a centros de salud de primer nivel.<br \/>\nAyer tres fueron dados de alta, mientras que el resto de escolares \u201cpermanecen internados y estables a la espera de su alta m\u00e9dica que se les otorgar\u00e1 en las pr\u00f3ximas horas\u201d. (Santa Cruz, con datos de Unitel).<\/p>\n<p>&nbsp;<\/p>\n","protected":false},"excerpt":{"rendered":"<p>Cuatro estudiantes de un colegio de la zona El Recreo, en el Plan 3.000 de la capital cruce\u00f1a, fueron llevados de emergencia ayer desde el establecimiento educativo hasta un centro de salud luego de presentar problemas estomacales. La denuncia de los padres de familia es que los menores habr\u00edan consumido el jugo que se entrega [&hellip;]<\/p>\n","protected":false},"author":1,"featured_media":0,"comment_status":"closed","ping_status":"closed","sticky":false,"template":"","format":"standard","meta":{"_acf_changed":false,"footnotes":""},"categories":[12],"tags":[],"class_list":["post-151429","post","type-post","status-publish","format-standard","category-nacional"],"acf":{"antetitulo":""},"yoast_head":"<!-- This site is optimized with the Yoast SEO plugin v28.4 - https:\/\/yoast.com\/product\/yoast-seo-wordpress\/ -->\n<title>Cuatro escolares con s\u00edntomas de intoxicaci\u00f3n llegan al hospital - El Diario - Bolivia<\/title>\n<meta name=\"robots\" content=\"index, follow, max-snippet:-1, max-image-preview:large, max-video-preview:-1\" \/>\n<link rel=\"canonical\" href=\"https:\/\/www.eldiario.net\/portal\/2023\/04\/29\/cuatro-escolares-con-sintomas-de-intoxicacion-llegan-al-hospital\/\" \/>\n<meta property=\"og:locale\" content=\"es_ES\" \/>\n<meta property=\"og:type\" content=\"article\" \/>\n<meta property=\"og:title\" content=\"Cuatro escolares con s\u00edntomas de intoxicaci\u00f3n llegan al hospital - El Diario - Bolivia\" \/>\n<meta property=\"og:description\" content=\"Cuatro estudiantes de un colegio de la zona El Recreo, en el Plan 3.000 de la capital cruce\u00f1a, fueron llevados de emergencia ayer desde el establecimiento educativo hasta un centro de salud luego de presentar problemas estomacales. La denuncia de los padres de familia es que los menores habr\u00edan consumido el jugo que se entrega [&hellip;]\" \/>\n<meta property=\"og:url\" content=\"https:\/\/www.eldiario.net\/portal\/2023\/04\/29\/cuatro-escolares-con-sintomas-de-intoxicacion-llegan-al-hospital\/\" \/>\n<meta property=\"og:site_name\" content=\"El Diario - Bolivia\" \/>\n<meta property=\"article:publisher\" content=\"https:\/\/www.facebook.com\/eldiario.bolivia\/\" \/>\n<meta property=\"article:published_time\" content=\"2023-04-29T04:45:47+00:00\" \/>\n<meta name=\"author\" content=\"Jeanette\" \/>\n<meta name=\"twitter:card\" content=\"summary_large_image\" \/>\n<meta name=\"twitter:creator\" content=\"@eldiario_net\" \/>\n<meta name=\"twitter:site\" content=\"@eldiario_net\" \/>\n<meta name=\"twitter:label1\" content=\"Escrito por\" \/>\n\t<meta name=\"twitter:data1\" content=\"Jeanette\" \/>\n\t<meta name=\"twitter:label2\" content=\"Tiempo de lectura\" \/>\n\t<meta name=\"twitter:data2\" content=\"2 minutos\" \/>\n<script type=\"application\/ld+json\" class=\"yoast-schema-graph\">{\"@context\":\"https:\\\/\\\/schema.org\",\"@graph\":[{\"@type\":\"Article\",\"@id\":\"https:\\\/\\\/www.eldiario.net\\\/portal\\\/2023\\\/04\\\/29\\\/cuatro-escolares-con-sintomas-de-intoxicacion-llegan-al-hospital\\\/#article\",\"isPartOf\":{\"@id\":\"https:\\\/\\\/www.eldiario.net\\\/portal\\\/2023\\\/04\\\/29\\\/cuatro-escolares-con-sintomas-de-intoxicacion-llegan-al-hospital\\\/\"},\"author\":{\"name\":\"Jeanette\",\"@id\":\"https:\\\/\\\/www.eldiario.net\\\/portal\\\/#\\\/schema\\\/person\\\/2c57cf2b7a7ae032e449e4c9b1019eac\"},\"headline\":\"Cuatro escolares con s\u00edntomas de intoxicaci\u00f3n llegan al hospital\",\"datePublished\":\"2023-04-29T04:45:47+00:00\",\"mainEntityOfPage\":{\"@id\":\"https:\\\/\\\/www.eldiario.net\\\/portal\\\/2023\\\/04\\\/29\\\/cuatro-escolares-con-sintomas-de-intoxicacion-llegan-al-hospital\\\/\"},\"wordCount\":295,\"publisher\":{\"@id\":\"https:\\\/\\\/www.eldiario.net\\\/portal\\\/#organization\"},\"articleSection\":[\"Nacional\"],\"inLanguage\":\"es\"},{\"@type\":\"WebPage\",\"@id\":\"https:\\\/\\\/www.eldiario.net\\\/portal\\\/2023\\\/04\\\/29\\\/cuatro-escolares-con-sintomas-de-intoxicacion-llegan-al-hospital\\\/\",\"url\":\"https:\\\/\\\/www.eldiario.net\\\/portal\\\/2023\\\/04\\\/29\\\/cuatro-escolares-con-sintomas-de-intoxicacion-llegan-al-hospital\\\/\",\"name\":\"Cuatro escolares con s\u00edntomas de intoxicaci\u00f3n llegan al hospital - El Diario - Bolivia\",\"isPartOf\":{\"@id\":\"https:\\\/\\\/www.eldiario.net\\\/portal\\\/#website\"},\"datePublished\":\"2023-04-29T04:45:47+00:00\",\"breadcrumb\":{\"@id\":\"https:\\\/\\\/www.eldiario.net\\\/portal\\\/2023\\\/04\\\/29\\\/cuatro-escolares-con-sintomas-de-intoxicacion-llegan-al-hospital\\\/#breadcrumb\"},\"inLanguage\":\"es\",\"potentialAction\":[{\"@type\":\"ReadAction\",\"target\":[\"https:\\\/\\\/www.eldiario.net\\\/portal\\\/2023\\\/04\\\/29\\\/cuatro-escolares-con-sintomas-de-intoxicacion-llegan-al-hospital\\\/\"]}]},{\"@type\":\"BreadcrumbList\",\"@id\":\"https:\\\/\\\/www.eldiario.net\\\/portal\\\/2023\\\/04\\\/29\\\/cuatro-escolares-con-sintomas-de-intoxicacion-llegan-al-hospital\\\/#breadcrumb\",\"itemListElement\":[{\"@type\":\"ListItem\",\"position\":1,\"name\":\"Portada\",\"item\":\"https:\\\/\\\/www.eldiario.net\\\/portal\\\/\"},{\"@type\":\"ListItem\",\"position\":2,\"name\":\"Cuatro escolares con s\u00edntomas de intoxicaci\u00f3n llegan al hospital\"}]},{\"@type\":\"WebSite\",\"@id\":\"https:\\\/\\\/www.eldiario.net\\\/portal\\\/#website\",\"url\":\"https:\\\/\\\/www.eldiario.net\\\/portal\\\/\",\"name\":\"El Diario - Decano de la prensa nacional\",\"description\":\"El Diario - Decano de la prensa nacional\",\"publisher\":{\"@id\":\"https:\\\/\\\/www.eldiario.net\\\/portal\\\/#organization\"},\"potentialAction\":[{\"@type\":\"SearchAction\",\"target\":{\"@type\":\"EntryPoint\",\"urlTemplate\":\"https:\\\/\\\/www.eldiario.net\\\/portal\\\/?s={search_term_string}\"},\"query-input\":{\"@type\":\"PropertyValueSpecification\",\"valueRequired\":true,\"valueName\":\"search_term_string\"}}],\"inLanguage\":\"es\"},{\"@type\":\"Organization\",\"@id\":\"https:\\\/\\\/www.eldiario.net\\\/portal\\\/#organization\",\"name\":\"El Diario - Decano de la prensa nacional\",\"url\":\"https:\\\/\\\/www.eldiario.net\\\/portal\\\/\",\"logo\":{\"@type\":\"ImageObject\",\"inLanguage\":\"es\",\"@id\":\"https:\\\/\\\/www.eldiario.net\\\/portal\\\/#\\\/schema\\\/logo\\\/image\\\/\",\"url\":\"https:\\\/\\\/www.eldiario.net\\\/portal\\\/wp-content\\\/uploads\\\/2023\\\/07\\\/logo_ED.jpg\",\"contentUrl\":\"https:\\\/\\\/www.eldiario.net\\\/portal\\\/wp-content\\\/uploads\\\/2023\\\/07\\\/logo_ED.jpg\",\"width\":272,\"height\":52,\"caption\":\"El Diario - Decano de la prensa nacional\"},\"image\":{\"@id\":\"https:\\\/\\\/www.eldiario.net\\\/portal\\\/#\\\/schema\\\/logo\\\/image\\\/\"},\"sameAs\":[\"https:\\\/\\\/www.facebook.com\\\/eldiario.bolivia\\\/\",\"https:\\\/\\\/x.com\\\/eldiario_net\"]},{\"@type\":\"Person\",\"@id\":\"https:\\\/\\\/www.eldiario.net\\\/portal\\\/#\\\/schema\\\/person\\\/2c57cf2b7a7ae032e449e4c9b1019eac\",\"name\":\"Jeanette\",\"image\":{\"@type\":\"ImageObject\",\"inLanguage\":\"es\",\"@id\":\"https:\\\/\\\/secure.gravatar.com\\\/avatar\\\/3ea2118a5f7dad2b7138b1187a6b7ee55f160b9968b66013c3a3ef39dd7e5798?s=96&d=mm&r=g\",\"url\":\"https:\\\/\\\/secure.gravatar.com\\\/avatar\\\/3ea2118a5f7dad2b7138b1187a6b7ee55f160b9968b66013c3a3ef39dd7e5798?s=96&d=mm&r=g\",\"contentUrl\":\"https:\\\/\\\/secure.gravatar.com\\\/avatar\\\/3ea2118a5f7dad2b7138b1187a6b7ee55f160b9968b66013c3a3ef39dd7e5798?s=96&d=mm&r=g\",\"caption\":\"Jeanette\"},\"sameAs\":[\"https:\\\/\\\/www.eldiario.net\\\/portal\"],\"url\":\"https:\\\/\\\/www.eldiario.net\\\/portal\\\/author\\\/jeanette\\\/\"}]}<\/script>\n<!-- \/ Yoast SEO plugin. -->","yoast_head_json":{"title":"Cuatro escolares con s\u00edntomas de intoxicaci\u00f3n llegan al hospital - El Diario - Bolivia","robots":{"index":"index","follow":"follow","max-snippet":"max-snippet:-1","max-image-preview":"max-image-preview:large","max-video-preview":"max-video-preview:-1"},"canonical":"https:\/\/www.eldiario.net\/portal\/2023\/04\/29\/cuatro-escolares-con-sintomas-de-intoxicacion-llegan-al-hospital\/","og_locale":"es_ES","og_type":"article","og_title":"Cuatro escolares con s\u00edntomas de intoxicaci\u00f3n llegan al hospital - El Diario - Bolivia","og_description":"Cuatro estudiantes de un colegio de la zona El Recreo, en el Plan 3.000 de la capital cruce\u00f1a, fueron llevados de emergencia ayer desde el establecimiento educativo hasta un centro de salud luego de presentar problemas estomacales. La denuncia de los padres de familia es que los menores habr\u00edan consumido el jugo que se entrega [&hellip;]","og_url":"https:\/\/www.eldiario.net\/portal\/2023\/04\/29\/cuatro-escolares-con-sintomas-de-intoxicacion-llegan-al-hospital\/","og_site_name":"El Diario - Bolivia","article_publisher":"https:\/\/www.facebook.com\/eldiario.bolivia\/","article_published_time":"2023-04-29T04:45:47+00:00","author":"Jeanette","twitter_card":"summary_large_image","twitter_creator":"@eldiario_net","twitter_site":"@eldiario_net","twitter_misc":{"Escrito por":"Jeanette","Tiempo de lectura":"2 minutos"},"schema":{"@context":"https:\/\/schema.org","@graph":[{"@type":"Article","@id":"https:\/\/www.eldiario.net\/portal\/2023\/04\/29\/cuatro-escolares-con-sintomas-de-intoxicacion-llegan-al-hospital\/#article","isPartOf":{"@id":"https:\/\/www.eldiario.net\/portal\/2023\/04\/29\/cuatro-escolares-con-sintomas-de-intoxicacion-llegan-al-hospital\/"},"author":{"name":"Jeanette","@id":"https:\/\/www.eldiario.net\/portal\/#\/schema\/person\/2c57cf2b7a7ae032e449e4c9b1019eac"},"headline":"Cuatro escolares con s\u00edntomas de intoxicaci\u00f3n llegan al hospital","datePublished":"2023-04-29T04:45:47+00:00","mainEntityOfPage":{"@id":"https:\/\/www.eldiario.net\/portal\/2023\/04\/29\/cuatro-escolares-con-sintomas-de-intoxicacion-llegan-al-hospital\/"},"wordCount":295,"publisher":{"@id":"https:\/\/www.eldiario.net\/portal\/#organization"},"articleSection":["Nacional"],"inLanguage":"es"},{"@type":"WebPage","@id":"https:\/\/www.eldiario.net\/portal\/2023\/04\/29\/cuatro-escolares-con-sintomas-de-intoxicacion-llegan-al-hospital\/","url":"https:\/\/www.eldiario.net\/portal\/2023\/04\/29\/cuatro-escolares-con-sintomas-de-intoxicacion-llegan-al-hospital\/","name":"Cuatro escolares con s\u00edntomas de intoxicaci\u00f3n llegan al hospital - El Diario - Bolivia","isPartOf":{"@id":"https:\/\/www.eldiario.net\/portal\/#website"},"datePublished":"2023-04-29T04:45:47+00:00","breadcrumb":{"@id":"https:\/\/www.eldiario.net\/portal\/2023\/04\/29\/cuatro-escolares-con-sintomas-de-intoxicacion-llegan-al-hospital\/#breadcrumb"},"inLanguage":"es","potentialAction":[{"@type":"ReadAction","target":["https:\/\/www.eldiario.net\/portal\/2023\/04\/29\/cuatro-escolares-con-sintomas-de-intoxicacion-llegan-al-hospital\/"]}]},{"@type":"BreadcrumbList","@id":"https:\/\/www.eldiario.net\/portal\/2023\/04\/29\/cuatro-escolares-con-sintomas-de-intoxicacion-llegan-al-hospital\/#breadcrumb","itemListElement":[{"@type":"ListItem","position":1,"name":"Portada","item":"https:\/\/www.eldiario.net\/portal\/"},{"@type":"ListItem","position":2,"name":"Cuatro escolares con s\u00edntomas de intoxicaci\u00f3n llegan al hospital"}]},{"@type":"WebSite","@id":"https:\/\/www.eldiario.net\/portal\/#website","url":"https:\/\/www.eldiario.net\/portal\/","name":"El Diario - Decano de la prensa nacional","description":"El Diario - Decano de la prensa nacional","publisher":{"@id":"https:\/\/www.eldiario.net\/portal\/#organization"},"potentialAction":[{"@type":"SearchAction","target":{"@type":"EntryPoint","urlTemplate":"https:\/\/www.eldiario.net\/portal\/?s={search_term_string}"},"query-input":{"@type":"PropertyValueSpecification","valueRequired":true,"valueName":"search_term_string"}}],"inLanguage":"es"},{"@type":"Organization","@id":"https:\/\/www.eldiario.net\/portal\/#organization","name":"El Diario - Decano de la prensa nacional","url":"https:\/\/www.eldiario.net\/portal\/","logo":{"@type":"ImageObject","inLanguage":"es","@id":"https:\/\/www.eldiario.net\/portal\/#\/schema\/logo\/image\/","url":"https:\/\/www.eldiario.net\/portal\/wp-content\/uploads\/2023\/07\/logo_ED.jpg","contentUrl":"https:\/\/www.eldiario.net\/portal\/wp-content\/uploads\/2023\/07\/logo_ED.jpg","width":272,"height":52,"caption":"El Diario - Decano de la prensa nacional"},"image":{"@id":"https:\/\/www.eldiario.net\/portal\/#\/schema\/logo\/image\/"},"sameAs":["https:\/\/www.facebook.com\/eldiario.bolivia\/","https:\/\/x.com\/eldiario_net"]},{"@type":"Person","@id":"https:\/\/www.eldiario.net\/portal\/#\/schema\/person\/2c57cf2b7a7ae032e449e4c9b1019eac","name":"Jeanette","image":{"@type":"ImageObject","inLanguage":"es","@id":"https:\/\/secure.gravatar.com\/avatar\/3ea2118a5f7dad2b7138b1187a6b7ee55f160b9968b66013c3a3ef39dd7e5798?s=96&d=mm&r=g","url":"https:\/\/secure.gravatar.com\/avatar\/3ea2118a5f7dad2b7138b1187a6b7ee55f160b9968b66013c3a3ef39dd7e5798?s=96&d=mm&r=g","contentUrl":"https:\/\/secure.gravatar.com\/avatar\/3ea2118a5f7dad2b7138b1187a6b7ee55f160b9968b66013c3a3ef39dd7e5798?s=96&d=mm&r=g","caption":"Jeanette"},"sameAs":["https:\/\/www.eldiario.net\/portal"],"url":"https:\/\/www.eldiario.net\/portal\/author\/jeanette\/"}]}},"_links":{"self":[{"href":"https:\/\/www.eldiario.net\/portal\/wp-json\/wp\/v2\/posts\/151429","targetHints":{"allow":["GET"]}}],"collection":[{"href":"https:\/\/www.eldiario.net\/portal\/wp-json\/wp\/v2\/posts"}],"about":[{"href":"https:\/\/www.eldiario.net\/portal\/wp-json\/wp\/v2\/types\/post"}],"author":[{"embeddable":true,"href":"https:\/\/www.eldiario.net\/portal\/wp-json\/wp\/v2\/users\/1"}],"replies":[{"embeddable":true,"href":"https:\/\/www.eldiario.net\/portal\/wp-json\/wp\/v2\/comments?post=151429"}],"version-history":[{"count":0,"href":"https:\/\/www.eldiario.net\/portal\/wp-json\/wp\/v2\/posts\/151429\/revisions"}],"wp:attachment":[{"href":"https:\/\/www.eldiario.net\/portal\/wp-json\/wp\/v2\/media?parent=151429"}],"wp:term":[{"taxonomy":"category","embeddable":true,"href":"https:\/\/www.eldiario.net\/portal\/wp-json\/wp\/v2\/categories?post=151429"},{"taxonomy":"post_tag","embeddable":true,"href":"https:\/\/www.eldiario.net\/portal\/wp-json\/wp\/v2\/tags?post=151429"}],"curies":[{"name":"wp","href":"https:\/\/api.w.org\/{rel}","templated":true}]}}