{"id":151418,"date":"2023-04-30T00:38:38","date_gmt":"2023-04-30T04:38:38","guid":{"rendered":"https:\/\/www.eldiario.net\/portal\/?p=151418"},"modified":"2023-04-30T00:38:38","modified_gmt":"2023-04-30T04:38:38","slug":"guardianes-de-la-galaxia-volumen-3-del-director-james-gunn","status":"publish","type":"post","link":"https:\/\/www.eldiario.net\/portal\/2023\/04\/30\/guardianes-de-la-galaxia-volumen-3-del-director-james-gunn\/","title":{"rendered":"\u201cGuardianes de la Galaxia volumen 3\u201d, del director James Gunn"},"content":{"rendered":"<p>La pel\u00edcula de superh\u00e9roes Guardianes de la Galaxia volumen 3, basada en el equipo de superh\u00e9roes Guardianes de la Galaxia, perteneciente a Marvel Comics. La pel\u00edcula est\u00e1 escrita y dirigida por James Gunn y los fant\u00e1stico protagonistas con Chris Pratt, Zoe Salda\u00f1a, Dave Bautista, Vin Diesel, Bradley Cooper, Karen Gillan, Pom Klementieff, Elizabeth Debicki, Sean Gunn, Sylvester Stallone, Will Poulter, Chukwudi Iwuji y Maria Bakalova.<br \/>\nEn Guardianes de la Galaxia volumen 3 de Marvel Studios, la querida banda de Guardianes se instala en Knowhere. Pero sus vidas no tardan en verse alteradas por los ecos del turbulento pasado de Rocket. Peter Quill, a\u00fan conmocionado por la p\u00e9rdida de Gamora, debe reunir a su equipo en una peligrosa misi\u00f3n para salvar la vida de Rocket, una misi\u00f3n que, si no se completa con \u00e9xito, podr\u00eda muy posiblemente conducir al final de los Guardianes tal y como los conocemos.<br \/>\nJames Gunn dijo en noviembre de 2014 que ten\u00eda ideas iniciales para una tercera pel\u00edcula de la serie y anunci\u00f3 su regreso para escribir y dirigir en abril de 2017. Disney lo despidi\u00f3 de la pel\u00edcula en julio de 2018 luego del resurgimiento de publicaciones controvertidas en Twitter, pero el estudio cambi\u00f3 de rumbo en octubre y reintegr\u00f3 a Gunn como director. El regreso de Gunn se revel\u00f3 p\u00fablicamente en marzo de 2019, y la producci\u00f3n se reanud\u00f3 despu\u00e9s de que Gunn completara el trabajo en su pel\u00edcula El Escuadr\u00f3n Suicida (2021) y su serie derivada Peacemaker (2022). El rodaje comenz\u00f3 en noviembre de 2021 en Trilith Studios en Atlanta, Georgia y dur\u00f3 hasta principios de mayo de 2022.<br \/>\nGuardianes de la Galaxia vol. 3 tuvo su estreno mundial en Disneyland Paris el 22 de abril de 2023, y est\u00e1 programada para ser estrenada en Bolivia el 4 de mayo de 2023, como parte de la Fase Cinco del UCM. <\/p>\n","protected":false},"excerpt":{"rendered":"<p>La pel\u00edcula de superh\u00e9roes Guardianes de la Galaxia volumen 3, basada en el equipo de superh\u00e9roes Guardianes de la Galaxia, perteneciente a Marvel Comics. La pel\u00edcula est\u00e1 escrita y dirigida por James Gunn y los fant\u00e1stico protagonistas con Chris Pratt, Zoe Salda\u00f1a, Dave Bautista, Vin Diesel, Bradley Cooper, Karen Gillan, Pom Klementieff, Elizabeth Debicki, Sean [&hellip;]<\/p>\n","protected":false},"author":1,"featured_media":151419,"comment_status":"closed","ping_status":"closed","sticky":false,"template":"","format":"standard","meta":{"_acf_changed":false,"footnotes":""},"categories":[45],"tags":[],"class_list":["post-151418","post","type-post","status-publish","format-standard","has-post-thumbnail","category-cine-mundo"],"acf":{"antetitulo":""},"yoast_head":"<!-- This site is optimized with the Yoast SEO plugin v28.3 - https:\/\/yoast.com\/product\/yoast-seo-wordpress\/ -->\n<title>\u201cGuardianes de la Galaxia volumen 3\u201d, del director James Gunn - El Diario - Bolivia<\/title>\n<meta name=\"robots\" content=\"index, follow, max-snippet:-1, max-image-preview:large, max-video-preview:-1\" \/>\n<link rel=\"canonical\" href=\"https:\/\/www.eldiario.net\/portal\/2023\/04\/30\/guardianes-de-la-galaxia-volumen-3-del-director-james-gunn\/\" \/>\n<meta property=\"og:locale\" content=\"es_ES\" \/>\n<meta property=\"og:type\" content=\"article\" \/>\n<meta property=\"og:title\" content=\"\u201cGuardianes de la Galaxia volumen 3\u201d, del director James Gunn - El Diario - Bolivia\" \/>\n<meta property=\"og:description\" content=\"La pel\u00edcula de superh\u00e9roes Guardianes de la Galaxia volumen 3, basada en el equipo de superh\u00e9roes Guardianes de la Galaxia, perteneciente a Marvel Comics. La pel\u00edcula est\u00e1 escrita y dirigida por James Gunn y los fant\u00e1stico protagonistas con Chris Pratt, Zoe Salda\u00f1a, Dave Bautista, Vin Diesel, Bradley Cooper, Karen Gillan, Pom Klementieff, Elizabeth Debicki, Sean [&hellip;]\" \/>\n<meta property=\"og:url\" content=\"https:\/\/www.eldiario.net\/portal\/2023\/04\/30\/guardianes-de-la-galaxia-volumen-3-del-director-james-gunn\/\" \/>\n<meta property=\"og:site_name\" content=\"El Diario - Bolivia\" \/>\n<meta property=\"article:publisher\" content=\"https:\/\/www.facebook.com\/eldiario.bolivia\/\" \/>\n<meta property=\"article:published_time\" content=\"2023-04-30T04:38:38+00:00\" \/>\n<meta name=\"author\" content=\"Jeanette\" \/>\n<meta name=\"twitter:card\" content=\"summary_large_image\" \/>\n<meta name=\"twitter:creator\" content=\"@eldiario_net\" \/>\n<meta name=\"twitter:site\" content=\"@eldiario_net\" \/>\n<meta name=\"twitter:label1\" content=\"Escrito por\" \/>\n\t<meta name=\"twitter:data1\" content=\"Jeanette\" \/>\n<script type=\"application\/ld+json\" class=\"yoast-schema-graph\">{\"@context\":\"https:\\\/\\\/schema.org\",\"@graph\":[{\"@type\":\"Article\",\"@id\":\"https:\\\/\\\/www.eldiario.net\\\/portal\\\/2023\\\/04\\\/30\\\/guardianes-de-la-galaxia-volumen-3-del-director-james-gunn\\\/#article\",\"isPartOf\":{\"@id\":\"https:\\\/\\\/www.eldiario.net\\\/portal\\\/2023\\\/04\\\/30\\\/guardianes-de-la-galaxia-volumen-3-del-director-james-gunn\\\/\"},\"author\":{\"name\":\"Jeanette\",\"@id\":\"https:\\\/\\\/www.eldiario.net\\\/portal\\\/#\\\/schema\\\/person\\\/f46445640444750d7d753ccd04ae01b7\"},\"headline\":\"\u201cGuardianes de la Galaxia volumen 3\u201d, del director James Gunn\",\"datePublished\":\"2023-04-30T04:38:38+00:00\",\"mainEntityOfPage\":{\"@id\":\"https:\\\/\\\/www.eldiario.net\\\/portal\\\/2023\\\/04\\\/30\\\/guardianes-de-la-galaxia-volumen-3-del-director-james-gunn\\\/\"},\"wordCount\":320,\"publisher\":{\"@id\":\"https:\\\/\\\/www.eldiario.net\\\/portal\\\/#organization\"},\"image\":{\"@id\":\"https:\\\/\\\/www.eldiario.net\\\/portal\\\/2023\\\/04\\\/30\\\/guardianes-de-la-galaxia-volumen-3-del-director-james-gunn\\\/#primaryimage\"},\"thumbnailUrl\":\"\",\"articleSection\":[\"Cine Mundo\"],\"inLanguage\":\"es\"},{\"@type\":\"WebPage\",\"@id\":\"https:\\\/\\\/www.eldiario.net\\\/portal\\\/2023\\\/04\\\/30\\\/guardianes-de-la-galaxia-volumen-3-del-director-james-gunn\\\/\",\"url\":\"https:\\\/\\\/www.eldiario.net\\\/portal\\\/2023\\\/04\\\/30\\\/guardianes-de-la-galaxia-volumen-3-del-director-james-gunn\\\/\",\"name\":\"\u201cGuardianes de la Galaxia volumen 3\u201d, del director James Gunn - El Diario - Bolivia\",\"isPartOf\":{\"@id\":\"https:\\\/\\\/www.eldiario.net\\\/portal\\\/#website\"},\"primaryImageOfPage\":{\"@id\":\"https:\\\/\\\/www.eldiario.net\\\/portal\\\/2023\\\/04\\\/30\\\/guardianes-de-la-galaxia-volumen-3-del-director-james-gunn\\\/#primaryimage\"},\"image\":{\"@id\":\"https:\\\/\\\/www.eldiario.net\\\/portal\\\/2023\\\/04\\\/30\\\/guardianes-de-la-galaxia-volumen-3-del-director-james-gunn\\\/#primaryimage\"},\"thumbnailUrl\":\"\",\"datePublished\":\"2023-04-30T04:38:38+00:00\",\"breadcrumb\":{\"@id\":\"https:\\\/\\\/www.eldiario.net\\\/portal\\\/2023\\\/04\\\/30\\\/guardianes-de-la-galaxia-volumen-3-del-director-james-gunn\\\/#breadcrumb\"},\"inLanguage\":\"es\",\"potentialAction\":[{\"@type\":\"ReadAction\",\"target\":[\"https:\\\/\\\/www.eldiario.net\\\/portal\\\/2023\\\/04\\\/30\\\/guardianes-de-la-galaxia-volumen-3-del-director-james-gunn\\\/\"]}]},{\"@type\":\"ImageObject\",\"inLanguage\":\"es\",\"@id\":\"https:\\\/\\\/www.eldiario.net\\\/portal\\\/2023\\\/04\\\/30\\\/guardianes-de-la-galaxia-volumen-3-del-director-james-gunn\\\/#primaryimage\",\"url\":\"\",\"contentUrl\":\"\"},{\"@type\":\"BreadcrumbList\",\"@id\":\"https:\\\/\\\/www.eldiario.net\\\/portal\\\/2023\\\/04\\\/30\\\/guardianes-de-la-galaxia-volumen-3-del-director-james-gunn\\\/#breadcrumb\",\"itemListElement\":[{\"@type\":\"ListItem\",\"position\":1,\"name\":\"Portada\",\"item\":\"https:\\\/\\\/www.eldiario.net\\\/portal\\\/\"},{\"@type\":\"ListItem\",\"position\":2,\"name\":\"\u201cGuardianes de la Galaxia volumen 3\u201d, del director James Gunn\"}]},{\"@type\":\"WebSite\",\"@id\":\"https:\\\/\\\/www.eldiario.net\\\/portal\\\/#website\",\"url\":\"https:\\\/\\\/www.eldiario.net\\\/portal\\\/\",\"name\":\"El Diario - Decano de la prensa nacional\",\"description\":\"El Diario - Decano de la prensa nacional\",\"publisher\":{\"@id\":\"https:\\\/\\\/www.eldiario.net\\\/portal\\\/#organization\"},\"potentialAction\":[{\"@type\":\"SearchAction\",\"target\":{\"@type\":\"EntryPoint\",\"urlTemplate\":\"https:\\\/\\\/www.eldiario.net\\\/portal\\\/?s={search_term_string}\"},\"query-input\":{\"@type\":\"PropertyValueSpecification\",\"valueRequired\":true,\"valueName\":\"search_term_string\"}}],\"inLanguage\":\"es\"},{\"@type\":\"Organization\",\"@id\":\"https:\\\/\\\/www.eldiario.net\\\/portal\\\/#organization\",\"name\":\"El Diario - Decano de la prensa nacional\",\"url\":\"https:\\\/\\\/www.eldiario.net\\\/portal\\\/\",\"logo\":{\"@type\":\"ImageObject\",\"inLanguage\":\"es\",\"@id\":\"https:\\\/\\\/www.eldiario.net\\\/portal\\\/#\\\/schema\\\/logo\\\/image\\\/\",\"url\":\"https:\\\/\\\/www.eldiario.net\\\/portal\\\/wp-content\\\/uploads\\\/2023\\\/07\\\/logo_ED.jpg\",\"contentUrl\":\"https:\\\/\\\/www.eldiario.net\\\/portal\\\/wp-content\\\/uploads\\\/2023\\\/07\\\/logo_ED.jpg\",\"width\":272,\"height\":52,\"caption\":\"El Diario - Decano de la prensa nacional\"},\"image\":{\"@id\":\"https:\\\/\\\/www.eldiario.net\\\/portal\\\/#\\\/schema\\\/logo\\\/image\\\/\"},\"sameAs\":[\"https:\\\/\\\/www.facebook.com\\\/eldiario.bolivia\\\/\",\"https:\\\/\\\/x.com\\\/eldiario_net\"]},{\"@type\":\"Person\",\"@id\":\"https:\\\/\\\/www.eldiario.net\\\/portal\\\/#\\\/schema\\\/person\\\/f46445640444750d7d753ccd04ae01b7\",\"name\":\"Jeanette\",\"image\":{\"@type\":\"ImageObject\",\"inLanguage\":\"es\",\"@id\":\"https:\\\/\\\/secure.gravatar.com\\\/avatar\\\/3ea2118a5f7dad2b7138b1187a6b7ee55f160b9968b66013c3a3ef39dd7e5798?s=96&d=mm&r=g\",\"url\":\"https:\\\/\\\/secure.gravatar.com\\\/avatar\\\/3ea2118a5f7dad2b7138b1187a6b7ee55f160b9968b66013c3a3ef39dd7e5798?s=96&d=mm&r=g\",\"contentUrl\":\"https:\\\/\\\/secure.gravatar.com\\\/avatar\\\/3ea2118a5f7dad2b7138b1187a6b7ee55f160b9968b66013c3a3ef39dd7e5798?s=96&d=mm&r=g\",\"caption\":\"Jeanette\"},\"sameAs\":[\"https:\\\/\\\/www.eldiario.net\\\/portal\"],\"url\":\"https:\\\/\\\/www.eldiario.net\\\/portal\\\/author\\\/jeanette\\\/\"}]}<\/script>\n<!-- \/ Yoast SEO plugin. -->","yoast_head_json":{"title":"\u201cGuardianes de la Galaxia volumen 3\u201d, del director James Gunn - El Diario - Bolivia","robots":{"index":"index","follow":"follow","max-snippet":"max-snippet:-1","max-image-preview":"max-image-preview:large","max-video-preview":"max-video-preview:-1"},"canonical":"https:\/\/www.eldiario.net\/portal\/2023\/04\/30\/guardianes-de-la-galaxia-volumen-3-del-director-james-gunn\/","og_locale":"es_ES","og_type":"article","og_title":"\u201cGuardianes de la Galaxia volumen 3\u201d, del director James Gunn - El Diario - Bolivia","og_description":"La pel\u00edcula de superh\u00e9roes Guardianes de la Galaxia volumen 3, basada en el equipo de superh\u00e9roes Guardianes de la Galaxia, perteneciente a Marvel Comics. La pel\u00edcula est\u00e1 escrita y dirigida por James Gunn y los fant\u00e1stico protagonistas con Chris Pratt, Zoe Salda\u00f1a, Dave Bautista, Vin Diesel, Bradley Cooper, Karen Gillan, Pom Klementieff, Elizabeth Debicki, Sean [&hellip;]","og_url":"https:\/\/www.eldiario.net\/portal\/2023\/04\/30\/guardianes-de-la-galaxia-volumen-3-del-director-james-gunn\/","og_site_name":"El Diario - Bolivia","article_publisher":"https:\/\/www.facebook.com\/eldiario.bolivia\/","article_published_time":"2023-04-30T04:38:38+00:00","author":"Jeanette","twitter_card":"summary_large_image","twitter_creator":"@eldiario_net","twitter_site":"@eldiario_net","twitter_misc":{"Escrito por":"Jeanette"},"schema":{"@context":"https:\/\/schema.org","@graph":[{"@type":"Article","@id":"https:\/\/www.eldiario.net\/portal\/2023\/04\/30\/guardianes-de-la-galaxia-volumen-3-del-director-james-gunn\/#article","isPartOf":{"@id":"https:\/\/www.eldiario.net\/portal\/2023\/04\/30\/guardianes-de-la-galaxia-volumen-3-del-director-james-gunn\/"},"author":{"name":"Jeanette","@id":"https:\/\/www.eldiario.net\/portal\/#\/schema\/person\/f46445640444750d7d753ccd04ae01b7"},"headline":"\u201cGuardianes de la Galaxia volumen 3\u201d, del director James Gunn","datePublished":"2023-04-30T04:38:38+00:00","mainEntityOfPage":{"@id":"https:\/\/www.eldiario.net\/portal\/2023\/04\/30\/guardianes-de-la-galaxia-volumen-3-del-director-james-gunn\/"},"wordCount":320,"publisher":{"@id":"https:\/\/www.eldiario.net\/portal\/#organization"},"image":{"@id":"https:\/\/www.eldiario.net\/portal\/2023\/04\/30\/guardianes-de-la-galaxia-volumen-3-del-director-james-gunn\/#primaryimage"},"thumbnailUrl":"","articleSection":["Cine Mundo"],"inLanguage":"es"},{"@type":"WebPage","@id":"https:\/\/www.eldiario.net\/portal\/2023\/04\/30\/guardianes-de-la-galaxia-volumen-3-del-director-james-gunn\/","url":"https:\/\/www.eldiario.net\/portal\/2023\/04\/30\/guardianes-de-la-galaxia-volumen-3-del-director-james-gunn\/","name":"\u201cGuardianes de la Galaxia volumen 3\u201d, del director James Gunn - El Diario - Bolivia","isPartOf":{"@id":"https:\/\/www.eldiario.net\/portal\/#website"},"primaryImageOfPage":{"@id":"https:\/\/www.eldiario.net\/portal\/2023\/04\/30\/guardianes-de-la-galaxia-volumen-3-del-director-james-gunn\/#primaryimage"},"image":{"@id":"https:\/\/www.eldiario.net\/portal\/2023\/04\/30\/guardianes-de-la-galaxia-volumen-3-del-director-james-gunn\/#primaryimage"},"thumbnailUrl":"","datePublished":"2023-04-30T04:38:38+00:00","breadcrumb":{"@id":"https:\/\/www.eldiario.net\/portal\/2023\/04\/30\/guardianes-de-la-galaxia-volumen-3-del-director-james-gunn\/#breadcrumb"},"inLanguage":"es","potentialAction":[{"@type":"ReadAction","target":["https:\/\/www.eldiario.net\/portal\/2023\/04\/30\/guardianes-de-la-galaxia-volumen-3-del-director-james-gunn\/"]}]},{"@type":"ImageObject","inLanguage":"es","@id":"https:\/\/www.eldiario.net\/portal\/2023\/04\/30\/guardianes-de-la-galaxia-volumen-3-del-director-james-gunn\/#primaryimage","url":"","contentUrl":""},{"@type":"BreadcrumbList","@id":"https:\/\/www.eldiario.net\/portal\/2023\/04\/30\/guardianes-de-la-galaxia-volumen-3-del-director-james-gunn\/#breadcrumb","itemListElement":[{"@type":"ListItem","position":1,"name":"Portada","item":"https:\/\/www.eldiario.net\/portal\/"},{"@type":"ListItem","position":2,"name":"\u201cGuardianes de la Galaxia volumen 3\u201d, del director James Gunn"}]},{"@type":"WebSite","@id":"https:\/\/www.eldiario.net\/portal\/#website","url":"https:\/\/www.eldiario.net\/portal\/","name":"El Diario - Decano de la prensa nacional","description":"El Diario - Decano de la prensa nacional","publisher":{"@id":"https:\/\/www.eldiario.net\/portal\/#organization"},"potentialAction":[{"@type":"SearchAction","target":{"@type":"EntryPoint","urlTemplate":"https:\/\/www.eldiario.net\/portal\/?s={search_term_string}"},"query-input":{"@type":"PropertyValueSpecification","valueRequired":true,"valueName":"search_term_string"}}],"inLanguage":"es"},{"@type":"Organization","@id":"https:\/\/www.eldiario.net\/portal\/#organization","name":"El Diario - Decano de la prensa nacional","url":"https:\/\/www.eldiario.net\/portal\/","logo":{"@type":"ImageObject","inLanguage":"es","@id":"https:\/\/www.eldiario.net\/portal\/#\/schema\/logo\/image\/","url":"https:\/\/www.eldiario.net\/portal\/wp-content\/uploads\/2023\/07\/logo_ED.jpg","contentUrl":"https:\/\/www.eldiario.net\/portal\/wp-content\/uploads\/2023\/07\/logo_ED.jpg","width":272,"height":52,"caption":"El Diario - Decano de la prensa nacional"},"image":{"@id":"https:\/\/www.eldiario.net\/portal\/#\/schema\/logo\/image\/"},"sameAs":["https:\/\/www.facebook.com\/eldiario.bolivia\/","https:\/\/x.com\/eldiario_net"]},{"@type":"Person","@id":"https:\/\/www.eldiario.net\/portal\/#\/schema\/person\/f46445640444750d7d753ccd04ae01b7","name":"Jeanette","image":{"@type":"ImageObject","inLanguage":"es","@id":"https:\/\/secure.gravatar.com\/avatar\/3ea2118a5f7dad2b7138b1187a6b7ee55f160b9968b66013c3a3ef39dd7e5798?s=96&d=mm&r=g","url":"https:\/\/secure.gravatar.com\/avatar\/3ea2118a5f7dad2b7138b1187a6b7ee55f160b9968b66013c3a3ef39dd7e5798?s=96&d=mm&r=g","contentUrl":"https:\/\/secure.gravatar.com\/avatar\/3ea2118a5f7dad2b7138b1187a6b7ee55f160b9968b66013c3a3ef39dd7e5798?s=96&d=mm&r=g","caption":"Jeanette"},"sameAs":["https:\/\/www.eldiario.net\/portal"],"url":"https:\/\/www.eldiario.net\/portal\/author\/jeanette\/"}]}},"_links":{"self":[{"href":"https:\/\/www.eldiario.net\/portal\/wp-json\/wp\/v2\/posts\/151418","targetHints":{"allow":["GET"]}}],"collection":[{"href":"https:\/\/www.eldiario.net\/portal\/wp-json\/wp\/v2\/posts"}],"about":[{"href":"https:\/\/www.eldiario.net\/portal\/wp-json\/wp\/v2\/types\/post"}],"author":[{"embeddable":true,"href":"https:\/\/www.eldiario.net\/portal\/wp-json\/wp\/v2\/users\/1"}],"replies":[{"embeddable":true,"href":"https:\/\/www.eldiario.net\/portal\/wp-json\/wp\/v2\/comments?post=151418"}],"version-history":[{"count":0,"href":"https:\/\/www.eldiario.net\/portal\/wp-json\/wp\/v2\/posts\/151418\/revisions"}],"wp:attachment":[{"href":"https:\/\/www.eldiario.net\/portal\/wp-json\/wp\/v2\/media?parent=151418"}],"wp:term":[{"taxonomy":"category","embeddable":true,"href":"https:\/\/www.eldiario.net\/portal\/wp-json\/wp\/v2\/categories?post=151418"},{"taxonomy":"post_tag","embeddable":true,"href":"https:\/\/www.eldiario.net\/portal\/wp-json\/wp\/v2\/tags?post=151418"}],"curies":[{"name":"wp","href":"https:\/\/api.w.org\/{rel}","templated":true}]}}