{"id":151359,"date":"2023-04-28T09:29:43","date_gmt":"2023-04-28T13:29:43","guid":{"rendered":"https:\/\/www.eldiario.net\/portal\/?p=151359"},"modified":"2023-04-28T09:29:43","modified_gmt":"2023-04-28T13:29:43","slug":"benjamin-cornejo-la-musica-me-ha-dado-todo","status":"publish","type":"post","link":"https:\/\/www.eldiario.net\/portal\/2023\/04\/28\/benjamin-cornejo-la-musica-me-ha-dado-todo\/","title":{"rendered":"BENJAM\u00cdN CORNEJO \u201cLa m\u00fasica me ha dado todo\u201d"},"content":{"rendered":"<p>Benjam\u00edn Cornejo es una de las mejores voces de la movida tropical nacional. Lo dicen sus miles de fans que lo siguen en sus redes sociales. Y no se equivocan. Este joven cantante, nacido en Potos\u00ed, ha logrado que el p\u00fablico se identifique plenamente con las canciones que interpreta.<\/p>\n<p>\u201cDefino mi voz como una voz que llega al p\u00fablico, como una voz con la que muchas personas se identifican, cuando tocamos m\u00fasica corta venas, como le decimos\u201d, afirma la primera voz del grupo <em>Los Trampa<\/em>, cuyo estilo musical es la cumbia rom\u00e1ntica.<\/p>\n<p>\u201cTenemos una canci\u00f3n con Los Trampa que es igualmente otro \u00e9xito, <em>Que seas feliz<\/em>, y mucha gente se identifica con esa canci\u00f3n. M\u00e1s que con la canci\u00f3n, con mi voz, porque hay otros grupos que la han grabado, pero no sienten la canci\u00f3n como yo la interpret\u00e9, entonces creo que soy una voz que llega\u201d, sostiene Benjam\u00edn, al recordar que descubri\u00f3 su pasi\u00f3n por el canto cuando era muy ni\u00f1o.<\/p>\n<p><strong>\u00a0\u201c<\/strong>Mi pap\u00e1 me dec\u00eda que cuando yo era muy ni\u00f1o ya cantaba las canciones sin saber leer\u201d, evoca el artista, quien canta profesionalmente desde sus 17 a\u00f1os de edad.<\/p>\n<p>Cornejo comenz\u00f3 su carrera en su natal Potos\u00ed con un grupo de amigos del colegio, con quienes conform\u00f3 la agrupaci\u00f3n <em>Simplemente La Nueva<\/em>. Luego particip\u00f3 en el programa <em>Yo Me llamo<\/em> de la Red Unitel, imitando a Huey Dumbar, llegando hasta las semifinales del concurso. Despu\u00e9s se vino a La Paz, donde oficialmente comienza en el a\u00f1o 2016 su traves\u00eda en la cumbia. Ya en la sede de gobierno fue parte de los grupos <em>L\u00ednea Roja<\/em>. <em>Alto Tr\u00e1fico<\/em> e <em>Irreversible<\/em>, hasta que en marzo de 2018 crea junto a algunos amigos la agrupaci\u00f3n <em>Los Trampa<\/em>.<\/p>\n<p>Como todo nuevo proyecto, los inicios no fueron f\u00e1ciles.\u00a0 \u201cNadie confiaba en nosotros. Entonces dijimos: hay que grabar un \u00e9xito, hay que hacer una canci\u00f3n que pegue\u201d, recuerda. Y de esa manera nace la canci\u00f3n <em>\u201cSi esta casa hablara\u201d<\/em>.<\/p>\n<p>\u201cGrabamos <em>Si esta casa hablara<\/em>, nos encanta el audio, hacemos un videoclip y el tema empieza a crecer, en todas las discotecas empieza a sonar, pero cae la pandemia (\u2026) Cuando est\u00e1bamos entrando al mejor momento del grupo, despu\u00e9s de un a\u00f1o y medio y casi dos de patalear, con esta canci\u00f3n empezamos a sentir el flujo del trabajo, te empiezan a llamar m\u00e1s, cotizan el grupo, pero cae la pandemia. No hab\u00eda fiestas, la gente no escucha la canci\u00f3n porque es bailable, ha sido agobiante y nosotros (nos sent\u00edamos) frustrados porque en plena etapa de crecimiento cae la pandemia y, para rematar, sale <em>Histeria<\/em> y todos los grupos en La Paz empiezan a copiar el estilo que ten\u00eda <em>Histeria<\/em>. Pasa la pandemia y decimos: es copiar el estilo de <em>Histeria<\/em> o hacer algo nuestro. Y, bueno, se pone de moda el TikTok justo en tiempo de la pandemia, y una canci\u00f3n estaba en tendencia, que se llamaba <em>Te quiero dar amor<\/em> de Fer P\u00e9rez. Yo por curiosidad y por un tinkazo que me da, le escribo, lo busco en redes sociales y le propongo hacer un feat de su canci\u00f3n y de esa manera grabamos. \u00c9l viene a La Paz y hemos hecho un video que ha sido un boom. Y nos vuelve a posicionar como uno de los mejores grupos aqu\u00ed en el pa\u00eds y as\u00ed se da todo\u201d, cuenta Benjam\u00edn (B) en la charla que sostuvo con La Gu\u00eda.<img loading=\"lazy\" decoding=\"async\" class=\"size-medium wp-image-151360 aligncenter\" src=\"https:\/\/www.eldiario.net\/portal\/wp-content\/uploads\/2023\/04\/benjamin-2-copia-300x300.jpg\" alt=\"\" width=\"300\" height=\"300\" \/><\/p>\n<p><strong>LG: \u00bfHas cantado de todo?<\/strong><\/p>\n<p>B: He cantado de todo, (pero) yo soy s\u00faper amante del folklore.<\/p>\n<p><strong>LG: \u00bfPor eso subes bastantes canciones folkl\u00f3ricas a tus redes sociales?<\/strong><\/p>\n<p>B: S\u00ed, pero yo no soy muy part\u00edcipe de que el folklore se toque, por ejemplo, con secuencia o con trompetas, porque se distorsiona (\u2026) Yo soy del folklore conservador, porque es as\u00ed como ha nacido, el folklore andino me encanta\u2026 me gusta sentir esa fuerza de los Andes, por eso lo muestro en mis redes sociales, porque trato de revalorizarlo. Lo hago con el \u00e1nimo de hacer contenido para mis redes sociales, podr\u00eda hacer contenido de m\u00fasica contempor\u00e1nea, pero hago de folklore.<\/p>\n<p><strong>LG: \u00bfCu\u00e1ntos discos grabaste?<\/strong><\/p>\n<p>B: Con <em>Irreversible<\/em> hemos hecho dos, con <em>Alto Tr\u00e1fico<\/em> tambi\u00e9n dos y con <em>Los Trampa<\/em> ya son dos.<\/p>\n<p><strong>LG: \u00bfCu\u00e1les han sido los \u00e9xitos de Los Trampa?<\/strong><\/p>\n<p>B: Nuestros \u00e9xitos son: \u201cSi esta casa hablara\u201d, \u201cTe quiero dar amor\u201d, \u201cQue seas feliz\u201d y \u201cM\u00edrame la cara\u201d.<\/p>\n<p><strong>LG: \u00bfQu\u00e9 te dio la m\u00fasica?<\/strong><\/p>\n<p>B: La m\u00fasica me ha dado todo, la m\u00fasica me ha dado mi profesi\u00f3n, la m\u00fasica me ha dado mi hogar. Me ha dado la oportunidad de mostrar lo que realmente soy, un artista.<\/p>\n<p><strong>LG: \u00bfQu\u00e9 canci\u00f3n te marc\u00f3?<\/strong><\/p>\n<p>B: Definitivamente la canci\u00f3n \u201cTe quiero dar amor\u201d ha sido el primer hit, el hit nacional dentro de mi carrera en todos estos a\u00f1os. Es la canci\u00f3n a la que le tengo m\u00e1s cari\u00f1o.<\/p>\n<p><strong>LG: \u00bfQu\u00e9 te has propuesto con tu m\u00fasica?<\/strong><\/p>\n<p>B: Todav\u00eda tengo mucho por hacer, me he propuesto como principal meta m\u00e1s cercana llegar a Vi\u00f1a del Mar, pero no como invitados, porque los grupos folkl\u00f3ricos normalmente entran a la competencia folkl\u00f3rica, mandan su demo, entonces en Chile escogen, les aceptan y de esa manera van. (Nosotros) no queremos llegar a Vi\u00f1a del Mar a participar del concurso de la canci\u00f3n, queremos llegar a cantar nuestras canciones.<\/p>\n<p><strong>LG: \u00bfC\u00f3mo miden el \u00e9xito que tienen Los Trampa?<\/strong><\/p>\n<p>B: Ahora medimos el ranking y el \u00e9xito de una canci\u00f3n a trav\u00e9s de YouTube. Los tiempos han cambiado, pocos son ya los grupos que van a la tele, que pagan a las emisoras radiales, para tener un puesto, un horario. Nosotros nunca hemos pagado a ninguna radio, pr\u00e1cticamente somos nulos en el tema de televisi\u00f3n, aparecemos muy poco en medios televisivos, porque el grupo est\u00e1 enfocado netamente en redes sociales. Nosotros medimos el \u00e9xito de las canciones por medio de las redes sociales.<\/p>\n<p><strong>LG: \u00bfY cu\u00e1l es el balance?<\/strong><\/p>\n<p>B: El balance est\u00e1 en YouTube porque tiene n\u00fameros reales, ah\u00ed medimos el nivel de \u00e9xito.<\/p>\n<p><strong>LG: \u00bfC\u00f3mo les ha ido hasta el momento?<\/strong><\/p>\n<p>B: Excelente, ya est\u00e1 en 300 mil visitas en dos meses (la canci\u00f3n) <em>M\u00edrame a la cara<\/em>, y tenemos en puerta una nueva canci\u00f3n. Justamente tenemos un nuevo vocalista en la agrupaci\u00f3n, que tiene otro estilo musical.<\/p>\n<p><strong>LG: \u00bf\u00c9l va a cantar el nuevo corte?<\/strong><\/p>\n<p>B: S\u00ed, vamos a hacer un d\u00fao con \u00e9l. Yo creo que a finales de mayo vamos a lanzar la canci\u00f3n\u2026 vamos a seguir manteniendo el estilo del grupo.<\/p>\n<p><img loading=\"lazy\" decoding=\"async\" class=\"size-medium wp-image-151362 aligncenter\" src=\"https:\/\/www.eldiario.net\/portal\/wp-content\/uploads\/2023\/04\/benjamin-3-300x300.jpg\" alt=\"\" width=\"300\" height=\"300\" \/><\/p>\n<p><strong>\u201cMe defino como una persona muy <\/strong><strong>sencilla, de gus<\/strong><strong>tos muy simples\u201d<\/strong><\/p>\n<p>Benjam\u00edn Cornejo Pinto naci\u00f3 el 12 de enero de 1993 en Potos\u00ed. Es licenciado en ingenier\u00eda comercial y soltero, adem\u00e1s de hincha del Tigre. Su referente en la m\u00fasica tropical es Rodrigo Tapari y el artista que ha marcado pr\u00e1cticamente toda su carrera y vida es Luis Miguel.<\/p>\n<p>\u201cMe defino como una persona muy sencilla, de gustos muy simples, no me considero un libro complicado, soy un libro abierto y muy simple\u201d, confiesa.<\/p>\n<p><strong>LG: \u00bfTu mayor virtud?<\/strong><\/p>\n<p>B: Soy muy humilde.<\/p>\n<p><strong>LG: \u00bfTu peor defecto?<\/strong><\/p>\n<p>B: Soy muy desesperado.<\/p>\n<p><strong>LG: \u00bfTus hobbies?<\/strong><\/p>\n<p>B: Me gusta el deporte, me entreno mucho, me gusta mucho ir al gimnasio. Mi tiempo libre lo dedico al gimnasio o a jugar f\u00fatbol.<\/p>\n<p><strong>LG: \u00bfTienes vicios?<\/strong><\/p>\n<p>B: Un vicio que tengo es definitivamente la comida. No s\u00e9 fumar. Es algo que no he aprendido en la vida.<\/p>\n<p><strong>LG: \u00bfEres un metrosexual?<\/strong><\/p>\n<p>B: No, no soy muy coqueto.<\/p>\n<p><strong>LG: \u00bfQui\u00e9n es hoy Benjam\u00edn Cornejo?<\/strong><\/p>\n<p>B: Bueno, hoy Benjam\u00edn es una persona con muchos sue\u00f1os, es un artista que intenta siempre mostrar su mejor lado musical. Es un artista que procura colmar las expectativas de todos. Si bien no soy una moneda de oro para caer bien a todos, procuro siempre mostrar lo mejor de m\u00ed para el p\u00fablico.<\/p>\n<p><img loading=\"lazy\" decoding=\"async\" class=\"size-medium wp-image-151361 aligncenter\" src=\"https:\/\/www.eldiario.net\/portal\/wp-content\/uploads\/2023\/04\/benjamin-1-300x300.jpg\" alt=\"\" width=\"300\" height=\"300\" \/><\/p>\n","protected":false},"excerpt":{"rendered":"<p>Benjam\u00edn Cornejo es una de las mejores voces de la movida tropical nacional. Lo dicen sus miles de fans que lo siguen en sus redes sociales. Y no se equivocan. Este joven cantante, nacido en Potos\u00ed, ha logrado que el p\u00fablico se identifique plenamente con las canciones que interpreta. \u201cDefino mi voz como una voz [&hellip;]<\/p>\n","protected":false},"author":2,"featured_media":151367,"comment_status":"closed","ping_status":"closed","sticky":false,"template":"","format":"standard","meta":{"_acf_changed":false,"footnotes":""},"categories":[41],"tags":[],"class_list":["post-151359","post","type-post","status-publish","format-standard","has-post-thumbnail","category-la-guia"],"acf":{"antetitulo":""},"yoast_head":"<!-- This site is optimized with the Yoast SEO plugin v28.4 - https:\/\/yoast.com\/product\/yoast-seo-wordpress\/ -->\n<title>BENJAM\u00cdN CORNEJO \u201cLa m\u00fasica me ha dado todo\u201d - El Diario - Bolivia<\/title>\n<meta name=\"robots\" content=\"index, follow, max-snippet:-1, max-image-preview:large, max-video-preview:-1\" \/>\n<link rel=\"canonical\" href=\"https:\/\/www.eldiario.net\/portal\/2023\/04\/28\/benjamin-cornejo-la-musica-me-ha-dado-todo\/\" \/>\n<meta property=\"og:locale\" content=\"es_ES\" \/>\n<meta property=\"og:type\" content=\"article\" \/>\n<meta property=\"og:title\" content=\"BENJAM\u00cdN CORNEJO \u201cLa m\u00fasica me ha dado todo\u201d - El Diario - Bolivia\" \/>\n<meta property=\"og:description\" content=\"Benjam\u00edn Cornejo es una de las mejores voces de la movida tropical nacional. Lo dicen sus miles de fans que lo siguen en sus redes sociales. Y no se equivocan. Este joven cantante, nacido en Potos\u00ed, ha logrado que el p\u00fablico se identifique plenamente con las canciones que interpreta. \u201cDefino mi voz como una voz [&hellip;]\" \/>\n<meta property=\"og:url\" content=\"https:\/\/www.eldiario.net\/portal\/2023\/04\/28\/benjamin-cornejo-la-musica-me-ha-dado-todo\/\" \/>\n<meta property=\"og:site_name\" content=\"El Diario - Bolivia\" \/>\n<meta property=\"article:publisher\" content=\"https:\/\/www.facebook.com\/eldiario.bolivia\/\" \/>\n<meta property=\"article:published_time\" content=\"2023-04-28T13:29:43+00:00\" \/>\n<meta name=\"author\" content=\"luis Camacho\" \/>\n<meta name=\"twitter:card\" content=\"summary_large_image\" \/>\n<meta name=\"twitter:creator\" content=\"@eldiario_net\" \/>\n<meta name=\"twitter:site\" content=\"@eldiario_net\" \/>\n<meta name=\"twitter:label1\" content=\"Escrito por\" \/>\n\t<meta name=\"twitter:data1\" content=\"luis Camacho\" \/>\n\t<meta name=\"twitter:label2\" content=\"Tiempo de lectura\" \/>\n\t<meta name=\"twitter:data2\" content=\"7 minutos\" \/>\n<script type=\"application\/ld+json\" class=\"yoast-schema-graph\">{\"@context\":\"https:\\\/\\\/schema.org\",\"@graph\":[{\"@type\":\"Article\",\"@id\":\"https:\\\/\\\/www.eldiario.net\\\/portal\\\/2023\\\/04\\\/28\\\/benjamin-cornejo-la-musica-me-ha-dado-todo\\\/#article\",\"isPartOf\":{\"@id\":\"https:\\\/\\\/www.eldiario.net\\\/portal\\\/2023\\\/04\\\/28\\\/benjamin-cornejo-la-musica-me-ha-dado-todo\\\/\"},\"author\":{\"name\":\"luis Camacho\",\"@id\":\"https:\\\/\\\/www.eldiario.net\\\/portal\\\/#\\\/schema\\\/person\\\/c1a5d38e458b10c8ebd62f4189b82bbc\"},\"headline\":\"BENJAM\u00cdN CORNEJO \u201cLa m\u00fasica me ha dado todo\u201d\",\"datePublished\":\"2023-04-28T13:29:43+00:00\",\"mainEntityOfPage\":{\"@id\":\"https:\\\/\\\/www.eldiario.net\\\/portal\\\/2023\\\/04\\\/28\\\/benjamin-cornejo-la-musica-me-ha-dado-todo\\\/\"},\"wordCount\":1401,\"publisher\":{\"@id\":\"https:\\\/\\\/www.eldiario.net\\\/portal\\\/#organization\"},\"image\":{\"@id\":\"https:\\\/\\\/www.eldiario.net\\\/portal\\\/2023\\\/04\\\/28\\\/benjamin-cornejo-la-musica-me-ha-dado-todo\\\/#primaryimage\"},\"thumbnailUrl\":\"\",\"articleSection\":[\"La Gu\u00eda\"],\"inLanguage\":\"es\"},{\"@type\":\"WebPage\",\"@id\":\"https:\\\/\\\/www.eldiario.net\\\/portal\\\/2023\\\/04\\\/28\\\/benjamin-cornejo-la-musica-me-ha-dado-todo\\\/\",\"url\":\"https:\\\/\\\/www.eldiario.net\\\/portal\\\/2023\\\/04\\\/28\\\/benjamin-cornejo-la-musica-me-ha-dado-todo\\\/\",\"name\":\"BENJAM\u00cdN CORNEJO \u201cLa m\u00fasica me ha dado todo\u201d - El Diario - Bolivia\",\"isPartOf\":{\"@id\":\"https:\\\/\\\/www.eldiario.net\\\/portal\\\/#website\"},\"primaryImageOfPage\":{\"@id\":\"https:\\\/\\\/www.eldiario.net\\\/portal\\\/2023\\\/04\\\/28\\\/benjamin-cornejo-la-musica-me-ha-dado-todo\\\/#primaryimage\"},\"image\":{\"@id\":\"https:\\\/\\\/www.eldiario.net\\\/portal\\\/2023\\\/04\\\/28\\\/benjamin-cornejo-la-musica-me-ha-dado-todo\\\/#primaryimage\"},\"thumbnailUrl\":\"\",\"datePublished\":\"2023-04-28T13:29:43+00:00\",\"breadcrumb\":{\"@id\":\"https:\\\/\\\/www.eldiario.net\\\/portal\\\/2023\\\/04\\\/28\\\/benjamin-cornejo-la-musica-me-ha-dado-todo\\\/#breadcrumb\"},\"inLanguage\":\"es\",\"potentialAction\":[{\"@type\":\"ReadAction\",\"target\":[\"https:\\\/\\\/www.eldiario.net\\\/portal\\\/2023\\\/04\\\/28\\\/benjamin-cornejo-la-musica-me-ha-dado-todo\\\/\"]}]},{\"@type\":\"ImageObject\",\"inLanguage\":\"es\",\"@id\":\"https:\\\/\\\/www.eldiario.net\\\/portal\\\/2023\\\/04\\\/28\\\/benjamin-cornejo-la-musica-me-ha-dado-todo\\\/#primaryimage\",\"url\":\"\",\"contentUrl\":\"\"},{\"@type\":\"BreadcrumbList\",\"@id\":\"https:\\\/\\\/www.eldiario.net\\\/portal\\\/2023\\\/04\\\/28\\\/benjamin-cornejo-la-musica-me-ha-dado-todo\\\/#breadcrumb\",\"itemListElement\":[{\"@type\":\"ListItem\",\"position\":1,\"name\":\"Portada\",\"item\":\"https:\\\/\\\/www.eldiario.net\\\/portal\\\/\"},{\"@type\":\"ListItem\",\"position\":2,\"name\":\"BENJAM\u00cdN CORNEJO \u201cLa m\u00fasica me ha dado todo\u201d\"}]},{\"@type\":\"WebSite\",\"@id\":\"https:\\\/\\\/www.eldiario.net\\\/portal\\\/#website\",\"url\":\"https:\\\/\\\/www.eldiario.net\\\/portal\\\/\",\"name\":\"El Diario - Decano de la prensa nacional\",\"description\":\"El Diario - Decano de la prensa nacional\",\"publisher\":{\"@id\":\"https:\\\/\\\/www.eldiario.net\\\/portal\\\/#organization\"},\"potentialAction\":[{\"@type\":\"SearchAction\",\"target\":{\"@type\":\"EntryPoint\",\"urlTemplate\":\"https:\\\/\\\/www.eldiario.net\\\/portal\\\/?s={search_term_string}\"},\"query-input\":{\"@type\":\"PropertyValueSpecification\",\"valueRequired\":true,\"valueName\":\"search_term_string\"}}],\"inLanguage\":\"es\"},{\"@type\":\"Organization\",\"@id\":\"https:\\\/\\\/www.eldiario.net\\\/portal\\\/#organization\",\"name\":\"El Diario - Decano de la prensa nacional\",\"url\":\"https:\\\/\\\/www.eldiario.net\\\/portal\\\/\",\"logo\":{\"@type\":\"ImageObject\",\"inLanguage\":\"es\",\"@id\":\"https:\\\/\\\/www.eldiario.net\\\/portal\\\/#\\\/schema\\\/logo\\\/image\\\/\",\"url\":\"https:\\\/\\\/www.eldiario.net\\\/portal\\\/wp-content\\\/uploads\\\/2023\\\/07\\\/logo_ED.jpg\",\"contentUrl\":\"https:\\\/\\\/www.eldiario.net\\\/portal\\\/wp-content\\\/uploads\\\/2023\\\/07\\\/logo_ED.jpg\",\"width\":272,\"height\":52,\"caption\":\"El Diario - Decano de la prensa nacional\"},\"image\":{\"@id\":\"https:\\\/\\\/www.eldiario.net\\\/portal\\\/#\\\/schema\\\/logo\\\/image\\\/\"},\"sameAs\":[\"https:\\\/\\\/www.facebook.com\\\/eldiario.bolivia\\\/\",\"https:\\\/\\\/x.com\\\/eldiario_net\"]},{\"@type\":\"Person\",\"@id\":\"https:\\\/\\\/www.eldiario.net\\\/portal\\\/#\\\/schema\\\/person\\\/c1a5d38e458b10c8ebd62f4189b82bbc\",\"name\":\"luis Camacho\",\"image\":{\"@type\":\"ImageObject\",\"inLanguage\":\"es\",\"@id\":\"https:\\\/\\\/secure.gravatar.com\\\/avatar\\\/69ecb836b3826d5a2501bf06ab2a2f2c8ab211cc846758f395df21684cb38313?s=96&d=mm&r=g\",\"url\":\"https:\\\/\\\/secure.gravatar.com\\\/avatar\\\/69ecb836b3826d5a2501bf06ab2a2f2c8ab211cc846758f395df21684cb38313?s=96&d=mm&r=g\",\"contentUrl\":\"https:\\\/\\\/secure.gravatar.com\\\/avatar\\\/69ecb836b3826d5a2501bf06ab2a2f2c8ab211cc846758f395df21684cb38313?s=96&d=mm&r=g\",\"caption\":\"luis Camacho\"},\"url\":\"https:\\\/\\\/www.eldiario.net\\\/portal\\\/author\\\/luis\\\/\"}]}<\/script>\n<!-- \/ Yoast SEO plugin. -->","yoast_head_json":{"title":"BENJAM\u00cdN CORNEJO \u201cLa m\u00fasica me ha dado todo\u201d - El Diario - Bolivia","robots":{"index":"index","follow":"follow","max-snippet":"max-snippet:-1","max-image-preview":"max-image-preview:large","max-video-preview":"max-video-preview:-1"},"canonical":"https:\/\/www.eldiario.net\/portal\/2023\/04\/28\/benjamin-cornejo-la-musica-me-ha-dado-todo\/","og_locale":"es_ES","og_type":"article","og_title":"BENJAM\u00cdN CORNEJO \u201cLa m\u00fasica me ha dado todo\u201d - El Diario - Bolivia","og_description":"Benjam\u00edn Cornejo es una de las mejores voces de la movida tropical nacional. Lo dicen sus miles de fans que lo siguen en sus redes sociales. Y no se equivocan. Este joven cantante, nacido en Potos\u00ed, ha logrado que el p\u00fablico se identifique plenamente con las canciones que interpreta. \u201cDefino mi voz como una voz [&hellip;]","og_url":"https:\/\/www.eldiario.net\/portal\/2023\/04\/28\/benjamin-cornejo-la-musica-me-ha-dado-todo\/","og_site_name":"El Diario - Bolivia","article_publisher":"https:\/\/www.facebook.com\/eldiario.bolivia\/","article_published_time":"2023-04-28T13:29:43+00:00","author":"luis Camacho","twitter_card":"summary_large_image","twitter_creator":"@eldiario_net","twitter_site":"@eldiario_net","twitter_misc":{"Escrito por":"luis Camacho","Tiempo de lectura":"7 minutos"},"schema":{"@context":"https:\/\/schema.org","@graph":[{"@type":"Article","@id":"https:\/\/www.eldiario.net\/portal\/2023\/04\/28\/benjamin-cornejo-la-musica-me-ha-dado-todo\/#article","isPartOf":{"@id":"https:\/\/www.eldiario.net\/portal\/2023\/04\/28\/benjamin-cornejo-la-musica-me-ha-dado-todo\/"},"author":{"name":"luis Camacho","@id":"https:\/\/www.eldiario.net\/portal\/#\/schema\/person\/c1a5d38e458b10c8ebd62f4189b82bbc"},"headline":"BENJAM\u00cdN CORNEJO \u201cLa m\u00fasica me ha dado todo\u201d","datePublished":"2023-04-28T13:29:43+00:00","mainEntityOfPage":{"@id":"https:\/\/www.eldiario.net\/portal\/2023\/04\/28\/benjamin-cornejo-la-musica-me-ha-dado-todo\/"},"wordCount":1401,"publisher":{"@id":"https:\/\/www.eldiario.net\/portal\/#organization"},"image":{"@id":"https:\/\/www.eldiario.net\/portal\/2023\/04\/28\/benjamin-cornejo-la-musica-me-ha-dado-todo\/#primaryimage"},"thumbnailUrl":"","articleSection":["La Gu\u00eda"],"inLanguage":"es"},{"@type":"WebPage","@id":"https:\/\/www.eldiario.net\/portal\/2023\/04\/28\/benjamin-cornejo-la-musica-me-ha-dado-todo\/","url":"https:\/\/www.eldiario.net\/portal\/2023\/04\/28\/benjamin-cornejo-la-musica-me-ha-dado-todo\/","name":"BENJAM\u00cdN CORNEJO \u201cLa m\u00fasica me ha dado todo\u201d - El Diario - Bolivia","isPartOf":{"@id":"https:\/\/www.eldiario.net\/portal\/#website"},"primaryImageOfPage":{"@id":"https:\/\/www.eldiario.net\/portal\/2023\/04\/28\/benjamin-cornejo-la-musica-me-ha-dado-todo\/#primaryimage"},"image":{"@id":"https:\/\/www.eldiario.net\/portal\/2023\/04\/28\/benjamin-cornejo-la-musica-me-ha-dado-todo\/#primaryimage"},"thumbnailUrl":"","datePublished":"2023-04-28T13:29:43+00:00","breadcrumb":{"@id":"https:\/\/www.eldiario.net\/portal\/2023\/04\/28\/benjamin-cornejo-la-musica-me-ha-dado-todo\/#breadcrumb"},"inLanguage":"es","potentialAction":[{"@type":"ReadAction","target":["https:\/\/www.eldiario.net\/portal\/2023\/04\/28\/benjamin-cornejo-la-musica-me-ha-dado-todo\/"]}]},{"@type":"ImageObject","inLanguage":"es","@id":"https:\/\/www.eldiario.net\/portal\/2023\/04\/28\/benjamin-cornejo-la-musica-me-ha-dado-todo\/#primaryimage","url":"","contentUrl":""},{"@type":"BreadcrumbList","@id":"https:\/\/www.eldiario.net\/portal\/2023\/04\/28\/benjamin-cornejo-la-musica-me-ha-dado-todo\/#breadcrumb","itemListElement":[{"@type":"ListItem","position":1,"name":"Portada","item":"https:\/\/www.eldiario.net\/portal\/"},{"@type":"ListItem","position":2,"name":"BENJAM\u00cdN CORNEJO \u201cLa m\u00fasica me ha dado todo\u201d"}]},{"@type":"WebSite","@id":"https:\/\/www.eldiario.net\/portal\/#website","url":"https:\/\/www.eldiario.net\/portal\/","name":"El Diario - Decano de la prensa nacional","description":"El Diario - Decano de la prensa nacional","publisher":{"@id":"https:\/\/www.eldiario.net\/portal\/#organization"},"potentialAction":[{"@type":"SearchAction","target":{"@type":"EntryPoint","urlTemplate":"https:\/\/www.eldiario.net\/portal\/?s={search_term_string}"},"query-input":{"@type":"PropertyValueSpecification","valueRequired":true,"valueName":"search_term_string"}}],"inLanguage":"es"},{"@type":"Organization","@id":"https:\/\/www.eldiario.net\/portal\/#organization","name":"El Diario - Decano de la prensa nacional","url":"https:\/\/www.eldiario.net\/portal\/","logo":{"@type":"ImageObject","inLanguage":"es","@id":"https:\/\/www.eldiario.net\/portal\/#\/schema\/logo\/image\/","url":"https:\/\/www.eldiario.net\/portal\/wp-content\/uploads\/2023\/07\/logo_ED.jpg","contentUrl":"https:\/\/www.eldiario.net\/portal\/wp-content\/uploads\/2023\/07\/logo_ED.jpg","width":272,"height":52,"caption":"El Diario - Decano de la prensa nacional"},"image":{"@id":"https:\/\/www.eldiario.net\/portal\/#\/schema\/logo\/image\/"},"sameAs":["https:\/\/www.facebook.com\/eldiario.bolivia\/","https:\/\/x.com\/eldiario_net"]},{"@type":"Person","@id":"https:\/\/www.eldiario.net\/portal\/#\/schema\/person\/c1a5d38e458b10c8ebd62f4189b82bbc","name":"luis Camacho","image":{"@type":"ImageObject","inLanguage":"es","@id":"https:\/\/secure.gravatar.com\/avatar\/69ecb836b3826d5a2501bf06ab2a2f2c8ab211cc846758f395df21684cb38313?s=96&d=mm&r=g","url":"https:\/\/secure.gravatar.com\/avatar\/69ecb836b3826d5a2501bf06ab2a2f2c8ab211cc846758f395df21684cb38313?s=96&d=mm&r=g","contentUrl":"https:\/\/secure.gravatar.com\/avatar\/69ecb836b3826d5a2501bf06ab2a2f2c8ab211cc846758f395df21684cb38313?s=96&d=mm&r=g","caption":"luis Camacho"},"url":"https:\/\/www.eldiario.net\/portal\/author\/luis\/"}]}},"_links":{"self":[{"href":"https:\/\/www.eldiario.net\/portal\/wp-json\/wp\/v2\/posts\/151359","targetHints":{"allow":["GET"]}}],"collection":[{"href":"https:\/\/www.eldiario.net\/portal\/wp-json\/wp\/v2\/posts"}],"about":[{"href":"https:\/\/www.eldiario.net\/portal\/wp-json\/wp\/v2\/types\/post"}],"author":[{"embeddable":true,"href":"https:\/\/www.eldiario.net\/portal\/wp-json\/wp\/v2\/users\/2"}],"replies":[{"embeddable":true,"href":"https:\/\/www.eldiario.net\/portal\/wp-json\/wp\/v2\/comments?post=151359"}],"version-history":[{"count":0,"href":"https:\/\/www.eldiario.net\/portal\/wp-json\/wp\/v2\/posts\/151359\/revisions"}],"wp:attachment":[{"href":"https:\/\/www.eldiario.net\/portal\/wp-json\/wp\/v2\/media?parent=151359"}],"wp:term":[{"taxonomy":"category","embeddable":true,"href":"https:\/\/www.eldiario.net\/portal\/wp-json\/wp\/v2\/categories?post=151359"},{"taxonomy":"post_tag","embeddable":true,"href":"https:\/\/www.eldiario.net\/portal\/wp-json\/wp\/v2\/tags?post=151359"}],"curies":[{"name":"wp","href":"https:\/\/api.w.org\/{rel}","templated":true}]}}