{"id":150971,"date":"2023-04-26T07:43:39","date_gmt":"2023-04-26T11:43:39","guid":{"rendered":"https:\/\/www.eldiario.net\/portal\/?p=150971"},"modified":"2023-04-26T07:43:39","modified_gmt":"2023-04-26T11:43:39","slug":"llajtaymanta-se-alista-para-inaugurar-su-centro-cultural","status":"publish","type":"post","link":"https:\/\/www.eldiario.net\/portal\/2023\/04\/26\/llajtaymanta-se-alista-para-inaugurar-su-centro-cultural\/","title":{"rendered":"Llajtaymanta se alista para  inaugurar su centro cultural"},"content":{"rendered":"<p>Los integrantes de Llajtaymanta est\u00e1n m\u00e1s que felices porque pronto har\u00e1n realidad un sue\u00f1o largamente acariciado: Tener un centro cultural para orgullo de Oruro, la capital del folklore boliviano.<br \/>\n\u201cAl paso que estamos yendo, yo considero que en el mes de junio o julio entrar\u00e1 en funcionamiento (el complejo cultural), y va a ser para nosotros un gran momento de regocijo, de fiesta, porque estar\u00edamos logrando un gran objetivo en beneficio de toda la sociedad orure\u00f1a\u201d, enfatiz\u00f3 Orlando Andia (O), voz l\u00edder de Llajtaymanta, en la charla que sostuvo con La Gu\u00eda.<\/p>\n<p><strong>LG: \u00bfC\u00f3mo surge la iniciativa de construir este complejo?<\/strong><br \/>\nO: Hemos empezado con esta iniciativa hace 22 a\u00f1os, cuando hicimos el proyecto del Teatro Internacional de Oruro, que primeramente lo quisimos realizar junto a la Alcald\u00eda (\u2026). En un principio se acept\u00f3 que se lo haga en los predios del Teatro al Aire Libre \u201cLuis Mendiz\u00e1bal Santa Cruz\u201d, en la ciudad de Oruro, en el parque Abaroa. Ya pr\u00e1cticamente ten\u00edamos la emoci\u00f3n y la ilusi\u00f3n de avanzar con este proyecto, pero por alguna raz\u00f3n la autoridad municipal de ese momento decidi\u00f3 que no y nos cerr\u00f3 completamente las puertas. Tuvimos que buscar otros predios para realizar este nuestro proyecto y nos dieron uno los de la gobernaci\u00f3n, pero lamentablemente ya estaba dispuesto para otra instituci\u00f3n nacional, por lo que tambi\u00e9n se frustr\u00f3 la construcci\u00f3n del teatro.<br \/>\nHasta que al final, en su gesti\u00f3n, el gobernador V\u00edctor Hugo V\u00e1squez dispuso un terreno, donde actualmente se encuentra el Teatro Internacional de Oruro, que tiene una capacidad para 5.500 personas. Hemos estado en todo el proceso de construcci\u00f3n y supervisi\u00f3n, y hemos apoyado absolutamente en todos los tr\u00e1mites. Fuimos en varias oportunidades a la instituci\u00f3n para que nos atendieran y hasta que lo logramos. Luego vinieron los problemas electorales en nuestro pa\u00eds, cambiaron de autoridad, pero, bueno, por suerte, se inaugur\u00f3 hace tres a\u00f1os el teatro con el Festival de la Canci\u00f3n Boliviana.<br \/>\nHoy nos sentimos muy satisfechos por haber contribuido a nuestra querida tierra Oruro con ese proyecto del Teatro Internacional Oruro. Ah\u00ed es donde surge esa inquietud de que podamos tener un teatro propio y adem\u00e1s sabemos que en Oruro nos hace much\u00edsima falta un teatro. Iniciamos las obras con el apoyo del Banco Nacional de Bolivia para la compra del inmueble, pero luego tuvimos que paralizar los trabajos por la pandemia. Una vez que nos hemos repuesto pr\u00e1cticamente en el trabajo, reiniciamos las obras y hoy ya estamos con los \u00faltimos detalles del teatro. Estamos esperando que se haga una limpieza general, para que entren con el alfombrado y colocado de las butacas.<br \/>\nVa a ser un teatro equipado con equipo de sonido y luces de \u00faltima tecnolog\u00eda, con capacidad para 300 personas, con dos camerinos y una cafeter\u00eda. Estamos procurando que el teatro tenga todas las comodidades para que los artistas que nos visiten se puedan sentir c\u00f3modos. Lo propio con la gente, para que cada uno est\u00e9 sentado c\u00f3modamente en una butaca. T\u00fa sabes que en Oruro hace bastante fr\u00edo, por lo que el teatro tendr\u00e1 calefacci\u00f3n. Al mismo tiempo se est\u00e1 terminando la instalaci\u00f3n de los ductos para el cambio de aire permanente, a fin de que todos est\u00e9n con un aire fresco en todo el show. As\u00ed que hemos previsto tambi\u00e9n esa situaci\u00f3n. Al mismo tiempo, el complejo tendr\u00e1 su sala de ensayos, un estudio de grabaci\u00f3n y un \u00e1rea de esparcimiento, de descanso, para los artistas, quienes van a tener la comodidad incluso de un parrillero, si es que as\u00ed lo deseen. Estamos queriendo dar una t\u00f3nica muy diferente a lo que es un teatro, para la comodidad de todos los artistas.<\/p>\n<p><strong>LG: \u00bfC\u00f3mo se va a llamar el complejo?<\/strong><br \/>\nO: Va a funcionar como Centro Cultural Llajtaymanta. Va a llevar el nombre del grupo, porque, reitero, este es un trabajo de los cuatro integrantes del grupo: Benjam\u00edn Carvallo, Ramiro Flores, Henry \u00c1lvarez y Orlando Andia.<br \/>\nEs una inversi\u00f3n privada. Hemos tenido que apoyarnos en la banca privada para concretar este trabajo, porque de lo contrario no podr\u00edamos cubrir todos los gastos que se necesitan.<\/p>\n<p><strong>LG: \u00bfSe puede saber cu\u00e1nto han invertido?<\/strong><br \/>\nO: Exactamente no tengo en este momento el dato, fallar\u00eda bastante si lo doy ahora. Todav\u00eda faltan por complementar algunas cosas, entonces no quisiera equivocarme.<\/p>\n<p><strong>LG: \u00bfCu\u00e1l es el objetivo principal del Centro Cultural Llajtaymanta?, \u00bfcon qu\u00e9 t\u00fa te vas a sentir feliz, Orlando?<\/strong><br \/>\nO: Definitivamente cuando podamos albergar a todos los artistas de diferentes g\u00e9neros y de diferentes lugares del pa\u00eds, ll\u00e1mese danza, teatro, m\u00fasica en sus diferentes rubros, puede ser rock, cumbia, folklore, absolutamente todo aquello. Para nosotros tiene un significado especial cumplir con este objetivo y que la gente tenga la oportunidad de ir a un lugar c\u00f3modo y pueda disfrutar de un espect\u00e1culo de primera calidad. Y cuando digo de primera calidad, es porque sabemos absolutamente que todos los artistas bolivianos hacen eso: presentar obras de primer nivel y queremos que Oruro tenga a todos los artistas.<\/p>\n<p><strong>LG: \u00bfD\u00f3nde est\u00e1 ubicado el Centro Cultural Llajtaymanta?<\/strong><br \/>\nO: Estamos ubicados en la calle Aroma, entre 6 de Agosto y Bacovic. Estamos pr\u00e1cticamente a media cuadra del Monumento al Jach\u00b4a (Flores) y a media cuadra de la Ex Terminal. As\u00ed que consideramos que es una ubicaci\u00f3n bastante estrat\u00e9gica, c\u00e9ntrica, y va a ser f\u00e1cil que la gente pueda ir al teatro incluso a pie.<\/p>\n<p><strong>LG: \u00bfEn cu\u00e1ntos metros est\u00e1 el centro?<\/strong><br \/>\nO: El teatro como tal est\u00e1 sobre 200 metros cuadrados, pero todo el proyecto aproximadamente tiene m\u00e1s de 400 metros. Debo tambi\u00e9n mencionar que, en el futuro, de ac\u00e1 a un a\u00f1o o un poquito m\u00e1s, esto va funcionar como hotel, para albergar a los artistas, particularmente a los artistas que llegan del interior.<\/p>\n<p><strong>LG: \u00bfYa planificaron c\u00f3mo ser\u00e1 el estreno?<\/strong><br \/>\nO: S\u00ed, queremos que el d\u00eda de la inauguraci\u00f3n est\u00e9 presente la gran mayor\u00eda de los artistas de todo el pa\u00eds. Vamos a extender la invitaci\u00f3n a todos los artistas y de todos los g\u00e9neros. Queremos programar un mes de actividad, de lunes a domingo, entre m\u00fasica, teatro, danza, conferencias, para que la gente se acostumbre un poquito a asistir al teatro.<\/p>\n\n","protected":false},"excerpt":{"rendered":"<p>Los integrantes de Llajtaymanta est\u00e1n m\u00e1s que felices porque pronto har\u00e1n realidad un sue\u00f1o largamente acariciado: Tener un centro cultural para orgullo de Oruro, la capital del folklore boliviano. \u201cAl paso que estamos yendo, yo considero que en el mes de junio o julio entrar\u00e1 en funcionamiento (el complejo cultural), y va a ser para [&hellip;]<\/p>\n","protected":false},"author":1,"featured_media":150972,"comment_status":"closed","ping_status":"closed","sticky":false,"template":"","format":"standard","meta":{"_acf_changed":false,"footnotes":""},"categories":[41],"tags":[],"class_list":["post-150971","post","type-post","status-publish","format-standard","has-post-thumbnail","category-la-guia"],"acf":{"antetitulo":""},"yoast_head":"<!-- This site is optimized with the Yoast SEO plugin v28.4 - https:\/\/yoast.com\/product\/yoast-seo-wordpress\/ -->\n<title>Llajtaymanta se alista para inaugurar su centro cultural - El Diario - Bolivia<\/title>\n<meta name=\"robots\" content=\"index, follow, max-snippet:-1, max-image-preview:large, max-video-preview:-1\" \/>\n<link rel=\"canonical\" href=\"https:\/\/www.eldiario.net\/portal\/2023\/04\/26\/llajtaymanta-se-alista-para-inaugurar-su-centro-cultural\/\" \/>\n<meta property=\"og:locale\" content=\"es_ES\" \/>\n<meta property=\"og:type\" content=\"article\" \/>\n<meta property=\"og:title\" content=\"Llajtaymanta se alista para inaugurar su centro cultural - El Diario - Bolivia\" \/>\n<meta property=\"og:description\" content=\"Los integrantes de Llajtaymanta est\u00e1n m\u00e1s que felices porque pronto har\u00e1n realidad un sue\u00f1o largamente acariciado: Tener un centro cultural para orgullo de Oruro, la capital del folklore boliviano. \u201cAl paso que estamos yendo, yo considero que en el mes de junio o julio entrar\u00e1 en funcionamiento (el complejo cultural), y va a ser para [&hellip;]\" \/>\n<meta property=\"og:url\" content=\"https:\/\/www.eldiario.net\/portal\/2023\/04\/26\/llajtaymanta-se-alista-para-inaugurar-su-centro-cultural\/\" \/>\n<meta property=\"og:site_name\" content=\"El Diario - Bolivia\" \/>\n<meta property=\"article:publisher\" content=\"https:\/\/www.facebook.com\/eldiario.bolivia\/\" \/>\n<meta property=\"article:published_time\" content=\"2023-04-26T11:43:39+00:00\" \/>\n<meta name=\"author\" content=\"Jeanette\" \/>\n<meta name=\"twitter:card\" content=\"summary_large_image\" \/>\n<meta name=\"twitter:creator\" content=\"@eldiario_net\" \/>\n<meta name=\"twitter:site\" content=\"@eldiario_net\" \/>\n<meta name=\"twitter:label1\" content=\"Escrito por\" \/>\n\t<meta name=\"twitter:data1\" content=\"Jeanette\" \/>\n\t<meta name=\"twitter:label2\" content=\"Tiempo de lectura\" \/>\n\t<meta name=\"twitter:data2\" content=\"5 minutos\" \/>\n<script type=\"application\/ld+json\" class=\"yoast-schema-graph\">{\"@context\":\"https:\\\/\\\/schema.org\",\"@graph\":[{\"@type\":\"Article\",\"@id\":\"https:\\\/\\\/www.eldiario.net\\\/portal\\\/2023\\\/04\\\/26\\\/llajtaymanta-se-alista-para-inaugurar-su-centro-cultural\\\/#article\",\"isPartOf\":{\"@id\":\"https:\\\/\\\/www.eldiario.net\\\/portal\\\/2023\\\/04\\\/26\\\/llajtaymanta-se-alista-para-inaugurar-su-centro-cultural\\\/\"},\"author\":{\"name\":\"Jeanette\",\"@id\":\"https:\\\/\\\/www.eldiario.net\\\/portal\\\/#\\\/schema\\\/person\\\/2c57cf2b7a7ae032e449e4c9b1019eac\"},\"headline\":\"Llajtaymanta se alista para inaugurar su centro cultural\",\"datePublished\":\"2023-04-26T11:43:39+00:00\",\"mainEntityOfPage\":{\"@id\":\"https:\\\/\\\/www.eldiario.net\\\/portal\\\/2023\\\/04\\\/26\\\/llajtaymanta-se-alista-para-inaugurar-su-centro-cultural\\\/\"},\"wordCount\":1109,\"publisher\":{\"@id\":\"https:\\\/\\\/www.eldiario.net\\\/portal\\\/#organization\"},\"image\":{\"@id\":\"https:\\\/\\\/www.eldiario.net\\\/portal\\\/2023\\\/04\\\/26\\\/llajtaymanta-se-alista-para-inaugurar-su-centro-cultural\\\/#primaryimage\"},\"thumbnailUrl\":\"\",\"articleSection\":[\"La Gu\u00eda\"],\"inLanguage\":\"es\"},{\"@type\":\"WebPage\",\"@id\":\"https:\\\/\\\/www.eldiario.net\\\/portal\\\/2023\\\/04\\\/26\\\/llajtaymanta-se-alista-para-inaugurar-su-centro-cultural\\\/\",\"url\":\"https:\\\/\\\/www.eldiario.net\\\/portal\\\/2023\\\/04\\\/26\\\/llajtaymanta-se-alista-para-inaugurar-su-centro-cultural\\\/\",\"name\":\"Llajtaymanta se alista para inaugurar su centro cultural - El Diario - Bolivia\",\"isPartOf\":{\"@id\":\"https:\\\/\\\/www.eldiario.net\\\/portal\\\/#website\"},\"primaryImageOfPage\":{\"@id\":\"https:\\\/\\\/www.eldiario.net\\\/portal\\\/2023\\\/04\\\/26\\\/llajtaymanta-se-alista-para-inaugurar-su-centro-cultural\\\/#primaryimage\"},\"image\":{\"@id\":\"https:\\\/\\\/www.eldiario.net\\\/portal\\\/2023\\\/04\\\/26\\\/llajtaymanta-se-alista-para-inaugurar-su-centro-cultural\\\/#primaryimage\"},\"thumbnailUrl\":\"\",\"datePublished\":\"2023-04-26T11:43:39+00:00\",\"breadcrumb\":{\"@id\":\"https:\\\/\\\/www.eldiario.net\\\/portal\\\/2023\\\/04\\\/26\\\/llajtaymanta-se-alista-para-inaugurar-su-centro-cultural\\\/#breadcrumb\"},\"inLanguage\":\"es\",\"potentialAction\":[{\"@type\":\"ReadAction\",\"target\":[\"https:\\\/\\\/www.eldiario.net\\\/portal\\\/2023\\\/04\\\/26\\\/llajtaymanta-se-alista-para-inaugurar-su-centro-cultural\\\/\"]}]},{\"@type\":\"ImageObject\",\"inLanguage\":\"es\",\"@id\":\"https:\\\/\\\/www.eldiario.net\\\/portal\\\/2023\\\/04\\\/26\\\/llajtaymanta-se-alista-para-inaugurar-su-centro-cultural\\\/#primaryimage\",\"url\":\"\",\"contentUrl\":\"\"},{\"@type\":\"BreadcrumbList\",\"@id\":\"https:\\\/\\\/www.eldiario.net\\\/portal\\\/2023\\\/04\\\/26\\\/llajtaymanta-se-alista-para-inaugurar-su-centro-cultural\\\/#breadcrumb\",\"itemListElement\":[{\"@type\":\"ListItem\",\"position\":1,\"name\":\"Portada\",\"item\":\"https:\\\/\\\/www.eldiario.net\\\/portal\\\/\"},{\"@type\":\"ListItem\",\"position\":2,\"name\":\"Llajtaymanta se alista para inaugurar su centro cultural\"}]},{\"@type\":\"WebSite\",\"@id\":\"https:\\\/\\\/www.eldiario.net\\\/portal\\\/#website\",\"url\":\"https:\\\/\\\/www.eldiario.net\\\/portal\\\/\",\"name\":\"El Diario - Decano de la prensa nacional\",\"description\":\"El Diario - Decano de la prensa nacional\",\"publisher\":{\"@id\":\"https:\\\/\\\/www.eldiario.net\\\/portal\\\/#organization\"},\"potentialAction\":[{\"@type\":\"SearchAction\",\"target\":{\"@type\":\"EntryPoint\",\"urlTemplate\":\"https:\\\/\\\/www.eldiario.net\\\/portal\\\/?s={search_term_string}\"},\"query-input\":{\"@type\":\"PropertyValueSpecification\",\"valueRequired\":true,\"valueName\":\"search_term_string\"}}],\"inLanguage\":\"es\"},{\"@type\":\"Organization\",\"@id\":\"https:\\\/\\\/www.eldiario.net\\\/portal\\\/#organization\",\"name\":\"El Diario - Decano de la prensa nacional\",\"url\":\"https:\\\/\\\/www.eldiario.net\\\/portal\\\/\",\"logo\":{\"@type\":\"ImageObject\",\"inLanguage\":\"es\",\"@id\":\"https:\\\/\\\/www.eldiario.net\\\/portal\\\/#\\\/schema\\\/logo\\\/image\\\/\",\"url\":\"https:\\\/\\\/www.eldiario.net\\\/portal\\\/wp-content\\\/uploads\\\/2023\\\/07\\\/logo_ED.jpg\",\"contentUrl\":\"https:\\\/\\\/www.eldiario.net\\\/portal\\\/wp-content\\\/uploads\\\/2023\\\/07\\\/logo_ED.jpg\",\"width\":272,\"height\":52,\"caption\":\"El Diario - Decano de la prensa nacional\"},\"image\":{\"@id\":\"https:\\\/\\\/www.eldiario.net\\\/portal\\\/#\\\/schema\\\/logo\\\/image\\\/\"},\"sameAs\":[\"https:\\\/\\\/www.facebook.com\\\/eldiario.bolivia\\\/\",\"https:\\\/\\\/x.com\\\/eldiario_net\"]},{\"@type\":\"Person\",\"@id\":\"https:\\\/\\\/www.eldiario.net\\\/portal\\\/#\\\/schema\\\/person\\\/2c57cf2b7a7ae032e449e4c9b1019eac\",\"name\":\"Jeanette\",\"image\":{\"@type\":\"ImageObject\",\"inLanguage\":\"es\",\"@id\":\"https:\\\/\\\/secure.gravatar.com\\\/avatar\\\/3ea2118a5f7dad2b7138b1187a6b7ee55f160b9968b66013c3a3ef39dd7e5798?s=96&d=mm&r=g\",\"url\":\"https:\\\/\\\/secure.gravatar.com\\\/avatar\\\/3ea2118a5f7dad2b7138b1187a6b7ee55f160b9968b66013c3a3ef39dd7e5798?s=96&d=mm&r=g\",\"contentUrl\":\"https:\\\/\\\/secure.gravatar.com\\\/avatar\\\/3ea2118a5f7dad2b7138b1187a6b7ee55f160b9968b66013c3a3ef39dd7e5798?s=96&d=mm&r=g\",\"caption\":\"Jeanette\"},\"sameAs\":[\"https:\\\/\\\/www.eldiario.net\\\/portal\"],\"url\":\"https:\\\/\\\/www.eldiario.net\\\/portal\\\/author\\\/jeanette\\\/\"}]}<\/script>\n<!-- \/ Yoast SEO plugin. -->","yoast_head_json":{"title":"Llajtaymanta se alista para inaugurar su centro cultural - El Diario - Bolivia","robots":{"index":"index","follow":"follow","max-snippet":"max-snippet:-1","max-image-preview":"max-image-preview:large","max-video-preview":"max-video-preview:-1"},"canonical":"https:\/\/www.eldiario.net\/portal\/2023\/04\/26\/llajtaymanta-se-alista-para-inaugurar-su-centro-cultural\/","og_locale":"es_ES","og_type":"article","og_title":"Llajtaymanta se alista para inaugurar su centro cultural - El Diario - Bolivia","og_description":"Los integrantes de Llajtaymanta est\u00e1n m\u00e1s que felices porque pronto har\u00e1n realidad un sue\u00f1o largamente acariciado: Tener un centro cultural para orgullo de Oruro, la capital del folklore boliviano. \u201cAl paso que estamos yendo, yo considero que en el mes de junio o julio entrar\u00e1 en funcionamiento (el complejo cultural), y va a ser para [&hellip;]","og_url":"https:\/\/www.eldiario.net\/portal\/2023\/04\/26\/llajtaymanta-se-alista-para-inaugurar-su-centro-cultural\/","og_site_name":"El Diario - Bolivia","article_publisher":"https:\/\/www.facebook.com\/eldiario.bolivia\/","article_published_time":"2023-04-26T11:43:39+00:00","author":"Jeanette","twitter_card":"summary_large_image","twitter_creator":"@eldiario_net","twitter_site":"@eldiario_net","twitter_misc":{"Escrito por":"Jeanette","Tiempo de lectura":"5 minutos"},"schema":{"@context":"https:\/\/schema.org","@graph":[{"@type":"Article","@id":"https:\/\/www.eldiario.net\/portal\/2023\/04\/26\/llajtaymanta-se-alista-para-inaugurar-su-centro-cultural\/#article","isPartOf":{"@id":"https:\/\/www.eldiario.net\/portal\/2023\/04\/26\/llajtaymanta-se-alista-para-inaugurar-su-centro-cultural\/"},"author":{"name":"Jeanette","@id":"https:\/\/www.eldiario.net\/portal\/#\/schema\/person\/2c57cf2b7a7ae032e449e4c9b1019eac"},"headline":"Llajtaymanta se alista para inaugurar su centro cultural","datePublished":"2023-04-26T11:43:39+00:00","mainEntityOfPage":{"@id":"https:\/\/www.eldiario.net\/portal\/2023\/04\/26\/llajtaymanta-se-alista-para-inaugurar-su-centro-cultural\/"},"wordCount":1109,"publisher":{"@id":"https:\/\/www.eldiario.net\/portal\/#organization"},"image":{"@id":"https:\/\/www.eldiario.net\/portal\/2023\/04\/26\/llajtaymanta-se-alista-para-inaugurar-su-centro-cultural\/#primaryimage"},"thumbnailUrl":"","articleSection":["La Gu\u00eda"],"inLanguage":"es"},{"@type":"WebPage","@id":"https:\/\/www.eldiario.net\/portal\/2023\/04\/26\/llajtaymanta-se-alista-para-inaugurar-su-centro-cultural\/","url":"https:\/\/www.eldiario.net\/portal\/2023\/04\/26\/llajtaymanta-se-alista-para-inaugurar-su-centro-cultural\/","name":"Llajtaymanta se alista para inaugurar su centro cultural - El Diario - Bolivia","isPartOf":{"@id":"https:\/\/www.eldiario.net\/portal\/#website"},"primaryImageOfPage":{"@id":"https:\/\/www.eldiario.net\/portal\/2023\/04\/26\/llajtaymanta-se-alista-para-inaugurar-su-centro-cultural\/#primaryimage"},"image":{"@id":"https:\/\/www.eldiario.net\/portal\/2023\/04\/26\/llajtaymanta-se-alista-para-inaugurar-su-centro-cultural\/#primaryimage"},"thumbnailUrl":"","datePublished":"2023-04-26T11:43:39+00:00","breadcrumb":{"@id":"https:\/\/www.eldiario.net\/portal\/2023\/04\/26\/llajtaymanta-se-alista-para-inaugurar-su-centro-cultural\/#breadcrumb"},"inLanguage":"es","potentialAction":[{"@type":"ReadAction","target":["https:\/\/www.eldiario.net\/portal\/2023\/04\/26\/llajtaymanta-se-alista-para-inaugurar-su-centro-cultural\/"]}]},{"@type":"ImageObject","inLanguage":"es","@id":"https:\/\/www.eldiario.net\/portal\/2023\/04\/26\/llajtaymanta-se-alista-para-inaugurar-su-centro-cultural\/#primaryimage","url":"","contentUrl":""},{"@type":"BreadcrumbList","@id":"https:\/\/www.eldiario.net\/portal\/2023\/04\/26\/llajtaymanta-se-alista-para-inaugurar-su-centro-cultural\/#breadcrumb","itemListElement":[{"@type":"ListItem","position":1,"name":"Portada","item":"https:\/\/www.eldiario.net\/portal\/"},{"@type":"ListItem","position":2,"name":"Llajtaymanta se alista para inaugurar su centro cultural"}]},{"@type":"WebSite","@id":"https:\/\/www.eldiario.net\/portal\/#website","url":"https:\/\/www.eldiario.net\/portal\/","name":"El Diario - Decano de la prensa nacional","description":"El Diario - Decano de la prensa nacional","publisher":{"@id":"https:\/\/www.eldiario.net\/portal\/#organization"},"potentialAction":[{"@type":"SearchAction","target":{"@type":"EntryPoint","urlTemplate":"https:\/\/www.eldiario.net\/portal\/?s={search_term_string}"},"query-input":{"@type":"PropertyValueSpecification","valueRequired":true,"valueName":"search_term_string"}}],"inLanguage":"es"},{"@type":"Organization","@id":"https:\/\/www.eldiario.net\/portal\/#organization","name":"El Diario - Decano de la prensa nacional","url":"https:\/\/www.eldiario.net\/portal\/","logo":{"@type":"ImageObject","inLanguage":"es","@id":"https:\/\/www.eldiario.net\/portal\/#\/schema\/logo\/image\/","url":"https:\/\/www.eldiario.net\/portal\/wp-content\/uploads\/2023\/07\/logo_ED.jpg","contentUrl":"https:\/\/www.eldiario.net\/portal\/wp-content\/uploads\/2023\/07\/logo_ED.jpg","width":272,"height":52,"caption":"El Diario - Decano de la prensa nacional"},"image":{"@id":"https:\/\/www.eldiario.net\/portal\/#\/schema\/logo\/image\/"},"sameAs":["https:\/\/www.facebook.com\/eldiario.bolivia\/","https:\/\/x.com\/eldiario_net"]},{"@type":"Person","@id":"https:\/\/www.eldiario.net\/portal\/#\/schema\/person\/2c57cf2b7a7ae032e449e4c9b1019eac","name":"Jeanette","image":{"@type":"ImageObject","inLanguage":"es","@id":"https:\/\/secure.gravatar.com\/avatar\/3ea2118a5f7dad2b7138b1187a6b7ee55f160b9968b66013c3a3ef39dd7e5798?s=96&d=mm&r=g","url":"https:\/\/secure.gravatar.com\/avatar\/3ea2118a5f7dad2b7138b1187a6b7ee55f160b9968b66013c3a3ef39dd7e5798?s=96&d=mm&r=g","contentUrl":"https:\/\/secure.gravatar.com\/avatar\/3ea2118a5f7dad2b7138b1187a6b7ee55f160b9968b66013c3a3ef39dd7e5798?s=96&d=mm&r=g","caption":"Jeanette"},"sameAs":["https:\/\/www.eldiario.net\/portal"],"url":"https:\/\/www.eldiario.net\/portal\/author\/jeanette\/"}]}},"_links":{"self":[{"href":"https:\/\/www.eldiario.net\/portal\/wp-json\/wp\/v2\/posts\/150971","targetHints":{"allow":["GET"]}}],"collection":[{"href":"https:\/\/www.eldiario.net\/portal\/wp-json\/wp\/v2\/posts"}],"about":[{"href":"https:\/\/www.eldiario.net\/portal\/wp-json\/wp\/v2\/types\/post"}],"author":[{"embeddable":true,"href":"https:\/\/www.eldiario.net\/portal\/wp-json\/wp\/v2\/users\/1"}],"replies":[{"embeddable":true,"href":"https:\/\/www.eldiario.net\/portal\/wp-json\/wp\/v2\/comments?post=150971"}],"version-history":[{"count":0,"href":"https:\/\/www.eldiario.net\/portal\/wp-json\/wp\/v2\/posts\/150971\/revisions"}],"wp:attachment":[{"href":"https:\/\/www.eldiario.net\/portal\/wp-json\/wp\/v2\/media?parent=150971"}],"wp:term":[{"taxonomy":"category","embeddable":true,"href":"https:\/\/www.eldiario.net\/portal\/wp-json\/wp\/v2\/categories?post=150971"},{"taxonomy":"post_tag","embeddable":true,"href":"https:\/\/www.eldiario.net\/portal\/wp-json\/wp\/v2\/tags?post=150971"}],"curies":[{"name":"wp","href":"https:\/\/api.w.org\/{rel}","templated":true}]}}