{"id":150707,"date":"2023-04-25T06:21:07","date_gmt":"2023-04-25T10:21:07","guid":{"rendered":"https:\/\/www.eldiario.net\/portal\/?p=150707"},"modified":"2023-04-25T06:21:07","modified_gmt":"2023-04-25T10:21:07","slug":"paises-del-mar-del-norte-se-alian-para-la-creacion-de-parque-eolico","status":"publish","type":"post","link":"https:\/\/www.eldiario.net\/portal\/2023\/04\/25\/paises-del-mar-del-norte-se-alian-para-la-creacion-de-parque-eolico\/","title":{"rendered":"Pa\u00edses del Mar del Norte se al\u00edan  para la creaci\u00f3n de parque e\u00f3lico"},"content":{"rendered":"<p>Una alianza de nueve pa\u00edses, suscribieron ayer un acuerdo para aprovechar todo el potencial energ\u00e9tico e industrial del Mar del Norte con la ambici\u00f3n de convertir sus 175.000 kil\u00f3metros compartidos de costa en la mayor potencia e\u00f3lica de Europa de aqu\u00ed a 2050.<\/p>\n<p>La llamada &#8216;Cumbre del Mar del Norte&#8217; reuni\u00f3 ayer en el puerto de Ostende (B\u00e9lgica) a los jefes de Estado y de Gobierno de Alemania, B\u00e9lgica, Dinamarca, Francia, Irlanda, Luxemburgo, Noruega, Pa\u00edses Bajos y Reino Unido y a sus ministros de Energ\u00eda y cont\u00f3 tambi\u00e9n con la presencia de la presidenta de la Comisi\u00f3n Europea, Ursula von der Leyen, y de la comisaria europea de Energ\u00eda, Kadri Simson.<\/p>\n<p>En la primera edici\u00f3n, celebrada el a\u00f1o pasado en Esbjerg (Dinamarca), los cuatro pa\u00edses fundadores de la &#8216;Coalici\u00f3n del Mar del Norte&#8217; B\u00e9lgica, Dinamarca, Alemania y Pa\u00edses Bajos se comprometieron a cuadriplicar su capacidad combinada de generaci\u00f3n de energ\u00eda en alta mar a 150 gigavatios (GW) para 2050, una ambici\u00f3n a la que ahora se suman otros cinco pa\u00edses y que se duplica en esta segunda cumbre hasta los 300 GW, equivalente al consumo anual de electricidad de 300 millones de hogares europeos.<\/p>\n<p>El primer ministro belga, Alexander de Croo, anfitri\u00f3n del evento,\u00a0 destac\u00f3 que esta cumbre \u00abmarca el importante hito de hacer del mar del Norte la mayor central el\u00e9ctrica verde del mundo\u00bb con el objetivo de \u00abconseguir una Europa m\u00e1s verde e independiente que pueda crecer de manera sostenible\u00bb.<\/p>\n<p>\u00abEstamos subiendo el list\u00f3n\u00bb, afirm\u00f3 la primera ministra danesa, Mette Frederiksen, quien record\u00f3, no obstante, que a\u00fan quedan algunos obst\u00e1culos para la transici\u00f3n ecol\u00f3gica, por lo que abog\u00f3 por \u00abasegurar las cadenas de suministro, desarrollar el sector industrial europeo, reducir las normas burocr\u00e1ticas y alinear objetivos en materia de biodiversidad con las ambiciones clim\u00e1ticas para poder seguir avanzando\u00bb.<\/p>\n<p>\u00abEuropa se convirti\u00f3 en la casa de las energ\u00edas renovables y el mar del Norte se est\u00e1 convirtiendo en la potencia de Europa\u00bb, subray\u00f3 Von der Leyen durante su intervenci\u00f3n, en la que exhort\u00f3 a los pa\u00edses presentes a trabajar en proyectos de hidr\u00f3geno transfronterizos, dado que la regi\u00f3n del mar del Norte tiene el potencial de producir cantidades masivas de hidr\u00f3geno verde y convertirse en el principal corredor de importaciones de esta energ\u00eda que puede cambiar las reglas del juego para Europa.<\/p>\n<p>En la misma l\u00ednea, el presidente franc\u00e9s, Emmanuel Macron, destac\u00f3 que impulsar la capacidad de producci\u00f3n permitir\u00e1 generar m\u00e1s hidr\u00f3geno verde para las industrias europeas y avanzar hacia la soberan\u00eda energ\u00e9tica.<\/p>\n<p>Tambi\u00e9n el primer ministro luxemburgu\u00e9s, Xavier Bettel, insisti\u00f3 en la importancia de priorizar la autonom\u00eda estrat\u00e9gica europea luego de comprobar la importante dependencia en la producci\u00f3n de energ\u00eda que ha demostrado la guerra de agresi\u00f3n de Rusia a Ucrania.<\/p>\n<p>El primer ministro de Pa\u00edses Bajos, Mark Rutte, inst\u00f3 a \u00abredoblar los esfuerzos por el clima, lo que significa avanzar hacia suministros energ\u00e9ticos sostenibles\u00bb, algo que la invasi\u00f3n rusa de Ucrania hizo todav\u00eda m\u00e1s urgente. \u00abProducir esa energ\u00eda es la mejor manera de abordar el problema y el mar del Norte es indispensable aqu\u00ed\u00bb, asegur\u00f3.<\/p>\n<p>Por su lado, su hom\u00f3logo noruego, el primer ministro Jonas Gahr Store,\u00a0 reconoci\u00f3 que participa con entusiasmo en esta iniciativa relacionada con la energ\u00eda e\u00f3lica marina y espera aportar la experiencia de Noruega como mayor proveedor de energ\u00eda de Europa porque tiene mucho m\u00e1s que aportar. (Europa Press)<\/p>\n","protected":false},"excerpt":{"rendered":"<p>Una alianza de nueve pa\u00edses, suscribieron ayer un acuerdo para aprovechar todo el potencial energ\u00e9tico e industrial del Mar del Norte con la ambici\u00f3n de convertir sus 175.000 kil\u00f3metros compartidos de costa en la mayor potencia e\u00f3lica de Europa de aqu\u00ed a 2050. La llamada &#8216;Cumbre del Mar del Norte&#8217; reuni\u00f3 ayer en el puerto [&hellip;]<\/p>\n","protected":false},"author":1,"featured_media":150708,"comment_status":"closed","ping_status":"closed","sticky":false,"template":"","format":"standard","meta":{"_acf_changed":false,"footnotes":""},"categories":[3],"tags":[],"class_list":["post-150707","post","type-post","status-publish","format-standard","has-post-thumbnail","category-internacional"],"acf":{"antetitulo":""},"yoast_head":"<!-- This site is optimized with the Yoast SEO plugin v28.3 - https:\/\/yoast.com\/product\/yoast-seo-wordpress\/ -->\n<title>Pa\u00edses del Mar del Norte se al\u00edan para la creaci\u00f3n de parque e\u00f3lico - El Diario - Bolivia<\/title>\n<meta name=\"robots\" content=\"index, follow, max-snippet:-1, max-image-preview:large, max-video-preview:-1\" \/>\n<link rel=\"canonical\" href=\"https:\/\/www.eldiario.net\/portal\/2023\/04\/25\/paises-del-mar-del-norte-se-alian-para-la-creacion-de-parque-eolico\/\" \/>\n<meta property=\"og:locale\" content=\"es_ES\" \/>\n<meta property=\"og:type\" content=\"article\" \/>\n<meta property=\"og:title\" content=\"Pa\u00edses del Mar del Norte se al\u00edan para la creaci\u00f3n de parque e\u00f3lico - El Diario - Bolivia\" \/>\n<meta property=\"og:description\" content=\"Una alianza de nueve pa\u00edses, suscribieron ayer un acuerdo para aprovechar todo el potencial energ\u00e9tico e industrial del Mar del Norte con la ambici\u00f3n de convertir sus 175.000 kil\u00f3metros compartidos de costa en la mayor potencia e\u00f3lica de Europa de aqu\u00ed a 2050. La llamada &#8216;Cumbre del Mar del Norte&#8217; reuni\u00f3 ayer en el puerto [&hellip;]\" \/>\n<meta property=\"og:url\" content=\"https:\/\/www.eldiario.net\/portal\/2023\/04\/25\/paises-del-mar-del-norte-se-alian-para-la-creacion-de-parque-eolico\/\" \/>\n<meta property=\"og:site_name\" content=\"El Diario - Bolivia\" \/>\n<meta property=\"article:publisher\" content=\"https:\/\/www.facebook.com\/eldiario.bolivia\/\" \/>\n<meta property=\"article:published_time\" content=\"2023-04-25T10:21:07+00:00\" \/>\n<meta name=\"author\" content=\"Jeanette\" \/>\n<meta name=\"twitter:card\" content=\"summary_large_image\" \/>\n<meta name=\"twitter:creator\" content=\"@eldiario_net\" \/>\n<meta name=\"twitter:site\" content=\"@eldiario_net\" \/>\n<meta name=\"twitter:label1\" content=\"Escrito por\" \/>\n\t<meta name=\"twitter:data1\" content=\"Jeanette\" \/>\n\t<meta name=\"twitter:label2\" content=\"Tiempo de lectura\" \/>\n\t<meta name=\"twitter:data2\" content=\"3 minutos\" \/>\n<script type=\"application\/ld+json\" class=\"yoast-schema-graph\">{\"@context\":\"https:\\\/\\\/schema.org\",\"@graph\":[{\"@type\":\"Article\",\"@id\":\"https:\\\/\\\/www.eldiario.net\\\/portal\\\/2023\\\/04\\\/25\\\/paises-del-mar-del-norte-se-alian-para-la-creacion-de-parque-eolico\\\/#article\",\"isPartOf\":{\"@id\":\"https:\\\/\\\/www.eldiario.net\\\/portal\\\/2023\\\/04\\\/25\\\/paises-del-mar-del-norte-se-alian-para-la-creacion-de-parque-eolico\\\/\"},\"author\":{\"name\":\"Jeanette\",\"@id\":\"https:\\\/\\\/www.eldiario.net\\\/portal\\\/#\\\/schema\\\/person\\\/f46445640444750d7d753ccd04ae01b7\"},\"headline\":\"Pa\u00edses del Mar del Norte se al\u00edan para la creaci\u00f3n de parque e\u00f3lico\",\"datePublished\":\"2023-04-25T10:21:07+00:00\",\"mainEntityOfPage\":{\"@id\":\"https:\\\/\\\/www.eldiario.net\\\/portal\\\/2023\\\/04\\\/25\\\/paises-del-mar-del-norte-se-alian-para-la-creacion-de-parque-eolico\\\/\"},\"wordCount\":631,\"publisher\":{\"@id\":\"https:\\\/\\\/www.eldiario.net\\\/portal\\\/#organization\"},\"image\":{\"@id\":\"https:\\\/\\\/www.eldiario.net\\\/portal\\\/2023\\\/04\\\/25\\\/paises-del-mar-del-norte-se-alian-para-la-creacion-de-parque-eolico\\\/#primaryimage\"},\"thumbnailUrl\":\"\",\"articleSection\":[\"Internacional\"],\"inLanguage\":\"es\"},{\"@type\":\"WebPage\",\"@id\":\"https:\\\/\\\/www.eldiario.net\\\/portal\\\/2023\\\/04\\\/25\\\/paises-del-mar-del-norte-se-alian-para-la-creacion-de-parque-eolico\\\/\",\"url\":\"https:\\\/\\\/www.eldiario.net\\\/portal\\\/2023\\\/04\\\/25\\\/paises-del-mar-del-norte-se-alian-para-la-creacion-de-parque-eolico\\\/\",\"name\":\"Pa\u00edses del Mar del Norte se al\u00edan para la creaci\u00f3n de parque e\u00f3lico - El Diario - Bolivia\",\"isPartOf\":{\"@id\":\"https:\\\/\\\/www.eldiario.net\\\/portal\\\/#website\"},\"primaryImageOfPage\":{\"@id\":\"https:\\\/\\\/www.eldiario.net\\\/portal\\\/2023\\\/04\\\/25\\\/paises-del-mar-del-norte-se-alian-para-la-creacion-de-parque-eolico\\\/#primaryimage\"},\"image\":{\"@id\":\"https:\\\/\\\/www.eldiario.net\\\/portal\\\/2023\\\/04\\\/25\\\/paises-del-mar-del-norte-se-alian-para-la-creacion-de-parque-eolico\\\/#primaryimage\"},\"thumbnailUrl\":\"\",\"datePublished\":\"2023-04-25T10:21:07+00:00\",\"breadcrumb\":{\"@id\":\"https:\\\/\\\/www.eldiario.net\\\/portal\\\/2023\\\/04\\\/25\\\/paises-del-mar-del-norte-se-alian-para-la-creacion-de-parque-eolico\\\/#breadcrumb\"},\"inLanguage\":\"es\",\"potentialAction\":[{\"@type\":\"ReadAction\",\"target\":[\"https:\\\/\\\/www.eldiario.net\\\/portal\\\/2023\\\/04\\\/25\\\/paises-del-mar-del-norte-se-alian-para-la-creacion-de-parque-eolico\\\/\"]}]},{\"@type\":\"ImageObject\",\"inLanguage\":\"es\",\"@id\":\"https:\\\/\\\/www.eldiario.net\\\/portal\\\/2023\\\/04\\\/25\\\/paises-del-mar-del-norte-se-alian-para-la-creacion-de-parque-eolico\\\/#primaryimage\",\"url\":\"\",\"contentUrl\":\"\"},{\"@type\":\"BreadcrumbList\",\"@id\":\"https:\\\/\\\/www.eldiario.net\\\/portal\\\/2023\\\/04\\\/25\\\/paises-del-mar-del-norte-se-alian-para-la-creacion-de-parque-eolico\\\/#breadcrumb\",\"itemListElement\":[{\"@type\":\"ListItem\",\"position\":1,\"name\":\"Portada\",\"item\":\"https:\\\/\\\/www.eldiario.net\\\/portal\\\/\"},{\"@type\":\"ListItem\",\"position\":2,\"name\":\"Pa\u00edses del Mar del Norte se al\u00edan para la creaci\u00f3n de parque e\u00f3lico\"}]},{\"@type\":\"WebSite\",\"@id\":\"https:\\\/\\\/www.eldiario.net\\\/portal\\\/#website\",\"url\":\"https:\\\/\\\/www.eldiario.net\\\/portal\\\/\",\"name\":\"El Diario - Decano de la prensa nacional\",\"description\":\"El Diario - Decano de la prensa nacional\",\"publisher\":{\"@id\":\"https:\\\/\\\/www.eldiario.net\\\/portal\\\/#organization\"},\"potentialAction\":[{\"@type\":\"SearchAction\",\"target\":{\"@type\":\"EntryPoint\",\"urlTemplate\":\"https:\\\/\\\/www.eldiario.net\\\/portal\\\/?s={search_term_string}\"},\"query-input\":{\"@type\":\"PropertyValueSpecification\",\"valueRequired\":true,\"valueName\":\"search_term_string\"}}],\"inLanguage\":\"es\"},{\"@type\":\"Organization\",\"@id\":\"https:\\\/\\\/www.eldiario.net\\\/portal\\\/#organization\",\"name\":\"El Diario - Decano de la prensa nacional\",\"url\":\"https:\\\/\\\/www.eldiario.net\\\/portal\\\/\",\"logo\":{\"@type\":\"ImageObject\",\"inLanguage\":\"es\",\"@id\":\"https:\\\/\\\/www.eldiario.net\\\/portal\\\/#\\\/schema\\\/logo\\\/image\\\/\",\"url\":\"https:\\\/\\\/www.eldiario.net\\\/portal\\\/wp-content\\\/uploads\\\/2023\\\/07\\\/logo_ED.jpg\",\"contentUrl\":\"https:\\\/\\\/www.eldiario.net\\\/portal\\\/wp-content\\\/uploads\\\/2023\\\/07\\\/logo_ED.jpg\",\"width\":272,\"height\":52,\"caption\":\"El Diario - Decano de la prensa nacional\"},\"image\":{\"@id\":\"https:\\\/\\\/www.eldiario.net\\\/portal\\\/#\\\/schema\\\/logo\\\/image\\\/\"},\"sameAs\":[\"https:\\\/\\\/www.facebook.com\\\/eldiario.bolivia\\\/\",\"https:\\\/\\\/x.com\\\/eldiario_net\"]},{\"@type\":\"Person\",\"@id\":\"https:\\\/\\\/www.eldiario.net\\\/portal\\\/#\\\/schema\\\/person\\\/f46445640444750d7d753ccd04ae01b7\",\"name\":\"Jeanette\",\"image\":{\"@type\":\"ImageObject\",\"inLanguage\":\"es\",\"@id\":\"https:\\\/\\\/secure.gravatar.com\\\/avatar\\\/3ea2118a5f7dad2b7138b1187a6b7ee55f160b9968b66013c3a3ef39dd7e5798?s=96&d=mm&r=g\",\"url\":\"https:\\\/\\\/secure.gravatar.com\\\/avatar\\\/3ea2118a5f7dad2b7138b1187a6b7ee55f160b9968b66013c3a3ef39dd7e5798?s=96&d=mm&r=g\",\"contentUrl\":\"https:\\\/\\\/secure.gravatar.com\\\/avatar\\\/3ea2118a5f7dad2b7138b1187a6b7ee55f160b9968b66013c3a3ef39dd7e5798?s=96&d=mm&r=g\",\"caption\":\"Jeanette\"},\"sameAs\":[\"https:\\\/\\\/www.eldiario.net\\\/portal\"],\"url\":\"https:\\\/\\\/www.eldiario.net\\\/portal\\\/author\\\/jeanette\\\/\"}]}<\/script>\n<!-- \/ Yoast SEO plugin. -->","yoast_head_json":{"title":"Pa\u00edses del Mar del Norte se al\u00edan para la creaci\u00f3n de parque e\u00f3lico - El Diario - Bolivia","robots":{"index":"index","follow":"follow","max-snippet":"max-snippet:-1","max-image-preview":"max-image-preview:large","max-video-preview":"max-video-preview:-1"},"canonical":"https:\/\/www.eldiario.net\/portal\/2023\/04\/25\/paises-del-mar-del-norte-se-alian-para-la-creacion-de-parque-eolico\/","og_locale":"es_ES","og_type":"article","og_title":"Pa\u00edses del Mar del Norte se al\u00edan para la creaci\u00f3n de parque e\u00f3lico - El Diario - Bolivia","og_description":"Una alianza de nueve pa\u00edses, suscribieron ayer un acuerdo para aprovechar todo el potencial energ\u00e9tico e industrial del Mar del Norte con la ambici\u00f3n de convertir sus 175.000 kil\u00f3metros compartidos de costa en la mayor potencia e\u00f3lica de Europa de aqu\u00ed a 2050. La llamada &#8216;Cumbre del Mar del Norte&#8217; reuni\u00f3 ayer en el puerto [&hellip;]","og_url":"https:\/\/www.eldiario.net\/portal\/2023\/04\/25\/paises-del-mar-del-norte-se-alian-para-la-creacion-de-parque-eolico\/","og_site_name":"El Diario - Bolivia","article_publisher":"https:\/\/www.facebook.com\/eldiario.bolivia\/","article_published_time":"2023-04-25T10:21:07+00:00","author":"Jeanette","twitter_card":"summary_large_image","twitter_creator":"@eldiario_net","twitter_site":"@eldiario_net","twitter_misc":{"Escrito por":"Jeanette","Tiempo de lectura":"3 minutos"},"schema":{"@context":"https:\/\/schema.org","@graph":[{"@type":"Article","@id":"https:\/\/www.eldiario.net\/portal\/2023\/04\/25\/paises-del-mar-del-norte-se-alian-para-la-creacion-de-parque-eolico\/#article","isPartOf":{"@id":"https:\/\/www.eldiario.net\/portal\/2023\/04\/25\/paises-del-mar-del-norte-se-alian-para-la-creacion-de-parque-eolico\/"},"author":{"name":"Jeanette","@id":"https:\/\/www.eldiario.net\/portal\/#\/schema\/person\/f46445640444750d7d753ccd04ae01b7"},"headline":"Pa\u00edses del Mar del Norte se al\u00edan para la creaci\u00f3n de parque e\u00f3lico","datePublished":"2023-04-25T10:21:07+00:00","mainEntityOfPage":{"@id":"https:\/\/www.eldiario.net\/portal\/2023\/04\/25\/paises-del-mar-del-norte-se-alian-para-la-creacion-de-parque-eolico\/"},"wordCount":631,"publisher":{"@id":"https:\/\/www.eldiario.net\/portal\/#organization"},"image":{"@id":"https:\/\/www.eldiario.net\/portal\/2023\/04\/25\/paises-del-mar-del-norte-se-alian-para-la-creacion-de-parque-eolico\/#primaryimage"},"thumbnailUrl":"","articleSection":["Internacional"],"inLanguage":"es"},{"@type":"WebPage","@id":"https:\/\/www.eldiario.net\/portal\/2023\/04\/25\/paises-del-mar-del-norte-se-alian-para-la-creacion-de-parque-eolico\/","url":"https:\/\/www.eldiario.net\/portal\/2023\/04\/25\/paises-del-mar-del-norte-se-alian-para-la-creacion-de-parque-eolico\/","name":"Pa\u00edses del Mar del Norte se al\u00edan para la creaci\u00f3n de parque e\u00f3lico - El Diario - Bolivia","isPartOf":{"@id":"https:\/\/www.eldiario.net\/portal\/#website"},"primaryImageOfPage":{"@id":"https:\/\/www.eldiario.net\/portal\/2023\/04\/25\/paises-del-mar-del-norte-se-alian-para-la-creacion-de-parque-eolico\/#primaryimage"},"image":{"@id":"https:\/\/www.eldiario.net\/portal\/2023\/04\/25\/paises-del-mar-del-norte-se-alian-para-la-creacion-de-parque-eolico\/#primaryimage"},"thumbnailUrl":"","datePublished":"2023-04-25T10:21:07+00:00","breadcrumb":{"@id":"https:\/\/www.eldiario.net\/portal\/2023\/04\/25\/paises-del-mar-del-norte-se-alian-para-la-creacion-de-parque-eolico\/#breadcrumb"},"inLanguage":"es","potentialAction":[{"@type":"ReadAction","target":["https:\/\/www.eldiario.net\/portal\/2023\/04\/25\/paises-del-mar-del-norte-se-alian-para-la-creacion-de-parque-eolico\/"]}]},{"@type":"ImageObject","inLanguage":"es","@id":"https:\/\/www.eldiario.net\/portal\/2023\/04\/25\/paises-del-mar-del-norte-se-alian-para-la-creacion-de-parque-eolico\/#primaryimage","url":"","contentUrl":""},{"@type":"BreadcrumbList","@id":"https:\/\/www.eldiario.net\/portal\/2023\/04\/25\/paises-del-mar-del-norte-se-alian-para-la-creacion-de-parque-eolico\/#breadcrumb","itemListElement":[{"@type":"ListItem","position":1,"name":"Portada","item":"https:\/\/www.eldiario.net\/portal\/"},{"@type":"ListItem","position":2,"name":"Pa\u00edses del Mar del Norte se al\u00edan para la creaci\u00f3n de parque e\u00f3lico"}]},{"@type":"WebSite","@id":"https:\/\/www.eldiario.net\/portal\/#website","url":"https:\/\/www.eldiario.net\/portal\/","name":"El Diario - Decano de la prensa nacional","description":"El Diario - Decano de la prensa nacional","publisher":{"@id":"https:\/\/www.eldiario.net\/portal\/#organization"},"potentialAction":[{"@type":"SearchAction","target":{"@type":"EntryPoint","urlTemplate":"https:\/\/www.eldiario.net\/portal\/?s={search_term_string}"},"query-input":{"@type":"PropertyValueSpecification","valueRequired":true,"valueName":"search_term_string"}}],"inLanguage":"es"},{"@type":"Organization","@id":"https:\/\/www.eldiario.net\/portal\/#organization","name":"El Diario - Decano de la prensa nacional","url":"https:\/\/www.eldiario.net\/portal\/","logo":{"@type":"ImageObject","inLanguage":"es","@id":"https:\/\/www.eldiario.net\/portal\/#\/schema\/logo\/image\/","url":"https:\/\/www.eldiario.net\/portal\/wp-content\/uploads\/2023\/07\/logo_ED.jpg","contentUrl":"https:\/\/www.eldiario.net\/portal\/wp-content\/uploads\/2023\/07\/logo_ED.jpg","width":272,"height":52,"caption":"El Diario - Decano de la prensa nacional"},"image":{"@id":"https:\/\/www.eldiario.net\/portal\/#\/schema\/logo\/image\/"},"sameAs":["https:\/\/www.facebook.com\/eldiario.bolivia\/","https:\/\/x.com\/eldiario_net"]},{"@type":"Person","@id":"https:\/\/www.eldiario.net\/portal\/#\/schema\/person\/f46445640444750d7d753ccd04ae01b7","name":"Jeanette","image":{"@type":"ImageObject","inLanguage":"es","@id":"https:\/\/secure.gravatar.com\/avatar\/3ea2118a5f7dad2b7138b1187a6b7ee55f160b9968b66013c3a3ef39dd7e5798?s=96&d=mm&r=g","url":"https:\/\/secure.gravatar.com\/avatar\/3ea2118a5f7dad2b7138b1187a6b7ee55f160b9968b66013c3a3ef39dd7e5798?s=96&d=mm&r=g","contentUrl":"https:\/\/secure.gravatar.com\/avatar\/3ea2118a5f7dad2b7138b1187a6b7ee55f160b9968b66013c3a3ef39dd7e5798?s=96&d=mm&r=g","caption":"Jeanette"},"sameAs":["https:\/\/www.eldiario.net\/portal"],"url":"https:\/\/www.eldiario.net\/portal\/author\/jeanette\/"}]}},"_links":{"self":[{"href":"https:\/\/www.eldiario.net\/portal\/wp-json\/wp\/v2\/posts\/150707","targetHints":{"allow":["GET"]}}],"collection":[{"href":"https:\/\/www.eldiario.net\/portal\/wp-json\/wp\/v2\/posts"}],"about":[{"href":"https:\/\/www.eldiario.net\/portal\/wp-json\/wp\/v2\/types\/post"}],"author":[{"embeddable":true,"href":"https:\/\/www.eldiario.net\/portal\/wp-json\/wp\/v2\/users\/1"}],"replies":[{"embeddable":true,"href":"https:\/\/www.eldiario.net\/portal\/wp-json\/wp\/v2\/comments?post=150707"}],"version-history":[{"count":0,"href":"https:\/\/www.eldiario.net\/portal\/wp-json\/wp\/v2\/posts\/150707\/revisions"}],"wp:attachment":[{"href":"https:\/\/www.eldiario.net\/portal\/wp-json\/wp\/v2\/media?parent=150707"}],"wp:term":[{"taxonomy":"category","embeddable":true,"href":"https:\/\/www.eldiario.net\/portal\/wp-json\/wp\/v2\/categories?post=150707"},{"taxonomy":"post_tag","embeddable":true,"href":"https:\/\/www.eldiario.net\/portal\/wp-json\/wp\/v2\/tags?post=150707"}],"curies":[{"name":"wp","href":"https:\/\/api.w.org\/{rel}","templated":true}]}}