{"id":150249,"date":"2023-04-23T05:48:09","date_gmt":"2023-04-23T09:48:09","guid":{"rendered":"https:\/\/www.eldiario.net\/portal\/?p=150249"},"modified":"2023-04-23T05:48:09","modified_gmt":"2023-04-23T09:48:09","slug":"solicitan-aplicar-shock-economico-mientras-el-gobierno-se-desespera-por-la-ley-del-oro","status":"publish","type":"post","link":"https:\/\/www.eldiario.net\/portal\/2023\/04\/23\/solicitan-aplicar-shock-economico-mientras-el-gobierno-se-desespera-por-la-ley-del-oro\/","title":{"rendered":"Solicitan aplicar \u00abshock econ\u00f3mico\u00bb mientras el Gobierno se desespera por la Ley del Oro"},"content":{"rendered":"<p>La falta de d\u00f3lares en el mercado nacional provocar\u00e1 el incremento de algunos productos nacionales por el alza de los insumos, pero la mercader\u00eda de pa\u00edses vecinos ya subi\u00f3 de valor, y medios internacionales se\u00f1alan que la crisis boliviana muestra los l\u00edmites del populismo de izquierda. Este escenario provoca que sectores productivos soliciten aplicar \u00abshock econ\u00f3mico\u00bb que se traduce como un evento inesperado que afecta significativamente a una econom\u00eda, mientras la desesperaci\u00f3n del gobierno lo lleva a aprobar normas sin el debido proceso y a pedir financiamiento externo.<br \/>\nEl medio brit\u00e1nico The Economist nuevamente alert\u00f3 de la mala situaci\u00f3n de la econom\u00eda nacional al publicar un art\u00edculo titulado que la \u201ccrisis de Bolivia muestra los l\u00edmites del populismo de izquierda\u201d, de acuerdo al presidente del Colegio de Economistas de Tarija, Fernando Romero.<br \/>\nEl economista Jos\u00e9 Luis Evia escribi\u00f3 en @jlaevia que: \u201cThe Economist, \u00abCrisis Boliviana Muestra los L\u00edmites de las Pol\u00edticas Populistas de Izquierda\u00bb, la crisis es causa del modelo econ\u00f3mico imprudente. 3 ense\u00f1anzas: no depender de booms de materias primas, tener cuidado con el tipo de cambio fijo y no ser hostil con el capital privado\u201d.<br \/>\nMientras los medios estatales aseguran que la demanda de d\u00f3lares vuelve a la normalidad y filas desaparecen, Evia escribe en su @jlaevia que \u201cni se ruborizan al mentir. Si fuese cierto, ya no necesitar\u00edan la Ley del Oro\u201d.<br \/>\nSin embargo, el Gobierno va por las joyas de la abuela, al pasar por alto el proceso de aprobaci\u00f3n de la Ley del Oro en la Asamblea Legislativa, para la venta en el mercado mundial, y esto los ayud\u00f3 para que los bonos soberanos en el mercado privado internacional vuelva a subir.<br \/>\nAs\u00ed lo inform\u00f3 el medio econ\u00f3mico especializado Bloomberg, al indicar que los bonos de Bolivia se dispararon el viernes despu\u00e9s de que un proyecto de ley que permitir\u00eda al Banco Central vender sus reservas de oro superara un gran obst\u00e1culo en el Congreso.<br \/>\nD\u00f3lares<br \/>\nLa falta de d\u00f3lares en el mercado nacional fue provocada por la ca\u00edda de las Reservas Internacionales Netas, debido al uso que hizo la actual administraci\u00f3n de Estado para financiar a empresas p\u00fablicas deficitarias y a la subvenci\u00f3n de los hidrocarburos, alimentos y servicios.<br \/>\nVarios sectores productivos expresaron su preocupaci\u00f3n por la falta de d\u00f3lares pues la divisa es destinada a la importaci\u00f3n de insumos y materias primas para la elaboraci\u00f3n de productos, as\u00ed como para la compra de mercader\u00eda de pa\u00edses vecinos.<br \/>\nEn ese contexto, el Directorio de la C\u00e1mara Agropecuaria de Cochabamba, representando a miles de productores agropecuarios, responsable de alimentar a la poblaci\u00f3n del departamento de Cochabamba y enviar los excedentes a Bolivia y en su caso, a la exportaci\u00f3n, bajo el paraguas de la producci\u00f3n agropecuaria con soberan\u00eda alimentaria, expres\u00f3 su preocupaci\u00f3n por la falta de divisas (d\u00f3lares americanos) en el sistema financiero nacional.<br \/>\n\u201c(\u2026) la especulaci\u00f3n en relaci\u00f3n a esta delicada situaci\u00f3n por las redes sociales, generando incertidumbre para la econom\u00eda del pa\u00eds, provocando la subida de los precios de las materias primas, insumos, bienes de capital y equipos de transporte por el encarecimiento de su importaci\u00f3n, con el previsible incremento de los precios de los productos de la canasta familiar, entre otros\u201d, se\u00f1alan.<br \/>\nPor ello el sector insta al Gobierno a aplicar un shock econ\u00f3mico: para que se liberen las barreras a la libre exportaci\u00f3n; se elimine el ITF (Impuestos a las Transacciones Financieras) para las transacciones en divisas y, sobre todo, se reconstruyan las alianzas p\u00fablico-privadas, para lo cual es urgente y determinante que, la Asamblea Legislativa apruebe la \u201cLey del Oro\u201d y los cr\u00e9ditos internacionales para el pa\u00eds, de lo contrario, el pa\u00eds corre el riesgo de retroceder en todo lo que ha avanzado, y revivir \u00e9pocas pasadas marcadas en la historia por una alta inflaci\u00f3n que empobreci\u00f3 al pueblo boliviano.<br \/>\nPor eso se\u00f1ala que \u201clleg\u00f3 el momento en que todos los bolivianos debemos unir esfuerzos para salvar la econom\u00eda nacional\u201d, afirma en el bolet\u00edn de prensa el vicepresidente de la C\u00e1mara Agropecuaria de Cochabamba (CAC), Rolando Morales Zeballos.<br \/>\nSangr\u00eda<br \/>\nMientras tanto, el economista y exalcalde de La Paz, Ronald MacLean Abaroa, en conversaci\u00f3n con la radio Erbol, dijo que la sangr\u00eda de las reservas y el temor a devaluar en Bolivia son constantes y est\u00e1n vigentes.<br \/>\nPor ello el ministro de Econom\u00eda y Finanzas P\u00fablicas va a Estados Unidos a solicitar ayuda a los organismos internacionales, como el Banco Mundial, CAF y Banco Interamericano de Desarrollo (BID).<br \/>\nCoincidi\u00f3 con el economista Gonzalo Ch\u00e1vez, al indicar que el modelo econ\u00f3mico provoc\u00f3 varias \u201chemorragias\u201d de recursos y acab\u00f3 con las RIN, pr\u00e1cticamente est\u00e1 en cero y si no hay d\u00f3lares no pueden sostener el tipo de cambio, o sea que la aplicaci\u00f3n fue un error y ya caduc\u00f3.<br \/>\nLament\u00f3 que el dinero se haya ido a los subsidios a los hidrocarburos y a todas las empresas p\u00fablicas, que est\u00e1n perdiendo recursos, los cuales son los or\u00edgenes de la crisis.<br \/>\nExplic\u00f3 que el modelo econ\u00f3mico es una equivocaci\u00f3n, es artificial, pues s\u00f3lo se sostuvo por ingresos del gas, y ahora que la situaci\u00f3n cambi\u00f3 y los recursos bajaron, as\u00ed como la producci\u00f3n, la econom\u00eda boliviana ingres\u00f3 a una crisis profunda.<br \/>\nY por ello plantea que para salir de la actual situaci\u00f3n debe cerrar las hemorragias, es decir las empresas p\u00fablicas y reducir los subsidios, que oscilan entre 1.500 millones a 2.000 millones de d\u00f3lares al a\u00f1o.<br \/>\nDijo que la pol\u00edtica del gobierno y su tipo de cambio provoc\u00f3 desincentivo a los productores de a papa, pues conven\u00eda traerlo del Per\u00fa a bajos precios que sembrar, y ahora el producto se encarecer\u00e1 por la escasa oferta de la divisa estadounidense, y su incremento.<br \/>\nMacLean est\u00e1 en desacuerdo con los pr\u00e9stamos, pues s\u00f3lo hipotecar\u00e1 el futuro de los bolivianos, es decir de los hijos y nietos.<br \/>\nEl economista y exdirector del BCB, Gabriel Espinoza, en una entrevista con este medio, dijo que los pr\u00e9stamos no resuelven la falta de liquidez, pues los mismos llegan al pa\u00eds de acuerdo al avance de los proyectos que son financiados por los organismos internacionales.<\/p>\n","protected":false},"excerpt":{"rendered":"<p>La falta de d\u00f3lares en el mercado nacional provocar\u00e1 el incremento de algunos productos nacionales por el alza de los insumos, pero la mercader\u00eda de pa\u00edses vecinos ya subi\u00f3 de valor, y medios internacionales se\u00f1alan que la crisis boliviana muestra los l\u00edmites del populismo de izquierda. Este escenario provoca que sectores productivos soliciten aplicar \u00abshock [&hellip;]<\/p>\n","protected":false},"author":1,"featured_media":150250,"comment_status":"closed","ping_status":"closed","sticky":false,"template":"","format":"standard","meta":{"_acf_changed":false,"footnotes":""},"categories":[7],"tags":[],"class_list":["post-150249","post","type-post","status-publish","format-standard","has-post-thumbnail","category-economia"],"acf":{"antetitulo":""},"yoast_head":"<!-- This site is optimized with the Yoast SEO plugin v28.3 - https:\/\/yoast.com\/product\/yoast-seo-wordpress\/ -->\n<title>Solicitan aplicar &quot;shock econ\u00f3mico&quot; mientras el Gobierno se desespera por la Ley del Oro - El Diario - Bolivia<\/title>\n<meta name=\"robots\" content=\"index, follow, max-snippet:-1, max-image-preview:large, max-video-preview:-1\" \/>\n<link rel=\"canonical\" href=\"https:\/\/www.eldiario.net\/portal\/2023\/04\/23\/solicitan-aplicar-shock-economico-mientras-el-gobierno-se-desespera-por-la-ley-del-oro\/\" \/>\n<meta property=\"og:locale\" content=\"es_ES\" \/>\n<meta property=\"og:type\" content=\"article\" \/>\n<meta property=\"og:title\" content=\"Solicitan aplicar &quot;shock econ\u00f3mico&quot; mientras el Gobierno se desespera por la Ley del Oro - El Diario - Bolivia\" \/>\n<meta property=\"og:description\" content=\"La falta de d\u00f3lares en el mercado nacional provocar\u00e1 el incremento de algunos productos nacionales por el alza de los insumos, pero la mercader\u00eda de pa\u00edses vecinos ya subi\u00f3 de valor, y medios internacionales se\u00f1alan que la crisis boliviana muestra los l\u00edmites del populismo de izquierda. Este escenario provoca que sectores productivos soliciten aplicar \u00abshock [&hellip;]\" \/>\n<meta property=\"og:url\" content=\"https:\/\/www.eldiario.net\/portal\/2023\/04\/23\/solicitan-aplicar-shock-economico-mientras-el-gobierno-se-desespera-por-la-ley-del-oro\/\" \/>\n<meta property=\"og:site_name\" content=\"El Diario - Bolivia\" \/>\n<meta property=\"article:publisher\" content=\"https:\/\/www.facebook.com\/eldiario.bolivia\/\" \/>\n<meta property=\"article:published_time\" content=\"2023-04-23T09:48:09+00:00\" \/>\n<meta name=\"author\" content=\"Jeanette\" \/>\n<meta name=\"twitter:card\" content=\"summary_large_image\" \/>\n<meta name=\"twitter:creator\" content=\"@eldiario_net\" \/>\n<meta name=\"twitter:site\" content=\"@eldiario_net\" \/>\n<meta name=\"twitter:label1\" content=\"Escrito por\" \/>\n\t<meta name=\"twitter:data1\" content=\"Jeanette\" \/>\n\t<meta name=\"twitter:label2\" content=\"Tiempo de lectura\" \/>\n\t<meta name=\"twitter:data2\" content=\"5 minutos\" \/>\n<script type=\"application\/ld+json\" class=\"yoast-schema-graph\">{\"@context\":\"https:\\\/\\\/schema.org\",\"@graph\":[{\"@type\":\"Article\",\"@id\":\"https:\\\/\\\/www.eldiario.net\\\/portal\\\/2023\\\/04\\\/23\\\/solicitan-aplicar-shock-economico-mientras-el-gobierno-se-desespera-por-la-ley-del-oro\\\/#article\",\"isPartOf\":{\"@id\":\"https:\\\/\\\/www.eldiario.net\\\/portal\\\/2023\\\/04\\\/23\\\/solicitan-aplicar-shock-economico-mientras-el-gobierno-se-desespera-por-la-ley-del-oro\\\/\"},\"author\":{\"name\":\"Jeanette\",\"@id\":\"https:\\\/\\\/www.eldiario.net\\\/portal\\\/#\\\/schema\\\/person\\\/f46445640444750d7d753ccd04ae01b7\"},\"headline\":\"Solicitan aplicar \u00abshock econ\u00f3mico\u00bb mientras el Gobierno se desespera por la Ley del Oro\",\"datePublished\":\"2023-04-23T09:48:09+00:00\",\"mainEntityOfPage\":{\"@id\":\"https:\\\/\\\/www.eldiario.net\\\/portal\\\/2023\\\/04\\\/23\\\/solicitan-aplicar-shock-economico-mientras-el-gobierno-se-desespera-por-la-ley-del-oro\\\/\"},\"wordCount\":1107,\"publisher\":{\"@id\":\"https:\\\/\\\/www.eldiario.net\\\/portal\\\/#organization\"},\"image\":{\"@id\":\"https:\\\/\\\/www.eldiario.net\\\/portal\\\/2023\\\/04\\\/23\\\/solicitan-aplicar-shock-economico-mientras-el-gobierno-se-desespera-por-la-ley-del-oro\\\/#primaryimage\"},\"thumbnailUrl\":\"\",\"articleSection\":[\"Econom\u00eda\"],\"inLanguage\":\"es\"},{\"@type\":\"WebPage\",\"@id\":\"https:\\\/\\\/www.eldiario.net\\\/portal\\\/2023\\\/04\\\/23\\\/solicitan-aplicar-shock-economico-mientras-el-gobierno-se-desespera-por-la-ley-del-oro\\\/\",\"url\":\"https:\\\/\\\/www.eldiario.net\\\/portal\\\/2023\\\/04\\\/23\\\/solicitan-aplicar-shock-economico-mientras-el-gobierno-se-desespera-por-la-ley-del-oro\\\/\",\"name\":\"Solicitan aplicar \\\"shock econ\u00f3mico\\\" mientras el Gobierno se desespera por la Ley del Oro - El Diario - Bolivia\",\"isPartOf\":{\"@id\":\"https:\\\/\\\/www.eldiario.net\\\/portal\\\/#website\"},\"primaryImageOfPage\":{\"@id\":\"https:\\\/\\\/www.eldiario.net\\\/portal\\\/2023\\\/04\\\/23\\\/solicitan-aplicar-shock-economico-mientras-el-gobierno-se-desespera-por-la-ley-del-oro\\\/#primaryimage\"},\"image\":{\"@id\":\"https:\\\/\\\/www.eldiario.net\\\/portal\\\/2023\\\/04\\\/23\\\/solicitan-aplicar-shock-economico-mientras-el-gobierno-se-desespera-por-la-ley-del-oro\\\/#primaryimage\"},\"thumbnailUrl\":\"\",\"datePublished\":\"2023-04-23T09:48:09+00:00\",\"breadcrumb\":{\"@id\":\"https:\\\/\\\/www.eldiario.net\\\/portal\\\/2023\\\/04\\\/23\\\/solicitan-aplicar-shock-economico-mientras-el-gobierno-se-desespera-por-la-ley-del-oro\\\/#breadcrumb\"},\"inLanguage\":\"es\",\"potentialAction\":[{\"@type\":\"ReadAction\",\"target\":[\"https:\\\/\\\/www.eldiario.net\\\/portal\\\/2023\\\/04\\\/23\\\/solicitan-aplicar-shock-economico-mientras-el-gobierno-se-desespera-por-la-ley-del-oro\\\/\"]}]},{\"@type\":\"ImageObject\",\"inLanguage\":\"es\",\"@id\":\"https:\\\/\\\/www.eldiario.net\\\/portal\\\/2023\\\/04\\\/23\\\/solicitan-aplicar-shock-economico-mientras-el-gobierno-se-desespera-por-la-ley-del-oro\\\/#primaryimage\",\"url\":\"\",\"contentUrl\":\"\"},{\"@type\":\"BreadcrumbList\",\"@id\":\"https:\\\/\\\/www.eldiario.net\\\/portal\\\/2023\\\/04\\\/23\\\/solicitan-aplicar-shock-economico-mientras-el-gobierno-se-desespera-por-la-ley-del-oro\\\/#breadcrumb\",\"itemListElement\":[{\"@type\":\"ListItem\",\"position\":1,\"name\":\"Portada\",\"item\":\"https:\\\/\\\/www.eldiario.net\\\/portal\\\/\"},{\"@type\":\"ListItem\",\"position\":2,\"name\":\"Solicitan aplicar \u00abshock econ\u00f3mico\u00bb mientras el Gobierno se desespera por la Ley del Oro\"}]},{\"@type\":\"WebSite\",\"@id\":\"https:\\\/\\\/www.eldiario.net\\\/portal\\\/#website\",\"url\":\"https:\\\/\\\/www.eldiario.net\\\/portal\\\/\",\"name\":\"El Diario - Decano de la prensa nacional\",\"description\":\"El Diario - Decano de la prensa nacional\",\"publisher\":{\"@id\":\"https:\\\/\\\/www.eldiario.net\\\/portal\\\/#organization\"},\"potentialAction\":[{\"@type\":\"SearchAction\",\"target\":{\"@type\":\"EntryPoint\",\"urlTemplate\":\"https:\\\/\\\/www.eldiario.net\\\/portal\\\/?s={search_term_string}\"},\"query-input\":{\"@type\":\"PropertyValueSpecification\",\"valueRequired\":true,\"valueName\":\"search_term_string\"}}],\"inLanguage\":\"es\"},{\"@type\":\"Organization\",\"@id\":\"https:\\\/\\\/www.eldiario.net\\\/portal\\\/#organization\",\"name\":\"El Diario - Decano de la prensa nacional\",\"url\":\"https:\\\/\\\/www.eldiario.net\\\/portal\\\/\",\"logo\":{\"@type\":\"ImageObject\",\"inLanguage\":\"es\",\"@id\":\"https:\\\/\\\/www.eldiario.net\\\/portal\\\/#\\\/schema\\\/logo\\\/image\\\/\",\"url\":\"https:\\\/\\\/www.eldiario.net\\\/portal\\\/wp-content\\\/uploads\\\/2023\\\/07\\\/logo_ED.jpg\",\"contentUrl\":\"https:\\\/\\\/www.eldiario.net\\\/portal\\\/wp-content\\\/uploads\\\/2023\\\/07\\\/logo_ED.jpg\",\"width\":272,\"height\":52,\"caption\":\"El Diario - Decano de la prensa nacional\"},\"image\":{\"@id\":\"https:\\\/\\\/www.eldiario.net\\\/portal\\\/#\\\/schema\\\/logo\\\/image\\\/\"},\"sameAs\":[\"https:\\\/\\\/www.facebook.com\\\/eldiario.bolivia\\\/\",\"https:\\\/\\\/x.com\\\/eldiario_net\"]},{\"@type\":\"Person\",\"@id\":\"https:\\\/\\\/www.eldiario.net\\\/portal\\\/#\\\/schema\\\/person\\\/f46445640444750d7d753ccd04ae01b7\",\"name\":\"Jeanette\",\"image\":{\"@type\":\"ImageObject\",\"inLanguage\":\"es\",\"@id\":\"https:\\\/\\\/secure.gravatar.com\\\/avatar\\\/3ea2118a5f7dad2b7138b1187a6b7ee55f160b9968b66013c3a3ef39dd7e5798?s=96&d=mm&r=g\",\"url\":\"https:\\\/\\\/secure.gravatar.com\\\/avatar\\\/3ea2118a5f7dad2b7138b1187a6b7ee55f160b9968b66013c3a3ef39dd7e5798?s=96&d=mm&r=g\",\"contentUrl\":\"https:\\\/\\\/secure.gravatar.com\\\/avatar\\\/3ea2118a5f7dad2b7138b1187a6b7ee55f160b9968b66013c3a3ef39dd7e5798?s=96&d=mm&r=g\",\"caption\":\"Jeanette\"},\"sameAs\":[\"https:\\\/\\\/www.eldiario.net\\\/portal\"],\"url\":\"https:\\\/\\\/www.eldiario.net\\\/portal\\\/author\\\/jeanette\\\/\"}]}<\/script>\n<!-- \/ Yoast SEO plugin. -->","yoast_head_json":{"title":"Solicitan aplicar \"shock econ\u00f3mico\" mientras el Gobierno se desespera por la Ley del Oro - El Diario - Bolivia","robots":{"index":"index","follow":"follow","max-snippet":"max-snippet:-1","max-image-preview":"max-image-preview:large","max-video-preview":"max-video-preview:-1"},"canonical":"https:\/\/www.eldiario.net\/portal\/2023\/04\/23\/solicitan-aplicar-shock-economico-mientras-el-gobierno-se-desespera-por-la-ley-del-oro\/","og_locale":"es_ES","og_type":"article","og_title":"Solicitan aplicar \"shock econ\u00f3mico\" mientras el Gobierno se desespera por la Ley del Oro - El Diario - Bolivia","og_description":"La falta de d\u00f3lares en el mercado nacional provocar\u00e1 el incremento de algunos productos nacionales por el alza de los insumos, pero la mercader\u00eda de pa\u00edses vecinos ya subi\u00f3 de valor, y medios internacionales se\u00f1alan que la crisis boliviana muestra los l\u00edmites del populismo de izquierda. Este escenario provoca que sectores productivos soliciten aplicar \u00abshock [&hellip;]","og_url":"https:\/\/www.eldiario.net\/portal\/2023\/04\/23\/solicitan-aplicar-shock-economico-mientras-el-gobierno-se-desespera-por-la-ley-del-oro\/","og_site_name":"El Diario - Bolivia","article_publisher":"https:\/\/www.facebook.com\/eldiario.bolivia\/","article_published_time":"2023-04-23T09:48:09+00:00","author":"Jeanette","twitter_card":"summary_large_image","twitter_creator":"@eldiario_net","twitter_site":"@eldiario_net","twitter_misc":{"Escrito por":"Jeanette","Tiempo de lectura":"5 minutos"},"schema":{"@context":"https:\/\/schema.org","@graph":[{"@type":"Article","@id":"https:\/\/www.eldiario.net\/portal\/2023\/04\/23\/solicitan-aplicar-shock-economico-mientras-el-gobierno-se-desespera-por-la-ley-del-oro\/#article","isPartOf":{"@id":"https:\/\/www.eldiario.net\/portal\/2023\/04\/23\/solicitan-aplicar-shock-economico-mientras-el-gobierno-se-desespera-por-la-ley-del-oro\/"},"author":{"name":"Jeanette","@id":"https:\/\/www.eldiario.net\/portal\/#\/schema\/person\/f46445640444750d7d753ccd04ae01b7"},"headline":"Solicitan aplicar \u00abshock econ\u00f3mico\u00bb mientras el Gobierno se desespera por la Ley del Oro","datePublished":"2023-04-23T09:48:09+00:00","mainEntityOfPage":{"@id":"https:\/\/www.eldiario.net\/portal\/2023\/04\/23\/solicitan-aplicar-shock-economico-mientras-el-gobierno-se-desespera-por-la-ley-del-oro\/"},"wordCount":1107,"publisher":{"@id":"https:\/\/www.eldiario.net\/portal\/#organization"},"image":{"@id":"https:\/\/www.eldiario.net\/portal\/2023\/04\/23\/solicitan-aplicar-shock-economico-mientras-el-gobierno-se-desespera-por-la-ley-del-oro\/#primaryimage"},"thumbnailUrl":"","articleSection":["Econom\u00eda"],"inLanguage":"es"},{"@type":"WebPage","@id":"https:\/\/www.eldiario.net\/portal\/2023\/04\/23\/solicitan-aplicar-shock-economico-mientras-el-gobierno-se-desespera-por-la-ley-del-oro\/","url":"https:\/\/www.eldiario.net\/portal\/2023\/04\/23\/solicitan-aplicar-shock-economico-mientras-el-gobierno-se-desespera-por-la-ley-del-oro\/","name":"Solicitan aplicar \"shock econ\u00f3mico\" mientras el Gobierno se desespera por la Ley del Oro - El Diario - Bolivia","isPartOf":{"@id":"https:\/\/www.eldiario.net\/portal\/#website"},"primaryImageOfPage":{"@id":"https:\/\/www.eldiario.net\/portal\/2023\/04\/23\/solicitan-aplicar-shock-economico-mientras-el-gobierno-se-desespera-por-la-ley-del-oro\/#primaryimage"},"image":{"@id":"https:\/\/www.eldiario.net\/portal\/2023\/04\/23\/solicitan-aplicar-shock-economico-mientras-el-gobierno-se-desespera-por-la-ley-del-oro\/#primaryimage"},"thumbnailUrl":"","datePublished":"2023-04-23T09:48:09+00:00","breadcrumb":{"@id":"https:\/\/www.eldiario.net\/portal\/2023\/04\/23\/solicitan-aplicar-shock-economico-mientras-el-gobierno-se-desespera-por-la-ley-del-oro\/#breadcrumb"},"inLanguage":"es","potentialAction":[{"@type":"ReadAction","target":["https:\/\/www.eldiario.net\/portal\/2023\/04\/23\/solicitan-aplicar-shock-economico-mientras-el-gobierno-se-desespera-por-la-ley-del-oro\/"]}]},{"@type":"ImageObject","inLanguage":"es","@id":"https:\/\/www.eldiario.net\/portal\/2023\/04\/23\/solicitan-aplicar-shock-economico-mientras-el-gobierno-se-desespera-por-la-ley-del-oro\/#primaryimage","url":"","contentUrl":""},{"@type":"BreadcrumbList","@id":"https:\/\/www.eldiario.net\/portal\/2023\/04\/23\/solicitan-aplicar-shock-economico-mientras-el-gobierno-se-desespera-por-la-ley-del-oro\/#breadcrumb","itemListElement":[{"@type":"ListItem","position":1,"name":"Portada","item":"https:\/\/www.eldiario.net\/portal\/"},{"@type":"ListItem","position":2,"name":"Solicitan aplicar \u00abshock econ\u00f3mico\u00bb mientras el Gobierno se desespera por la Ley del Oro"}]},{"@type":"WebSite","@id":"https:\/\/www.eldiario.net\/portal\/#website","url":"https:\/\/www.eldiario.net\/portal\/","name":"El Diario - Decano de la prensa nacional","description":"El Diario - Decano de la prensa nacional","publisher":{"@id":"https:\/\/www.eldiario.net\/portal\/#organization"},"potentialAction":[{"@type":"SearchAction","target":{"@type":"EntryPoint","urlTemplate":"https:\/\/www.eldiario.net\/portal\/?s={search_term_string}"},"query-input":{"@type":"PropertyValueSpecification","valueRequired":true,"valueName":"search_term_string"}}],"inLanguage":"es"},{"@type":"Organization","@id":"https:\/\/www.eldiario.net\/portal\/#organization","name":"El Diario - Decano de la prensa nacional","url":"https:\/\/www.eldiario.net\/portal\/","logo":{"@type":"ImageObject","inLanguage":"es","@id":"https:\/\/www.eldiario.net\/portal\/#\/schema\/logo\/image\/","url":"https:\/\/www.eldiario.net\/portal\/wp-content\/uploads\/2023\/07\/logo_ED.jpg","contentUrl":"https:\/\/www.eldiario.net\/portal\/wp-content\/uploads\/2023\/07\/logo_ED.jpg","width":272,"height":52,"caption":"El Diario - Decano de la prensa nacional"},"image":{"@id":"https:\/\/www.eldiario.net\/portal\/#\/schema\/logo\/image\/"},"sameAs":["https:\/\/www.facebook.com\/eldiario.bolivia\/","https:\/\/x.com\/eldiario_net"]},{"@type":"Person","@id":"https:\/\/www.eldiario.net\/portal\/#\/schema\/person\/f46445640444750d7d753ccd04ae01b7","name":"Jeanette","image":{"@type":"ImageObject","inLanguage":"es","@id":"https:\/\/secure.gravatar.com\/avatar\/3ea2118a5f7dad2b7138b1187a6b7ee55f160b9968b66013c3a3ef39dd7e5798?s=96&d=mm&r=g","url":"https:\/\/secure.gravatar.com\/avatar\/3ea2118a5f7dad2b7138b1187a6b7ee55f160b9968b66013c3a3ef39dd7e5798?s=96&d=mm&r=g","contentUrl":"https:\/\/secure.gravatar.com\/avatar\/3ea2118a5f7dad2b7138b1187a6b7ee55f160b9968b66013c3a3ef39dd7e5798?s=96&d=mm&r=g","caption":"Jeanette"},"sameAs":["https:\/\/www.eldiario.net\/portal"],"url":"https:\/\/www.eldiario.net\/portal\/author\/jeanette\/"}]}},"_links":{"self":[{"href":"https:\/\/www.eldiario.net\/portal\/wp-json\/wp\/v2\/posts\/150249","targetHints":{"allow":["GET"]}}],"collection":[{"href":"https:\/\/www.eldiario.net\/portal\/wp-json\/wp\/v2\/posts"}],"about":[{"href":"https:\/\/www.eldiario.net\/portal\/wp-json\/wp\/v2\/types\/post"}],"author":[{"embeddable":true,"href":"https:\/\/www.eldiario.net\/portal\/wp-json\/wp\/v2\/users\/1"}],"replies":[{"embeddable":true,"href":"https:\/\/www.eldiario.net\/portal\/wp-json\/wp\/v2\/comments?post=150249"}],"version-history":[{"count":0,"href":"https:\/\/www.eldiario.net\/portal\/wp-json\/wp\/v2\/posts\/150249\/revisions"}],"wp:attachment":[{"href":"https:\/\/www.eldiario.net\/portal\/wp-json\/wp\/v2\/media?parent=150249"}],"wp:term":[{"taxonomy":"category","embeddable":true,"href":"https:\/\/www.eldiario.net\/portal\/wp-json\/wp\/v2\/categories?post=150249"},{"taxonomy":"post_tag","embeddable":true,"href":"https:\/\/www.eldiario.net\/portal\/wp-json\/wp\/v2\/tags?post=150249"}],"curies":[{"name":"wp","href":"https:\/\/api.w.org\/{rel}","templated":true}]}}