{"id":150218,"date":"2023-04-22T06:47:20","date_gmt":"2023-04-22T10:47:20","guid":{"rendered":"https:\/\/www.eldiario.net\/portal\/?p=150218"},"modified":"2023-04-22T06:47:20","modified_gmt":"2023-04-22T10:47:20","slug":"joceline-orellana-aprendio-a-lidiar-con-las-criticas","status":"publish","type":"post","link":"https:\/\/www.eldiario.net\/portal\/2023\/04\/22\/joceline-orellana-aprendio-a-lidiar-con-las-criticas\/","title":{"rendered":"Joceline Orellana  aprendi\u00f3 a lidiar con las cr\u00edticas"},"content":{"rendered":"<p>\u201cTengo trazado un d\u00eda ser un referente en el periodismo, en el campo informativo, por eso d\u00eda a d\u00eda voy aprendiendo\u201d, afirm\u00f3 Joceline Orellana, la joven presentadora de ATB-La Paz, red televisiva a la que lleg\u00f3 procedente de Cochabamba hace un a\u00f1o y dos meses.<br \/>\nJocy comenz\u00f3 su carrera a los 16 a\u00f1os en Univalle TV. Luego pas\u00f3 por Tele C Canal 21, Unitepc TV, Red Uno y ahora ATB. Fue parte de programas como Electroac\u00fastico Show, Gustito Boliviano, entre otros. Hoy es presentadora de La Primera de ATB, donde hace las entrevistas de coyuntura, adem\u00e1s del sector En Positivo y el espacio de cr\u00f3nica roja denominado Tinta Roja. Pero tambi\u00e9n hace unidades m\u00f3viles para el Anoticiando y es co-conductora del programa Fiesta Gran Poder.<br \/>\n\u201cMe gustar\u00eda ser un referente en el periodismo, pero tambi\u00e9n a trav\u00e9s de mi trabajo me gusta mucho ayudar, ah\u00ed est\u00e1 la responsabilidad social de cada uno\u2026 Hay gente de escasos recursos, hay ni\u00f1os con c\u00e1ncer y que han sufrido accidentes, que necesitan ayuda de la poblaci\u00f3n, y nosotros creo que somos el medio para llevar esa ayuda\u201d, destac\u00f3 Jocy (J) en la charla que sostuvo con La Gu\u00eda.<\/p>\n<p><strong>LG: \u00bfQu\u00e9 tipo de presentadora eres?<\/strong><br \/>\nJ: Soy vers\u00e1til, me gusta mucho el perfil serio que he adoptado, sobre todo en ATB, que es el medio que me ha abierto las puertas de la pantalla en noticias, pero tambi\u00e9n soy una presentadora muy alegre, no te voy a dar las noticias de forma aburrida, sino voy a hacer que t\u00fa puedas relajarte conmigo, te voy a hablar con un lenguaje sencillo, sin palabras rebuscadas. Entonces creo que soy una presentadora simple, pero, al mismo tiempo, seria y alegre.<\/p>\n<p><strong>LG: \u00bfQu\u00e9 es lo positivo y negativo de trabajar en la TV?<\/strong><br \/>\nJ: Lo negativo es para m\u00ed romper un poco ese \u00e1mbito, esa zona de confort sobre todo con mi familia, porque yo me he venido a La Paz sola y estaba acostumbrada a compartir cumplea\u00f1os, Navidad, A\u00f1o Nuevo, feriados, fines de semana con mi familia, mi hermanita, mi abuelita, mi mam\u00e1. Sin embargo, ahora es complicado, voy a Cochabamba y vengo cada fin de semana, pero no es lo mismo, me pierdo cumplea\u00f1os, me pierdo fechas importantes, esa es una de las cosas negativas. Lo otro es recibir y lidiar con las cr\u00edticas de la gente. Sobre todo, cuando eres presentadora, se fijan en tu cabello, en tus ojos, en tus u\u00f1as, en tu peso, si tienes estr\u00edas, si no las tienes, c\u00f3mo te vistes, si te vistes muy seria, muy aburrida, si es muy corta o muy larga tu falda, mucho escote, muy cerrado, es realmente dif\u00edcil complacer a todos. Sobre todo, recib\u00ed cr\u00edticas por mi peinado cuando me vine ac\u00e1 a La Paz. Lo positivo es conocer gente y comprender la realidad de cada persona en su \u00e1mbito, porque estamos acostumbrados a juzgar desde lejos. Es f\u00e1cil, pero cuando te acercas m\u00e1s a la gente y la conoces realmente, te pones en su lugar y eso te ayuda a ser m\u00e1s emp\u00e1tico, con el tiempo.<\/p>\n<p><strong>LG: \u00bfQu\u00e9 te autocriticar\u00edas?<\/strong><br \/>\nJ: Creo que necesito tener un poco m\u00e1s de\u2026 tal vez no poder ignorar los malos comentarios, las cr\u00edticas, porque esa es una constante. Al principio me pon\u00eda a llorar, era complicado porque te critican tanto que te crean inseguridades que no ten\u00edas, que no te dabas cuenta. Pero poco a poco me he ido haciendo m\u00e1s fuerte y, claro, tambi\u00e9n seamos honestos, es un \u00e1mbito donde hay bastante guerra, hay bastante competencia y no siempre es una competencia limpia (\u2026).<\/p>\n<p><strong>LG: \u00bfQu\u00e9 entrevista o nota fue la m\u00e1s inc\u00f3moda que realizaste?<\/strong><br \/>\nJ: Tal vez la primera vez que he cubierto un accidente, cuando hac\u00eda unidades m\u00f3viles, porque yo no estaba acostumbrada a ver la sangre, no estaba acostumbrada a ver esas cosas. Yo iba a estudiar medicina, me desanim\u00e9 precisamente por eso y cuando me toc\u00f3 hacer una unidad m\u00f3vil con una mujer que se hab\u00eda lanzado, se hab\u00eda suicidado, me qued\u00e9 tiesa, no sab\u00eda qu\u00e9 hacer.<\/p>\n<p><strong>LG: Estas haciendo varias labores en ATB, \u00bfcon cu\u00e1l te quedas?<\/strong><br \/>\nJ: Creo que las unidades m\u00f3viles, porque ah\u00ed puedo estar m\u00e1s de cerca de la gente\u2026 cuando sales a la calle es donde realmente empiezas a ver la realidad de otra forma y la entiendes tal y como es, conoces m\u00e1s a gente, puedes ayudar much\u00edsimo m\u00e1s. Puedes gestionar muchas m\u00e1s cosas desde la calle.<\/p>\n<p><strong>LG: \u00bfEst\u00e1s viviendo un buen momento profesional?<\/strong><br \/>\nJ: S\u00ed, sin embargo, no es mi techo, no es m\u00ed l\u00edmite, yo apunto a seguir creciendo much\u00edsimo m\u00e1s, seguir form\u00e1ndome profesionalmente y, claro, ATB me permite esto. Me falta much\u00edsimo por aprender, por recorrer, pero d\u00eda a d\u00eda pongo todo mi esfuerzo para poder mejorar y en este a\u00f1o y dos meses que estoy presentando en ATB La Paz, creo que he avanzado much\u00edsimo.<\/p>\n<p><strong>LG: \u00bfC\u00f3mo te gustar\u00eda que la gente te identifique?<\/strong><br \/>\nJ: Que pueda verme en la calle y diga: Esa persona es quien se preocupa por la sociedad, m\u00e1s all\u00e1 de su trabajo en el canal, Jocy ayuda y se preocupa por la gente, por poder ayudar (\u2026)<\/p>\n<blockquote><p>\u201cMi mayor virtud es ser solidaria\u201d<\/p><\/blockquote>\n<p>Joceline Gisleine Orellana Rojas naci\u00f3 en Sao Paolo, Brasil, el 6 de mayo de 1998, pero se fue a vivir a sus tres a\u00f1os de edad a Cochabamba, donde estudi\u00f3 comunicaci\u00f3n social en la Universidad Cat\u00f3lica. Es hincha de Aurora en Cochabamba y del Tigre en La Paz y uno de sus pasatiempos es coleccionar piedras, adem\u00e1s de ir al gimnasio.<br \/>\n\u201cSoy una persona directa, tenaz, que no se rinde f\u00e1cilmente y, sobre todo, emp\u00e1tica\u201d, confiesa.<br \/>\n<strong>LG: \u00bfQu\u00e9 destacas de tu car\u00e1cter?<\/strong><br \/>\nJ: Creo que soy muy paciente, muy emp\u00e1tica, sencilla y con los pies sobre la tierra. Solidaria tambi\u00e9n y honesta.<br \/>\n<strong>LG: \u00bfHaces labores de casa?<\/strong><br \/>\nJ: S\u00ed, se cocinar, el pique macho me sale espectacular, hago quesillo tambi\u00e9n.<br \/>\n<strong>LG: \u00bfEres de bolichear?<\/strong><br \/>\nJ: No mucho, he salido entre mis 16 y 18 a\u00f1os, pero despu\u00e9s no porque ya empec\u00e9 a tomar mi trabajo m\u00e1s en serio. Porque m\u00e1s all\u00e1 de hacer TV en Cochabamba, tambi\u00e9n hac\u00eda impulsaciones. He impulsado much\u00edsimas marcas de bebidas, cigarros, lubricantes para autos y aceites, esa era mi forma de ganar mi sustento econ\u00f3mico.<br \/>\n<strong>LG: \u00bfTu mayor virtud?<\/strong><br \/>\nJ: Creo que la solidaridad porque siempre estoy pensando en el otro, en personas, en animales, en quienes lo necesiten, en ayudar de todas las formas que pueda, me siento muy bendecida\u2026 Mi mayor virtud es ser solidaria.<br \/>\n<strong>LG: \u00bfTu peor defecto?<\/strong><br \/>\nJ: No podr\u00eda definirlo en una palabra, pero creo que es el hecho de guardar mis problemas para m\u00ed misma. No suelo contarle a la gente cuando estoy mal, jam\u00e1s.<br \/>\n<strong>LG: \u00bfQu\u00e9 es lo que m\u00e1s te gusta de tu cuerpo?<\/strong><br \/>\nJ: Mis mu\u00f1ecas.<br \/>\n<strong>LG: \u00bfQu\u00e9 cambiar\u00edas?<\/strong><br \/>\nJ: La vista, porque tengo una vista mal\u00edsima, pero despu\u00e9s nada m\u00e1s, soy feliz. Me quiero como soy.<br \/>\n<strong>LG: \u00bfC\u00f3mo te ves de aqu\u00ed a unos a\u00f1os?<\/strong><br \/>\nJ: Como un referente en el periodismo, empresaria y emprendedora, adem\u00e1s porque tengo un emprendimiento, tengo una tienda de cosm\u00e9ticos y un estudio de maquillaje en Cochabamba.<br \/>\nProfesionalmente me gustar\u00eda ser una presentadora internacional, probar y romper las fronteras, como muchas lo han hecho ac\u00e1, en el \u00e1mbito informativo, far\u00e1ndula, me gustar\u00eda llegar a eso.<\/p>\n\n","protected":false},"excerpt":{"rendered":"<p>\u201cTengo trazado un d\u00eda ser un referente en el periodismo, en el campo informativo, por eso d\u00eda a d\u00eda voy aprendiendo\u201d, afirm\u00f3 Joceline Orellana, la joven presentadora de ATB-La Paz, red televisiva a la que lleg\u00f3 procedente de Cochabamba hace un a\u00f1o y dos meses. Jocy comenz\u00f3 su carrera a los 16 a\u00f1os en Univalle [&hellip;]<\/p>\n","protected":false},"author":1,"featured_media":150248,"comment_status":"closed","ping_status":"closed","sticky":false,"template":"","format":"standard","meta":{"_acf_changed":false,"footnotes":""},"categories":[41],"tags":[],"class_list":["post-150218","post","type-post","status-publish","format-standard","has-post-thumbnail","category-la-guia"],"acf":{"antetitulo":""},"yoast_head":"<!-- This site is optimized with the Yoast SEO plugin v28.3 - https:\/\/yoast.com\/product\/yoast-seo-wordpress\/ -->\n<title>Joceline Orellana aprendi\u00f3 a lidiar con las cr\u00edticas - El Diario - Bolivia<\/title>\n<meta name=\"robots\" content=\"index, follow, max-snippet:-1, max-image-preview:large, max-video-preview:-1\" \/>\n<link rel=\"canonical\" href=\"https:\/\/www.eldiario.net\/portal\/2023\/04\/22\/joceline-orellana-aprendio-a-lidiar-con-las-criticas\/\" \/>\n<meta property=\"og:locale\" content=\"es_ES\" \/>\n<meta property=\"og:type\" content=\"article\" \/>\n<meta property=\"og:title\" content=\"Joceline Orellana aprendi\u00f3 a lidiar con las cr\u00edticas - El Diario - Bolivia\" \/>\n<meta property=\"og:description\" content=\"\u201cTengo trazado un d\u00eda ser un referente en el periodismo, en el campo informativo, por eso d\u00eda a d\u00eda voy aprendiendo\u201d, afirm\u00f3 Joceline Orellana, la joven presentadora de ATB-La Paz, red televisiva a la que lleg\u00f3 procedente de Cochabamba hace un a\u00f1o y dos meses. Jocy comenz\u00f3 su carrera a los 16 a\u00f1os en Univalle [&hellip;]\" \/>\n<meta property=\"og:url\" content=\"https:\/\/www.eldiario.net\/portal\/2023\/04\/22\/joceline-orellana-aprendio-a-lidiar-con-las-criticas\/\" \/>\n<meta property=\"og:site_name\" content=\"El Diario - Bolivia\" \/>\n<meta property=\"article:publisher\" content=\"https:\/\/www.facebook.com\/eldiario.bolivia\/\" \/>\n<meta property=\"article:published_time\" content=\"2023-04-22T10:47:20+00:00\" \/>\n<meta name=\"author\" content=\"Jeanette\" \/>\n<meta name=\"twitter:card\" content=\"summary_large_image\" \/>\n<meta name=\"twitter:creator\" content=\"@eldiario_net\" \/>\n<meta name=\"twitter:site\" content=\"@eldiario_net\" \/>\n<meta name=\"twitter:label1\" content=\"Escrito por\" \/>\n\t<meta name=\"twitter:data1\" content=\"Jeanette\" \/>\n\t<meta name=\"twitter:label2\" content=\"Tiempo de lectura\" \/>\n\t<meta name=\"twitter:data2\" content=\"6 minutos\" \/>\n<script type=\"application\/ld+json\" class=\"yoast-schema-graph\">{\"@context\":\"https:\\\/\\\/schema.org\",\"@graph\":[{\"@type\":\"Article\",\"@id\":\"https:\\\/\\\/www.eldiario.net\\\/portal\\\/2023\\\/04\\\/22\\\/joceline-orellana-aprendio-a-lidiar-con-las-criticas\\\/#article\",\"isPartOf\":{\"@id\":\"https:\\\/\\\/www.eldiario.net\\\/portal\\\/2023\\\/04\\\/22\\\/joceline-orellana-aprendio-a-lidiar-con-las-criticas\\\/\"},\"author\":{\"name\":\"Jeanette\",\"@id\":\"https:\\\/\\\/www.eldiario.net\\\/portal\\\/#\\\/schema\\\/person\\\/f46445640444750d7d753ccd04ae01b7\"},\"headline\":\"Joceline Orellana aprendi\u00f3 a lidiar con las cr\u00edticas\",\"datePublished\":\"2023-04-22T10:47:20+00:00\",\"mainEntityOfPage\":{\"@id\":\"https:\\\/\\\/www.eldiario.net\\\/portal\\\/2023\\\/04\\\/22\\\/joceline-orellana-aprendio-a-lidiar-con-las-criticas\\\/\"},\"wordCount\":1324,\"publisher\":{\"@id\":\"https:\\\/\\\/www.eldiario.net\\\/portal\\\/#organization\"},\"image\":{\"@id\":\"https:\\\/\\\/www.eldiario.net\\\/portal\\\/2023\\\/04\\\/22\\\/joceline-orellana-aprendio-a-lidiar-con-las-criticas\\\/#primaryimage\"},\"thumbnailUrl\":\"\",\"articleSection\":[\"La Gu\u00eda\"],\"inLanguage\":\"es\"},{\"@type\":\"WebPage\",\"@id\":\"https:\\\/\\\/www.eldiario.net\\\/portal\\\/2023\\\/04\\\/22\\\/joceline-orellana-aprendio-a-lidiar-con-las-criticas\\\/\",\"url\":\"https:\\\/\\\/www.eldiario.net\\\/portal\\\/2023\\\/04\\\/22\\\/joceline-orellana-aprendio-a-lidiar-con-las-criticas\\\/\",\"name\":\"Joceline Orellana aprendi\u00f3 a lidiar con las cr\u00edticas - El Diario - Bolivia\",\"isPartOf\":{\"@id\":\"https:\\\/\\\/www.eldiario.net\\\/portal\\\/#website\"},\"primaryImageOfPage\":{\"@id\":\"https:\\\/\\\/www.eldiario.net\\\/portal\\\/2023\\\/04\\\/22\\\/joceline-orellana-aprendio-a-lidiar-con-las-criticas\\\/#primaryimage\"},\"image\":{\"@id\":\"https:\\\/\\\/www.eldiario.net\\\/portal\\\/2023\\\/04\\\/22\\\/joceline-orellana-aprendio-a-lidiar-con-las-criticas\\\/#primaryimage\"},\"thumbnailUrl\":\"\",\"datePublished\":\"2023-04-22T10:47:20+00:00\",\"breadcrumb\":{\"@id\":\"https:\\\/\\\/www.eldiario.net\\\/portal\\\/2023\\\/04\\\/22\\\/joceline-orellana-aprendio-a-lidiar-con-las-criticas\\\/#breadcrumb\"},\"inLanguage\":\"es\",\"potentialAction\":[{\"@type\":\"ReadAction\",\"target\":[\"https:\\\/\\\/www.eldiario.net\\\/portal\\\/2023\\\/04\\\/22\\\/joceline-orellana-aprendio-a-lidiar-con-las-criticas\\\/\"]}]},{\"@type\":\"ImageObject\",\"inLanguage\":\"es\",\"@id\":\"https:\\\/\\\/www.eldiario.net\\\/portal\\\/2023\\\/04\\\/22\\\/joceline-orellana-aprendio-a-lidiar-con-las-criticas\\\/#primaryimage\",\"url\":\"\",\"contentUrl\":\"\"},{\"@type\":\"BreadcrumbList\",\"@id\":\"https:\\\/\\\/www.eldiario.net\\\/portal\\\/2023\\\/04\\\/22\\\/joceline-orellana-aprendio-a-lidiar-con-las-criticas\\\/#breadcrumb\",\"itemListElement\":[{\"@type\":\"ListItem\",\"position\":1,\"name\":\"Portada\",\"item\":\"https:\\\/\\\/www.eldiario.net\\\/portal\\\/\"},{\"@type\":\"ListItem\",\"position\":2,\"name\":\"Joceline Orellana aprendi\u00f3 a lidiar con las cr\u00edticas\"}]},{\"@type\":\"WebSite\",\"@id\":\"https:\\\/\\\/www.eldiario.net\\\/portal\\\/#website\",\"url\":\"https:\\\/\\\/www.eldiario.net\\\/portal\\\/\",\"name\":\"El Diario - Decano de la prensa nacional\",\"description\":\"El Diario - Decano de la prensa nacional\",\"publisher\":{\"@id\":\"https:\\\/\\\/www.eldiario.net\\\/portal\\\/#organization\"},\"potentialAction\":[{\"@type\":\"SearchAction\",\"target\":{\"@type\":\"EntryPoint\",\"urlTemplate\":\"https:\\\/\\\/www.eldiario.net\\\/portal\\\/?s={search_term_string}\"},\"query-input\":{\"@type\":\"PropertyValueSpecification\",\"valueRequired\":true,\"valueName\":\"search_term_string\"}}],\"inLanguage\":\"es\"},{\"@type\":\"Organization\",\"@id\":\"https:\\\/\\\/www.eldiario.net\\\/portal\\\/#organization\",\"name\":\"El Diario - Decano de la prensa nacional\",\"url\":\"https:\\\/\\\/www.eldiario.net\\\/portal\\\/\",\"logo\":{\"@type\":\"ImageObject\",\"inLanguage\":\"es\",\"@id\":\"https:\\\/\\\/www.eldiario.net\\\/portal\\\/#\\\/schema\\\/logo\\\/image\\\/\",\"url\":\"https:\\\/\\\/www.eldiario.net\\\/portal\\\/wp-content\\\/uploads\\\/2023\\\/07\\\/logo_ED.jpg\",\"contentUrl\":\"https:\\\/\\\/www.eldiario.net\\\/portal\\\/wp-content\\\/uploads\\\/2023\\\/07\\\/logo_ED.jpg\",\"width\":272,\"height\":52,\"caption\":\"El Diario - Decano de la prensa nacional\"},\"image\":{\"@id\":\"https:\\\/\\\/www.eldiario.net\\\/portal\\\/#\\\/schema\\\/logo\\\/image\\\/\"},\"sameAs\":[\"https:\\\/\\\/www.facebook.com\\\/eldiario.bolivia\\\/\",\"https:\\\/\\\/x.com\\\/eldiario_net\"]},{\"@type\":\"Person\",\"@id\":\"https:\\\/\\\/www.eldiario.net\\\/portal\\\/#\\\/schema\\\/person\\\/f46445640444750d7d753ccd04ae01b7\",\"name\":\"Jeanette\",\"image\":{\"@type\":\"ImageObject\",\"inLanguage\":\"es\",\"@id\":\"https:\\\/\\\/secure.gravatar.com\\\/avatar\\\/3ea2118a5f7dad2b7138b1187a6b7ee55f160b9968b66013c3a3ef39dd7e5798?s=96&d=mm&r=g\",\"url\":\"https:\\\/\\\/secure.gravatar.com\\\/avatar\\\/3ea2118a5f7dad2b7138b1187a6b7ee55f160b9968b66013c3a3ef39dd7e5798?s=96&d=mm&r=g\",\"contentUrl\":\"https:\\\/\\\/secure.gravatar.com\\\/avatar\\\/3ea2118a5f7dad2b7138b1187a6b7ee55f160b9968b66013c3a3ef39dd7e5798?s=96&d=mm&r=g\",\"caption\":\"Jeanette\"},\"sameAs\":[\"https:\\\/\\\/www.eldiario.net\\\/portal\"],\"url\":\"https:\\\/\\\/www.eldiario.net\\\/portal\\\/author\\\/jeanette\\\/\"}]}<\/script>\n<!-- \/ Yoast SEO plugin. -->","yoast_head_json":{"title":"Joceline Orellana aprendi\u00f3 a lidiar con las cr\u00edticas - El Diario - Bolivia","robots":{"index":"index","follow":"follow","max-snippet":"max-snippet:-1","max-image-preview":"max-image-preview:large","max-video-preview":"max-video-preview:-1"},"canonical":"https:\/\/www.eldiario.net\/portal\/2023\/04\/22\/joceline-orellana-aprendio-a-lidiar-con-las-criticas\/","og_locale":"es_ES","og_type":"article","og_title":"Joceline Orellana aprendi\u00f3 a lidiar con las cr\u00edticas - El Diario - Bolivia","og_description":"\u201cTengo trazado un d\u00eda ser un referente en el periodismo, en el campo informativo, por eso d\u00eda a d\u00eda voy aprendiendo\u201d, afirm\u00f3 Joceline Orellana, la joven presentadora de ATB-La Paz, red televisiva a la que lleg\u00f3 procedente de Cochabamba hace un a\u00f1o y dos meses. Jocy comenz\u00f3 su carrera a los 16 a\u00f1os en Univalle [&hellip;]","og_url":"https:\/\/www.eldiario.net\/portal\/2023\/04\/22\/joceline-orellana-aprendio-a-lidiar-con-las-criticas\/","og_site_name":"El Diario - Bolivia","article_publisher":"https:\/\/www.facebook.com\/eldiario.bolivia\/","article_published_time":"2023-04-22T10:47:20+00:00","author":"Jeanette","twitter_card":"summary_large_image","twitter_creator":"@eldiario_net","twitter_site":"@eldiario_net","twitter_misc":{"Escrito por":"Jeanette","Tiempo de lectura":"6 minutos"},"schema":{"@context":"https:\/\/schema.org","@graph":[{"@type":"Article","@id":"https:\/\/www.eldiario.net\/portal\/2023\/04\/22\/joceline-orellana-aprendio-a-lidiar-con-las-criticas\/#article","isPartOf":{"@id":"https:\/\/www.eldiario.net\/portal\/2023\/04\/22\/joceline-orellana-aprendio-a-lidiar-con-las-criticas\/"},"author":{"name":"Jeanette","@id":"https:\/\/www.eldiario.net\/portal\/#\/schema\/person\/f46445640444750d7d753ccd04ae01b7"},"headline":"Joceline Orellana aprendi\u00f3 a lidiar con las cr\u00edticas","datePublished":"2023-04-22T10:47:20+00:00","mainEntityOfPage":{"@id":"https:\/\/www.eldiario.net\/portal\/2023\/04\/22\/joceline-orellana-aprendio-a-lidiar-con-las-criticas\/"},"wordCount":1324,"publisher":{"@id":"https:\/\/www.eldiario.net\/portal\/#organization"},"image":{"@id":"https:\/\/www.eldiario.net\/portal\/2023\/04\/22\/joceline-orellana-aprendio-a-lidiar-con-las-criticas\/#primaryimage"},"thumbnailUrl":"","articleSection":["La Gu\u00eda"],"inLanguage":"es"},{"@type":"WebPage","@id":"https:\/\/www.eldiario.net\/portal\/2023\/04\/22\/joceline-orellana-aprendio-a-lidiar-con-las-criticas\/","url":"https:\/\/www.eldiario.net\/portal\/2023\/04\/22\/joceline-orellana-aprendio-a-lidiar-con-las-criticas\/","name":"Joceline Orellana aprendi\u00f3 a lidiar con las cr\u00edticas - El Diario - Bolivia","isPartOf":{"@id":"https:\/\/www.eldiario.net\/portal\/#website"},"primaryImageOfPage":{"@id":"https:\/\/www.eldiario.net\/portal\/2023\/04\/22\/joceline-orellana-aprendio-a-lidiar-con-las-criticas\/#primaryimage"},"image":{"@id":"https:\/\/www.eldiario.net\/portal\/2023\/04\/22\/joceline-orellana-aprendio-a-lidiar-con-las-criticas\/#primaryimage"},"thumbnailUrl":"","datePublished":"2023-04-22T10:47:20+00:00","breadcrumb":{"@id":"https:\/\/www.eldiario.net\/portal\/2023\/04\/22\/joceline-orellana-aprendio-a-lidiar-con-las-criticas\/#breadcrumb"},"inLanguage":"es","potentialAction":[{"@type":"ReadAction","target":["https:\/\/www.eldiario.net\/portal\/2023\/04\/22\/joceline-orellana-aprendio-a-lidiar-con-las-criticas\/"]}]},{"@type":"ImageObject","inLanguage":"es","@id":"https:\/\/www.eldiario.net\/portal\/2023\/04\/22\/joceline-orellana-aprendio-a-lidiar-con-las-criticas\/#primaryimage","url":"","contentUrl":""},{"@type":"BreadcrumbList","@id":"https:\/\/www.eldiario.net\/portal\/2023\/04\/22\/joceline-orellana-aprendio-a-lidiar-con-las-criticas\/#breadcrumb","itemListElement":[{"@type":"ListItem","position":1,"name":"Portada","item":"https:\/\/www.eldiario.net\/portal\/"},{"@type":"ListItem","position":2,"name":"Joceline Orellana aprendi\u00f3 a lidiar con las cr\u00edticas"}]},{"@type":"WebSite","@id":"https:\/\/www.eldiario.net\/portal\/#website","url":"https:\/\/www.eldiario.net\/portal\/","name":"El Diario - Decano de la prensa nacional","description":"El Diario - Decano de la prensa nacional","publisher":{"@id":"https:\/\/www.eldiario.net\/portal\/#organization"},"potentialAction":[{"@type":"SearchAction","target":{"@type":"EntryPoint","urlTemplate":"https:\/\/www.eldiario.net\/portal\/?s={search_term_string}"},"query-input":{"@type":"PropertyValueSpecification","valueRequired":true,"valueName":"search_term_string"}}],"inLanguage":"es"},{"@type":"Organization","@id":"https:\/\/www.eldiario.net\/portal\/#organization","name":"El Diario - Decano de la prensa nacional","url":"https:\/\/www.eldiario.net\/portal\/","logo":{"@type":"ImageObject","inLanguage":"es","@id":"https:\/\/www.eldiario.net\/portal\/#\/schema\/logo\/image\/","url":"https:\/\/www.eldiario.net\/portal\/wp-content\/uploads\/2023\/07\/logo_ED.jpg","contentUrl":"https:\/\/www.eldiario.net\/portal\/wp-content\/uploads\/2023\/07\/logo_ED.jpg","width":272,"height":52,"caption":"El Diario - Decano de la prensa nacional"},"image":{"@id":"https:\/\/www.eldiario.net\/portal\/#\/schema\/logo\/image\/"},"sameAs":["https:\/\/www.facebook.com\/eldiario.bolivia\/","https:\/\/x.com\/eldiario_net"]},{"@type":"Person","@id":"https:\/\/www.eldiario.net\/portal\/#\/schema\/person\/f46445640444750d7d753ccd04ae01b7","name":"Jeanette","image":{"@type":"ImageObject","inLanguage":"es","@id":"https:\/\/secure.gravatar.com\/avatar\/3ea2118a5f7dad2b7138b1187a6b7ee55f160b9968b66013c3a3ef39dd7e5798?s=96&d=mm&r=g","url":"https:\/\/secure.gravatar.com\/avatar\/3ea2118a5f7dad2b7138b1187a6b7ee55f160b9968b66013c3a3ef39dd7e5798?s=96&d=mm&r=g","contentUrl":"https:\/\/secure.gravatar.com\/avatar\/3ea2118a5f7dad2b7138b1187a6b7ee55f160b9968b66013c3a3ef39dd7e5798?s=96&d=mm&r=g","caption":"Jeanette"},"sameAs":["https:\/\/www.eldiario.net\/portal"],"url":"https:\/\/www.eldiario.net\/portal\/author\/jeanette\/"}]}},"_links":{"self":[{"href":"https:\/\/www.eldiario.net\/portal\/wp-json\/wp\/v2\/posts\/150218","targetHints":{"allow":["GET"]}}],"collection":[{"href":"https:\/\/www.eldiario.net\/portal\/wp-json\/wp\/v2\/posts"}],"about":[{"href":"https:\/\/www.eldiario.net\/portal\/wp-json\/wp\/v2\/types\/post"}],"author":[{"embeddable":true,"href":"https:\/\/www.eldiario.net\/portal\/wp-json\/wp\/v2\/users\/1"}],"replies":[{"embeddable":true,"href":"https:\/\/www.eldiario.net\/portal\/wp-json\/wp\/v2\/comments?post=150218"}],"version-history":[{"count":0,"href":"https:\/\/www.eldiario.net\/portal\/wp-json\/wp\/v2\/posts\/150218\/revisions"}],"wp:attachment":[{"href":"https:\/\/www.eldiario.net\/portal\/wp-json\/wp\/v2\/media?parent=150218"}],"wp:term":[{"taxonomy":"category","embeddable":true,"href":"https:\/\/www.eldiario.net\/portal\/wp-json\/wp\/v2\/categories?post=150218"},{"taxonomy":"post_tag","embeddable":true,"href":"https:\/\/www.eldiario.net\/portal\/wp-json\/wp\/v2\/tags?post=150218"}],"curies":[{"name":"wp","href":"https:\/\/api.w.org\/{rel}","templated":true}]}}