{"id":150030,"date":"2023-04-21T07:24:17","date_gmt":"2023-04-21T11:24:17","guid":{"rendered":"https:\/\/www.eldiario.net\/portal\/?p=150030"},"modified":"2023-04-21T07:24:17","modified_gmt":"2023-04-21T11:24:17","slug":"reynaldo-pacheco-representara-a-bolivia-en-los-premios-platino","status":"publish","type":"post","link":"https:\/\/www.eldiario.net\/portal\/2023\/04\/21\/reynaldo-pacheco-representara-a-bolivia-en-los-premios-platino\/","title":{"rendered":"Reynaldo Pacheco representar\u00e1  a Bolivia en los premios Platino"},"content":{"rendered":"<p>El actor boliviano Reynaldo Pacheco participar\u00e1 en la gala de los premios Platino como invitado de honor y cantante en un n\u00famero musical para toda Iberoam\u00e9rica.<br \/>\nLa ceremonia se realizar\u00e1 este 22 de abril en el Palacio Municipal IFEMA de Madrid, Espa\u00f1a.<br \/>\nPacheco es conocido por su trayectoria en Hollywood junto a actores y actrices ganadores del Oscar, como Sandra Bullock, Billy Bob Thornton, Christopher Plummer, George Clooney, Ernest Borgnine, adem\u00e1s de artistas conocidos como Eva Longoria, Kate del Castillo, Ewan Mcgregor y Ozuna.<br \/>\nLa X Edici\u00f3n de los Premios PLATINO se prepara para la gran fiesta del audiovisual iberoamericano con la mejor m\u00fasica de sus regiones. Con una audiencia potencial de 800 millones de espectadores, su d\u00e9cima versi\u00f3n tendr\u00e1 la presencia de Sebasti\u00e1n Yatra, el artista global de pop latino m\u00e1s importante de los \u00faltimos a\u00f1os.<br \/>\n\u201cParece un sue\u00f1o representar a mi Bolivia frente a toda Iberoam\u00e9rica. Adem\u00e1s, me emociona mucho compartir escenario con grandes de la m\u00fasica, como Sebasti\u00e1n Yatra, y cantar frente a mis directores y actores favoritos del cine, como Almod\u00f3var, Benicio del Toro. Estoy muy agradecido y un poco nervioso porque s\u00e9 que los Platino este a\u00f1o esperan tener una audiencia de 800 millones de personas\u201d, destac\u00f3 el talentoso actor boliviano.<br \/>\nPasar\u00e1n por el escenario de los Platino int\u00e9rpretes como Carolina Gait\u00e1n, una de las presentadoras de la gala, Adri\u00e1n Lastra, Alejandro Claveaux, Alicia B\u00e1nquez, Clara Alvarado, Laila Gar\u00edn, Lucrecia, Mane de la Parra, Michel Brown y Reynaldo Pacheco.<br \/>\nSer\u00e1n estos actores, desenvueltos no solo en cine y series, sino tambi\u00e9n en la m\u00fasica, quienes representen un recorrido musical a trav\u00e9s de algunos de los estilos m\u00e1s populares de las regiones iberoamericanas: la samba, el vallenato, el merengue, la ranchera, la salsa, la m\u00fasica andina o la rumba.<\/p>\n<p>JURADO DE LOS EMMY<br \/>\nPor otro lado, se debe resaltar que Reynaldo Pacheco es el primer actor boliviano invitado para ser jurado y votar en los prestigiosos premios Daytime Emmy de la televisi\u00f3n americana.<br \/>\nLa 50.\u00aa edici\u00f3n de los Premios Daytime Emmy, presentados por la Academia Nacional de Artes y Ciencias de la Televisi\u00f3n (NATAS), honrar\u00e1 lo mejor de la programaci\u00f3n televisiva diurna de EEUU en 2022. La ceremonia de entrega de premios ser\u00e1 el 16 de junio de 2023 en el Hotel Westin Bonaventure de Los \u00c1ngeles.<\/p>\n<p>PRESENTADOR DE LOS HUADING AWARDS<br \/>\nEl pasado fin de semana Reynaldo Pacheco particip\u00f3 como presentador en los premios del cine HUADING para el mercado asi\u00e1tico, con una audiencia de 1.4 billones de personas.<br \/>\nEl boliviano dio el premio a la mejor canci\u00f3n para Avatar y mejor pel\u00edcula internacional Argentina 1985.<\/p>\n\n","protected":false},"excerpt":{"rendered":"<p>El actor boliviano Reynaldo Pacheco participar\u00e1 en la gala de los premios Platino como invitado de honor y cantante en un n\u00famero musical para toda Iberoam\u00e9rica. La ceremonia se realizar\u00e1 este 22 de abril en el Palacio Municipal IFEMA de Madrid, Espa\u00f1a. Pacheco es conocido por su trayectoria en Hollywood junto a actores y actrices [&hellip;]<\/p>\n","protected":false},"author":1,"featured_media":150032,"comment_status":"closed","ping_status":"closed","sticky":false,"template":"","format":"standard","meta":{"_acf_changed":false,"footnotes":""},"categories":[41],"tags":[],"class_list":["post-150030","post","type-post","status-publish","format-standard","has-post-thumbnail","category-la-guia"],"acf":{"antetitulo":""},"yoast_head":"<!-- This site is optimized with the Yoast SEO plugin v28.4 - https:\/\/yoast.com\/product\/yoast-seo-wordpress\/ -->\n<title>Reynaldo Pacheco representar\u00e1 a Bolivia en los premios Platino - El Diario - Bolivia<\/title>\n<meta name=\"robots\" content=\"index, follow, max-snippet:-1, max-image-preview:large, max-video-preview:-1\" \/>\n<link rel=\"canonical\" href=\"https:\/\/www.eldiario.net\/portal\/2023\/04\/21\/reynaldo-pacheco-representara-a-bolivia-en-los-premios-platino\/\" \/>\n<meta property=\"og:locale\" content=\"es_ES\" \/>\n<meta property=\"og:type\" content=\"article\" \/>\n<meta property=\"og:title\" content=\"Reynaldo Pacheco representar\u00e1 a Bolivia en los premios Platino - El Diario - Bolivia\" \/>\n<meta property=\"og:description\" content=\"El actor boliviano Reynaldo Pacheco participar\u00e1 en la gala de los premios Platino como invitado de honor y cantante en un n\u00famero musical para toda Iberoam\u00e9rica. La ceremonia se realizar\u00e1 este 22 de abril en el Palacio Municipal IFEMA de Madrid, Espa\u00f1a. Pacheco es conocido por su trayectoria en Hollywood junto a actores y actrices [&hellip;]\" \/>\n<meta property=\"og:url\" content=\"https:\/\/www.eldiario.net\/portal\/2023\/04\/21\/reynaldo-pacheco-representara-a-bolivia-en-los-premios-platino\/\" \/>\n<meta property=\"og:site_name\" content=\"El Diario - Bolivia\" \/>\n<meta property=\"article:publisher\" content=\"https:\/\/www.facebook.com\/eldiario.bolivia\/\" \/>\n<meta property=\"article:published_time\" content=\"2023-04-21T11:24:17+00:00\" \/>\n<meta name=\"author\" content=\"Jeanette\" \/>\n<meta name=\"twitter:card\" content=\"summary_large_image\" \/>\n<meta name=\"twitter:creator\" content=\"@eldiario_net\" \/>\n<meta name=\"twitter:site\" content=\"@eldiario_net\" \/>\n<meta name=\"twitter:label1\" content=\"Escrito por\" \/>\n\t<meta name=\"twitter:data1\" content=\"Jeanette\" \/>\n\t<meta name=\"twitter:label2\" content=\"Tiempo de lectura\" \/>\n\t<meta name=\"twitter:data2\" content=\"2 minutos\" \/>\n<script type=\"application\/ld+json\" class=\"yoast-schema-graph\">{\"@context\":\"https:\\\/\\\/schema.org\",\"@graph\":[{\"@type\":\"Article\",\"@id\":\"https:\\\/\\\/www.eldiario.net\\\/portal\\\/2023\\\/04\\\/21\\\/reynaldo-pacheco-representara-a-bolivia-en-los-premios-platino\\\/#article\",\"isPartOf\":{\"@id\":\"https:\\\/\\\/www.eldiario.net\\\/portal\\\/2023\\\/04\\\/21\\\/reynaldo-pacheco-representara-a-bolivia-en-los-premios-platino\\\/\"},\"author\":{\"name\":\"Jeanette\",\"@id\":\"https:\\\/\\\/www.eldiario.net\\\/portal\\\/#\\\/schema\\\/person\\\/2c57cf2b7a7ae032e449e4c9b1019eac\"},\"headline\":\"Reynaldo Pacheco representar\u00e1 a Bolivia en los premios Platino\",\"datePublished\":\"2023-04-21T11:24:17+00:00\",\"mainEntityOfPage\":{\"@id\":\"https:\\\/\\\/www.eldiario.net\\\/portal\\\/2023\\\/04\\\/21\\\/reynaldo-pacheco-representara-a-bolivia-en-los-premios-platino\\\/\"},\"wordCount\":472,\"publisher\":{\"@id\":\"https:\\\/\\\/www.eldiario.net\\\/portal\\\/#organization\"},\"image\":{\"@id\":\"https:\\\/\\\/www.eldiario.net\\\/portal\\\/2023\\\/04\\\/21\\\/reynaldo-pacheco-representara-a-bolivia-en-los-premios-platino\\\/#primaryimage\"},\"thumbnailUrl\":\"\",\"articleSection\":[\"La Gu\u00eda\"],\"inLanguage\":\"es\"},{\"@type\":\"WebPage\",\"@id\":\"https:\\\/\\\/www.eldiario.net\\\/portal\\\/2023\\\/04\\\/21\\\/reynaldo-pacheco-representara-a-bolivia-en-los-premios-platino\\\/\",\"url\":\"https:\\\/\\\/www.eldiario.net\\\/portal\\\/2023\\\/04\\\/21\\\/reynaldo-pacheco-representara-a-bolivia-en-los-premios-platino\\\/\",\"name\":\"Reynaldo Pacheco representar\u00e1 a Bolivia en los premios Platino - El Diario - Bolivia\",\"isPartOf\":{\"@id\":\"https:\\\/\\\/www.eldiario.net\\\/portal\\\/#website\"},\"primaryImageOfPage\":{\"@id\":\"https:\\\/\\\/www.eldiario.net\\\/portal\\\/2023\\\/04\\\/21\\\/reynaldo-pacheco-representara-a-bolivia-en-los-premios-platino\\\/#primaryimage\"},\"image\":{\"@id\":\"https:\\\/\\\/www.eldiario.net\\\/portal\\\/2023\\\/04\\\/21\\\/reynaldo-pacheco-representara-a-bolivia-en-los-premios-platino\\\/#primaryimage\"},\"thumbnailUrl\":\"\",\"datePublished\":\"2023-04-21T11:24:17+00:00\",\"breadcrumb\":{\"@id\":\"https:\\\/\\\/www.eldiario.net\\\/portal\\\/2023\\\/04\\\/21\\\/reynaldo-pacheco-representara-a-bolivia-en-los-premios-platino\\\/#breadcrumb\"},\"inLanguage\":\"es\",\"potentialAction\":[{\"@type\":\"ReadAction\",\"target\":[\"https:\\\/\\\/www.eldiario.net\\\/portal\\\/2023\\\/04\\\/21\\\/reynaldo-pacheco-representara-a-bolivia-en-los-premios-platino\\\/\"]}]},{\"@type\":\"ImageObject\",\"inLanguage\":\"es\",\"@id\":\"https:\\\/\\\/www.eldiario.net\\\/portal\\\/2023\\\/04\\\/21\\\/reynaldo-pacheco-representara-a-bolivia-en-los-premios-platino\\\/#primaryimage\",\"url\":\"\",\"contentUrl\":\"\"},{\"@type\":\"BreadcrumbList\",\"@id\":\"https:\\\/\\\/www.eldiario.net\\\/portal\\\/2023\\\/04\\\/21\\\/reynaldo-pacheco-representara-a-bolivia-en-los-premios-platino\\\/#breadcrumb\",\"itemListElement\":[{\"@type\":\"ListItem\",\"position\":1,\"name\":\"Portada\",\"item\":\"https:\\\/\\\/www.eldiario.net\\\/portal\\\/\"},{\"@type\":\"ListItem\",\"position\":2,\"name\":\"Reynaldo Pacheco representar\u00e1 a Bolivia en los premios Platino\"}]},{\"@type\":\"WebSite\",\"@id\":\"https:\\\/\\\/www.eldiario.net\\\/portal\\\/#website\",\"url\":\"https:\\\/\\\/www.eldiario.net\\\/portal\\\/\",\"name\":\"El Diario - Decano de la prensa nacional\",\"description\":\"El Diario - Decano de la prensa nacional\",\"publisher\":{\"@id\":\"https:\\\/\\\/www.eldiario.net\\\/portal\\\/#organization\"},\"potentialAction\":[{\"@type\":\"SearchAction\",\"target\":{\"@type\":\"EntryPoint\",\"urlTemplate\":\"https:\\\/\\\/www.eldiario.net\\\/portal\\\/?s={search_term_string}\"},\"query-input\":{\"@type\":\"PropertyValueSpecification\",\"valueRequired\":true,\"valueName\":\"search_term_string\"}}],\"inLanguage\":\"es\"},{\"@type\":\"Organization\",\"@id\":\"https:\\\/\\\/www.eldiario.net\\\/portal\\\/#organization\",\"name\":\"El Diario - Decano de la prensa nacional\",\"url\":\"https:\\\/\\\/www.eldiario.net\\\/portal\\\/\",\"logo\":{\"@type\":\"ImageObject\",\"inLanguage\":\"es\",\"@id\":\"https:\\\/\\\/www.eldiario.net\\\/portal\\\/#\\\/schema\\\/logo\\\/image\\\/\",\"url\":\"https:\\\/\\\/www.eldiario.net\\\/portal\\\/wp-content\\\/uploads\\\/2023\\\/07\\\/logo_ED.jpg\",\"contentUrl\":\"https:\\\/\\\/www.eldiario.net\\\/portal\\\/wp-content\\\/uploads\\\/2023\\\/07\\\/logo_ED.jpg\",\"width\":272,\"height\":52,\"caption\":\"El Diario - Decano de la prensa nacional\"},\"image\":{\"@id\":\"https:\\\/\\\/www.eldiario.net\\\/portal\\\/#\\\/schema\\\/logo\\\/image\\\/\"},\"sameAs\":[\"https:\\\/\\\/www.facebook.com\\\/eldiario.bolivia\\\/\",\"https:\\\/\\\/x.com\\\/eldiario_net\"]},{\"@type\":\"Person\",\"@id\":\"https:\\\/\\\/www.eldiario.net\\\/portal\\\/#\\\/schema\\\/person\\\/2c57cf2b7a7ae032e449e4c9b1019eac\",\"name\":\"Jeanette\",\"image\":{\"@type\":\"ImageObject\",\"inLanguage\":\"es\",\"@id\":\"https:\\\/\\\/secure.gravatar.com\\\/avatar\\\/3ea2118a5f7dad2b7138b1187a6b7ee55f160b9968b66013c3a3ef39dd7e5798?s=96&d=mm&r=g\",\"url\":\"https:\\\/\\\/secure.gravatar.com\\\/avatar\\\/3ea2118a5f7dad2b7138b1187a6b7ee55f160b9968b66013c3a3ef39dd7e5798?s=96&d=mm&r=g\",\"contentUrl\":\"https:\\\/\\\/secure.gravatar.com\\\/avatar\\\/3ea2118a5f7dad2b7138b1187a6b7ee55f160b9968b66013c3a3ef39dd7e5798?s=96&d=mm&r=g\",\"caption\":\"Jeanette\"},\"sameAs\":[\"https:\\\/\\\/www.eldiario.net\\\/portal\"],\"url\":\"https:\\\/\\\/www.eldiario.net\\\/portal\\\/author\\\/jeanette\\\/\"}]}<\/script>\n<!-- \/ Yoast SEO plugin. -->","yoast_head_json":{"title":"Reynaldo Pacheco representar\u00e1 a Bolivia en los premios Platino - El Diario - Bolivia","robots":{"index":"index","follow":"follow","max-snippet":"max-snippet:-1","max-image-preview":"max-image-preview:large","max-video-preview":"max-video-preview:-1"},"canonical":"https:\/\/www.eldiario.net\/portal\/2023\/04\/21\/reynaldo-pacheco-representara-a-bolivia-en-los-premios-platino\/","og_locale":"es_ES","og_type":"article","og_title":"Reynaldo Pacheco representar\u00e1 a Bolivia en los premios Platino - El Diario - Bolivia","og_description":"El actor boliviano Reynaldo Pacheco participar\u00e1 en la gala de los premios Platino como invitado de honor y cantante en un n\u00famero musical para toda Iberoam\u00e9rica. La ceremonia se realizar\u00e1 este 22 de abril en el Palacio Municipal IFEMA de Madrid, Espa\u00f1a. Pacheco es conocido por su trayectoria en Hollywood junto a actores y actrices [&hellip;]","og_url":"https:\/\/www.eldiario.net\/portal\/2023\/04\/21\/reynaldo-pacheco-representara-a-bolivia-en-los-premios-platino\/","og_site_name":"El Diario - Bolivia","article_publisher":"https:\/\/www.facebook.com\/eldiario.bolivia\/","article_published_time":"2023-04-21T11:24:17+00:00","author":"Jeanette","twitter_card":"summary_large_image","twitter_creator":"@eldiario_net","twitter_site":"@eldiario_net","twitter_misc":{"Escrito por":"Jeanette","Tiempo de lectura":"2 minutos"},"schema":{"@context":"https:\/\/schema.org","@graph":[{"@type":"Article","@id":"https:\/\/www.eldiario.net\/portal\/2023\/04\/21\/reynaldo-pacheco-representara-a-bolivia-en-los-premios-platino\/#article","isPartOf":{"@id":"https:\/\/www.eldiario.net\/portal\/2023\/04\/21\/reynaldo-pacheco-representara-a-bolivia-en-los-premios-platino\/"},"author":{"name":"Jeanette","@id":"https:\/\/www.eldiario.net\/portal\/#\/schema\/person\/2c57cf2b7a7ae032e449e4c9b1019eac"},"headline":"Reynaldo Pacheco representar\u00e1 a Bolivia en los premios Platino","datePublished":"2023-04-21T11:24:17+00:00","mainEntityOfPage":{"@id":"https:\/\/www.eldiario.net\/portal\/2023\/04\/21\/reynaldo-pacheco-representara-a-bolivia-en-los-premios-platino\/"},"wordCount":472,"publisher":{"@id":"https:\/\/www.eldiario.net\/portal\/#organization"},"image":{"@id":"https:\/\/www.eldiario.net\/portal\/2023\/04\/21\/reynaldo-pacheco-representara-a-bolivia-en-los-premios-platino\/#primaryimage"},"thumbnailUrl":"","articleSection":["La Gu\u00eda"],"inLanguage":"es"},{"@type":"WebPage","@id":"https:\/\/www.eldiario.net\/portal\/2023\/04\/21\/reynaldo-pacheco-representara-a-bolivia-en-los-premios-platino\/","url":"https:\/\/www.eldiario.net\/portal\/2023\/04\/21\/reynaldo-pacheco-representara-a-bolivia-en-los-premios-platino\/","name":"Reynaldo Pacheco representar\u00e1 a Bolivia en los premios Platino - El Diario - Bolivia","isPartOf":{"@id":"https:\/\/www.eldiario.net\/portal\/#website"},"primaryImageOfPage":{"@id":"https:\/\/www.eldiario.net\/portal\/2023\/04\/21\/reynaldo-pacheco-representara-a-bolivia-en-los-premios-platino\/#primaryimage"},"image":{"@id":"https:\/\/www.eldiario.net\/portal\/2023\/04\/21\/reynaldo-pacheco-representara-a-bolivia-en-los-premios-platino\/#primaryimage"},"thumbnailUrl":"","datePublished":"2023-04-21T11:24:17+00:00","breadcrumb":{"@id":"https:\/\/www.eldiario.net\/portal\/2023\/04\/21\/reynaldo-pacheco-representara-a-bolivia-en-los-premios-platino\/#breadcrumb"},"inLanguage":"es","potentialAction":[{"@type":"ReadAction","target":["https:\/\/www.eldiario.net\/portal\/2023\/04\/21\/reynaldo-pacheco-representara-a-bolivia-en-los-premios-platino\/"]}]},{"@type":"ImageObject","inLanguage":"es","@id":"https:\/\/www.eldiario.net\/portal\/2023\/04\/21\/reynaldo-pacheco-representara-a-bolivia-en-los-premios-platino\/#primaryimage","url":"","contentUrl":""},{"@type":"BreadcrumbList","@id":"https:\/\/www.eldiario.net\/portal\/2023\/04\/21\/reynaldo-pacheco-representara-a-bolivia-en-los-premios-platino\/#breadcrumb","itemListElement":[{"@type":"ListItem","position":1,"name":"Portada","item":"https:\/\/www.eldiario.net\/portal\/"},{"@type":"ListItem","position":2,"name":"Reynaldo Pacheco representar\u00e1 a Bolivia en los premios Platino"}]},{"@type":"WebSite","@id":"https:\/\/www.eldiario.net\/portal\/#website","url":"https:\/\/www.eldiario.net\/portal\/","name":"El Diario - Decano de la prensa nacional","description":"El Diario - Decano de la prensa nacional","publisher":{"@id":"https:\/\/www.eldiario.net\/portal\/#organization"},"potentialAction":[{"@type":"SearchAction","target":{"@type":"EntryPoint","urlTemplate":"https:\/\/www.eldiario.net\/portal\/?s={search_term_string}"},"query-input":{"@type":"PropertyValueSpecification","valueRequired":true,"valueName":"search_term_string"}}],"inLanguage":"es"},{"@type":"Organization","@id":"https:\/\/www.eldiario.net\/portal\/#organization","name":"El Diario - Decano de la prensa nacional","url":"https:\/\/www.eldiario.net\/portal\/","logo":{"@type":"ImageObject","inLanguage":"es","@id":"https:\/\/www.eldiario.net\/portal\/#\/schema\/logo\/image\/","url":"https:\/\/www.eldiario.net\/portal\/wp-content\/uploads\/2023\/07\/logo_ED.jpg","contentUrl":"https:\/\/www.eldiario.net\/portal\/wp-content\/uploads\/2023\/07\/logo_ED.jpg","width":272,"height":52,"caption":"El Diario - Decano de la prensa nacional"},"image":{"@id":"https:\/\/www.eldiario.net\/portal\/#\/schema\/logo\/image\/"},"sameAs":["https:\/\/www.facebook.com\/eldiario.bolivia\/","https:\/\/x.com\/eldiario_net"]},{"@type":"Person","@id":"https:\/\/www.eldiario.net\/portal\/#\/schema\/person\/2c57cf2b7a7ae032e449e4c9b1019eac","name":"Jeanette","image":{"@type":"ImageObject","inLanguage":"es","@id":"https:\/\/secure.gravatar.com\/avatar\/3ea2118a5f7dad2b7138b1187a6b7ee55f160b9968b66013c3a3ef39dd7e5798?s=96&d=mm&r=g","url":"https:\/\/secure.gravatar.com\/avatar\/3ea2118a5f7dad2b7138b1187a6b7ee55f160b9968b66013c3a3ef39dd7e5798?s=96&d=mm&r=g","contentUrl":"https:\/\/secure.gravatar.com\/avatar\/3ea2118a5f7dad2b7138b1187a6b7ee55f160b9968b66013c3a3ef39dd7e5798?s=96&d=mm&r=g","caption":"Jeanette"},"sameAs":["https:\/\/www.eldiario.net\/portal"],"url":"https:\/\/www.eldiario.net\/portal\/author\/jeanette\/"}]}},"_links":{"self":[{"href":"https:\/\/www.eldiario.net\/portal\/wp-json\/wp\/v2\/posts\/150030","targetHints":{"allow":["GET"]}}],"collection":[{"href":"https:\/\/www.eldiario.net\/portal\/wp-json\/wp\/v2\/posts"}],"about":[{"href":"https:\/\/www.eldiario.net\/portal\/wp-json\/wp\/v2\/types\/post"}],"author":[{"embeddable":true,"href":"https:\/\/www.eldiario.net\/portal\/wp-json\/wp\/v2\/users\/1"}],"replies":[{"embeddable":true,"href":"https:\/\/www.eldiario.net\/portal\/wp-json\/wp\/v2\/comments?post=150030"}],"version-history":[{"count":0,"href":"https:\/\/www.eldiario.net\/portal\/wp-json\/wp\/v2\/posts\/150030\/revisions"}],"wp:attachment":[{"href":"https:\/\/www.eldiario.net\/portal\/wp-json\/wp\/v2\/media?parent=150030"}],"wp:term":[{"taxonomy":"category","embeddable":true,"href":"https:\/\/www.eldiario.net\/portal\/wp-json\/wp\/v2\/categories?post=150030"},{"taxonomy":"post_tag","embeddable":true,"href":"https:\/\/www.eldiario.net\/portal\/wp-json\/wp\/v2\/tags?post=150030"}],"curies":[{"name":"wp","href":"https:\/\/api.w.org\/{rel}","templated":true}]}}